{"id":3186,"date":"2024-01-08T13:53:12","date_gmt":"2024-01-08T16:53:12","guid":{"rendered":"https:\/\/infopba247.com.ar\/?p=3186"},"modified":"2024-01-08T13:53:13","modified_gmt":"2024-01-08T16:53:13","slug":"se-puso-en-funcionamiento-la-unidad-movil-de-salud-comunitaria-pba-en-sauce-grande","status":"publish","type":"post","link":"https:\/\/infopba247.com.ar\/index.php\/2024\/01\/08\/se-puso-en-funcionamiento-la-unidad-movil-de-salud-comunitaria-pba-en-sauce-grande\/","title":{"rendered":"Se puso en funcionamiento la Unidad M\u00f3vil de Salud Comunitaria PBA en Sauce Grande"},"content":{"rendered":"\n<p>A trav\u00e9s del Operativo SAT (Sistema de Atenci\u00f3n al Turista) Monte Hermoso recibi\u00f3 una nueva Unidad M\u00f3vil para el Balneario Sauce Grande, ubicada junto al CAPS en Santa. Clara del Mar 1673, que permanecer\u00e1 hasta el mes de marzo.<\/p>\n\n\n\n<p>En el marco de la puesta en marcha de su funcionamiento, el intendente Hern\u00e1n Arranz y el secretario de Salud, Adri\u00e1n Ruiz recibieron esta ma\u00f1ana a la directora Provincial de Salud Comunitaria, Noelia L\u00f3pez, junto al director Ejecutivo de Regi\u00f3n Sanitaria I, Maximiliano Nu\u00f1ez y la directora Asociada, Alejandra Mangione para coordinar todas las acciones de promoci\u00f3n y prevenci\u00f3n previstas para este verano.<\/p>\n\n\n\n<p>Los funcionarios se reunieron en el Despacho Ejecutivo y recorrieron el Hospital Modular y la Unidad M\u00f3vil que permitir\u00e1 durante toda la temporada que Sauce Grande cuente&nbsp; con atenci\u00f3n de Enfermer\u00eda y ambulancia, diariamente de 6 a 22 horas y Guardias de 22 a 6 hs; mientras que la atenci\u00f3n cl\u00ednica m\u00e9dica se brinda los mi\u00e9rcoles y viernes de 9 a 12.<\/p>\n\n\n\n<p>\u201cLas y los turistas podr\u00e1n disfrutar de sus vacaciones sin temor a que ninguna situaci\u00f3n sanitaria pueda sobrepasar nuestra capacidad de respuesta y esto es posible gracias a un Estado presente que invierte y que hace un gran esfuerzo para garantizar el bienestar de todos\u201d subray\u00f3 Arranz.<\/p>\n","protected":false},"excerpt":{"rendered":"<p>A trav\u00e9s del Operativo SAT (Sistema de Atenci\u00f3n al Turista) Monte Hermoso recibi\u00f3 una nueva Unidad M\u00f3vil para el Balneario<\/p>\n","protected":false},"author":3,"featured_media":3180,"comment_status":"closed","ping_status":"closed","sticky":false,"template":"","format":"standard","meta":{"colormag_page_container_layout":"default_layout","colormag_page_sidebar_layout":"default_layout","footnotes":""},"categories":[10,1,14],"tags":[],"class_list":["post-3186","post","type-post","status-publish","format-standard","has-post-thumbnail","hentry","category-6ta-seccion","category-destacadas","category-politica"],"yoast_head":"<!-- This site is optimized with the Yoast SEO plugin v27.4 - https:\/\/yoast.com\/product\/yoast-seo-wordpress\/ -->\n<title>Se puso en funcionamiento la Unidad M\u00f3vil de Salud Comunitaria PBA en Sauce Grande - InfoPBA247<\/title>\n<meta name=\"robots\" content=\"index, follow, max-snippet:-1, max-image-preview:large, max-video-preview:-1\" \/>\n<link rel=\"canonical\" href=\"https:\/\/infopba247.com.ar\/index.php\/2024\/01\/08\/se-puso-en-funcionamiento-la-unidad-movil-de-salud-comunitaria-pba-en-sauce-grande\/\" \/>\n<meta property=\"og:locale\" content=\"es_ES\" \/>\n<meta property=\"og:type\" content=\"article\" \/>\n<meta property=\"og:title\" content=\"Se puso en funcionamiento la Unidad M\u00f3vil de Salud Comunitaria PBA en Sauce Grande - InfoPBA247\" \/>\n<meta property=\"og:description\" content=\"A trav\u00e9s del Operativo SAT (Sistema de Atenci\u00f3n al Turista) Monte Hermoso recibi\u00f3 una nueva Unidad M\u00f3vil para el Balneario\" \/>\n<meta property=\"og:url\" content=\"https:\/\/infopba247.com.ar\/index.php\/2024\/01\/08\/se-puso-en-funcionamiento-la-unidad-movil-de-salud-comunitaria-pba-en-sauce-grande\/\" \/>\n<meta property=\"og:site_name\" content=\"InfoPBA247\" \/>\n<meta property=\"article:publisher\" content=\"https:\/\/www.facebook.com\/InfoPBA\" \/>\n<meta property=\"article:published_time\" content=\"2024-01-08T16:53:12+00:00\" \/>\n<meta property=\"article:modified_time\" content=\"2024-01-08T16:53:13+00:00\" \/>\n<meta property=\"og:image\" content=\"https:\/\/infopba247.com.ar\/wp-content\/uploads\/2024\/01\/a-1.jpg\" \/>\n\t<meta property=\"og:image:width\" content=\"1920\" \/>\n\t<meta property=\"og:image:height\" content=\"1280\" \/>\n\t<meta property=\"og:image:type\" content=\"image\/jpeg\" \/>\n<meta name=\"author\" content=\"Editor\" \/>\n<meta name=\"twitter:card\" content=\"summary_large_image\" \/>\n<meta name=\"twitter:label1\" content=\"Escrito por\" \/>\n\t<meta name=\"twitter:data1\" content=\"Editor\" \/>\n\t<meta name=\"twitter:label2\" content=\"Tiempo de lectura\" \/>\n\t<meta name=\"twitter:data2\" content=\"1 minuto\" \/>\n<script type=\"application\/ld+json\" class=\"yoast-schema-graph\">{\"@context\":\"https:\\\/\\\/schema.org\",\"@graph\":[{\"@type\":\"Article\",\"@id\":\"https:\\\/\\\/infopba247.com.ar\\\/index.php\\\/2024\\\/01\\\/08\\\/se-puso-en-funcionamiento-la-unidad-movil-de-salud-comunitaria-pba-en-sauce-grande\\\/#article\",\"isPartOf\":{\"@id\":\"https:\\\/\\\/infopba247.com.ar\\\/index.php\\\/2024\\\/01\\\/08\\\/se-puso-en-funcionamiento-la-unidad-movil-de-salud-comunitaria-pba-en-sauce-grande\\\/\"},\"author\":{\"name\":\"Editor\",\"@id\":\"https:\\\/\\\/infopba247.com.ar\\\/#\\\/schema\\\/person\\\/4975f1343a413e57bf839b3eed0099f2\"},\"headline\":\"Se puso en funcionamiento la Unidad M\u00f3vil de Salud Comunitaria PBA en Sauce Grande\",\"datePublished\":\"2024-01-08T16:53:12+00:00\",\"dateModified\":\"2024-01-08T16:53:13+00:00\",\"mainEntityOfPage\":{\"@id\":\"https:\\\/\\\/infopba247.com.ar\\\/index.php\\\/2024\\\/01\\\/08\\\/se-puso-en-funcionamiento-la-unidad-movil-de-salud-comunitaria-pba-en-sauce-grande\\\/\"},\"wordCount\":240,\"publisher\":{\"@id\":\"https:\\\/\\\/infopba247.com.ar\\\/#organization\"},\"image\":{\"@id\":\"https:\\\/\\\/infopba247.com.ar\\\/index.php\\\/2024\\\/01\\\/08\\\/se-puso-en-funcionamiento-la-unidad-movil-de-salud-comunitaria-pba-en-sauce-grande\\\/#primaryimage\"},\"thumbnailUrl\":\"https:\\\/\\\/infopba247.com.ar\\\/wp-content\\\/uploads\\\/2024\\\/01\\\/a-1.jpg\",\"articleSection\":[\"6ta Secci\u00f3n\",\"Destacadas\",\"Pol\u00edtica\"],\"inLanguage\":\"es\"},{\"@type\":\"WebPage\",\"@id\":\"https:\\\/\\\/infopba247.com.ar\\\/index.php\\\/2024\\\/01\\\/08\\\/se-puso-en-funcionamiento-la-unidad-movil-de-salud-comunitaria-pba-en-sauce-grande\\\/\",\"url\":\"https:\\\/\\\/infopba247.com.ar\\\/index.php\\\/2024\\\/01\\\/08\\\/se-puso-en-funcionamiento-la-unidad-movil-de-salud-comunitaria-pba-en-sauce-grande\\\/\",\"name\":\"Se puso en funcionamiento la Unidad M\u00f3vil de Salud Comunitaria PBA en Sauce Grande - InfoPBA247\",\"isPartOf\":{\"@id\":\"https:\\\/\\\/infopba247.com.ar\\\/#website\"},\"primaryImageOfPage\":{\"@id\":\"https:\\\/\\\/infopba247.com.ar\\\/index.php\\\/2024\\\/01\\\/08\\\/se-puso-en-funcionamiento-la-unidad-movil-de-salud-comunitaria-pba-en-sauce-grande\\\/#primaryimage\"},\"image\":{\"@id\":\"https:\\\/\\\/infopba247.com.ar\\\/index.php\\\/2024\\\/01\\\/08\\\/se-puso-en-funcionamiento-la-unidad-movil-de-salud-comunitaria-pba-en-sauce-grande\\\/#primaryimage\"},\"thumbnailUrl\":\"https:\\\/\\\/infopba247.com.ar\\\/wp-content\\\/uploads\\\/2024\\\/01\\\/a-1.jpg\",\"datePublished\":\"2024-01-08T16:53:12+00:00\",\"dateModified\":\"2024-01-08T16:53:13+00:00\",\"breadcrumb\":{\"@id\":\"https:\\\/\\\/infopba247.com.ar\\\/index.php\\\/2024\\\/01\\\/08\\\/se-puso-en-funcionamiento-la-unidad-movil-de-salud-comunitaria-pba-en-sauce-grande\\\/#breadcrumb\"},\"inLanguage\":\"es\",\"potentialAction\":[{\"@type\":\"ReadAction\",\"target\":[\"https:\\\/\\\/infopba247.com.ar\\\/index.php\\\/2024\\\/01\\\/08\\\/se-puso-en-funcionamiento-la-unidad-movil-de-salud-comunitaria-pba-en-sauce-grande\\\/\"]}]},{\"@type\":\"ImageObject\",\"inLanguage\":\"es\",\"@id\":\"https:\\\/\\\/infopba247.com.ar\\\/index.php\\\/2024\\\/01\\\/08\\\/se-puso-en-funcionamiento-la-unidad-movil-de-salud-comunitaria-pba-en-sauce-grande\\\/#primaryimage\",\"url\":\"https:\\\/\\\/infopba247.com.ar\\\/wp-content\\\/uploads\\\/2024\\\/01\\\/a-1.jpg\",\"contentUrl\":\"https:\\\/\\\/infopba247.com.ar\\\/wp-content\\\/uploads\\\/2024\\\/01\\\/a-1.jpg\",\"width\":1920,\"height\":1280},{\"@type\":\"BreadcrumbList\",\"@id\":\"https:\\\/\\\/infopba247.com.ar\\\/index.php\\\/2024\\\/01\\\/08\\\/se-puso-en-funcionamiento-la-unidad-movil-de-salud-comunitaria-pba-en-sauce-grande\\\/#breadcrumb\",\"itemListElement\":[{\"@type\":\"ListItem\",\"position\":1,\"name\":\"Portada\",\"item\":\"https:\\\/\\\/infopba247.com.ar\\\/\"},{\"@type\":\"ListItem\",\"position\":2,\"name\":\"Se puso en funcionamiento la Unidad M\u00f3vil de Salud Comunitaria PBA en Sauce Grande\"}]},{\"@type\":\"WebSite\",\"@id\":\"https:\\\/\\\/infopba247.com.ar\\\/#website\",\"url\":\"https:\\\/\\\/infopba247.com.ar\\\/\",\"name\":\"InfoPBA247\",\"description\":\"Toda la actualidad bonaerense\",\"publisher\":{\"@id\":\"https:\\\/\\\/infopba247.com.ar\\\/#organization\"},\"potentialAction\":[{\"@type\":\"SearchAction\",\"target\":{\"@type\":\"EntryPoint\",\"urlTemplate\":\"https:\\\/\\\/infopba247.com.ar\\\/?s={search_term_string}\"},\"query-input\":{\"@type\":\"PropertyValueSpecification\",\"valueRequired\":true,\"valueName\":\"search_term_string\"}}],\"inLanguage\":\"es\"},{\"@type\":\"Organization\",\"@id\":\"https:\\\/\\\/infopba247.com.ar\\\/#organization\",\"name\":\"InfoPBA247\",\"url\":\"https:\\\/\\\/infopba247.com.ar\\\/\",\"logo\":{\"@type\":\"ImageObject\",\"inLanguage\":\"es\",\"@id\":\"https:\\\/\\\/infopba247.com.ar\\\/#\\\/schema\\\/logo\\\/image\\\/\",\"url\":\"https:\\\/\\\/infopba247.com.ar\\\/wp-content\\\/uploads\\\/2022\\\/03\\\/cropped-InfoPBA247-1.png\",\"contentUrl\":\"https:\\\/\\\/infopba247.com.ar\\\/wp-content\\\/uploads\\\/2022\\\/03\\\/cropped-InfoPBA247-1.png\",\"width\":500,\"height\":122,\"caption\":\"InfoPBA247\"},\"image\":{\"@id\":\"https:\\\/\\\/infopba247.com.ar\\\/#\\\/schema\\\/logo\\\/image\\\/\"},\"sameAs\":[\"https:\\\/\\\/www.facebook.com\\\/InfoPBA\"]},{\"@type\":\"Person\",\"@id\":\"https:\\\/\\\/infopba247.com.ar\\\/#\\\/schema\\\/person\\\/4975f1343a413e57bf839b3eed0099f2\",\"name\":\"Editor\",\"image\":{\"@type\":\"ImageObject\",\"inLanguage\":\"es\",\"@id\":\"https:\\\/\\\/secure.gravatar.com\\\/avatar\\\/d27fe9520667ca53441d36627a1d6b0fa4a813571ec4803687a7a3a7744685ac?s=96&d=mm&r=g\",\"url\":\"https:\\\/\\\/secure.gravatar.com\\\/avatar\\\/d27fe9520667ca53441d36627a1d6b0fa4a813571ec4803687a7a3a7744685ac?s=96&d=mm&r=g\",\"contentUrl\":\"https:\\\/\\\/secure.gravatar.com\\\/avatar\\\/d27fe9520667ca53441d36627a1d6b0fa4a813571ec4803687a7a3a7744685ac?s=96&d=mm&r=g\",\"caption\":\"Editor\"},\"url\":\"https:\\\/\\\/infopba247.com.ar\\\/index.php\\\/author\\\/editor\\\/\"}]}<\/script>\n<!-- \/ Yoast SEO plugin. -->","yoast_head_json":{"title":"Se puso en funcionamiento la Unidad M\u00f3vil de Salud Comunitaria PBA en Sauce Grande - InfoPBA247","robots":{"index":"index","follow":"follow","max-snippet":"max-snippet:-1","max-image-preview":"max-image-preview:large","max-video-preview":"max-video-preview:-1"},"canonical":"https:\/\/infopba247.com.ar\/index.php\/2024\/01\/08\/se-puso-en-funcionamiento-la-unidad-movil-de-salud-comunitaria-pba-en-sauce-grande\/","og_locale":"es_ES","og_type":"article","og_title":"Se puso en funcionamiento la Unidad M\u00f3vil de Salud Comunitaria PBA en Sauce Grande - InfoPBA247","og_description":"A trav\u00e9s del Operativo SAT (Sistema de Atenci\u00f3n al Turista) Monte Hermoso recibi\u00f3 una nueva Unidad M\u00f3vil para el Balneario","og_url":"https:\/\/infopba247.com.ar\/index.php\/2024\/01\/08\/se-puso-en-funcionamiento-la-unidad-movil-de-salud-comunitaria-pba-en-sauce-grande\/","og_site_name":"InfoPBA247","article_publisher":"https:\/\/www.facebook.com\/InfoPBA","article_published_time":"2024-01-08T16:53:12+00:00","article_modified_time":"2024-01-08T16:53:13+00:00","og_image":[{"width":1920,"height":1280,"url":"https:\/\/infopba247.com.ar\/wp-content\/uploads\/2024\/01\/a-1.jpg","type":"image\/jpeg"}],"author":"Editor","twitter_card":"summary_large_image","twitter_misc":{"Escrito por":"Editor","Tiempo de lectura":"1 minuto"},"schema":{"@context":"https:\/\/schema.org","@graph":[{"@type":"Article","@id":"https:\/\/infopba247.com.ar\/index.php\/2024\/01\/08\/se-puso-en-funcionamiento-la-unidad-movil-de-salud-comunitaria-pba-en-sauce-grande\/#article","isPartOf":{"@id":"https:\/\/infopba247.com.ar\/index.php\/2024\/01\/08\/se-puso-en-funcionamiento-la-unidad-movil-de-salud-comunitaria-pba-en-sauce-grande\/"},"author":{"name":"Editor","@id":"https:\/\/infopba247.com.ar\/#\/schema\/person\/4975f1343a413e57bf839b3eed0099f2"},"headline":"Se puso en funcionamiento la Unidad M\u00f3vil de Salud Comunitaria PBA en Sauce Grande","datePublished":"2024-01-08T16:53:12+00:00","dateModified":"2024-01-08T16:53:13+00:00","mainEntityOfPage":{"@id":"https:\/\/infopba247.com.ar\/index.php\/2024\/01\/08\/se-puso-en-funcionamiento-la-unidad-movil-de-salud-comunitaria-pba-en-sauce-grande\/"},"wordCount":240,"publisher":{"@id":"https:\/\/infopba247.com.ar\/#organization"},"image":{"@id":"https:\/\/infopba247.com.ar\/index.php\/2024\/01\/08\/se-puso-en-funcionamiento-la-unidad-movil-de-salud-comunitaria-pba-en-sauce-grande\/#primaryimage"},"thumbnailUrl":"https:\/\/infopba247.com.ar\/wp-content\/uploads\/2024\/01\/a-1.jpg","articleSection":["6ta Secci\u00f3n","Destacadas","Pol\u00edtica"],"inLanguage":"es"},{"@type":"WebPage","@id":"https:\/\/infopba247.com.ar\/index.php\/2024\/01\/08\/se-puso-en-funcionamiento-la-unidad-movil-de-salud-comunitaria-pba-en-sauce-grande\/","url":"https:\/\/infopba247.com.ar\/index.php\/2024\/01\/08\/se-puso-en-funcionamiento-la-unidad-movil-de-salud-comunitaria-pba-en-sauce-grande\/","name":"Se puso en funcionamiento la Unidad M\u00f3vil de Salud Comunitaria PBA en Sauce Grande - InfoPBA247","isPartOf":{"@id":"https:\/\/infopba247.com.ar\/#website"},"primaryImageOfPage":{"@id":"https:\/\/infopba247.com.ar\/index.php\/2024\/01\/08\/se-puso-en-funcionamiento-la-unidad-movil-de-salud-comunitaria-pba-en-sauce-grande\/#primaryimage"},"image":{"@id":"https:\/\/infopba247.com.ar\/index.php\/2024\/01\/08\/se-puso-en-funcionamiento-la-unidad-movil-de-salud-comunitaria-pba-en-sauce-grande\/#primaryimage"},"thumbnailUrl":"https:\/\/infopba247.com.ar\/wp-content\/uploads\/2024\/01\/a-1.jpg","datePublished":"2024-01-08T16:53:12+00:00","dateModified":"2024-01-08T16:53:13+00:00","breadcrumb":{"@id":"https:\/\/infopba247.com.ar\/index.php\/2024\/01\/08\/se-puso-en-funcionamiento-la-unidad-movil-de-salud-comunitaria-pba-en-sauce-grande\/#breadcrumb"},"inLanguage":"es","potentialAction":[{"@type":"ReadAction","target":["https:\/\/infopba247.com.ar\/index.php\/2024\/01\/08\/se-puso-en-funcionamiento-la-unidad-movil-de-salud-comunitaria-pba-en-sauce-grande\/"]}]},{"@type":"ImageObject","inLanguage":"es","@id":"https:\/\/infopba247.com.ar\/index.php\/2024\/01\/08\/se-puso-en-funcionamiento-la-unidad-movil-de-salud-comunitaria-pba-en-sauce-grande\/#primaryimage","url":"https:\/\/infopba247.com.ar\/wp-content\/uploads\/2024\/01\/a-1.jpg","contentUrl":"https:\/\/infopba247.com.ar\/wp-content\/uploads\/2024\/01\/a-1.jpg","width":1920,"height":1280},{"@type":"BreadcrumbList","@id":"https:\/\/infopba247.com.ar\/index.php\/2024\/01\/08\/se-puso-en-funcionamiento-la-unidad-movil-de-salud-comunitaria-pba-en-sauce-grande\/#breadcrumb","itemListElement":[{"@type":"ListItem","position":1,"name":"Portada","item":"https:\/\/infopba247.com.ar\/"},{"@type":"ListItem","position":2,"name":"Se puso en funcionamiento la Unidad M\u00f3vil de Salud Comunitaria PBA en Sauce Grande"}]},{"@type":"WebSite","@id":"https:\/\/infopba247.com.ar\/#website","url":"https:\/\/infopba247.com.ar\/","name":"InfoPBA247","description":"Toda la actualidad bonaerense","publisher":{"@id":"https:\/\/infopba247.com.ar\/#organization"},"potentialAction":[{"@type":"SearchAction","target":{"@type":"EntryPoint","urlTemplate":"https:\/\/infopba247.com.ar\/?s={search_term_string}"},"query-input":{"@type":"PropertyValueSpecification","valueRequired":true,"valueName":"search_term_string"}}],"inLanguage":"es"},{"@type":"Organization","@id":"https:\/\/infopba247.com.ar\/#organization","name":"InfoPBA247","url":"https:\/\/infopba247.com.ar\/","logo":{"@type":"ImageObject","inLanguage":"es","@id":"https:\/\/infopba247.com.ar\/#\/schema\/logo\/image\/","url":"https:\/\/infopba247.com.ar\/wp-content\/uploads\/2022\/03\/cropped-InfoPBA247-1.png","contentUrl":"https:\/\/infopba247.com.ar\/wp-content\/uploads\/2022\/03\/cropped-InfoPBA247-1.png","width":500,"height":122,"caption":"InfoPBA247"},"image":{"@id":"https:\/\/infopba247.com.ar\/#\/schema\/logo\/image\/"},"sameAs":["https:\/\/www.facebook.com\/InfoPBA"]},{"@type":"Person","@id":"https:\/\/infopba247.com.ar\/#\/schema\/person\/4975f1343a413e57bf839b3eed0099f2","name":"Editor","image":{"@type":"ImageObject","inLanguage":"es","@id":"https:\/\/secure.gravatar.com\/avatar\/d27fe9520667ca53441d36627a1d6b0fa4a813571ec4803687a7a3a7744685ac?s=96&d=mm&r=g","url":"https:\/\/secure.gravatar.com\/avatar\/d27fe9520667ca53441d36627a1d6b0fa4a813571ec4803687a7a3a7744685ac?s=96&d=mm&r=g","contentUrl":"https:\/\/secure.gravatar.com\/avatar\/d27fe9520667ca53441d36627a1d6b0fa4a813571ec4803687a7a3a7744685ac?s=96&d=mm&r=g","caption":"Editor"},"url":"https:\/\/infopba247.com.ar\/index.php\/author\/editor\/"}]}},"_links":{"self":[{"href":"https:\/\/infopba247.com.ar\/index.php\/wp-json\/wp\/v2\/posts\/3186","targetHints":{"allow":["GET"]}}],"collection":[{"href":"https:\/\/infopba247.com.ar\/index.php\/wp-json\/wp\/v2\/posts"}],"about":[{"href":"https:\/\/infopba247.com.ar\/index.php\/wp-json\/wp\/v2\/types\/post"}],"author":[{"embeddable":true,"href":"https:\/\/infopba247.com.ar\/index.php\/wp-json\/wp\/v2\/users\/3"}],"replies":[{"embeddable":true,"href":"https:\/\/infopba247.com.ar\/index.php\/wp-json\/wp\/v2\/comments?post=3186"}],"version-history":[{"count":1,"href":"https:\/\/infopba247.com.ar\/index.php\/wp-json\/wp\/v2\/posts\/3186\/revisions"}],"predecessor-version":[{"id":3187,"href":"https:\/\/infopba247.com.ar\/index.php\/wp-json\/wp\/v2\/posts\/3186\/revisions\/3187"}],"wp:featuredmedia":[{"embeddable":true,"href":"https:\/\/infopba247.com.ar\/index.php\/wp-json\/wp\/v2\/media\/3180"}],"wp:attachment":[{"href":"https:\/\/infopba247.com.ar\/index.php\/wp-json\/wp\/v2\/media?parent=3186"}],"wp:term":[{"taxonomy":"category","embeddable":true,"href":"https:\/\/infopba247.com.ar\/index.php\/wp-json\/wp\/v2\/categories?post=3186"},{"taxonomy":"post_tag","embeddable":true,"href":"https:\/\/infopba247.com.ar\/index.php\/wp-json\/wp\/v2\/tags?post=3186"}],"curies":[{"name":"wp","href":"https:\/\/api.w.org\/{rel}","templated":true}]}}