{"id":3173,"date":"2024-01-05T08:39:36","date_gmt":"2024-01-05T11:39:36","guid":{"rendered":"https:\/\/infopba247.com.ar\/?p=3173"},"modified":"2024-01-08T12:34:36","modified_gmt":"2024-01-08T15:34:36","slug":"la-tienda-finde-del-museo-mar-inaugura-su-temporada-de-verano","status":"publish","type":"post","link":"https:\/\/infopba247.com.ar\/index.php\/2024\/01\/05\/la-tienda-finde-del-museo-mar-inaugura-su-temporada-de-verano\/","title":{"rendered":"La tienda Finde Del Museo Mar inaugura su temporada de verano"},"content":{"rendered":"\n<p>El viernes 5 de enero a las 16 hs. la Tienda FINDE ubicada en el Museo Mar de la ciudad de Mar del Plata presenta su programaci\u00f3n de verano con nuevos emprendimientos de dise\u00f1o y editoriales.<\/p>\n\n\n\n<p>&nbsp;La Tienda es un espacio permanente para las Industrias Creativas Bonaerenses que impulsa el Instituto Cultural de la provincia de Buenos Aires y que se podr\u00e1 visitar durante todo el verano los d\u00edas viernes, s\u00e1bados y domingos de 16 a 22 hs., donde se encuentran productos de dise\u00f1adores y libros de diversas editoriales.<\/p>\n\n\n\n<p>Prioriza la creaci\u00f3n bonaerense con productos accesibles al p\u00fablico, inclusivos, sustentables, portadores de la identidad muse\u00edstica y provincial. La variedad de emprendimientos de dise\u00f1o que forman parte del \u00abCat\u00e1logo de Dise\u00f1o FINDE\u00bb se pueden acceder a trav\u00e9s de&nbsp; https:\/\/finde.gba.gob.ar\/disenio-nuevo<\/p>\n\n\n\n<p>Asimismo las editoriales independientes de la provincia tendr\u00e1n un espacio de venta con libros destinados al p\u00fablico infantil y juvenil, donde tambi\u00e9n habr\u00e1 diversas actividades: lecturas, presentaciones de libros, recitales de poes\u00eda, charlas de escritores y talleres, entre otras.&nbsp;<\/p>\n\n\n\n<p>PARTICIPAR\u00c1N:<\/p>\n\n\n\n<p>-DISE\u00d1O (Del 5 al 14\/1):<\/p>\n\n\n\n<p>Los Papeles Salvajes (General Pueyrredon)<\/p>\n\n\n\n<p>Boske Cuadernos (General Alvarado)<\/p>\n\n\n\n<p>Thelma Indumentaria (Necochea)<\/p>\n\n\n\n<p>AG MDQ Joyas (General Pueyrredon)<\/p>\n\n\n\n<p>Sol Iannella Ilustradora (General Pueyrredon)<\/p>\n\n\n\n<p>Amasijo Cer\u00e1mica (General Pueyrredon)<\/p>\n\n\n\n<p>Aldea Cer\u00e1mica (General Pueyrredon)<\/p>\n\n\n\n<p>Florecer Arte Bot\u00e1nico (General Pueyrredon)<\/p>\n\n\n\n<p>Casa Flora (General Pueyrredon)<\/p>\n\n\n\n<p>Deixe (General Pueyrredon)<\/p>\n\n\n\n<p>Do\u00f1a Benita (General Pueyrredon)&nbsp;<\/p>\n\n\n\n<p>-EDITORIALES (DEL 5\/1 AL 25\/2):<\/p>\n\n\n\n<p>Lecturita (General Pueyrred\u00f3n)<\/p>\n\n\n\n<p>Nub\u00edfero (Tres de Febrero)<\/p>\n\n\n\n<p>P\u00ed Ediciones (La Plata)<\/p>\n\n\n\n<p>Libros del Cosmonauta (La Plata)<\/p>\n\n\n\n<p>Lucecita (Bah\u00eda Blanca)<\/p>\n\n\n\n<p>Gali Arte Editora (La Plata)<\/p>\n\n\n\n<p>L\u00e1grimas de Circe (General Pueyrred\u00f3n)<\/p>\n\n\n\n<p>Luna de Marzo (Lobos)<\/p>\n\n\n\n<p>Generaci\u00f3n Semilla (Tres de Febrero)<\/p>\n\n\n\n<p>Loco Rabia (Vicente L\u00f3pez y San Nicol\u00e1s)<\/p>\n\n\n\n<p>Del Bonete (La Plata)<\/p>\n\n\n\n<p>Musara\u00f1a (Vicente L\u00f3pez)<\/p>\n\n\n\n<p>M\u00e1gicas naranjas (Lan\u00fas)<\/p>\n\n\n\n<p>Mandril de lata (General Pueyrred\u00f3n)<\/p>\n\n\n\n<p>Letra Sudaca (General Pueyrred\u00f3n)<\/p>\n\n\n\n<p>Sudestada (Lomas de Zamora)<\/p>\n","protected":false},"excerpt":{"rendered":"<p>El viernes 5 de enero a las 16 hs. la Tienda FINDE ubicada en el Museo Mar de la ciudad<\/p>\n","protected":false},"author":3,"featured_media":3171,"comment_status":"closed","ping_status":"closed","sticky":false,"template":"","format":"standard","meta":{"colormag_page_container_layout":"default_layout","colormag_page_sidebar_layout":"default_layout","footnotes":""},"categories":[15],"tags":[],"class_list":["post-3173","post","type-post","status-publish","format-standard","has-post-thumbnail","hentry","category-turismo-y-cultura"],"yoast_head":"<!-- This site is optimized with the Yoast SEO plugin v27.5 - https:\/\/yoast.com\/product\/yoast-seo-wordpress\/ -->\n<title>La tienda Finde Del Museo Mar inaugura su temporada de verano - InfoPBA247<\/title>\n<meta name=\"robots\" content=\"index, follow, max-snippet:-1, max-image-preview:large, max-video-preview:-1\" \/>\n<link rel=\"canonical\" href=\"https:\/\/infopba247.com.ar\/index.php\/2024\/01\/05\/la-tienda-finde-del-museo-mar-inaugura-su-temporada-de-verano\/\" \/>\n<meta property=\"og:locale\" content=\"es_ES\" \/>\n<meta property=\"og:type\" content=\"article\" \/>\n<meta property=\"og:title\" content=\"La tienda Finde Del Museo Mar inaugura su temporada de verano - InfoPBA247\" \/>\n<meta property=\"og:description\" content=\"El viernes 5 de enero a las 16 hs. la Tienda FINDE ubicada en el Museo Mar de la ciudad\" \/>\n<meta property=\"og:url\" content=\"https:\/\/infopba247.com.ar\/index.php\/2024\/01\/05\/la-tienda-finde-del-museo-mar-inaugura-su-temporada-de-verano\/\" \/>\n<meta property=\"og:site_name\" content=\"InfoPBA247\" \/>\n<meta property=\"article:publisher\" content=\"https:\/\/www.facebook.com\/InfoPBA\" \/>\n<meta property=\"article:published_time\" content=\"2024-01-05T11:39:36+00:00\" \/>\n<meta property=\"article:modified_time\" content=\"2024-01-08T15:34:36+00:00\" \/>\n<meta property=\"og:image\" content=\"https:\/\/infopba247.com.ar\/wp-content\/uploads\/2024\/01\/20230923_102856-scaled.jpg\" \/>\n\t<meta property=\"og:image:width\" content=\"2560\" \/>\n\t<meta property=\"og:image:height\" content=\"1440\" \/>\n\t<meta property=\"og:image:type\" content=\"image\/jpeg\" \/>\n<meta name=\"author\" content=\"Editor\" \/>\n<meta name=\"twitter:card\" content=\"summary_large_image\" \/>\n<meta name=\"twitter:label1\" content=\"Escrito por\" \/>\n\t<meta name=\"twitter:data1\" content=\"Editor\" \/>\n\t<meta name=\"twitter:label2\" content=\"Tiempo de lectura\" \/>\n\t<meta name=\"twitter:data2\" content=\"2 minutos\" \/>\n<script type=\"application\/ld+json\" class=\"yoast-schema-graph\">{\"@context\":\"https:\\\/\\\/schema.org\",\"@graph\":[{\"@type\":\"Article\",\"@id\":\"https:\\\/\\\/infopba247.com.ar\\\/index.php\\\/2024\\\/01\\\/05\\\/la-tienda-finde-del-museo-mar-inaugura-su-temporada-de-verano\\\/#article\",\"isPartOf\":{\"@id\":\"https:\\\/\\\/infopba247.com.ar\\\/index.php\\\/2024\\\/01\\\/05\\\/la-tienda-finde-del-museo-mar-inaugura-su-temporada-de-verano\\\/\"},\"author\":{\"name\":\"Editor\",\"@id\":\"https:\\\/\\\/infopba247.com.ar\\\/#\\\/schema\\\/person\\\/4975f1343a413e57bf839b3eed0099f2\"},\"headline\":\"La tienda Finde Del Museo Mar inaugura su temporada de verano\",\"datePublished\":\"2024-01-05T11:39:36+00:00\",\"dateModified\":\"2024-01-08T15:34:36+00:00\",\"mainEntityOfPage\":{\"@id\":\"https:\\\/\\\/infopba247.com.ar\\\/index.php\\\/2024\\\/01\\\/05\\\/la-tienda-finde-del-museo-mar-inaugura-su-temporada-de-verano\\\/\"},\"wordCount\":340,\"publisher\":{\"@id\":\"https:\\\/\\\/infopba247.com.ar\\\/#organization\"},\"image\":{\"@id\":\"https:\\\/\\\/infopba247.com.ar\\\/index.php\\\/2024\\\/01\\\/05\\\/la-tienda-finde-del-museo-mar-inaugura-su-temporada-de-verano\\\/#primaryimage\"},\"thumbnailUrl\":\"https:\\\/\\\/infopba247.com.ar\\\/wp-content\\\/uploads\\\/2024\\\/01\\\/20230923_102856-scaled.jpg\",\"articleSection\":[\"Turismo y Cultura\"],\"inLanguage\":\"es\"},{\"@type\":\"WebPage\",\"@id\":\"https:\\\/\\\/infopba247.com.ar\\\/index.php\\\/2024\\\/01\\\/05\\\/la-tienda-finde-del-museo-mar-inaugura-su-temporada-de-verano\\\/\",\"url\":\"https:\\\/\\\/infopba247.com.ar\\\/index.php\\\/2024\\\/01\\\/05\\\/la-tienda-finde-del-museo-mar-inaugura-su-temporada-de-verano\\\/\",\"name\":\"La tienda Finde Del Museo Mar inaugura su temporada de verano - InfoPBA247\",\"isPartOf\":{\"@id\":\"https:\\\/\\\/infopba247.com.ar\\\/#website\"},\"primaryImageOfPage\":{\"@id\":\"https:\\\/\\\/infopba247.com.ar\\\/index.php\\\/2024\\\/01\\\/05\\\/la-tienda-finde-del-museo-mar-inaugura-su-temporada-de-verano\\\/#primaryimage\"},\"image\":{\"@id\":\"https:\\\/\\\/infopba247.com.ar\\\/index.php\\\/2024\\\/01\\\/05\\\/la-tienda-finde-del-museo-mar-inaugura-su-temporada-de-verano\\\/#primaryimage\"},\"thumbnailUrl\":\"https:\\\/\\\/infopba247.com.ar\\\/wp-content\\\/uploads\\\/2024\\\/01\\\/20230923_102856-scaled.jpg\",\"datePublished\":\"2024-01-05T11:39:36+00:00\",\"dateModified\":\"2024-01-08T15:34:36+00:00\",\"breadcrumb\":{\"@id\":\"https:\\\/\\\/infopba247.com.ar\\\/index.php\\\/2024\\\/01\\\/05\\\/la-tienda-finde-del-museo-mar-inaugura-su-temporada-de-verano\\\/#breadcrumb\"},\"inLanguage\":\"es\",\"potentialAction\":[{\"@type\":\"ReadAction\",\"target\":[\"https:\\\/\\\/infopba247.com.ar\\\/index.php\\\/2024\\\/01\\\/05\\\/la-tienda-finde-del-museo-mar-inaugura-su-temporada-de-verano\\\/\"]}]},{\"@type\":\"ImageObject\",\"inLanguage\":\"es\",\"@id\":\"https:\\\/\\\/infopba247.com.ar\\\/index.php\\\/2024\\\/01\\\/05\\\/la-tienda-finde-del-museo-mar-inaugura-su-temporada-de-verano\\\/#primaryimage\",\"url\":\"https:\\\/\\\/infopba247.com.ar\\\/wp-content\\\/uploads\\\/2024\\\/01\\\/20230923_102856-scaled.jpg\",\"contentUrl\":\"https:\\\/\\\/infopba247.com.ar\\\/wp-content\\\/uploads\\\/2024\\\/01\\\/20230923_102856-scaled.jpg\",\"width\":2560,\"height\":1440},{\"@type\":\"BreadcrumbList\",\"@id\":\"https:\\\/\\\/infopba247.com.ar\\\/index.php\\\/2024\\\/01\\\/05\\\/la-tienda-finde-del-museo-mar-inaugura-su-temporada-de-verano\\\/#breadcrumb\",\"itemListElement\":[{\"@type\":\"ListItem\",\"position\":1,\"name\":\"Portada\",\"item\":\"https:\\\/\\\/infopba247.com.ar\\\/\"},{\"@type\":\"ListItem\",\"position\":2,\"name\":\"La tienda Finde Del Museo Mar inaugura su temporada de verano\"}]},{\"@type\":\"WebSite\",\"@id\":\"https:\\\/\\\/infopba247.com.ar\\\/#website\",\"url\":\"https:\\\/\\\/infopba247.com.ar\\\/\",\"name\":\"InfoPBA247\",\"description\":\"Toda la actualidad bonaerense\",\"publisher\":{\"@id\":\"https:\\\/\\\/infopba247.com.ar\\\/#organization\"},\"potentialAction\":[{\"@type\":\"SearchAction\",\"target\":{\"@type\":\"EntryPoint\",\"urlTemplate\":\"https:\\\/\\\/infopba247.com.ar\\\/?s={search_term_string}\"},\"query-input\":{\"@type\":\"PropertyValueSpecification\",\"valueRequired\":true,\"valueName\":\"search_term_string\"}}],\"inLanguage\":\"es\"},{\"@type\":\"Organization\",\"@id\":\"https:\\\/\\\/infopba247.com.ar\\\/#organization\",\"name\":\"InfoPBA247\",\"url\":\"https:\\\/\\\/infopba247.com.ar\\\/\",\"logo\":{\"@type\":\"ImageObject\",\"inLanguage\":\"es\",\"@id\":\"https:\\\/\\\/infopba247.com.ar\\\/#\\\/schema\\\/logo\\\/image\\\/\",\"url\":\"https:\\\/\\\/infopba247.com.ar\\\/wp-content\\\/uploads\\\/2022\\\/03\\\/cropped-InfoPBA247-1.png\",\"contentUrl\":\"https:\\\/\\\/infopba247.com.ar\\\/wp-content\\\/uploads\\\/2022\\\/03\\\/cropped-InfoPBA247-1.png\",\"width\":500,\"height\":122,\"caption\":\"InfoPBA247\"},\"image\":{\"@id\":\"https:\\\/\\\/infopba247.com.ar\\\/#\\\/schema\\\/logo\\\/image\\\/\"},\"sameAs\":[\"https:\\\/\\\/www.facebook.com\\\/InfoPBA\"]},{\"@type\":\"Person\",\"@id\":\"https:\\\/\\\/infopba247.com.ar\\\/#\\\/schema\\\/person\\\/4975f1343a413e57bf839b3eed0099f2\",\"name\":\"Editor\",\"image\":{\"@type\":\"ImageObject\",\"inLanguage\":\"es\",\"@id\":\"https:\\\/\\\/secure.gravatar.com\\\/avatar\\\/d27fe9520667ca53441d36627a1d6b0fa4a813571ec4803687a7a3a7744685ac?s=96&d=mm&r=g\",\"url\":\"https:\\\/\\\/secure.gravatar.com\\\/avatar\\\/d27fe9520667ca53441d36627a1d6b0fa4a813571ec4803687a7a3a7744685ac?s=96&d=mm&r=g\",\"contentUrl\":\"https:\\\/\\\/secure.gravatar.com\\\/avatar\\\/d27fe9520667ca53441d36627a1d6b0fa4a813571ec4803687a7a3a7744685ac?s=96&d=mm&r=g\",\"caption\":\"Editor\"},\"url\":\"https:\\\/\\\/infopba247.com.ar\\\/index.php\\\/author\\\/editor\\\/\"}]}<\/script>\n<!-- \/ Yoast SEO plugin. -->","yoast_head_json":{"title":"La tienda Finde Del Museo Mar inaugura su temporada de verano - InfoPBA247","robots":{"index":"index","follow":"follow","max-snippet":"max-snippet:-1","max-image-preview":"max-image-preview:large","max-video-preview":"max-video-preview:-1"},"canonical":"https:\/\/infopba247.com.ar\/index.php\/2024\/01\/05\/la-tienda-finde-del-museo-mar-inaugura-su-temporada-de-verano\/","og_locale":"es_ES","og_type":"article","og_title":"La tienda Finde Del Museo Mar inaugura su temporada de verano - InfoPBA247","og_description":"El viernes 5 de enero a las 16 hs. la Tienda FINDE ubicada en el Museo Mar de la ciudad","og_url":"https:\/\/infopba247.com.ar\/index.php\/2024\/01\/05\/la-tienda-finde-del-museo-mar-inaugura-su-temporada-de-verano\/","og_site_name":"InfoPBA247","article_publisher":"https:\/\/www.facebook.com\/InfoPBA","article_published_time":"2024-01-05T11:39:36+00:00","article_modified_time":"2024-01-08T15:34:36+00:00","og_image":[{"width":2560,"height":1440,"url":"https:\/\/infopba247.com.ar\/wp-content\/uploads\/2024\/01\/20230923_102856-scaled.jpg","type":"image\/jpeg"}],"author":"Editor","twitter_card":"summary_large_image","twitter_misc":{"Escrito por":"Editor","Tiempo de lectura":"2 minutos"},"schema":{"@context":"https:\/\/schema.org","@graph":[{"@type":"Article","@id":"https:\/\/infopba247.com.ar\/index.php\/2024\/01\/05\/la-tienda-finde-del-museo-mar-inaugura-su-temporada-de-verano\/#article","isPartOf":{"@id":"https:\/\/infopba247.com.ar\/index.php\/2024\/01\/05\/la-tienda-finde-del-museo-mar-inaugura-su-temporada-de-verano\/"},"author":{"name":"Editor","@id":"https:\/\/infopba247.com.ar\/#\/schema\/person\/4975f1343a413e57bf839b3eed0099f2"},"headline":"La tienda Finde Del Museo Mar inaugura su temporada de verano","datePublished":"2024-01-05T11:39:36+00:00","dateModified":"2024-01-08T15:34:36+00:00","mainEntityOfPage":{"@id":"https:\/\/infopba247.com.ar\/index.php\/2024\/01\/05\/la-tienda-finde-del-museo-mar-inaugura-su-temporada-de-verano\/"},"wordCount":340,"publisher":{"@id":"https:\/\/infopba247.com.ar\/#organization"},"image":{"@id":"https:\/\/infopba247.com.ar\/index.php\/2024\/01\/05\/la-tienda-finde-del-museo-mar-inaugura-su-temporada-de-verano\/#primaryimage"},"thumbnailUrl":"https:\/\/infopba247.com.ar\/wp-content\/uploads\/2024\/01\/20230923_102856-scaled.jpg","articleSection":["Turismo y Cultura"],"inLanguage":"es"},{"@type":"WebPage","@id":"https:\/\/infopba247.com.ar\/index.php\/2024\/01\/05\/la-tienda-finde-del-museo-mar-inaugura-su-temporada-de-verano\/","url":"https:\/\/infopba247.com.ar\/index.php\/2024\/01\/05\/la-tienda-finde-del-museo-mar-inaugura-su-temporada-de-verano\/","name":"La tienda Finde Del Museo Mar inaugura su temporada de verano - InfoPBA247","isPartOf":{"@id":"https:\/\/infopba247.com.ar\/#website"},"primaryImageOfPage":{"@id":"https:\/\/infopba247.com.ar\/index.php\/2024\/01\/05\/la-tienda-finde-del-museo-mar-inaugura-su-temporada-de-verano\/#primaryimage"},"image":{"@id":"https:\/\/infopba247.com.ar\/index.php\/2024\/01\/05\/la-tienda-finde-del-museo-mar-inaugura-su-temporada-de-verano\/#primaryimage"},"thumbnailUrl":"https:\/\/infopba247.com.ar\/wp-content\/uploads\/2024\/01\/20230923_102856-scaled.jpg","datePublished":"2024-01-05T11:39:36+00:00","dateModified":"2024-01-08T15:34:36+00:00","breadcrumb":{"@id":"https:\/\/infopba247.com.ar\/index.php\/2024\/01\/05\/la-tienda-finde-del-museo-mar-inaugura-su-temporada-de-verano\/#breadcrumb"},"inLanguage":"es","potentialAction":[{"@type":"ReadAction","target":["https:\/\/infopba247.com.ar\/index.php\/2024\/01\/05\/la-tienda-finde-del-museo-mar-inaugura-su-temporada-de-verano\/"]}]},{"@type":"ImageObject","inLanguage":"es","@id":"https:\/\/infopba247.com.ar\/index.php\/2024\/01\/05\/la-tienda-finde-del-museo-mar-inaugura-su-temporada-de-verano\/#primaryimage","url":"https:\/\/infopba247.com.ar\/wp-content\/uploads\/2024\/01\/20230923_102856-scaled.jpg","contentUrl":"https:\/\/infopba247.com.ar\/wp-content\/uploads\/2024\/01\/20230923_102856-scaled.jpg","width":2560,"height":1440},{"@type":"BreadcrumbList","@id":"https:\/\/infopba247.com.ar\/index.php\/2024\/01\/05\/la-tienda-finde-del-museo-mar-inaugura-su-temporada-de-verano\/#breadcrumb","itemListElement":[{"@type":"ListItem","position":1,"name":"Portada","item":"https:\/\/infopba247.com.ar\/"},{"@type":"ListItem","position":2,"name":"La tienda Finde Del Museo Mar inaugura su temporada de verano"}]},{"@type":"WebSite","@id":"https:\/\/infopba247.com.ar\/#website","url":"https:\/\/infopba247.com.ar\/","name":"InfoPBA247","description":"Toda la actualidad bonaerense","publisher":{"@id":"https:\/\/infopba247.com.ar\/#organization"},"potentialAction":[{"@type":"SearchAction","target":{"@type":"EntryPoint","urlTemplate":"https:\/\/infopba247.com.ar\/?s={search_term_string}"},"query-input":{"@type":"PropertyValueSpecification","valueRequired":true,"valueName":"search_term_string"}}],"inLanguage":"es"},{"@type":"Organization","@id":"https:\/\/infopba247.com.ar\/#organization","name":"InfoPBA247","url":"https:\/\/infopba247.com.ar\/","logo":{"@type":"ImageObject","inLanguage":"es","@id":"https:\/\/infopba247.com.ar\/#\/schema\/logo\/image\/","url":"https:\/\/infopba247.com.ar\/wp-content\/uploads\/2022\/03\/cropped-InfoPBA247-1.png","contentUrl":"https:\/\/infopba247.com.ar\/wp-content\/uploads\/2022\/03\/cropped-InfoPBA247-1.png","width":500,"height":122,"caption":"InfoPBA247"},"image":{"@id":"https:\/\/infopba247.com.ar\/#\/schema\/logo\/image\/"},"sameAs":["https:\/\/www.facebook.com\/InfoPBA"]},{"@type":"Person","@id":"https:\/\/infopba247.com.ar\/#\/schema\/person\/4975f1343a413e57bf839b3eed0099f2","name":"Editor","image":{"@type":"ImageObject","inLanguage":"es","@id":"https:\/\/secure.gravatar.com\/avatar\/d27fe9520667ca53441d36627a1d6b0fa4a813571ec4803687a7a3a7744685ac?s=96&d=mm&r=g","url":"https:\/\/secure.gravatar.com\/avatar\/d27fe9520667ca53441d36627a1d6b0fa4a813571ec4803687a7a3a7744685ac?s=96&d=mm&r=g","contentUrl":"https:\/\/secure.gravatar.com\/avatar\/d27fe9520667ca53441d36627a1d6b0fa4a813571ec4803687a7a3a7744685ac?s=96&d=mm&r=g","caption":"Editor"},"url":"https:\/\/infopba247.com.ar\/index.php\/author\/editor\/"}]}},"_links":{"self":[{"href":"https:\/\/infopba247.com.ar\/index.php\/wp-json\/wp\/v2\/posts\/3173","targetHints":{"allow":["GET"]}}],"collection":[{"href":"https:\/\/infopba247.com.ar\/index.php\/wp-json\/wp\/v2\/posts"}],"about":[{"href":"https:\/\/infopba247.com.ar\/index.php\/wp-json\/wp\/v2\/types\/post"}],"author":[{"embeddable":true,"href":"https:\/\/infopba247.com.ar\/index.php\/wp-json\/wp\/v2\/users\/3"}],"replies":[{"embeddable":true,"href":"https:\/\/infopba247.com.ar\/index.php\/wp-json\/wp\/v2\/comments?post=3173"}],"version-history":[{"count":1,"href":"https:\/\/infopba247.com.ar\/index.php\/wp-json\/wp\/v2\/posts\/3173\/revisions"}],"predecessor-version":[{"id":3174,"href":"https:\/\/infopba247.com.ar\/index.php\/wp-json\/wp\/v2\/posts\/3173\/revisions\/3174"}],"wp:featuredmedia":[{"embeddable":true,"href":"https:\/\/infopba247.com.ar\/index.php\/wp-json\/wp\/v2\/media\/3171"}],"wp:attachment":[{"href":"https:\/\/infopba247.com.ar\/index.php\/wp-json\/wp\/v2\/media?parent=3173"}],"wp:term":[{"taxonomy":"category","embeddable":true,"href":"https:\/\/infopba247.com.ar\/index.php\/wp-json\/wp\/v2\/categories?post=3173"},{"taxonomy":"post_tag","embeddable":true,"href":"https:\/\/infopba247.com.ar\/index.php\/wp-json\/wp\/v2\/tags?post=3173"}],"curies":[{"name":"wp","href":"https:\/\/api.w.org\/{rel}","templated":true}]}}