{"id":3146,"date":"2024-01-03T11:57:30","date_gmt":"2024-01-03T14:57:30","guid":{"rendered":"https:\/\/infopba247.com.ar\/?p=3146"},"modified":"2024-01-08T12:33:59","modified_gmt":"2024-01-08T15:33:59","slug":"teatro-idiomas-fotografia-y-mas-abrieron-las-inscripciones-a-los-talleres-de-verano","status":"publish","type":"post","link":"https:\/\/infopba247.com.ar\/index.php\/2024\/01\/03\/teatro-idiomas-fotografia-y-mas-abrieron-las-inscripciones-a-los-talleres-de-verano\/","title":{"rendered":"Teatro, idiomas, fotograf\u00eda y m\u00e1s: Abrieron las inscripciones a los Talleres de Verano"},"content":{"rendered":"\n<p>A partir de hoy, la Municipalidad de La Plata puso en marcha la inscripci\u00f3n para los m\u00e1s de 60 cursos que este verano ofrecer\u00e1 la Escuela Taller de Arte en sus cuatro sedes. Adem\u00e1s, brindar\u00e1n becas para personas con discapacidad, jubilados, pensionados y de bajos ingresos.<\/p>\n\n\n\n<p>Con talleres de m\u00fasica, danzas, letras, idiomas, fotograf\u00eda, pl\u00e1stica, teatro y dise\u00f1o, los vecinos podr\u00e1n inscribirse de forma presencial en cada una de las sedes, que ofrecer\u00e1n diferentes horarios y opciones para todos los gustos art\u00edsticos.<\/p>\n\n\n\n<p>En ese sentido, se podr\u00e1 elegir por clases en el Pasaje Dardo Rocha de 9:00 a 19:00 (50 entre 6 y 7); en el Centro Integral Comunitario El Retiro (46 entre 157 y 158) de 9:00 a 19:00; en el Polideportivo de Los Hornos (66 entre 152 y 153) de 9:00 a 13:00; o en el Centro Cultural Julio L\u00f3pez (137 y 64) de 9:00 a 12:00 y de 14:00 a 20:00.<\/p>\n\n\n\n<p>Seg\u00fan informaron desde la Comuna, la Escuela Taller de Arte iniciar\u00e1 las clases el lunes 8 de enero y finalizar\u00e1n el viernes 1\u00b0 de marzo. Los interesados deber\u00e1n acercarse obligatoriamente de manera presencial para completar el formulario de inscripci\u00f3n en los mencionados espacios municipales.<\/p>\n\n\n\n<p>A su vez, cabe mencionar que se implementar\u00e1 un sistema de becas para aquellos alumnos que no puedan abonar parcial o totalmente los aranceles, en cuyo caso deber\u00e1n realizar la consulta en el momento de realizar la inscripci\u00f3n.<\/p>\n\n\n\n<p>De esta manera, a partir de este sistema, a personas con discapacidad, jubilados, pensionados y empleados municipales se les contempla la gratuidad total de los talleres; mientras que para ciudadanos de bajos ingresos se ofrecer\u00e1 una beca del 50% para la realizaci\u00f3n de cualquiera de los cursos.<\/p>\n","protected":false},"excerpt":{"rendered":"<p>A partir de hoy, la Municipalidad de La Plata puso en marcha la inscripci\u00f3n para los m\u00e1s de 60 cursos<\/p>\n","protected":false},"author":3,"featured_media":3149,"comment_status":"closed","ping_status":"closed","sticky":false,"template":"","format":"standard","meta":{"colormag_page_container_layout":"default_layout","colormag_page_sidebar_layout":"default_layout","footnotes":""},"categories":[12,1,14],"tags":[],"class_list":["post-3146","post","type-post","status-publish","format-standard","has-post-thumbnail","hentry","category-8va-seccion","category-destacadas","category-politica"],"yoast_head":"<!-- This site is optimized with the Yoast SEO plugin v27.4 - https:\/\/yoast.com\/product\/yoast-seo-wordpress\/ -->\n<title>Teatro, idiomas, fotograf\u00eda y m\u00e1s: Abrieron las inscripciones a los Talleres de Verano - InfoPBA247<\/title>\n<meta name=\"robots\" content=\"index, follow, max-snippet:-1, max-image-preview:large, max-video-preview:-1\" \/>\n<link rel=\"canonical\" href=\"https:\/\/infopba247.com.ar\/index.php\/2024\/01\/03\/teatro-idiomas-fotografia-y-mas-abrieron-las-inscripciones-a-los-talleres-de-verano\/\" \/>\n<meta property=\"og:locale\" content=\"es_ES\" \/>\n<meta property=\"og:type\" content=\"article\" \/>\n<meta property=\"og:title\" content=\"Teatro, idiomas, fotograf\u00eda y m\u00e1s: Abrieron las inscripciones a los Talleres de Verano - InfoPBA247\" \/>\n<meta property=\"og:description\" content=\"A partir de hoy, la Municipalidad de La Plata puso en marcha la inscripci\u00f3n para los m\u00e1s de 60 cursos\" \/>\n<meta property=\"og:url\" content=\"https:\/\/infopba247.com.ar\/index.php\/2024\/01\/03\/teatro-idiomas-fotografia-y-mas-abrieron-las-inscripciones-a-los-talleres-de-verano\/\" \/>\n<meta property=\"og:site_name\" content=\"InfoPBA247\" \/>\n<meta property=\"article:publisher\" content=\"https:\/\/www.facebook.com\/InfoPBA\" \/>\n<meta property=\"article:published_time\" content=\"2024-01-03T14:57:30+00:00\" \/>\n<meta property=\"article:modified_time\" content=\"2024-01-08T15:33:59+00:00\" \/>\n<meta property=\"og:image\" content=\"https:\/\/infopba247.com.ar\/wp-content\/uploads\/2024\/01\/Dardo-Rocha-danza.jpg\" \/>\n\t<meta property=\"og:image:width\" content=\"1024\" \/>\n\t<meta property=\"og:image:height\" content=\"578\" \/>\n\t<meta property=\"og:image:type\" content=\"image\/jpeg\" \/>\n<meta name=\"author\" content=\"Editor\" \/>\n<meta name=\"twitter:card\" content=\"summary_large_image\" \/>\n<meta name=\"twitter:label1\" content=\"Escrito por\" \/>\n\t<meta name=\"twitter:data1\" content=\"Editor\" \/>\n\t<meta name=\"twitter:label2\" content=\"Tiempo de lectura\" \/>\n\t<meta name=\"twitter:data2\" content=\"2 minutos\" \/>\n<script type=\"application\/ld+json\" class=\"yoast-schema-graph\">{\"@context\":\"https:\\\/\\\/schema.org\",\"@graph\":[{\"@type\":\"Article\",\"@id\":\"https:\\\/\\\/infopba247.com.ar\\\/index.php\\\/2024\\\/01\\\/03\\\/teatro-idiomas-fotografia-y-mas-abrieron-las-inscripciones-a-los-talleres-de-verano\\\/#article\",\"isPartOf\":{\"@id\":\"https:\\\/\\\/infopba247.com.ar\\\/index.php\\\/2024\\\/01\\\/03\\\/teatro-idiomas-fotografia-y-mas-abrieron-las-inscripciones-a-los-talleres-de-verano\\\/\"},\"author\":{\"name\":\"Editor\",\"@id\":\"https:\\\/\\\/infopba247.com.ar\\\/#\\\/schema\\\/person\\\/4975f1343a413e57bf839b3eed0099f2\"},\"headline\":\"Teatro, idiomas, fotograf\u00eda y m\u00e1s: Abrieron las inscripciones a los Talleres de Verano\",\"datePublished\":\"2024-01-03T14:57:30+00:00\",\"dateModified\":\"2024-01-08T15:33:59+00:00\",\"mainEntityOfPage\":{\"@id\":\"https:\\\/\\\/infopba247.com.ar\\\/index.php\\\/2024\\\/01\\\/03\\\/teatro-idiomas-fotografia-y-mas-abrieron-las-inscripciones-a-los-talleres-de-verano\\\/\"},\"wordCount\":292,\"publisher\":{\"@id\":\"https:\\\/\\\/infopba247.com.ar\\\/#organization\"},\"image\":{\"@id\":\"https:\\\/\\\/infopba247.com.ar\\\/index.php\\\/2024\\\/01\\\/03\\\/teatro-idiomas-fotografia-y-mas-abrieron-las-inscripciones-a-los-talleres-de-verano\\\/#primaryimage\"},\"thumbnailUrl\":\"https:\\\/\\\/infopba247.com.ar\\\/wp-content\\\/uploads\\\/2024\\\/01\\\/Dardo-Rocha-danza.jpg\",\"articleSection\":[\"8va Secci\u00f3n\",\"Destacadas\",\"Pol\u00edtica\"],\"inLanguage\":\"es\"},{\"@type\":\"WebPage\",\"@id\":\"https:\\\/\\\/infopba247.com.ar\\\/index.php\\\/2024\\\/01\\\/03\\\/teatro-idiomas-fotografia-y-mas-abrieron-las-inscripciones-a-los-talleres-de-verano\\\/\",\"url\":\"https:\\\/\\\/infopba247.com.ar\\\/index.php\\\/2024\\\/01\\\/03\\\/teatro-idiomas-fotografia-y-mas-abrieron-las-inscripciones-a-los-talleres-de-verano\\\/\",\"name\":\"Teatro, idiomas, fotograf\u00eda y m\u00e1s: Abrieron las inscripciones a los Talleres de Verano - InfoPBA247\",\"isPartOf\":{\"@id\":\"https:\\\/\\\/infopba247.com.ar\\\/#website\"},\"primaryImageOfPage\":{\"@id\":\"https:\\\/\\\/infopba247.com.ar\\\/index.php\\\/2024\\\/01\\\/03\\\/teatro-idiomas-fotografia-y-mas-abrieron-las-inscripciones-a-los-talleres-de-verano\\\/#primaryimage\"},\"image\":{\"@id\":\"https:\\\/\\\/infopba247.com.ar\\\/index.php\\\/2024\\\/01\\\/03\\\/teatro-idiomas-fotografia-y-mas-abrieron-las-inscripciones-a-los-talleres-de-verano\\\/#primaryimage\"},\"thumbnailUrl\":\"https:\\\/\\\/infopba247.com.ar\\\/wp-content\\\/uploads\\\/2024\\\/01\\\/Dardo-Rocha-danza.jpg\",\"datePublished\":\"2024-01-03T14:57:30+00:00\",\"dateModified\":\"2024-01-08T15:33:59+00:00\",\"breadcrumb\":{\"@id\":\"https:\\\/\\\/infopba247.com.ar\\\/index.php\\\/2024\\\/01\\\/03\\\/teatro-idiomas-fotografia-y-mas-abrieron-las-inscripciones-a-los-talleres-de-verano\\\/#breadcrumb\"},\"inLanguage\":\"es\",\"potentialAction\":[{\"@type\":\"ReadAction\",\"target\":[\"https:\\\/\\\/infopba247.com.ar\\\/index.php\\\/2024\\\/01\\\/03\\\/teatro-idiomas-fotografia-y-mas-abrieron-las-inscripciones-a-los-talleres-de-verano\\\/\"]}]},{\"@type\":\"ImageObject\",\"inLanguage\":\"es\",\"@id\":\"https:\\\/\\\/infopba247.com.ar\\\/index.php\\\/2024\\\/01\\\/03\\\/teatro-idiomas-fotografia-y-mas-abrieron-las-inscripciones-a-los-talleres-de-verano\\\/#primaryimage\",\"url\":\"https:\\\/\\\/infopba247.com.ar\\\/wp-content\\\/uploads\\\/2024\\\/01\\\/Dardo-Rocha-danza.jpg\",\"contentUrl\":\"https:\\\/\\\/infopba247.com.ar\\\/wp-content\\\/uploads\\\/2024\\\/01\\\/Dardo-Rocha-danza.jpg\",\"width\":1024,\"height\":578},{\"@type\":\"BreadcrumbList\",\"@id\":\"https:\\\/\\\/infopba247.com.ar\\\/index.php\\\/2024\\\/01\\\/03\\\/teatro-idiomas-fotografia-y-mas-abrieron-las-inscripciones-a-los-talleres-de-verano\\\/#breadcrumb\",\"itemListElement\":[{\"@type\":\"ListItem\",\"position\":1,\"name\":\"Portada\",\"item\":\"https:\\\/\\\/infopba247.com.ar\\\/\"},{\"@type\":\"ListItem\",\"position\":2,\"name\":\"Teatro, idiomas, fotograf\u00eda y m\u00e1s: Abrieron las inscripciones a los Talleres de Verano\"}]},{\"@type\":\"WebSite\",\"@id\":\"https:\\\/\\\/infopba247.com.ar\\\/#website\",\"url\":\"https:\\\/\\\/infopba247.com.ar\\\/\",\"name\":\"InfoPBA247\",\"description\":\"Toda la actualidad bonaerense\",\"publisher\":{\"@id\":\"https:\\\/\\\/infopba247.com.ar\\\/#organization\"},\"potentialAction\":[{\"@type\":\"SearchAction\",\"target\":{\"@type\":\"EntryPoint\",\"urlTemplate\":\"https:\\\/\\\/infopba247.com.ar\\\/?s={search_term_string}\"},\"query-input\":{\"@type\":\"PropertyValueSpecification\",\"valueRequired\":true,\"valueName\":\"search_term_string\"}}],\"inLanguage\":\"es\"},{\"@type\":\"Organization\",\"@id\":\"https:\\\/\\\/infopba247.com.ar\\\/#organization\",\"name\":\"InfoPBA247\",\"url\":\"https:\\\/\\\/infopba247.com.ar\\\/\",\"logo\":{\"@type\":\"ImageObject\",\"inLanguage\":\"es\",\"@id\":\"https:\\\/\\\/infopba247.com.ar\\\/#\\\/schema\\\/logo\\\/image\\\/\",\"url\":\"https:\\\/\\\/infopba247.com.ar\\\/wp-content\\\/uploads\\\/2022\\\/03\\\/cropped-InfoPBA247-1.png\",\"contentUrl\":\"https:\\\/\\\/infopba247.com.ar\\\/wp-content\\\/uploads\\\/2022\\\/03\\\/cropped-InfoPBA247-1.png\",\"width\":500,\"height\":122,\"caption\":\"InfoPBA247\"},\"image\":{\"@id\":\"https:\\\/\\\/infopba247.com.ar\\\/#\\\/schema\\\/logo\\\/image\\\/\"},\"sameAs\":[\"https:\\\/\\\/www.facebook.com\\\/InfoPBA\"]},{\"@type\":\"Person\",\"@id\":\"https:\\\/\\\/infopba247.com.ar\\\/#\\\/schema\\\/person\\\/4975f1343a413e57bf839b3eed0099f2\",\"name\":\"Editor\",\"image\":{\"@type\":\"ImageObject\",\"inLanguage\":\"es\",\"@id\":\"https:\\\/\\\/secure.gravatar.com\\\/avatar\\\/d27fe9520667ca53441d36627a1d6b0fa4a813571ec4803687a7a3a7744685ac?s=96&d=mm&r=g\",\"url\":\"https:\\\/\\\/secure.gravatar.com\\\/avatar\\\/d27fe9520667ca53441d36627a1d6b0fa4a813571ec4803687a7a3a7744685ac?s=96&d=mm&r=g\",\"contentUrl\":\"https:\\\/\\\/secure.gravatar.com\\\/avatar\\\/d27fe9520667ca53441d36627a1d6b0fa4a813571ec4803687a7a3a7744685ac?s=96&d=mm&r=g\",\"caption\":\"Editor\"},\"url\":\"https:\\\/\\\/infopba247.com.ar\\\/index.php\\\/author\\\/editor\\\/\"}]}<\/script>\n<!-- \/ Yoast SEO plugin. -->","yoast_head_json":{"title":"Teatro, idiomas, fotograf\u00eda y m\u00e1s: Abrieron las inscripciones a los Talleres de Verano - InfoPBA247","robots":{"index":"index","follow":"follow","max-snippet":"max-snippet:-1","max-image-preview":"max-image-preview:large","max-video-preview":"max-video-preview:-1"},"canonical":"https:\/\/infopba247.com.ar\/index.php\/2024\/01\/03\/teatro-idiomas-fotografia-y-mas-abrieron-las-inscripciones-a-los-talleres-de-verano\/","og_locale":"es_ES","og_type":"article","og_title":"Teatro, idiomas, fotograf\u00eda y m\u00e1s: Abrieron las inscripciones a los Talleres de Verano - InfoPBA247","og_description":"A partir de hoy, la Municipalidad de La Plata puso en marcha la inscripci\u00f3n para los m\u00e1s de 60 cursos","og_url":"https:\/\/infopba247.com.ar\/index.php\/2024\/01\/03\/teatro-idiomas-fotografia-y-mas-abrieron-las-inscripciones-a-los-talleres-de-verano\/","og_site_name":"InfoPBA247","article_publisher":"https:\/\/www.facebook.com\/InfoPBA","article_published_time":"2024-01-03T14:57:30+00:00","article_modified_time":"2024-01-08T15:33:59+00:00","og_image":[{"width":1024,"height":578,"url":"https:\/\/infopba247.com.ar\/wp-content\/uploads\/2024\/01\/Dardo-Rocha-danza.jpg","type":"image\/jpeg"}],"author":"Editor","twitter_card":"summary_large_image","twitter_misc":{"Escrito por":"Editor","Tiempo de lectura":"2 minutos"},"schema":{"@context":"https:\/\/schema.org","@graph":[{"@type":"Article","@id":"https:\/\/infopba247.com.ar\/index.php\/2024\/01\/03\/teatro-idiomas-fotografia-y-mas-abrieron-las-inscripciones-a-los-talleres-de-verano\/#article","isPartOf":{"@id":"https:\/\/infopba247.com.ar\/index.php\/2024\/01\/03\/teatro-idiomas-fotografia-y-mas-abrieron-las-inscripciones-a-los-talleres-de-verano\/"},"author":{"name":"Editor","@id":"https:\/\/infopba247.com.ar\/#\/schema\/person\/4975f1343a413e57bf839b3eed0099f2"},"headline":"Teatro, idiomas, fotograf\u00eda y m\u00e1s: Abrieron las inscripciones a los Talleres de Verano","datePublished":"2024-01-03T14:57:30+00:00","dateModified":"2024-01-08T15:33:59+00:00","mainEntityOfPage":{"@id":"https:\/\/infopba247.com.ar\/index.php\/2024\/01\/03\/teatro-idiomas-fotografia-y-mas-abrieron-las-inscripciones-a-los-talleres-de-verano\/"},"wordCount":292,"publisher":{"@id":"https:\/\/infopba247.com.ar\/#organization"},"image":{"@id":"https:\/\/infopba247.com.ar\/index.php\/2024\/01\/03\/teatro-idiomas-fotografia-y-mas-abrieron-las-inscripciones-a-los-talleres-de-verano\/#primaryimage"},"thumbnailUrl":"https:\/\/infopba247.com.ar\/wp-content\/uploads\/2024\/01\/Dardo-Rocha-danza.jpg","articleSection":["8va Secci\u00f3n","Destacadas","Pol\u00edtica"],"inLanguage":"es"},{"@type":"WebPage","@id":"https:\/\/infopba247.com.ar\/index.php\/2024\/01\/03\/teatro-idiomas-fotografia-y-mas-abrieron-las-inscripciones-a-los-talleres-de-verano\/","url":"https:\/\/infopba247.com.ar\/index.php\/2024\/01\/03\/teatro-idiomas-fotografia-y-mas-abrieron-las-inscripciones-a-los-talleres-de-verano\/","name":"Teatro, idiomas, fotograf\u00eda y m\u00e1s: Abrieron las inscripciones a los Talleres de Verano - InfoPBA247","isPartOf":{"@id":"https:\/\/infopba247.com.ar\/#website"},"primaryImageOfPage":{"@id":"https:\/\/infopba247.com.ar\/index.php\/2024\/01\/03\/teatro-idiomas-fotografia-y-mas-abrieron-las-inscripciones-a-los-talleres-de-verano\/#primaryimage"},"image":{"@id":"https:\/\/infopba247.com.ar\/index.php\/2024\/01\/03\/teatro-idiomas-fotografia-y-mas-abrieron-las-inscripciones-a-los-talleres-de-verano\/#primaryimage"},"thumbnailUrl":"https:\/\/infopba247.com.ar\/wp-content\/uploads\/2024\/01\/Dardo-Rocha-danza.jpg","datePublished":"2024-01-03T14:57:30+00:00","dateModified":"2024-01-08T15:33:59+00:00","breadcrumb":{"@id":"https:\/\/infopba247.com.ar\/index.php\/2024\/01\/03\/teatro-idiomas-fotografia-y-mas-abrieron-las-inscripciones-a-los-talleres-de-verano\/#breadcrumb"},"inLanguage":"es","potentialAction":[{"@type":"ReadAction","target":["https:\/\/infopba247.com.ar\/index.php\/2024\/01\/03\/teatro-idiomas-fotografia-y-mas-abrieron-las-inscripciones-a-los-talleres-de-verano\/"]}]},{"@type":"ImageObject","inLanguage":"es","@id":"https:\/\/infopba247.com.ar\/index.php\/2024\/01\/03\/teatro-idiomas-fotografia-y-mas-abrieron-las-inscripciones-a-los-talleres-de-verano\/#primaryimage","url":"https:\/\/infopba247.com.ar\/wp-content\/uploads\/2024\/01\/Dardo-Rocha-danza.jpg","contentUrl":"https:\/\/infopba247.com.ar\/wp-content\/uploads\/2024\/01\/Dardo-Rocha-danza.jpg","width":1024,"height":578},{"@type":"BreadcrumbList","@id":"https:\/\/infopba247.com.ar\/index.php\/2024\/01\/03\/teatro-idiomas-fotografia-y-mas-abrieron-las-inscripciones-a-los-talleres-de-verano\/#breadcrumb","itemListElement":[{"@type":"ListItem","position":1,"name":"Portada","item":"https:\/\/infopba247.com.ar\/"},{"@type":"ListItem","position":2,"name":"Teatro, idiomas, fotograf\u00eda y m\u00e1s: Abrieron las inscripciones a los Talleres de Verano"}]},{"@type":"WebSite","@id":"https:\/\/infopba247.com.ar\/#website","url":"https:\/\/infopba247.com.ar\/","name":"InfoPBA247","description":"Toda la actualidad bonaerense","publisher":{"@id":"https:\/\/infopba247.com.ar\/#organization"},"potentialAction":[{"@type":"SearchAction","target":{"@type":"EntryPoint","urlTemplate":"https:\/\/infopba247.com.ar\/?s={search_term_string}"},"query-input":{"@type":"PropertyValueSpecification","valueRequired":true,"valueName":"search_term_string"}}],"inLanguage":"es"},{"@type":"Organization","@id":"https:\/\/infopba247.com.ar\/#organization","name":"InfoPBA247","url":"https:\/\/infopba247.com.ar\/","logo":{"@type":"ImageObject","inLanguage":"es","@id":"https:\/\/infopba247.com.ar\/#\/schema\/logo\/image\/","url":"https:\/\/infopba247.com.ar\/wp-content\/uploads\/2022\/03\/cropped-InfoPBA247-1.png","contentUrl":"https:\/\/infopba247.com.ar\/wp-content\/uploads\/2022\/03\/cropped-InfoPBA247-1.png","width":500,"height":122,"caption":"InfoPBA247"},"image":{"@id":"https:\/\/infopba247.com.ar\/#\/schema\/logo\/image\/"},"sameAs":["https:\/\/www.facebook.com\/InfoPBA"]},{"@type":"Person","@id":"https:\/\/infopba247.com.ar\/#\/schema\/person\/4975f1343a413e57bf839b3eed0099f2","name":"Editor","image":{"@type":"ImageObject","inLanguage":"es","@id":"https:\/\/secure.gravatar.com\/avatar\/d27fe9520667ca53441d36627a1d6b0fa4a813571ec4803687a7a3a7744685ac?s=96&d=mm&r=g","url":"https:\/\/secure.gravatar.com\/avatar\/d27fe9520667ca53441d36627a1d6b0fa4a813571ec4803687a7a3a7744685ac?s=96&d=mm&r=g","contentUrl":"https:\/\/secure.gravatar.com\/avatar\/d27fe9520667ca53441d36627a1d6b0fa4a813571ec4803687a7a3a7744685ac?s=96&d=mm&r=g","caption":"Editor"},"url":"https:\/\/infopba247.com.ar\/index.php\/author\/editor\/"}]}},"_links":{"self":[{"href":"https:\/\/infopba247.com.ar\/index.php\/wp-json\/wp\/v2\/posts\/3146","targetHints":{"allow":["GET"]}}],"collection":[{"href":"https:\/\/infopba247.com.ar\/index.php\/wp-json\/wp\/v2\/posts"}],"about":[{"href":"https:\/\/infopba247.com.ar\/index.php\/wp-json\/wp\/v2\/types\/post"}],"author":[{"embeddable":true,"href":"https:\/\/infopba247.com.ar\/index.php\/wp-json\/wp\/v2\/users\/3"}],"replies":[{"embeddable":true,"href":"https:\/\/infopba247.com.ar\/index.php\/wp-json\/wp\/v2\/comments?post=3146"}],"version-history":[{"count":1,"href":"https:\/\/infopba247.com.ar\/index.php\/wp-json\/wp\/v2\/posts\/3146\/revisions"}],"predecessor-version":[{"id":3151,"href":"https:\/\/infopba247.com.ar\/index.php\/wp-json\/wp\/v2\/posts\/3146\/revisions\/3151"}],"wp:featuredmedia":[{"embeddable":true,"href":"https:\/\/infopba247.com.ar\/index.php\/wp-json\/wp\/v2\/media\/3149"}],"wp:attachment":[{"href":"https:\/\/infopba247.com.ar\/index.php\/wp-json\/wp\/v2\/media?parent=3146"}],"wp:term":[{"taxonomy":"category","embeddable":true,"href":"https:\/\/infopba247.com.ar\/index.php\/wp-json\/wp\/v2\/categories?post=3146"},{"taxonomy":"post_tag","embeddable":true,"href":"https:\/\/infopba247.com.ar\/index.php\/wp-json\/wp\/v2\/tags?post=3146"}],"curies":[{"name":"wp","href":"https:\/\/api.w.org\/{rel}","templated":true}]}}