{"id":3083,"date":"2023-12-21T12:21:06","date_gmt":"2023-12-21T15:21:06","guid":{"rendered":"https:\/\/infopba247.com.ar\/?p=3083"},"modified":"2023-12-21T12:21:07","modified_gmt":"2023-12-21T15:21:07","slug":"hernan-arranz-a-las-y-los-vecinos-afectados-seguimos-a-su-disposicion","status":"publish","type":"post","link":"https:\/\/infopba247.com.ar\/index.php\/2023\/12\/21\/hernan-arranz-a-las-y-los-vecinos-afectados-seguimos-a-su-disposicion\/","title":{"rendered":"Hern\u00e1n Arranz: \u00abA las y los vecinos afectados, seguimos a su disposici\u00f3n\u00bb"},"content":{"rendered":"\n<p>La ciudad de Monte Hermoso vivi\u00f3 una de las peores tormentas de los \u00faltimos tiempos, con precipitaciones de 120 mm acumulados y vientos de m\u00e1s de 70 km por hora, el suceso clim\u00e1tico del fin de semana destroz\u00f3 en su mayor\u00eda calles no asfaltadas, tir\u00f3 cables, ramas, \u00e1rboles y cort\u00f3 la energ\u00eda y comunicaci\u00f3n.<\/p>\n\n\n\n<p>Tambi\u00e9n inund\u00f3 hogares y hubo un total de 8 evacuados y da\u00f1os materiales. \u00abGracias a todos y cada una y uno de los involucrados por el trabajo, la contenci\u00f3n y exposici\u00f3n durante estos dos d\u00edas\u00ab, afirm\u00f3 el intendente Hern\u00e1n Arranz.<\/p>\n\n\n\n<p>Durante el temporal y desde tempranas horas de este domingo, tanto personal de las distintas \u00e1reas del municipio, encabezados por el intendente Hern\u00e1n Arranz; junto a Bomberos Monte Hermoso, fuerzas de seguridad, Cooperativa Telef\u00f3nica y Cooperativa El\u00e9ctrica, sumado a la colaboraci\u00f3n de los vecinos, permiti\u00f3 asistir y prevenir a la poblaci\u00f3n, sin lamentar heridos ni v\u00edctimas. \u201cContamos con un gran equipo interdisciplinario y vecinal entre las instituciones intermedias y las Secretar\u00edas de Desarrollo Humano y Social, Seguridad Ciudadana, Salud, Obras P\u00fablicas, Gobierno, Mantenimiento y Gesti\u00f3n Urbana y las delegaciones de Las Dunas y de Sauce Grande\u201d, resalt\u00f3 Arranz.<\/p>\n\n\n\n<p>\u201cFue un esfuerzo y exposici\u00f3n muy grande para todos, durante el temporal y tambi\u00e9n despu\u00e9s, por lo que agradezco una vez m\u00e1s el compromiso de cada uno de los trabajadores que hoy desde muy temprano comenzaron con la reconstrucci\u00f3n de arterias, limpieza o corte arbolado p\u00fablico, desagote de calles y asistencia con medicamentos o comestibles a las familias que peor la pasaron. Deseo adem\u00e1s reiterar mis condolencias para las y los vecinos de Bah\u00eda Blanca y para las familias que perdieron de manera inesperada a sus seres queridos\u201d, agreg\u00f3 el flamante intendente.<\/p>\n\n\n\n<p>La tormenta de lluvia y viento que atraves\u00f3 la provincia de Buenos Aires castig\u00f3 especialmente al municipio vecino de Bah\u00eda Blanca, donde las fuertes r\u00e1fagas se llevaron tinglados, tumbaron \u00e1rboles, carteles e incluso hicieron estallar las vidrieras de varios locales comerciales. Seg\u00fan indicaron expertos en meteorolog\u00eda, lo que afect\u00f3 al municipio fue la cola de un tornado del tipo F1, que desat\u00f3 r\u00e1fagas de hasta 160 kil\u00f3metros por hora.<\/p>\n\n\n\n<p>Gracias una r\u00e1pida acci\u00f3n de todas las \u00e1reas del estado municipal, el municipio pudo contener y dar un r\u00e1pido acompa\u00f1amiento a las y los vecinos afectados. Desde un primer momento, y mediantes la comunicaci\u00f3n en sus diferentes redes oficiales, el municipio alert\u00f3 de lo que estaba pasando.<\/p>\n\n\n\n<p>El Servicio Meteorol\u00f3gico Nacional (SMN) no s\u00f3lo hab\u00eda emiti\u00f3 una alerta naranja por tormentas fuertes previstas para el s\u00e1bado en Bah\u00eda Blanca y sus alrededores, sino tambi\u00e9n dio un listado de recomendaciones de prevenci\u00f3n.<\/p>\n\n\n\n<p>El episodio m\u00e1s grave se dio en el club Bahiense Del Norte, en la calle Estomba. La instituci\u00f3n que vio nacer a grandes deportistas como Emanuel Gin\u00f3bili sufri\u00f3 la ca\u00edda del techo mientras hab\u00eda gente en su interior realizando actividades, y hay al menos 13 fallecidos, seg\u00fan confirm\u00f3 el intendente Federico Susbielles.<\/p>\n\n\n\n<p>\u00abDurante la emergencia de ayer recibimos 430 llamadas de gravedad, se reportaron 132 postes derribados, m\u00e1s de 100 voladuras de techo, m\u00e1s de 1000 \u00e1rboles ca\u00eddos y tuvimos un pico de 350 evacuados alojados en cinco centros de evacuaci\u00f3n\u00bb, precis\u00f3 Susbielles, quien destac\u00f3 la tarea de Defensa Civil, agentes de tr\u00e1nsito, trabajadores municipales, cooperativas y la Polic\u00eda Bonaerense.<\/p>\n","protected":false},"excerpt":{"rendered":"<p>La ciudad de Monte Hermoso vivi\u00f3 una de las peores tormentas de los \u00faltimos tiempos, con precipitaciones de 120 mm<\/p>\n","protected":false},"author":3,"featured_media":3084,"comment_status":"closed","ping_status":"closed","sticky":false,"template":"","format":"standard","meta":{"colormag_page_container_layout":"default_layout","colormag_page_sidebar_layout":"default_layout","footnotes":""},"categories":[10,1,14],"tags":[],"class_list":["post-3083","post","type-post","status-publish","format-standard","has-post-thumbnail","hentry","category-6ta-seccion","category-destacadas","category-politica"],"yoast_head":"<!-- This site is optimized with the Yoast SEO plugin v27.4 - https:\/\/yoast.com\/product\/yoast-seo-wordpress\/ -->\n<title>Hern\u00e1n Arranz: \u00abA las y los vecinos afectados, seguimos a su disposici\u00f3n\u00bb - InfoPBA247<\/title>\n<meta name=\"robots\" content=\"index, follow, max-snippet:-1, max-image-preview:large, max-video-preview:-1\" \/>\n<link rel=\"canonical\" href=\"https:\/\/infopba247.com.ar\/index.php\/2023\/12\/21\/hernan-arranz-a-las-y-los-vecinos-afectados-seguimos-a-su-disposicion\/\" \/>\n<meta property=\"og:locale\" content=\"es_ES\" \/>\n<meta property=\"og:type\" content=\"article\" \/>\n<meta property=\"og:title\" content=\"Hern\u00e1n Arranz: \u00abA las y los vecinos afectados, seguimos a su disposici\u00f3n\u00bb - InfoPBA247\" \/>\n<meta property=\"og:description\" content=\"La ciudad de Monte Hermoso vivi\u00f3 una de las peores tormentas de los \u00faltimos tiempos, con precipitaciones de 120 mm\" \/>\n<meta property=\"og:url\" content=\"https:\/\/infopba247.com.ar\/index.php\/2023\/12\/21\/hernan-arranz-a-las-y-los-vecinos-afectados-seguimos-a-su-disposicion\/\" \/>\n<meta property=\"og:site_name\" content=\"InfoPBA247\" \/>\n<meta property=\"article:publisher\" content=\"https:\/\/www.facebook.com\/InfoPBA\" \/>\n<meta property=\"article:published_time\" content=\"2023-12-21T15:21:06+00:00\" \/>\n<meta property=\"article:modified_time\" content=\"2023-12-21T15:21:07+00:00\" \/>\n<meta property=\"og:image\" content=\"https:\/\/infopba247.com.ar\/wp-content\/uploads\/2023\/12\/411389872_789463109888043_4679025637334310626_n-800x445-1.jpg\" \/>\n\t<meta property=\"og:image:width\" content=\"800\" \/>\n\t<meta property=\"og:image:height\" content=\"445\" \/>\n\t<meta property=\"og:image:type\" content=\"image\/jpeg\" \/>\n<meta name=\"author\" content=\"Editor\" \/>\n<meta name=\"twitter:card\" content=\"summary_large_image\" \/>\n<meta name=\"twitter:label1\" content=\"Escrito por\" \/>\n\t<meta name=\"twitter:data1\" content=\"Editor\" \/>\n\t<meta name=\"twitter:label2\" content=\"Tiempo de lectura\" \/>\n\t<meta name=\"twitter:data2\" content=\"3 minutos\" \/>\n<script type=\"application\/ld+json\" class=\"yoast-schema-graph\">{\"@context\":\"https:\\\/\\\/schema.org\",\"@graph\":[{\"@type\":\"Article\",\"@id\":\"https:\\\/\\\/infopba247.com.ar\\\/index.php\\\/2023\\\/12\\\/21\\\/hernan-arranz-a-las-y-los-vecinos-afectados-seguimos-a-su-disposicion\\\/#article\",\"isPartOf\":{\"@id\":\"https:\\\/\\\/infopba247.com.ar\\\/index.php\\\/2023\\\/12\\\/21\\\/hernan-arranz-a-las-y-los-vecinos-afectados-seguimos-a-su-disposicion\\\/\"},\"author\":{\"name\":\"Editor\",\"@id\":\"https:\\\/\\\/infopba247.com.ar\\\/#\\\/schema\\\/person\\\/4975f1343a413e57bf839b3eed0099f2\"},\"headline\":\"Hern\u00e1n Arranz: \u00abA las y los vecinos afectados, seguimos a su disposici\u00f3n\u00bb\",\"datePublished\":\"2023-12-21T15:21:06+00:00\",\"dateModified\":\"2023-12-21T15:21:07+00:00\",\"mainEntityOfPage\":{\"@id\":\"https:\\\/\\\/infopba247.com.ar\\\/index.php\\\/2023\\\/12\\\/21\\\/hernan-arranz-a-las-y-los-vecinos-afectados-seguimos-a-su-disposicion\\\/\"},\"wordCount\":606,\"publisher\":{\"@id\":\"https:\\\/\\\/infopba247.com.ar\\\/#organization\"},\"image\":{\"@id\":\"https:\\\/\\\/infopba247.com.ar\\\/index.php\\\/2023\\\/12\\\/21\\\/hernan-arranz-a-las-y-los-vecinos-afectados-seguimos-a-su-disposicion\\\/#primaryimage\"},\"thumbnailUrl\":\"https:\\\/\\\/infopba247.com.ar\\\/wp-content\\\/uploads\\\/2023\\\/12\\\/411389872_789463109888043_4679025637334310626_n-800x445-1.jpg\",\"articleSection\":[\"6ta Secci\u00f3n\",\"Destacadas\",\"Pol\u00edtica\"],\"inLanguage\":\"es\"},{\"@type\":\"WebPage\",\"@id\":\"https:\\\/\\\/infopba247.com.ar\\\/index.php\\\/2023\\\/12\\\/21\\\/hernan-arranz-a-las-y-los-vecinos-afectados-seguimos-a-su-disposicion\\\/\",\"url\":\"https:\\\/\\\/infopba247.com.ar\\\/index.php\\\/2023\\\/12\\\/21\\\/hernan-arranz-a-las-y-los-vecinos-afectados-seguimos-a-su-disposicion\\\/\",\"name\":\"Hern\u00e1n Arranz: \u00abA las y los vecinos afectados, seguimos a su disposici\u00f3n\u00bb - InfoPBA247\",\"isPartOf\":{\"@id\":\"https:\\\/\\\/infopba247.com.ar\\\/#website\"},\"primaryImageOfPage\":{\"@id\":\"https:\\\/\\\/infopba247.com.ar\\\/index.php\\\/2023\\\/12\\\/21\\\/hernan-arranz-a-las-y-los-vecinos-afectados-seguimos-a-su-disposicion\\\/#primaryimage\"},\"image\":{\"@id\":\"https:\\\/\\\/infopba247.com.ar\\\/index.php\\\/2023\\\/12\\\/21\\\/hernan-arranz-a-las-y-los-vecinos-afectados-seguimos-a-su-disposicion\\\/#primaryimage\"},\"thumbnailUrl\":\"https:\\\/\\\/infopba247.com.ar\\\/wp-content\\\/uploads\\\/2023\\\/12\\\/411389872_789463109888043_4679025637334310626_n-800x445-1.jpg\",\"datePublished\":\"2023-12-21T15:21:06+00:00\",\"dateModified\":\"2023-12-21T15:21:07+00:00\",\"breadcrumb\":{\"@id\":\"https:\\\/\\\/infopba247.com.ar\\\/index.php\\\/2023\\\/12\\\/21\\\/hernan-arranz-a-las-y-los-vecinos-afectados-seguimos-a-su-disposicion\\\/#breadcrumb\"},\"inLanguage\":\"es\",\"potentialAction\":[{\"@type\":\"ReadAction\",\"target\":[\"https:\\\/\\\/infopba247.com.ar\\\/index.php\\\/2023\\\/12\\\/21\\\/hernan-arranz-a-las-y-los-vecinos-afectados-seguimos-a-su-disposicion\\\/\"]}]},{\"@type\":\"ImageObject\",\"inLanguage\":\"es\",\"@id\":\"https:\\\/\\\/infopba247.com.ar\\\/index.php\\\/2023\\\/12\\\/21\\\/hernan-arranz-a-las-y-los-vecinos-afectados-seguimos-a-su-disposicion\\\/#primaryimage\",\"url\":\"https:\\\/\\\/infopba247.com.ar\\\/wp-content\\\/uploads\\\/2023\\\/12\\\/411389872_789463109888043_4679025637334310626_n-800x445-1.jpg\",\"contentUrl\":\"https:\\\/\\\/infopba247.com.ar\\\/wp-content\\\/uploads\\\/2023\\\/12\\\/411389872_789463109888043_4679025637334310626_n-800x445-1.jpg\",\"width\":800,\"height\":445},{\"@type\":\"BreadcrumbList\",\"@id\":\"https:\\\/\\\/infopba247.com.ar\\\/index.php\\\/2023\\\/12\\\/21\\\/hernan-arranz-a-las-y-los-vecinos-afectados-seguimos-a-su-disposicion\\\/#breadcrumb\",\"itemListElement\":[{\"@type\":\"ListItem\",\"position\":1,\"name\":\"Portada\",\"item\":\"https:\\\/\\\/infopba247.com.ar\\\/\"},{\"@type\":\"ListItem\",\"position\":2,\"name\":\"Hern\u00e1n Arranz: \u00abA las y los vecinos afectados, seguimos a su disposici\u00f3n\u00bb\"}]},{\"@type\":\"WebSite\",\"@id\":\"https:\\\/\\\/infopba247.com.ar\\\/#website\",\"url\":\"https:\\\/\\\/infopba247.com.ar\\\/\",\"name\":\"InfoPBA247\",\"description\":\"Toda la actualidad bonaerense\",\"publisher\":{\"@id\":\"https:\\\/\\\/infopba247.com.ar\\\/#organization\"},\"potentialAction\":[{\"@type\":\"SearchAction\",\"target\":{\"@type\":\"EntryPoint\",\"urlTemplate\":\"https:\\\/\\\/infopba247.com.ar\\\/?s={search_term_string}\"},\"query-input\":{\"@type\":\"PropertyValueSpecification\",\"valueRequired\":true,\"valueName\":\"search_term_string\"}}],\"inLanguage\":\"es\"},{\"@type\":\"Organization\",\"@id\":\"https:\\\/\\\/infopba247.com.ar\\\/#organization\",\"name\":\"InfoPBA247\",\"url\":\"https:\\\/\\\/infopba247.com.ar\\\/\",\"logo\":{\"@type\":\"ImageObject\",\"inLanguage\":\"es\",\"@id\":\"https:\\\/\\\/infopba247.com.ar\\\/#\\\/schema\\\/logo\\\/image\\\/\",\"url\":\"https:\\\/\\\/infopba247.com.ar\\\/wp-content\\\/uploads\\\/2022\\\/03\\\/cropped-InfoPBA247-1.png\",\"contentUrl\":\"https:\\\/\\\/infopba247.com.ar\\\/wp-content\\\/uploads\\\/2022\\\/03\\\/cropped-InfoPBA247-1.png\",\"width\":500,\"height\":122,\"caption\":\"InfoPBA247\"},\"image\":{\"@id\":\"https:\\\/\\\/infopba247.com.ar\\\/#\\\/schema\\\/logo\\\/image\\\/\"},\"sameAs\":[\"https:\\\/\\\/www.facebook.com\\\/InfoPBA\"]},{\"@type\":\"Person\",\"@id\":\"https:\\\/\\\/infopba247.com.ar\\\/#\\\/schema\\\/person\\\/4975f1343a413e57bf839b3eed0099f2\",\"name\":\"Editor\",\"image\":{\"@type\":\"ImageObject\",\"inLanguage\":\"es\",\"@id\":\"https:\\\/\\\/secure.gravatar.com\\\/avatar\\\/d27fe9520667ca53441d36627a1d6b0fa4a813571ec4803687a7a3a7744685ac?s=96&d=mm&r=g\",\"url\":\"https:\\\/\\\/secure.gravatar.com\\\/avatar\\\/d27fe9520667ca53441d36627a1d6b0fa4a813571ec4803687a7a3a7744685ac?s=96&d=mm&r=g\",\"contentUrl\":\"https:\\\/\\\/secure.gravatar.com\\\/avatar\\\/d27fe9520667ca53441d36627a1d6b0fa4a813571ec4803687a7a3a7744685ac?s=96&d=mm&r=g\",\"caption\":\"Editor\"},\"url\":\"https:\\\/\\\/infopba247.com.ar\\\/index.php\\\/author\\\/editor\\\/\"}]}<\/script>\n<!-- \/ Yoast SEO plugin. -->","yoast_head_json":{"title":"Hern\u00e1n Arranz: \u00abA las y los vecinos afectados, seguimos a su disposici\u00f3n\u00bb - InfoPBA247","robots":{"index":"index","follow":"follow","max-snippet":"max-snippet:-1","max-image-preview":"max-image-preview:large","max-video-preview":"max-video-preview:-1"},"canonical":"https:\/\/infopba247.com.ar\/index.php\/2023\/12\/21\/hernan-arranz-a-las-y-los-vecinos-afectados-seguimos-a-su-disposicion\/","og_locale":"es_ES","og_type":"article","og_title":"Hern\u00e1n Arranz: \u00abA las y los vecinos afectados, seguimos a su disposici\u00f3n\u00bb - InfoPBA247","og_description":"La ciudad de Monte Hermoso vivi\u00f3 una de las peores tormentas de los \u00faltimos tiempos, con precipitaciones de 120 mm","og_url":"https:\/\/infopba247.com.ar\/index.php\/2023\/12\/21\/hernan-arranz-a-las-y-los-vecinos-afectados-seguimos-a-su-disposicion\/","og_site_name":"InfoPBA247","article_publisher":"https:\/\/www.facebook.com\/InfoPBA","article_published_time":"2023-12-21T15:21:06+00:00","article_modified_time":"2023-12-21T15:21:07+00:00","og_image":[{"width":800,"height":445,"url":"https:\/\/infopba247.com.ar\/wp-content\/uploads\/2023\/12\/411389872_789463109888043_4679025637334310626_n-800x445-1.jpg","type":"image\/jpeg"}],"author":"Editor","twitter_card":"summary_large_image","twitter_misc":{"Escrito por":"Editor","Tiempo de lectura":"3 minutos"},"schema":{"@context":"https:\/\/schema.org","@graph":[{"@type":"Article","@id":"https:\/\/infopba247.com.ar\/index.php\/2023\/12\/21\/hernan-arranz-a-las-y-los-vecinos-afectados-seguimos-a-su-disposicion\/#article","isPartOf":{"@id":"https:\/\/infopba247.com.ar\/index.php\/2023\/12\/21\/hernan-arranz-a-las-y-los-vecinos-afectados-seguimos-a-su-disposicion\/"},"author":{"name":"Editor","@id":"https:\/\/infopba247.com.ar\/#\/schema\/person\/4975f1343a413e57bf839b3eed0099f2"},"headline":"Hern\u00e1n Arranz: \u00abA las y los vecinos afectados, seguimos a su disposici\u00f3n\u00bb","datePublished":"2023-12-21T15:21:06+00:00","dateModified":"2023-12-21T15:21:07+00:00","mainEntityOfPage":{"@id":"https:\/\/infopba247.com.ar\/index.php\/2023\/12\/21\/hernan-arranz-a-las-y-los-vecinos-afectados-seguimos-a-su-disposicion\/"},"wordCount":606,"publisher":{"@id":"https:\/\/infopba247.com.ar\/#organization"},"image":{"@id":"https:\/\/infopba247.com.ar\/index.php\/2023\/12\/21\/hernan-arranz-a-las-y-los-vecinos-afectados-seguimos-a-su-disposicion\/#primaryimage"},"thumbnailUrl":"https:\/\/infopba247.com.ar\/wp-content\/uploads\/2023\/12\/411389872_789463109888043_4679025637334310626_n-800x445-1.jpg","articleSection":["6ta Secci\u00f3n","Destacadas","Pol\u00edtica"],"inLanguage":"es"},{"@type":"WebPage","@id":"https:\/\/infopba247.com.ar\/index.php\/2023\/12\/21\/hernan-arranz-a-las-y-los-vecinos-afectados-seguimos-a-su-disposicion\/","url":"https:\/\/infopba247.com.ar\/index.php\/2023\/12\/21\/hernan-arranz-a-las-y-los-vecinos-afectados-seguimos-a-su-disposicion\/","name":"Hern\u00e1n Arranz: \u00abA las y los vecinos afectados, seguimos a su disposici\u00f3n\u00bb - InfoPBA247","isPartOf":{"@id":"https:\/\/infopba247.com.ar\/#website"},"primaryImageOfPage":{"@id":"https:\/\/infopba247.com.ar\/index.php\/2023\/12\/21\/hernan-arranz-a-las-y-los-vecinos-afectados-seguimos-a-su-disposicion\/#primaryimage"},"image":{"@id":"https:\/\/infopba247.com.ar\/index.php\/2023\/12\/21\/hernan-arranz-a-las-y-los-vecinos-afectados-seguimos-a-su-disposicion\/#primaryimage"},"thumbnailUrl":"https:\/\/infopba247.com.ar\/wp-content\/uploads\/2023\/12\/411389872_789463109888043_4679025637334310626_n-800x445-1.jpg","datePublished":"2023-12-21T15:21:06+00:00","dateModified":"2023-12-21T15:21:07+00:00","breadcrumb":{"@id":"https:\/\/infopba247.com.ar\/index.php\/2023\/12\/21\/hernan-arranz-a-las-y-los-vecinos-afectados-seguimos-a-su-disposicion\/#breadcrumb"},"inLanguage":"es","potentialAction":[{"@type":"ReadAction","target":["https:\/\/infopba247.com.ar\/index.php\/2023\/12\/21\/hernan-arranz-a-las-y-los-vecinos-afectados-seguimos-a-su-disposicion\/"]}]},{"@type":"ImageObject","inLanguage":"es","@id":"https:\/\/infopba247.com.ar\/index.php\/2023\/12\/21\/hernan-arranz-a-las-y-los-vecinos-afectados-seguimos-a-su-disposicion\/#primaryimage","url":"https:\/\/infopba247.com.ar\/wp-content\/uploads\/2023\/12\/411389872_789463109888043_4679025637334310626_n-800x445-1.jpg","contentUrl":"https:\/\/infopba247.com.ar\/wp-content\/uploads\/2023\/12\/411389872_789463109888043_4679025637334310626_n-800x445-1.jpg","width":800,"height":445},{"@type":"BreadcrumbList","@id":"https:\/\/infopba247.com.ar\/index.php\/2023\/12\/21\/hernan-arranz-a-las-y-los-vecinos-afectados-seguimos-a-su-disposicion\/#breadcrumb","itemListElement":[{"@type":"ListItem","position":1,"name":"Portada","item":"https:\/\/infopba247.com.ar\/"},{"@type":"ListItem","position":2,"name":"Hern\u00e1n Arranz: \u00abA las y los vecinos afectados, seguimos a su disposici\u00f3n\u00bb"}]},{"@type":"WebSite","@id":"https:\/\/infopba247.com.ar\/#website","url":"https:\/\/infopba247.com.ar\/","name":"InfoPBA247","description":"Toda la actualidad bonaerense","publisher":{"@id":"https:\/\/infopba247.com.ar\/#organization"},"potentialAction":[{"@type":"SearchAction","target":{"@type":"EntryPoint","urlTemplate":"https:\/\/infopba247.com.ar\/?s={search_term_string}"},"query-input":{"@type":"PropertyValueSpecification","valueRequired":true,"valueName":"search_term_string"}}],"inLanguage":"es"},{"@type":"Organization","@id":"https:\/\/infopba247.com.ar\/#organization","name":"InfoPBA247","url":"https:\/\/infopba247.com.ar\/","logo":{"@type":"ImageObject","inLanguage":"es","@id":"https:\/\/infopba247.com.ar\/#\/schema\/logo\/image\/","url":"https:\/\/infopba247.com.ar\/wp-content\/uploads\/2022\/03\/cropped-InfoPBA247-1.png","contentUrl":"https:\/\/infopba247.com.ar\/wp-content\/uploads\/2022\/03\/cropped-InfoPBA247-1.png","width":500,"height":122,"caption":"InfoPBA247"},"image":{"@id":"https:\/\/infopba247.com.ar\/#\/schema\/logo\/image\/"},"sameAs":["https:\/\/www.facebook.com\/InfoPBA"]},{"@type":"Person","@id":"https:\/\/infopba247.com.ar\/#\/schema\/person\/4975f1343a413e57bf839b3eed0099f2","name":"Editor","image":{"@type":"ImageObject","inLanguage":"es","@id":"https:\/\/secure.gravatar.com\/avatar\/d27fe9520667ca53441d36627a1d6b0fa4a813571ec4803687a7a3a7744685ac?s=96&d=mm&r=g","url":"https:\/\/secure.gravatar.com\/avatar\/d27fe9520667ca53441d36627a1d6b0fa4a813571ec4803687a7a3a7744685ac?s=96&d=mm&r=g","contentUrl":"https:\/\/secure.gravatar.com\/avatar\/d27fe9520667ca53441d36627a1d6b0fa4a813571ec4803687a7a3a7744685ac?s=96&d=mm&r=g","caption":"Editor"},"url":"https:\/\/infopba247.com.ar\/index.php\/author\/editor\/"}]}},"_links":{"self":[{"href":"https:\/\/infopba247.com.ar\/index.php\/wp-json\/wp\/v2\/posts\/3083","targetHints":{"allow":["GET"]}}],"collection":[{"href":"https:\/\/infopba247.com.ar\/index.php\/wp-json\/wp\/v2\/posts"}],"about":[{"href":"https:\/\/infopba247.com.ar\/index.php\/wp-json\/wp\/v2\/types\/post"}],"author":[{"embeddable":true,"href":"https:\/\/infopba247.com.ar\/index.php\/wp-json\/wp\/v2\/users\/3"}],"replies":[{"embeddable":true,"href":"https:\/\/infopba247.com.ar\/index.php\/wp-json\/wp\/v2\/comments?post=3083"}],"version-history":[{"count":1,"href":"https:\/\/infopba247.com.ar\/index.php\/wp-json\/wp\/v2\/posts\/3083\/revisions"}],"predecessor-version":[{"id":3085,"href":"https:\/\/infopba247.com.ar\/index.php\/wp-json\/wp\/v2\/posts\/3083\/revisions\/3085"}],"wp:featuredmedia":[{"embeddable":true,"href":"https:\/\/infopba247.com.ar\/index.php\/wp-json\/wp\/v2\/media\/3084"}],"wp:attachment":[{"href":"https:\/\/infopba247.com.ar\/index.php\/wp-json\/wp\/v2\/media?parent=3083"}],"wp:term":[{"taxonomy":"category","embeddable":true,"href":"https:\/\/infopba247.com.ar\/index.php\/wp-json\/wp\/v2\/categories?post=3083"},{"taxonomy":"post_tag","embeddable":true,"href":"https:\/\/infopba247.com.ar\/index.php\/wp-json\/wp\/v2\/tags?post=3083"}],"curies":[{"name":"wp","href":"https:\/\/api.w.org\/{rel}","templated":true}]}}