{"id":3077,"date":"2023-12-21T12:01:12","date_gmt":"2023-12-21T15:01:12","guid":{"rendered":"https:\/\/infopba247.com.ar\/?p=3077"},"modified":"2023-12-21T12:01:42","modified_gmt":"2023-12-21T15:01:42","slug":"mena-visito-la-legislatura-y-se-reunio-con-el-presidente-de-la-camara-y-los-bloques","status":"publish","type":"post","link":"https:\/\/infopba247.com.ar\/index.php\/2023\/12\/21\/mena-visito-la-legislatura-y-se-reunio-con-el-presidente-de-la-camara-y-los-bloques\/","title":{"rendered":"Mena visit\u00f3 la legislatura y se reuni\u00f3 con el presidente de la c\u00e1mara y los bloques"},"content":{"rendered":"\n<p>El ministro de Justicia y Derechos Humanos, Juan Mart\u00edn Mena, mantuvo este mi\u00e9rcoles su primer encuentro con el presidente de la C\u00e1mara de Diputados de la provincia de Buenos Aires, Alejandro Dichiara, su vicepresidente Alexis Guerrera y los legisladores Facundo Tignanelli y Juan Pablo de Jes\u00fas, a quienes asegur\u00f3 que mantendr\u00e1 una agenda abierta de todos los temas de competencia de Ministerio para trabajar en conjunto con la legislatura provincial.<\/p>\n\n\n\n<p>Durante la reuni\u00f3n, el ministro Mena plante\u00f3 como prioritario la necesidad de aprobar un proyecto clave para sostener el desempe\u00f1o del Consejo de la Magistratura que cuenta con aprobaci\u00f3n del Honorable Senado, y se encuentra a tratamiento de la C\u00e1mara. \u00abJunto al gobernador Axel Kicillof vamos a trabajar muy fuerte para mejorar el funcionamiento de la justicia y el camino para resolverlo es sentarnos a dialogar, debatir y poder llegar a acuerdos comunes que nos permitan resolver los problemas de la gente\u00bb, sostuvo.<\/p>\n\n\n\n<p>Luego del encuentro, el ministro de Justicia se reuni\u00f3 con todos los presidentes de los bloques de la legislatura y les comunic\u00f3 que contar\u00e1n con el equipo del Ministerio que est\u00e1 a su cargo para \u00abdebatir y discutir todos los temas necesarios y encontrar acuerdos comunes que nos permitan resolver los problemas de las y los bonaerenses\u00bb.<\/p>\n\n\n\n<p>Del encuentro participaron adem\u00e1s legisladores de todas las fuerzas pol\u00edticas y funcionarios del ministerio de Justicia provincial.<\/p>\n","protected":false},"excerpt":{"rendered":"<p>El ministro de Justicia y Derechos Humanos, Juan Mart\u00edn Mena, mantuvo este mi\u00e9rcoles su primer encuentro con el presidente de<\/p>\n","protected":false},"author":3,"featured_media":3080,"comment_status":"closed","ping_status":"closed","sticky":false,"template":"","format":"standard","meta":{"colormag_page_container_layout":"default_layout","colormag_page_sidebar_layout":"default_layout","footnotes":""},"categories":[1,14],"tags":[],"class_list":["post-3077","post","type-post","status-publish","format-standard","has-post-thumbnail","hentry","category-destacadas","category-politica"],"yoast_head":"<!-- This site is optimized with the Yoast SEO plugin v27.4 - https:\/\/yoast.com\/product\/yoast-seo-wordpress\/ -->\n<title>Mena visit\u00f3 la legislatura y se reuni\u00f3 con el presidente de la c\u00e1mara y los bloques - InfoPBA247<\/title>\n<meta name=\"robots\" content=\"index, follow, max-snippet:-1, max-image-preview:large, max-video-preview:-1\" \/>\n<link rel=\"canonical\" href=\"https:\/\/infopba247.com.ar\/index.php\/2023\/12\/21\/mena-visito-la-legislatura-y-se-reunio-con-el-presidente-de-la-camara-y-los-bloques\/\" \/>\n<meta property=\"og:locale\" content=\"es_ES\" \/>\n<meta property=\"og:type\" content=\"article\" \/>\n<meta property=\"og:title\" content=\"Mena visit\u00f3 la legislatura y se reuni\u00f3 con el presidente de la c\u00e1mara y los bloques - InfoPBA247\" \/>\n<meta property=\"og:description\" content=\"El ministro de Justicia y Derechos Humanos, Juan Mart\u00edn Mena, mantuvo este mi\u00e9rcoles su primer encuentro con el presidente de\" \/>\n<meta property=\"og:url\" content=\"https:\/\/infopba247.com.ar\/index.php\/2023\/12\/21\/mena-visito-la-legislatura-y-se-reunio-con-el-presidente-de-la-camara-y-los-bloques\/\" \/>\n<meta property=\"og:site_name\" content=\"InfoPBA247\" \/>\n<meta property=\"article:publisher\" content=\"https:\/\/www.facebook.com\/InfoPBA\" \/>\n<meta property=\"article:published_time\" content=\"2023-12-21T15:01:12+00:00\" \/>\n<meta property=\"article:modified_time\" content=\"2023-12-21T15:01:42+00:00\" \/>\n<meta property=\"og:image\" content=\"https:\/\/infopba247.com.ar\/wp-content\/uploads\/2023\/12\/2.jpg\" \/>\n\t<meta property=\"og:image:width\" content=\"1600\" \/>\n\t<meta property=\"og:image:height\" content=\"1068\" \/>\n\t<meta property=\"og:image:type\" content=\"image\/jpeg\" \/>\n<meta name=\"author\" content=\"Editor\" \/>\n<meta name=\"twitter:card\" content=\"summary_large_image\" \/>\n<meta name=\"twitter:label1\" content=\"Escrito por\" \/>\n\t<meta name=\"twitter:data1\" content=\"Editor\" \/>\n\t<meta name=\"twitter:label2\" content=\"Tiempo de lectura\" \/>\n\t<meta name=\"twitter:data2\" content=\"2 minutos\" \/>\n<script type=\"application\/ld+json\" class=\"yoast-schema-graph\">{\"@context\":\"https:\\\/\\\/schema.org\",\"@graph\":[{\"@type\":\"Article\",\"@id\":\"https:\\\/\\\/infopba247.com.ar\\\/index.php\\\/2023\\\/12\\\/21\\\/mena-visito-la-legislatura-y-se-reunio-con-el-presidente-de-la-camara-y-los-bloques\\\/#article\",\"isPartOf\":{\"@id\":\"https:\\\/\\\/infopba247.com.ar\\\/index.php\\\/2023\\\/12\\\/21\\\/mena-visito-la-legislatura-y-se-reunio-con-el-presidente-de-la-camara-y-los-bloques\\\/\"},\"author\":{\"name\":\"Editor\",\"@id\":\"https:\\\/\\\/infopba247.com.ar\\\/#\\\/schema\\\/person\\\/4975f1343a413e57bf839b3eed0099f2\"},\"headline\":\"Mena visit\u00f3 la legislatura y se reuni\u00f3 con el presidente de la c\u00e1mara y los bloques\",\"datePublished\":\"2023-12-21T15:01:12+00:00\",\"dateModified\":\"2023-12-21T15:01:42+00:00\",\"mainEntityOfPage\":{\"@id\":\"https:\\\/\\\/infopba247.com.ar\\\/index.php\\\/2023\\\/12\\\/21\\\/mena-visito-la-legislatura-y-se-reunio-con-el-presidente-de-la-camara-y-los-bloques\\\/\"},\"wordCount\":255,\"publisher\":{\"@id\":\"https:\\\/\\\/infopba247.com.ar\\\/#organization\"},\"image\":{\"@id\":\"https:\\\/\\\/infopba247.com.ar\\\/index.php\\\/2023\\\/12\\\/21\\\/mena-visito-la-legislatura-y-se-reunio-con-el-presidente-de-la-camara-y-los-bloques\\\/#primaryimage\"},\"thumbnailUrl\":\"https:\\\/\\\/infopba247.com.ar\\\/wp-content\\\/uploads\\\/2023\\\/12\\\/2.jpg\",\"articleSection\":[\"Destacadas\",\"Pol\u00edtica\"],\"inLanguage\":\"es\"},{\"@type\":\"WebPage\",\"@id\":\"https:\\\/\\\/infopba247.com.ar\\\/index.php\\\/2023\\\/12\\\/21\\\/mena-visito-la-legislatura-y-se-reunio-con-el-presidente-de-la-camara-y-los-bloques\\\/\",\"url\":\"https:\\\/\\\/infopba247.com.ar\\\/index.php\\\/2023\\\/12\\\/21\\\/mena-visito-la-legislatura-y-se-reunio-con-el-presidente-de-la-camara-y-los-bloques\\\/\",\"name\":\"Mena visit\u00f3 la legislatura y se reuni\u00f3 con el presidente de la c\u00e1mara y los bloques - InfoPBA247\",\"isPartOf\":{\"@id\":\"https:\\\/\\\/infopba247.com.ar\\\/#website\"},\"primaryImageOfPage\":{\"@id\":\"https:\\\/\\\/infopba247.com.ar\\\/index.php\\\/2023\\\/12\\\/21\\\/mena-visito-la-legislatura-y-se-reunio-con-el-presidente-de-la-camara-y-los-bloques\\\/#primaryimage\"},\"image\":{\"@id\":\"https:\\\/\\\/infopba247.com.ar\\\/index.php\\\/2023\\\/12\\\/21\\\/mena-visito-la-legislatura-y-se-reunio-con-el-presidente-de-la-camara-y-los-bloques\\\/#primaryimage\"},\"thumbnailUrl\":\"https:\\\/\\\/infopba247.com.ar\\\/wp-content\\\/uploads\\\/2023\\\/12\\\/2.jpg\",\"datePublished\":\"2023-12-21T15:01:12+00:00\",\"dateModified\":\"2023-12-21T15:01:42+00:00\",\"breadcrumb\":{\"@id\":\"https:\\\/\\\/infopba247.com.ar\\\/index.php\\\/2023\\\/12\\\/21\\\/mena-visito-la-legislatura-y-se-reunio-con-el-presidente-de-la-camara-y-los-bloques\\\/#breadcrumb\"},\"inLanguage\":\"es\",\"potentialAction\":[{\"@type\":\"ReadAction\",\"target\":[\"https:\\\/\\\/infopba247.com.ar\\\/index.php\\\/2023\\\/12\\\/21\\\/mena-visito-la-legislatura-y-se-reunio-con-el-presidente-de-la-camara-y-los-bloques\\\/\"]}]},{\"@type\":\"ImageObject\",\"inLanguage\":\"es\",\"@id\":\"https:\\\/\\\/infopba247.com.ar\\\/index.php\\\/2023\\\/12\\\/21\\\/mena-visito-la-legislatura-y-se-reunio-con-el-presidente-de-la-camara-y-los-bloques\\\/#primaryimage\",\"url\":\"https:\\\/\\\/infopba247.com.ar\\\/wp-content\\\/uploads\\\/2023\\\/12\\\/2.jpg\",\"contentUrl\":\"https:\\\/\\\/infopba247.com.ar\\\/wp-content\\\/uploads\\\/2023\\\/12\\\/2.jpg\",\"width\":1600,\"height\":1068},{\"@type\":\"BreadcrumbList\",\"@id\":\"https:\\\/\\\/infopba247.com.ar\\\/index.php\\\/2023\\\/12\\\/21\\\/mena-visito-la-legislatura-y-se-reunio-con-el-presidente-de-la-camara-y-los-bloques\\\/#breadcrumb\",\"itemListElement\":[{\"@type\":\"ListItem\",\"position\":1,\"name\":\"Portada\",\"item\":\"https:\\\/\\\/infopba247.com.ar\\\/\"},{\"@type\":\"ListItem\",\"position\":2,\"name\":\"Mena visit\u00f3 la legislatura y se reuni\u00f3 con el presidente de la c\u00e1mara y los bloques\"}]},{\"@type\":\"WebSite\",\"@id\":\"https:\\\/\\\/infopba247.com.ar\\\/#website\",\"url\":\"https:\\\/\\\/infopba247.com.ar\\\/\",\"name\":\"InfoPBA247\",\"description\":\"Toda la actualidad bonaerense\",\"publisher\":{\"@id\":\"https:\\\/\\\/infopba247.com.ar\\\/#organization\"},\"potentialAction\":[{\"@type\":\"SearchAction\",\"target\":{\"@type\":\"EntryPoint\",\"urlTemplate\":\"https:\\\/\\\/infopba247.com.ar\\\/?s={search_term_string}\"},\"query-input\":{\"@type\":\"PropertyValueSpecification\",\"valueRequired\":true,\"valueName\":\"search_term_string\"}}],\"inLanguage\":\"es\"},{\"@type\":\"Organization\",\"@id\":\"https:\\\/\\\/infopba247.com.ar\\\/#organization\",\"name\":\"InfoPBA247\",\"url\":\"https:\\\/\\\/infopba247.com.ar\\\/\",\"logo\":{\"@type\":\"ImageObject\",\"inLanguage\":\"es\",\"@id\":\"https:\\\/\\\/infopba247.com.ar\\\/#\\\/schema\\\/logo\\\/image\\\/\",\"url\":\"https:\\\/\\\/infopba247.com.ar\\\/wp-content\\\/uploads\\\/2022\\\/03\\\/cropped-InfoPBA247-1.png\",\"contentUrl\":\"https:\\\/\\\/infopba247.com.ar\\\/wp-content\\\/uploads\\\/2022\\\/03\\\/cropped-InfoPBA247-1.png\",\"width\":500,\"height\":122,\"caption\":\"InfoPBA247\"},\"image\":{\"@id\":\"https:\\\/\\\/infopba247.com.ar\\\/#\\\/schema\\\/logo\\\/image\\\/\"},\"sameAs\":[\"https:\\\/\\\/www.facebook.com\\\/InfoPBA\"]},{\"@type\":\"Person\",\"@id\":\"https:\\\/\\\/infopba247.com.ar\\\/#\\\/schema\\\/person\\\/4975f1343a413e57bf839b3eed0099f2\",\"name\":\"Editor\",\"image\":{\"@type\":\"ImageObject\",\"inLanguage\":\"es\",\"@id\":\"https:\\\/\\\/secure.gravatar.com\\\/avatar\\\/d27fe9520667ca53441d36627a1d6b0fa4a813571ec4803687a7a3a7744685ac?s=96&d=mm&r=g\",\"url\":\"https:\\\/\\\/secure.gravatar.com\\\/avatar\\\/d27fe9520667ca53441d36627a1d6b0fa4a813571ec4803687a7a3a7744685ac?s=96&d=mm&r=g\",\"contentUrl\":\"https:\\\/\\\/secure.gravatar.com\\\/avatar\\\/d27fe9520667ca53441d36627a1d6b0fa4a813571ec4803687a7a3a7744685ac?s=96&d=mm&r=g\",\"caption\":\"Editor\"},\"url\":\"https:\\\/\\\/infopba247.com.ar\\\/index.php\\\/author\\\/editor\\\/\"}]}<\/script>\n<!-- \/ Yoast SEO plugin. -->","yoast_head_json":{"title":"Mena visit\u00f3 la legislatura y se reuni\u00f3 con el presidente de la c\u00e1mara y los bloques - InfoPBA247","robots":{"index":"index","follow":"follow","max-snippet":"max-snippet:-1","max-image-preview":"max-image-preview:large","max-video-preview":"max-video-preview:-1"},"canonical":"https:\/\/infopba247.com.ar\/index.php\/2023\/12\/21\/mena-visito-la-legislatura-y-se-reunio-con-el-presidente-de-la-camara-y-los-bloques\/","og_locale":"es_ES","og_type":"article","og_title":"Mena visit\u00f3 la legislatura y se reuni\u00f3 con el presidente de la c\u00e1mara y los bloques - InfoPBA247","og_description":"El ministro de Justicia y Derechos Humanos, Juan Mart\u00edn Mena, mantuvo este mi\u00e9rcoles su primer encuentro con el presidente de","og_url":"https:\/\/infopba247.com.ar\/index.php\/2023\/12\/21\/mena-visito-la-legislatura-y-se-reunio-con-el-presidente-de-la-camara-y-los-bloques\/","og_site_name":"InfoPBA247","article_publisher":"https:\/\/www.facebook.com\/InfoPBA","article_published_time":"2023-12-21T15:01:12+00:00","article_modified_time":"2023-12-21T15:01:42+00:00","og_image":[{"width":1600,"height":1068,"url":"https:\/\/infopba247.com.ar\/wp-content\/uploads\/2023\/12\/2.jpg","type":"image\/jpeg"}],"author":"Editor","twitter_card":"summary_large_image","twitter_misc":{"Escrito por":"Editor","Tiempo de lectura":"2 minutos"},"schema":{"@context":"https:\/\/schema.org","@graph":[{"@type":"Article","@id":"https:\/\/infopba247.com.ar\/index.php\/2023\/12\/21\/mena-visito-la-legislatura-y-se-reunio-con-el-presidente-de-la-camara-y-los-bloques\/#article","isPartOf":{"@id":"https:\/\/infopba247.com.ar\/index.php\/2023\/12\/21\/mena-visito-la-legislatura-y-se-reunio-con-el-presidente-de-la-camara-y-los-bloques\/"},"author":{"name":"Editor","@id":"https:\/\/infopba247.com.ar\/#\/schema\/person\/4975f1343a413e57bf839b3eed0099f2"},"headline":"Mena visit\u00f3 la legislatura y se reuni\u00f3 con el presidente de la c\u00e1mara y los bloques","datePublished":"2023-12-21T15:01:12+00:00","dateModified":"2023-12-21T15:01:42+00:00","mainEntityOfPage":{"@id":"https:\/\/infopba247.com.ar\/index.php\/2023\/12\/21\/mena-visito-la-legislatura-y-se-reunio-con-el-presidente-de-la-camara-y-los-bloques\/"},"wordCount":255,"publisher":{"@id":"https:\/\/infopba247.com.ar\/#organization"},"image":{"@id":"https:\/\/infopba247.com.ar\/index.php\/2023\/12\/21\/mena-visito-la-legislatura-y-se-reunio-con-el-presidente-de-la-camara-y-los-bloques\/#primaryimage"},"thumbnailUrl":"https:\/\/infopba247.com.ar\/wp-content\/uploads\/2023\/12\/2.jpg","articleSection":["Destacadas","Pol\u00edtica"],"inLanguage":"es"},{"@type":"WebPage","@id":"https:\/\/infopba247.com.ar\/index.php\/2023\/12\/21\/mena-visito-la-legislatura-y-se-reunio-con-el-presidente-de-la-camara-y-los-bloques\/","url":"https:\/\/infopba247.com.ar\/index.php\/2023\/12\/21\/mena-visito-la-legislatura-y-se-reunio-con-el-presidente-de-la-camara-y-los-bloques\/","name":"Mena visit\u00f3 la legislatura y se reuni\u00f3 con el presidente de la c\u00e1mara y los bloques - InfoPBA247","isPartOf":{"@id":"https:\/\/infopba247.com.ar\/#website"},"primaryImageOfPage":{"@id":"https:\/\/infopba247.com.ar\/index.php\/2023\/12\/21\/mena-visito-la-legislatura-y-se-reunio-con-el-presidente-de-la-camara-y-los-bloques\/#primaryimage"},"image":{"@id":"https:\/\/infopba247.com.ar\/index.php\/2023\/12\/21\/mena-visito-la-legislatura-y-se-reunio-con-el-presidente-de-la-camara-y-los-bloques\/#primaryimage"},"thumbnailUrl":"https:\/\/infopba247.com.ar\/wp-content\/uploads\/2023\/12\/2.jpg","datePublished":"2023-12-21T15:01:12+00:00","dateModified":"2023-12-21T15:01:42+00:00","breadcrumb":{"@id":"https:\/\/infopba247.com.ar\/index.php\/2023\/12\/21\/mena-visito-la-legislatura-y-se-reunio-con-el-presidente-de-la-camara-y-los-bloques\/#breadcrumb"},"inLanguage":"es","potentialAction":[{"@type":"ReadAction","target":["https:\/\/infopba247.com.ar\/index.php\/2023\/12\/21\/mena-visito-la-legislatura-y-se-reunio-con-el-presidente-de-la-camara-y-los-bloques\/"]}]},{"@type":"ImageObject","inLanguage":"es","@id":"https:\/\/infopba247.com.ar\/index.php\/2023\/12\/21\/mena-visito-la-legislatura-y-se-reunio-con-el-presidente-de-la-camara-y-los-bloques\/#primaryimage","url":"https:\/\/infopba247.com.ar\/wp-content\/uploads\/2023\/12\/2.jpg","contentUrl":"https:\/\/infopba247.com.ar\/wp-content\/uploads\/2023\/12\/2.jpg","width":1600,"height":1068},{"@type":"BreadcrumbList","@id":"https:\/\/infopba247.com.ar\/index.php\/2023\/12\/21\/mena-visito-la-legislatura-y-se-reunio-con-el-presidente-de-la-camara-y-los-bloques\/#breadcrumb","itemListElement":[{"@type":"ListItem","position":1,"name":"Portada","item":"https:\/\/infopba247.com.ar\/"},{"@type":"ListItem","position":2,"name":"Mena visit\u00f3 la legislatura y se reuni\u00f3 con el presidente de la c\u00e1mara y los bloques"}]},{"@type":"WebSite","@id":"https:\/\/infopba247.com.ar\/#website","url":"https:\/\/infopba247.com.ar\/","name":"InfoPBA247","description":"Toda la actualidad bonaerense","publisher":{"@id":"https:\/\/infopba247.com.ar\/#organization"},"potentialAction":[{"@type":"SearchAction","target":{"@type":"EntryPoint","urlTemplate":"https:\/\/infopba247.com.ar\/?s={search_term_string}"},"query-input":{"@type":"PropertyValueSpecification","valueRequired":true,"valueName":"search_term_string"}}],"inLanguage":"es"},{"@type":"Organization","@id":"https:\/\/infopba247.com.ar\/#organization","name":"InfoPBA247","url":"https:\/\/infopba247.com.ar\/","logo":{"@type":"ImageObject","inLanguage":"es","@id":"https:\/\/infopba247.com.ar\/#\/schema\/logo\/image\/","url":"https:\/\/infopba247.com.ar\/wp-content\/uploads\/2022\/03\/cropped-InfoPBA247-1.png","contentUrl":"https:\/\/infopba247.com.ar\/wp-content\/uploads\/2022\/03\/cropped-InfoPBA247-1.png","width":500,"height":122,"caption":"InfoPBA247"},"image":{"@id":"https:\/\/infopba247.com.ar\/#\/schema\/logo\/image\/"},"sameAs":["https:\/\/www.facebook.com\/InfoPBA"]},{"@type":"Person","@id":"https:\/\/infopba247.com.ar\/#\/schema\/person\/4975f1343a413e57bf839b3eed0099f2","name":"Editor","image":{"@type":"ImageObject","inLanguage":"es","@id":"https:\/\/secure.gravatar.com\/avatar\/d27fe9520667ca53441d36627a1d6b0fa4a813571ec4803687a7a3a7744685ac?s=96&d=mm&r=g","url":"https:\/\/secure.gravatar.com\/avatar\/d27fe9520667ca53441d36627a1d6b0fa4a813571ec4803687a7a3a7744685ac?s=96&d=mm&r=g","contentUrl":"https:\/\/secure.gravatar.com\/avatar\/d27fe9520667ca53441d36627a1d6b0fa4a813571ec4803687a7a3a7744685ac?s=96&d=mm&r=g","caption":"Editor"},"url":"https:\/\/infopba247.com.ar\/index.php\/author\/editor\/"}]}},"_links":{"self":[{"href":"https:\/\/infopba247.com.ar\/index.php\/wp-json\/wp\/v2\/posts\/3077","targetHints":{"allow":["GET"]}}],"collection":[{"href":"https:\/\/infopba247.com.ar\/index.php\/wp-json\/wp\/v2\/posts"}],"about":[{"href":"https:\/\/infopba247.com.ar\/index.php\/wp-json\/wp\/v2\/types\/post"}],"author":[{"embeddable":true,"href":"https:\/\/infopba247.com.ar\/index.php\/wp-json\/wp\/v2\/users\/3"}],"replies":[{"embeddable":true,"href":"https:\/\/infopba247.com.ar\/index.php\/wp-json\/wp\/v2\/comments?post=3077"}],"version-history":[{"count":1,"href":"https:\/\/infopba247.com.ar\/index.php\/wp-json\/wp\/v2\/posts\/3077\/revisions"}],"predecessor-version":[{"id":3078,"href":"https:\/\/infopba247.com.ar\/index.php\/wp-json\/wp\/v2\/posts\/3077\/revisions\/3078"}],"wp:featuredmedia":[{"embeddable":true,"href":"https:\/\/infopba247.com.ar\/index.php\/wp-json\/wp\/v2\/media\/3080"}],"wp:attachment":[{"href":"https:\/\/infopba247.com.ar\/index.php\/wp-json\/wp\/v2\/media?parent=3077"}],"wp:term":[{"taxonomy":"category","embeddable":true,"href":"https:\/\/infopba247.com.ar\/index.php\/wp-json\/wp\/v2\/categories?post=3077"},{"taxonomy":"post_tag","embeddable":true,"href":"https:\/\/infopba247.com.ar\/index.php\/wp-json\/wp\/v2\/tags?post=3077"}],"curies":[{"name":"wp","href":"https:\/\/api.w.org\/{rel}","templated":true}]}}