{"id":3047,"date":"2023-12-15T09:24:45","date_gmt":"2023-12-15T12:24:45","guid":{"rendered":"https:\/\/infopba247.com.ar\/?p=3047"},"modified":"2023-12-15T09:24:45","modified_gmt":"2023-12-15T12:24:45","slug":"asumio-hernan-arranz-y-las-nuevas-autoridades-del-ce-y-hcd-para-el-periodo-2023-2027","status":"publish","type":"post","link":"https:\/\/infopba247.com.ar\/index.php\/2023\/12\/15\/asumio-hernan-arranz-y-las-nuevas-autoridades-del-ce-y-hcd-para-el-periodo-2023-2027\/","title":{"rendered":"Asumi\u00f3 Hern\u00e1n Arranz y las nuevas autoridades del CE y HCD para el per\u00edodo 2023\/2027"},"content":{"rendered":"\n<p>En un emotivo acto realizado en un Centro Cultural colmado donde se conmemoraron los 40 a\u00f1os de democracia en coincidencia con el primer gobierno electo por voto popular en Monte Hermoso, Jur\u00f3 el intendente Hern\u00e1n Arranz como as\u00ed tambi\u00e9n las nuevas autoridades del Concejo Deliberante y Consejo Escolar junto a secretarios y secretarias que conforman el Gabinete del flamante Jefe Comunal.<\/p>\n\n\n\n<p>La ceremonia cont\u00f3 con la despedida de consejeros y concejales salientes para luego tomar juramento a los entrantes. Adem\u00e1s, se present\u00f3 un video conmemorativo por los 40 a\u00f1os de democracia y tambi\u00e9n por las cuatro d\u00e9cadas de la asunci\u00f3n del primer gobierno del Distrito.<\/p>\n\n\n\n<p>En primer lugar se llevaron a cabo los juramentos de Consejeros Escolares, en su totalidad representantes electos de Uni\u00f3n por la Patria; ellos son Ariel Llerandi, quien adem\u00e1s qued\u00f3 en la Presidencia del Cuerpo y Mar\u00eda Laura Oca\u00f1a; y los suplentes Natalia Zu\u00e1zquita y Juan Castro.<\/p>\n\n\n\n<p>En el caso del Concejo Deliberante, los nuevos concejales por parte del oficialismo son el Dr. Jorge Busca, Carolina Kais y Cristian Elzaurdia y por Juntos por Monte Hermoso, Carolina Bertazzo y Brian Ollearo. Tambi\u00e9n juraron los concejales suplentes, Camila Casariego, Lucas Such, Micaela Hurst; Por la oposici\u00f3n, Mar\u00eda Victoria Ross, Ra\u00fal Gojenola y finalmente Mariana Lundvquist como Secretaria Legislativa.<\/p>\n\n\n\n<p>Previo a la jura de los Secretarios que conforman el Gabinete de Arranz se entregaron reconocimientos a los familiares de los \u201cIntendentes de la Democracia\u201d de nuestra ciudad; Rodolfo Majluf, Emilio Cardinali, Alberto Abraham, Marcelo Di Pascuale, Marcos Fern\u00e1ndez y Alejandro Dichiara.<\/p>\n\n\n\n<p>Nuevas Secretar\u00edas se incorporaron a equipo de trabajo de Arranz y una vez realizada la jura de sus integrantes, Arranz brind\u00f3 el discurso final y manifest\u00f3 que \u201ces una emoci\u00f3n inmensa para m\u00ed, despu\u00e9s de mucho tiempo de trabajo es la primera vez que fui a una elecci\u00f3n y recibir el apoyo de tantas vecinas y vecinos es un enorme honor, compromiso y desaf\u00edo\u201d.<\/p>\n\n\n\n<p>\u201cHe visto crecer a Monte Hermoso desde que apenas era una villa balnearia de la zona, y solo puedo decir que todo este desarrollo se dio porque hubo un Estado presente. Sin \u00e9l, Monte no ser\u00eda lo que es\u201d, asegur\u00f3 Arranz.<\/p>\n\n\n\n<p>\u201cSe vienen momentos muy dif\u00edciles, pero vamos a resistir porque el peronismo tiene una sola manera de gobernar y gestionar, siempre con la gente adentro\u201d finaliz\u00f3.<\/p>\n","protected":false},"excerpt":{"rendered":"<p>En un emotivo acto realizado en un Centro Cultural colmado donde se conmemoraron los 40 a\u00f1os de democracia en coincidencia<\/p>\n","protected":false},"author":3,"featured_media":3042,"comment_status":"closed","ping_status":"closed","sticky":false,"template":"","format":"standard","meta":{"colormag_page_container_layout":"default_layout","colormag_page_sidebar_layout":"default_layout","footnotes":""},"categories":[10,1,14],"tags":[],"class_list":["post-3047","post","type-post","status-publish","format-standard","has-post-thumbnail","hentry","category-6ta-seccion","category-destacadas","category-politica"],"yoast_head":"<!-- This site is optimized with the Yoast SEO plugin v27.4 - https:\/\/yoast.com\/product\/yoast-seo-wordpress\/ -->\n<title>Asumi\u00f3 Hern\u00e1n Arranz y las nuevas autoridades del CE y HCD para el per\u00edodo 2023\/2027 - InfoPBA247<\/title>\n<meta name=\"robots\" content=\"index, follow, max-snippet:-1, max-image-preview:large, max-video-preview:-1\" \/>\n<link rel=\"canonical\" href=\"https:\/\/infopba247.com.ar\/index.php\/2023\/12\/15\/asumio-hernan-arranz-y-las-nuevas-autoridades-del-ce-y-hcd-para-el-periodo-2023-2027\/\" \/>\n<meta property=\"og:locale\" content=\"es_ES\" \/>\n<meta property=\"og:type\" content=\"article\" \/>\n<meta property=\"og:title\" content=\"Asumi\u00f3 Hern\u00e1n Arranz y las nuevas autoridades del CE y HCD para el per\u00edodo 2023\/2027 - InfoPBA247\" \/>\n<meta property=\"og:description\" content=\"En un emotivo acto realizado en un Centro Cultural colmado donde se conmemoraron los 40 a\u00f1os de democracia en coincidencia\" \/>\n<meta property=\"og:url\" content=\"https:\/\/infopba247.com.ar\/index.php\/2023\/12\/15\/asumio-hernan-arranz-y-las-nuevas-autoridades-del-ce-y-hcd-para-el-periodo-2023-2027\/\" \/>\n<meta property=\"og:site_name\" content=\"InfoPBA247\" \/>\n<meta property=\"article:publisher\" content=\"https:\/\/www.facebook.com\/InfoPBA\" \/>\n<meta property=\"article:published_time\" content=\"2023-12-15T12:24:45+00:00\" \/>\n<meta property=\"og:image\" content=\"https:\/\/infopba247.com.ar\/wp-content\/uploads\/2023\/12\/WhatsApp-Image-2023-12-14-at-11.21.07-2.jpeg\" \/>\n\t<meta property=\"og:image:width\" content=\"1600\" \/>\n\t<meta property=\"og:image:height\" content=\"1066\" \/>\n\t<meta property=\"og:image:type\" content=\"image\/jpeg\" \/>\n<meta name=\"author\" content=\"Editor\" \/>\n<meta name=\"twitter:card\" content=\"summary_large_image\" \/>\n<meta name=\"twitter:label1\" content=\"Escrito por\" \/>\n\t<meta name=\"twitter:data1\" content=\"Editor\" \/>\n\t<meta name=\"twitter:label2\" content=\"Tiempo de lectura\" \/>\n\t<meta name=\"twitter:data2\" content=\"2 minutos\" \/>\n<script type=\"application\/ld+json\" class=\"yoast-schema-graph\">{\"@context\":\"https:\\\/\\\/schema.org\",\"@graph\":[{\"@type\":\"Article\",\"@id\":\"https:\\\/\\\/infopba247.com.ar\\\/index.php\\\/2023\\\/12\\\/15\\\/asumio-hernan-arranz-y-las-nuevas-autoridades-del-ce-y-hcd-para-el-periodo-2023-2027\\\/#article\",\"isPartOf\":{\"@id\":\"https:\\\/\\\/infopba247.com.ar\\\/index.php\\\/2023\\\/12\\\/15\\\/asumio-hernan-arranz-y-las-nuevas-autoridades-del-ce-y-hcd-para-el-periodo-2023-2027\\\/\"},\"author\":{\"name\":\"Editor\",\"@id\":\"https:\\\/\\\/infopba247.com.ar\\\/#\\\/schema\\\/person\\\/4975f1343a413e57bf839b3eed0099f2\"},\"headline\":\"Asumi\u00f3 Hern\u00e1n Arranz y las nuevas autoridades del CE y HCD para el per\u00edodo 2023\\\/2027\",\"datePublished\":\"2023-12-15T12:24:45+00:00\",\"mainEntityOfPage\":{\"@id\":\"https:\\\/\\\/infopba247.com.ar\\\/index.php\\\/2023\\\/12\\\/15\\\/asumio-hernan-arranz-y-las-nuevas-autoridades-del-ce-y-hcd-para-el-periodo-2023-2027\\\/\"},\"wordCount\":423,\"publisher\":{\"@id\":\"https:\\\/\\\/infopba247.com.ar\\\/#organization\"},\"image\":{\"@id\":\"https:\\\/\\\/infopba247.com.ar\\\/index.php\\\/2023\\\/12\\\/15\\\/asumio-hernan-arranz-y-las-nuevas-autoridades-del-ce-y-hcd-para-el-periodo-2023-2027\\\/#primaryimage\"},\"thumbnailUrl\":\"https:\\\/\\\/infopba247.com.ar\\\/wp-content\\\/uploads\\\/2023\\\/12\\\/WhatsApp-Image-2023-12-14-at-11.21.07-2.jpeg\",\"articleSection\":[\"6ta Secci\u00f3n\",\"Destacadas\",\"Pol\u00edtica\"],\"inLanguage\":\"es\"},{\"@type\":\"WebPage\",\"@id\":\"https:\\\/\\\/infopba247.com.ar\\\/index.php\\\/2023\\\/12\\\/15\\\/asumio-hernan-arranz-y-las-nuevas-autoridades-del-ce-y-hcd-para-el-periodo-2023-2027\\\/\",\"url\":\"https:\\\/\\\/infopba247.com.ar\\\/index.php\\\/2023\\\/12\\\/15\\\/asumio-hernan-arranz-y-las-nuevas-autoridades-del-ce-y-hcd-para-el-periodo-2023-2027\\\/\",\"name\":\"Asumi\u00f3 Hern\u00e1n Arranz y las nuevas autoridades del CE y HCD para el per\u00edodo 2023\\\/2027 - InfoPBA247\",\"isPartOf\":{\"@id\":\"https:\\\/\\\/infopba247.com.ar\\\/#website\"},\"primaryImageOfPage\":{\"@id\":\"https:\\\/\\\/infopba247.com.ar\\\/index.php\\\/2023\\\/12\\\/15\\\/asumio-hernan-arranz-y-las-nuevas-autoridades-del-ce-y-hcd-para-el-periodo-2023-2027\\\/#primaryimage\"},\"image\":{\"@id\":\"https:\\\/\\\/infopba247.com.ar\\\/index.php\\\/2023\\\/12\\\/15\\\/asumio-hernan-arranz-y-las-nuevas-autoridades-del-ce-y-hcd-para-el-periodo-2023-2027\\\/#primaryimage\"},\"thumbnailUrl\":\"https:\\\/\\\/infopba247.com.ar\\\/wp-content\\\/uploads\\\/2023\\\/12\\\/WhatsApp-Image-2023-12-14-at-11.21.07-2.jpeg\",\"datePublished\":\"2023-12-15T12:24:45+00:00\",\"breadcrumb\":{\"@id\":\"https:\\\/\\\/infopba247.com.ar\\\/index.php\\\/2023\\\/12\\\/15\\\/asumio-hernan-arranz-y-las-nuevas-autoridades-del-ce-y-hcd-para-el-periodo-2023-2027\\\/#breadcrumb\"},\"inLanguage\":\"es\",\"potentialAction\":[{\"@type\":\"ReadAction\",\"target\":[\"https:\\\/\\\/infopba247.com.ar\\\/index.php\\\/2023\\\/12\\\/15\\\/asumio-hernan-arranz-y-las-nuevas-autoridades-del-ce-y-hcd-para-el-periodo-2023-2027\\\/\"]}]},{\"@type\":\"ImageObject\",\"inLanguage\":\"es\",\"@id\":\"https:\\\/\\\/infopba247.com.ar\\\/index.php\\\/2023\\\/12\\\/15\\\/asumio-hernan-arranz-y-las-nuevas-autoridades-del-ce-y-hcd-para-el-periodo-2023-2027\\\/#primaryimage\",\"url\":\"https:\\\/\\\/infopba247.com.ar\\\/wp-content\\\/uploads\\\/2023\\\/12\\\/WhatsApp-Image-2023-12-14-at-11.21.07-2.jpeg\",\"contentUrl\":\"https:\\\/\\\/infopba247.com.ar\\\/wp-content\\\/uploads\\\/2023\\\/12\\\/WhatsApp-Image-2023-12-14-at-11.21.07-2.jpeg\",\"width\":1600,\"height\":1066},{\"@type\":\"BreadcrumbList\",\"@id\":\"https:\\\/\\\/infopba247.com.ar\\\/index.php\\\/2023\\\/12\\\/15\\\/asumio-hernan-arranz-y-las-nuevas-autoridades-del-ce-y-hcd-para-el-periodo-2023-2027\\\/#breadcrumb\",\"itemListElement\":[{\"@type\":\"ListItem\",\"position\":1,\"name\":\"Portada\",\"item\":\"https:\\\/\\\/infopba247.com.ar\\\/\"},{\"@type\":\"ListItem\",\"position\":2,\"name\":\"Asumi\u00f3 Hern\u00e1n Arranz y las nuevas autoridades del CE y HCD para el per\u00edodo 2023\\\/2027\"}]},{\"@type\":\"WebSite\",\"@id\":\"https:\\\/\\\/infopba247.com.ar\\\/#website\",\"url\":\"https:\\\/\\\/infopba247.com.ar\\\/\",\"name\":\"InfoPBA247\",\"description\":\"Toda la actualidad bonaerense\",\"publisher\":{\"@id\":\"https:\\\/\\\/infopba247.com.ar\\\/#organization\"},\"potentialAction\":[{\"@type\":\"SearchAction\",\"target\":{\"@type\":\"EntryPoint\",\"urlTemplate\":\"https:\\\/\\\/infopba247.com.ar\\\/?s={search_term_string}\"},\"query-input\":{\"@type\":\"PropertyValueSpecification\",\"valueRequired\":true,\"valueName\":\"search_term_string\"}}],\"inLanguage\":\"es\"},{\"@type\":\"Organization\",\"@id\":\"https:\\\/\\\/infopba247.com.ar\\\/#organization\",\"name\":\"InfoPBA247\",\"url\":\"https:\\\/\\\/infopba247.com.ar\\\/\",\"logo\":{\"@type\":\"ImageObject\",\"inLanguage\":\"es\",\"@id\":\"https:\\\/\\\/infopba247.com.ar\\\/#\\\/schema\\\/logo\\\/image\\\/\",\"url\":\"https:\\\/\\\/infopba247.com.ar\\\/wp-content\\\/uploads\\\/2022\\\/03\\\/cropped-InfoPBA247-1.png\",\"contentUrl\":\"https:\\\/\\\/infopba247.com.ar\\\/wp-content\\\/uploads\\\/2022\\\/03\\\/cropped-InfoPBA247-1.png\",\"width\":500,\"height\":122,\"caption\":\"InfoPBA247\"},\"image\":{\"@id\":\"https:\\\/\\\/infopba247.com.ar\\\/#\\\/schema\\\/logo\\\/image\\\/\"},\"sameAs\":[\"https:\\\/\\\/www.facebook.com\\\/InfoPBA\"]},{\"@type\":\"Person\",\"@id\":\"https:\\\/\\\/infopba247.com.ar\\\/#\\\/schema\\\/person\\\/4975f1343a413e57bf839b3eed0099f2\",\"name\":\"Editor\",\"image\":{\"@type\":\"ImageObject\",\"inLanguage\":\"es\",\"@id\":\"https:\\\/\\\/secure.gravatar.com\\\/avatar\\\/d27fe9520667ca53441d36627a1d6b0fa4a813571ec4803687a7a3a7744685ac?s=96&d=mm&r=g\",\"url\":\"https:\\\/\\\/secure.gravatar.com\\\/avatar\\\/d27fe9520667ca53441d36627a1d6b0fa4a813571ec4803687a7a3a7744685ac?s=96&d=mm&r=g\",\"contentUrl\":\"https:\\\/\\\/secure.gravatar.com\\\/avatar\\\/d27fe9520667ca53441d36627a1d6b0fa4a813571ec4803687a7a3a7744685ac?s=96&d=mm&r=g\",\"caption\":\"Editor\"},\"url\":\"https:\\\/\\\/infopba247.com.ar\\\/index.php\\\/author\\\/editor\\\/\"}]}<\/script>\n<!-- \/ Yoast SEO plugin. -->","yoast_head_json":{"title":"Asumi\u00f3 Hern\u00e1n Arranz y las nuevas autoridades del CE y HCD para el per\u00edodo 2023\/2027 - InfoPBA247","robots":{"index":"index","follow":"follow","max-snippet":"max-snippet:-1","max-image-preview":"max-image-preview:large","max-video-preview":"max-video-preview:-1"},"canonical":"https:\/\/infopba247.com.ar\/index.php\/2023\/12\/15\/asumio-hernan-arranz-y-las-nuevas-autoridades-del-ce-y-hcd-para-el-periodo-2023-2027\/","og_locale":"es_ES","og_type":"article","og_title":"Asumi\u00f3 Hern\u00e1n Arranz y las nuevas autoridades del CE y HCD para el per\u00edodo 2023\/2027 - InfoPBA247","og_description":"En un emotivo acto realizado en un Centro Cultural colmado donde se conmemoraron los 40 a\u00f1os de democracia en coincidencia","og_url":"https:\/\/infopba247.com.ar\/index.php\/2023\/12\/15\/asumio-hernan-arranz-y-las-nuevas-autoridades-del-ce-y-hcd-para-el-periodo-2023-2027\/","og_site_name":"InfoPBA247","article_publisher":"https:\/\/www.facebook.com\/InfoPBA","article_published_time":"2023-12-15T12:24:45+00:00","og_image":[{"width":1600,"height":1066,"url":"https:\/\/infopba247.com.ar\/wp-content\/uploads\/2023\/12\/WhatsApp-Image-2023-12-14-at-11.21.07-2.jpeg","type":"image\/jpeg"}],"author":"Editor","twitter_card":"summary_large_image","twitter_misc":{"Escrito por":"Editor","Tiempo de lectura":"2 minutos"},"schema":{"@context":"https:\/\/schema.org","@graph":[{"@type":"Article","@id":"https:\/\/infopba247.com.ar\/index.php\/2023\/12\/15\/asumio-hernan-arranz-y-las-nuevas-autoridades-del-ce-y-hcd-para-el-periodo-2023-2027\/#article","isPartOf":{"@id":"https:\/\/infopba247.com.ar\/index.php\/2023\/12\/15\/asumio-hernan-arranz-y-las-nuevas-autoridades-del-ce-y-hcd-para-el-periodo-2023-2027\/"},"author":{"name":"Editor","@id":"https:\/\/infopba247.com.ar\/#\/schema\/person\/4975f1343a413e57bf839b3eed0099f2"},"headline":"Asumi\u00f3 Hern\u00e1n Arranz y las nuevas autoridades del CE y HCD para el per\u00edodo 2023\/2027","datePublished":"2023-12-15T12:24:45+00:00","mainEntityOfPage":{"@id":"https:\/\/infopba247.com.ar\/index.php\/2023\/12\/15\/asumio-hernan-arranz-y-las-nuevas-autoridades-del-ce-y-hcd-para-el-periodo-2023-2027\/"},"wordCount":423,"publisher":{"@id":"https:\/\/infopba247.com.ar\/#organization"},"image":{"@id":"https:\/\/infopba247.com.ar\/index.php\/2023\/12\/15\/asumio-hernan-arranz-y-las-nuevas-autoridades-del-ce-y-hcd-para-el-periodo-2023-2027\/#primaryimage"},"thumbnailUrl":"https:\/\/infopba247.com.ar\/wp-content\/uploads\/2023\/12\/WhatsApp-Image-2023-12-14-at-11.21.07-2.jpeg","articleSection":["6ta Secci\u00f3n","Destacadas","Pol\u00edtica"],"inLanguage":"es"},{"@type":"WebPage","@id":"https:\/\/infopba247.com.ar\/index.php\/2023\/12\/15\/asumio-hernan-arranz-y-las-nuevas-autoridades-del-ce-y-hcd-para-el-periodo-2023-2027\/","url":"https:\/\/infopba247.com.ar\/index.php\/2023\/12\/15\/asumio-hernan-arranz-y-las-nuevas-autoridades-del-ce-y-hcd-para-el-periodo-2023-2027\/","name":"Asumi\u00f3 Hern\u00e1n Arranz y las nuevas autoridades del CE y HCD para el per\u00edodo 2023\/2027 - InfoPBA247","isPartOf":{"@id":"https:\/\/infopba247.com.ar\/#website"},"primaryImageOfPage":{"@id":"https:\/\/infopba247.com.ar\/index.php\/2023\/12\/15\/asumio-hernan-arranz-y-las-nuevas-autoridades-del-ce-y-hcd-para-el-periodo-2023-2027\/#primaryimage"},"image":{"@id":"https:\/\/infopba247.com.ar\/index.php\/2023\/12\/15\/asumio-hernan-arranz-y-las-nuevas-autoridades-del-ce-y-hcd-para-el-periodo-2023-2027\/#primaryimage"},"thumbnailUrl":"https:\/\/infopba247.com.ar\/wp-content\/uploads\/2023\/12\/WhatsApp-Image-2023-12-14-at-11.21.07-2.jpeg","datePublished":"2023-12-15T12:24:45+00:00","breadcrumb":{"@id":"https:\/\/infopba247.com.ar\/index.php\/2023\/12\/15\/asumio-hernan-arranz-y-las-nuevas-autoridades-del-ce-y-hcd-para-el-periodo-2023-2027\/#breadcrumb"},"inLanguage":"es","potentialAction":[{"@type":"ReadAction","target":["https:\/\/infopba247.com.ar\/index.php\/2023\/12\/15\/asumio-hernan-arranz-y-las-nuevas-autoridades-del-ce-y-hcd-para-el-periodo-2023-2027\/"]}]},{"@type":"ImageObject","inLanguage":"es","@id":"https:\/\/infopba247.com.ar\/index.php\/2023\/12\/15\/asumio-hernan-arranz-y-las-nuevas-autoridades-del-ce-y-hcd-para-el-periodo-2023-2027\/#primaryimage","url":"https:\/\/infopba247.com.ar\/wp-content\/uploads\/2023\/12\/WhatsApp-Image-2023-12-14-at-11.21.07-2.jpeg","contentUrl":"https:\/\/infopba247.com.ar\/wp-content\/uploads\/2023\/12\/WhatsApp-Image-2023-12-14-at-11.21.07-2.jpeg","width":1600,"height":1066},{"@type":"BreadcrumbList","@id":"https:\/\/infopba247.com.ar\/index.php\/2023\/12\/15\/asumio-hernan-arranz-y-las-nuevas-autoridades-del-ce-y-hcd-para-el-periodo-2023-2027\/#breadcrumb","itemListElement":[{"@type":"ListItem","position":1,"name":"Portada","item":"https:\/\/infopba247.com.ar\/"},{"@type":"ListItem","position":2,"name":"Asumi\u00f3 Hern\u00e1n Arranz y las nuevas autoridades del CE y HCD para el per\u00edodo 2023\/2027"}]},{"@type":"WebSite","@id":"https:\/\/infopba247.com.ar\/#website","url":"https:\/\/infopba247.com.ar\/","name":"InfoPBA247","description":"Toda la actualidad bonaerense","publisher":{"@id":"https:\/\/infopba247.com.ar\/#organization"},"potentialAction":[{"@type":"SearchAction","target":{"@type":"EntryPoint","urlTemplate":"https:\/\/infopba247.com.ar\/?s={search_term_string}"},"query-input":{"@type":"PropertyValueSpecification","valueRequired":true,"valueName":"search_term_string"}}],"inLanguage":"es"},{"@type":"Organization","@id":"https:\/\/infopba247.com.ar\/#organization","name":"InfoPBA247","url":"https:\/\/infopba247.com.ar\/","logo":{"@type":"ImageObject","inLanguage":"es","@id":"https:\/\/infopba247.com.ar\/#\/schema\/logo\/image\/","url":"https:\/\/infopba247.com.ar\/wp-content\/uploads\/2022\/03\/cropped-InfoPBA247-1.png","contentUrl":"https:\/\/infopba247.com.ar\/wp-content\/uploads\/2022\/03\/cropped-InfoPBA247-1.png","width":500,"height":122,"caption":"InfoPBA247"},"image":{"@id":"https:\/\/infopba247.com.ar\/#\/schema\/logo\/image\/"},"sameAs":["https:\/\/www.facebook.com\/InfoPBA"]},{"@type":"Person","@id":"https:\/\/infopba247.com.ar\/#\/schema\/person\/4975f1343a413e57bf839b3eed0099f2","name":"Editor","image":{"@type":"ImageObject","inLanguage":"es","@id":"https:\/\/secure.gravatar.com\/avatar\/d27fe9520667ca53441d36627a1d6b0fa4a813571ec4803687a7a3a7744685ac?s=96&d=mm&r=g","url":"https:\/\/secure.gravatar.com\/avatar\/d27fe9520667ca53441d36627a1d6b0fa4a813571ec4803687a7a3a7744685ac?s=96&d=mm&r=g","contentUrl":"https:\/\/secure.gravatar.com\/avatar\/d27fe9520667ca53441d36627a1d6b0fa4a813571ec4803687a7a3a7744685ac?s=96&d=mm&r=g","caption":"Editor"},"url":"https:\/\/infopba247.com.ar\/index.php\/author\/editor\/"}]}},"_links":{"self":[{"href":"https:\/\/infopba247.com.ar\/index.php\/wp-json\/wp\/v2\/posts\/3047","targetHints":{"allow":["GET"]}}],"collection":[{"href":"https:\/\/infopba247.com.ar\/index.php\/wp-json\/wp\/v2\/posts"}],"about":[{"href":"https:\/\/infopba247.com.ar\/index.php\/wp-json\/wp\/v2\/types\/post"}],"author":[{"embeddable":true,"href":"https:\/\/infopba247.com.ar\/index.php\/wp-json\/wp\/v2\/users\/3"}],"replies":[{"embeddable":true,"href":"https:\/\/infopba247.com.ar\/index.php\/wp-json\/wp\/v2\/comments?post=3047"}],"version-history":[{"count":1,"href":"https:\/\/infopba247.com.ar\/index.php\/wp-json\/wp\/v2\/posts\/3047\/revisions"}],"predecessor-version":[{"id":3048,"href":"https:\/\/infopba247.com.ar\/index.php\/wp-json\/wp\/v2\/posts\/3047\/revisions\/3048"}],"wp:featuredmedia":[{"embeddable":true,"href":"https:\/\/infopba247.com.ar\/index.php\/wp-json\/wp\/v2\/media\/3042"}],"wp:attachment":[{"href":"https:\/\/infopba247.com.ar\/index.php\/wp-json\/wp\/v2\/media?parent=3047"}],"wp:term":[{"taxonomy":"category","embeddable":true,"href":"https:\/\/infopba247.com.ar\/index.php\/wp-json\/wp\/v2\/categories?post=3047"},{"taxonomy":"post_tag","embeddable":true,"href":"https:\/\/infopba247.com.ar\/index.php\/wp-json\/wp\/v2\/tags?post=3047"}],"curies":[{"name":"wp","href":"https:\/\/api.w.org\/{rel}","templated":true}]}}