{"id":3035,"date":"2023-12-13T13:55:42","date_gmt":"2023-12-13T16:55:42","guid":{"rendered":"https:\/\/infopba247.com.ar\/?p=3035"},"modified":"2023-12-13T13:55:43","modified_gmt":"2023-12-13T16:55:43","slug":"la-capital-bonaerense-volvera-a-ser-un-faro-para-toda-la-provincia","status":"publish","type":"post","link":"https:\/\/infopba247.com.ar\/index.php\/2023\/12\/13\/la-capital-bonaerense-volvera-a-ser-un-faro-para-toda-la-provincia\/","title":{"rendered":"\u00abLa Capital Bonaerense volver\u00e1 a ser un faro para toda la provincia\u00bb"},"content":{"rendered":"\n<p>El gobernador de la provincia de Buenos Aires, Axel Kicillof, particip\u00f3 en el Pasaje Dardo Rocha del acto de asunci\u00f3n de Julio Alak como nuevo intendente de La Plata y le tom\u00f3 juramento, en lo que fue un hecho hist\u00f3rico. Todo el apoyo pol\u00edtico para el intendente que comienza su quinto mandato como jefe comunal plantense.<\/p>\n\n\n\n<p>En ese marco, Kicillof destac\u00f3 que \u201ccuando hace cuatro a\u00f1os nos propusimos recuperar la provincia de Buenos Aires, no solo como fuerza pol\u00edtica, sino como proyecto colectivo, resaltamos la importancia de poner nuevamente en valor nuestra identidad e integraci\u00f3n\u201d. \u201cHoy estamos dando un paso muy importante en ese camino, ya que no puede haber un proyecto de provincia sin el liderazgo de su capital\u201d, a\u00f1adi\u00f3.<\/p>\n\n\n\n<p>\u201cEsta ciudad necesita un proyecto productivo, soberano e inclusivo que la haga la capital de todos y todas las bonaerenses: para eso el compromiso de nuestra gesti\u00f3n es total y absoluto\u201d, resalt\u00f3 el Gobernador, al tiempo que valor\u00f3 que \u201cvamos a recuperar el orgullo de la capital bonaerense para que vuelva a ser una referencia y un faro para toda la provincia de Buenos Aires\u201d.<\/p>\n\n\n\n<p>Por su parte, Alak se\u00f1al\u00f3 que \u201casumimos el desaf\u00edo de reconstruir la administraci\u00f3n p\u00fablica municipal, de mejorar la calidad de vida de las y los platenses y de jerarquizar a La Plata como capital bonaerense\u201d. \u201cContamos con el apoyo provincial para trabajar como un solo equipo de gesti\u00f3n y transformar la ciudad como el gobernador Kicillof hizo con la provincia\u201d, agreg\u00f3.<\/p>\n\n\n\n<p>Adem\u00e1s, el flamante intendente sostuvo: \u201ces tiempo de demostrar una vez m\u00e1s que la decadencia no es el destino de esta ciudad, y que contamos con un inmenso potencial para iniciar un proceso de reconstrucci\u00f3n que nos devuelva a la senda del progreso social\u201d, explic\u00f3.<\/p>\n\n\n\n<p>Estuvieron presentes los presidentes de la C\u00e1mara de Diputados bonaerense, Alejandro Dichiara; y del Concejo Deliberante de La Plata, Marcelo Galland; miembros del gabinete provincial; legisladores nacionales, provinciales y locales; intendentes; referentes de Derechos Humanos; funcionarios judiciales; autoridades de universidades; y representantes de organizaciones gremiales.<\/p>\n","protected":false},"excerpt":{"rendered":"<p>El gobernador de la provincia de Buenos Aires, Axel Kicillof, particip\u00f3 en el Pasaje Dardo Rocha del acto de asunci\u00f3n<\/p>\n","protected":false},"author":3,"featured_media":3033,"comment_status":"closed","ping_status":"closed","sticky":false,"template":"","format":"standard","meta":{"colormag_page_container_layout":"default_layout","colormag_page_sidebar_layout":"default_layout","footnotes":""},"categories":[12,1,14],"tags":[],"class_list":["post-3035","post","type-post","status-publish","format-standard","has-post-thumbnail","hentry","category-8va-seccion","category-destacadas","category-politica"],"yoast_head":"<!-- This site is optimized with the Yoast SEO plugin v27.5 - https:\/\/yoast.com\/product\/yoast-seo-wordpress\/ -->\n<title>\u00abLa Capital Bonaerense volver\u00e1 a ser un faro para toda la provincia\u00bb - InfoPBA247<\/title>\n<meta name=\"robots\" content=\"index, follow, max-snippet:-1, max-image-preview:large, max-video-preview:-1\" \/>\n<link rel=\"canonical\" href=\"https:\/\/infopba247.com.ar\/index.php\/2023\/12\/13\/la-capital-bonaerense-volvera-a-ser-un-faro-para-toda-la-provincia\/\" \/>\n<meta property=\"og:locale\" content=\"es_ES\" \/>\n<meta property=\"og:type\" content=\"article\" \/>\n<meta property=\"og:title\" content=\"\u00abLa Capital Bonaerense volver\u00e1 a ser un faro para toda la provincia\u00bb - InfoPBA247\" \/>\n<meta property=\"og:description\" content=\"El gobernador de la provincia de Buenos Aires, Axel Kicillof, particip\u00f3 en el Pasaje Dardo Rocha del acto de asunci\u00f3n\" \/>\n<meta property=\"og:url\" content=\"https:\/\/infopba247.com.ar\/index.php\/2023\/12\/13\/la-capital-bonaerense-volvera-a-ser-un-faro-para-toda-la-provincia\/\" \/>\n<meta property=\"og:site_name\" content=\"InfoPBA247\" \/>\n<meta property=\"article:publisher\" content=\"https:\/\/www.facebook.com\/InfoPBA\" \/>\n<meta property=\"article:published_time\" content=\"2023-12-13T16:55:42+00:00\" \/>\n<meta property=\"article:modified_time\" content=\"2023-12-13T16:55:43+00:00\" \/>\n<meta property=\"og:image\" content=\"https:\/\/infopba247.com.ar\/wp-content\/uploads\/2023\/12\/DSC3295-01-2048x1305-1.jpeg\" \/>\n\t<meta property=\"og:image:width\" content=\"2048\" \/>\n\t<meta property=\"og:image:height\" content=\"1305\" \/>\n\t<meta property=\"og:image:type\" content=\"image\/jpeg\" \/>\n<meta name=\"author\" content=\"Editor\" \/>\n<meta name=\"twitter:card\" content=\"summary_large_image\" \/>\n<meta name=\"twitter:label1\" content=\"Escrito por\" \/>\n\t<meta name=\"twitter:data1\" content=\"Editor\" \/>\n\t<meta name=\"twitter:label2\" content=\"Tiempo de lectura\" \/>\n\t<meta name=\"twitter:data2\" content=\"2 minutos\" \/>\n<script type=\"application\/ld+json\" class=\"yoast-schema-graph\">{\"@context\":\"https:\\\/\\\/schema.org\",\"@graph\":[{\"@type\":\"Article\",\"@id\":\"https:\\\/\\\/infopba247.com.ar\\\/index.php\\\/2023\\\/12\\\/13\\\/la-capital-bonaerense-volvera-a-ser-un-faro-para-toda-la-provincia\\\/#article\",\"isPartOf\":{\"@id\":\"https:\\\/\\\/infopba247.com.ar\\\/index.php\\\/2023\\\/12\\\/13\\\/la-capital-bonaerense-volvera-a-ser-un-faro-para-toda-la-provincia\\\/\"},\"author\":{\"name\":\"Editor\",\"@id\":\"https:\\\/\\\/infopba247.com.ar\\\/#\\\/schema\\\/person\\\/4975f1343a413e57bf839b3eed0099f2\"},\"headline\":\"\u00abLa Capital Bonaerense volver\u00e1 a ser un faro para toda la provincia\u00bb\",\"datePublished\":\"2023-12-13T16:55:42+00:00\",\"dateModified\":\"2023-12-13T16:55:43+00:00\",\"mainEntityOfPage\":{\"@id\":\"https:\\\/\\\/infopba247.com.ar\\\/index.php\\\/2023\\\/12\\\/13\\\/la-capital-bonaerense-volvera-a-ser-un-faro-para-toda-la-provincia\\\/\"},\"wordCount\":366,\"publisher\":{\"@id\":\"https:\\\/\\\/infopba247.com.ar\\\/#organization\"},\"image\":{\"@id\":\"https:\\\/\\\/infopba247.com.ar\\\/index.php\\\/2023\\\/12\\\/13\\\/la-capital-bonaerense-volvera-a-ser-un-faro-para-toda-la-provincia\\\/#primaryimage\"},\"thumbnailUrl\":\"https:\\\/\\\/infopba247.com.ar\\\/wp-content\\\/uploads\\\/2023\\\/12\\\/DSC3295-01-2048x1305-1.jpeg\",\"articleSection\":[\"8va Secci\u00f3n\",\"Destacadas\",\"Pol\u00edtica\"],\"inLanguage\":\"es\"},{\"@type\":\"WebPage\",\"@id\":\"https:\\\/\\\/infopba247.com.ar\\\/index.php\\\/2023\\\/12\\\/13\\\/la-capital-bonaerense-volvera-a-ser-un-faro-para-toda-la-provincia\\\/\",\"url\":\"https:\\\/\\\/infopba247.com.ar\\\/index.php\\\/2023\\\/12\\\/13\\\/la-capital-bonaerense-volvera-a-ser-un-faro-para-toda-la-provincia\\\/\",\"name\":\"\u00abLa Capital Bonaerense volver\u00e1 a ser un faro para toda la provincia\u00bb - InfoPBA247\",\"isPartOf\":{\"@id\":\"https:\\\/\\\/infopba247.com.ar\\\/#website\"},\"primaryImageOfPage\":{\"@id\":\"https:\\\/\\\/infopba247.com.ar\\\/index.php\\\/2023\\\/12\\\/13\\\/la-capital-bonaerense-volvera-a-ser-un-faro-para-toda-la-provincia\\\/#primaryimage\"},\"image\":{\"@id\":\"https:\\\/\\\/infopba247.com.ar\\\/index.php\\\/2023\\\/12\\\/13\\\/la-capital-bonaerense-volvera-a-ser-un-faro-para-toda-la-provincia\\\/#primaryimage\"},\"thumbnailUrl\":\"https:\\\/\\\/infopba247.com.ar\\\/wp-content\\\/uploads\\\/2023\\\/12\\\/DSC3295-01-2048x1305-1.jpeg\",\"datePublished\":\"2023-12-13T16:55:42+00:00\",\"dateModified\":\"2023-12-13T16:55:43+00:00\",\"breadcrumb\":{\"@id\":\"https:\\\/\\\/infopba247.com.ar\\\/index.php\\\/2023\\\/12\\\/13\\\/la-capital-bonaerense-volvera-a-ser-un-faro-para-toda-la-provincia\\\/#breadcrumb\"},\"inLanguage\":\"es\",\"potentialAction\":[{\"@type\":\"ReadAction\",\"target\":[\"https:\\\/\\\/infopba247.com.ar\\\/index.php\\\/2023\\\/12\\\/13\\\/la-capital-bonaerense-volvera-a-ser-un-faro-para-toda-la-provincia\\\/\"]}]},{\"@type\":\"ImageObject\",\"inLanguage\":\"es\",\"@id\":\"https:\\\/\\\/infopba247.com.ar\\\/index.php\\\/2023\\\/12\\\/13\\\/la-capital-bonaerense-volvera-a-ser-un-faro-para-toda-la-provincia\\\/#primaryimage\",\"url\":\"https:\\\/\\\/infopba247.com.ar\\\/wp-content\\\/uploads\\\/2023\\\/12\\\/DSC3295-01-2048x1305-1.jpeg\",\"contentUrl\":\"https:\\\/\\\/infopba247.com.ar\\\/wp-content\\\/uploads\\\/2023\\\/12\\\/DSC3295-01-2048x1305-1.jpeg\",\"width\":2048,\"height\":1305},{\"@type\":\"BreadcrumbList\",\"@id\":\"https:\\\/\\\/infopba247.com.ar\\\/index.php\\\/2023\\\/12\\\/13\\\/la-capital-bonaerense-volvera-a-ser-un-faro-para-toda-la-provincia\\\/#breadcrumb\",\"itemListElement\":[{\"@type\":\"ListItem\",\"position\":1,\"name\":\"Portada\",\"item\":\"https:\\\/\\\/infopba247.com.ar\\\/\"},{\"@type\":\"ListItem\",\"position\":2,\"name\":\"\u00abLa Capital Bonaerense volver\u00e1 a ser un faro para toda la provincia\u00bb\"}]},{\"@type\":\"WebSite\",\"@id\":\"https:\\\/\\\/infopba247.com.ar\\\/#website\",\"url\":\"https:\\\/\\\/infopba247.com.ar\\\/\",\"name\":\"InfoPBA247\",\"description\":\"Toda la actualidad bonaerense\",\"publisher\":{\"@id\":\"https:\\\/\\\/infopba247.com.ar\\\/#organization\"},\"potentialAction\":[{\"@type\":\"SearchAction\",\"target\":{\"@type\":\"EntryPoint\",\"urlTemplate\":\"https:\\\/\\\/infopba247.com.ar\\\/?s={search_term_string}\"},\"query-input\":{\"@type\":\"PropertyValueSpecification\",\"valueRequired\":true,\"valueName\":\"search_term_string\"}}],\"inLanguage\":\"es\"},{\"@type\":\"Organization\",\"@id\":\"https:\\\/\\\/infopba247.com.ar\\\/#organization\",\"name\":\"InfoPBA247\",\"url\":\"https:\\\/\\\/infopba247.com.ar\\\/\",\"logo\":{\"@type\":\"ImageObject\",\"inLanguage\":\"es\",\"@id\":\"https:\\\/\\\/infopba247.com.ar\\\/#\\\/schema\\\/logo\\\/image\\\/\",\"url\":\"https:\\\/\\\/infopba247.com.ar\\\/wp-content\\\/uploads\\\/2022\\\/03\\\/cropped-InfoPBA247-1.png\",\"contentUrl\":\"https:\\\/\\\/infopba247.com.ar\\\/wp-content\\\/uploads\\\/2022\\\/03\\\/cropped-InfoPBA247-1.png\",\"width\":500,\"height\":122,\"caption\":\"InfoPBA247\"},\"image\":{\"@id\":\"https:\\\/\\\/infopba247.com.ar\\\/#\\\/schema\\\/logo\\\/image\\\/\"},\"sameAs\":[\"https:\\\/\\\/www.facebook.com\\\/InfoPBA\"]},{\"@type\":\"Person\",\"@id\":\"https:\\\/\\\/infopba247.com.ar\\\/#\\\/schema\\\/person\\\/4975f1343a413e57bf839b3eed0099f2\",\"name\":\"Editor\",\"image\":{\"@type\":\"ImageObject\",\"inLanguage\":\"es\",\"@id\":\"https:\\\/\\\/secure.gravatar.com\\\/avatar\\\/d27fe9520667ca53441d36627a1d6b0fa4a813571ec4803687a7a3a7744685ac?s=96&d=mm&r=g\",\"url\":\"https:\\\/\\\/secure.gravatar.com\\\/avatar\\\/d27fe9520667ca53441d36627a1d6b0fa4a813571ec4803687a7a3a7744685ac?s=96&d=mm&r=g\",\"contentUrl\":\"https:\\\/\\\/secure.gravatar.com\\\/avatar\\\/d27fe9520667ca53441d36627a1d6b0fa4a813571ec4803687a7a3a7744685ac?s=96&d=mm&r=g\",\"caption\":\"Editor\"},\"url\":\"https:\\\/\\\/infopba247.com.ar\\\/index.php\\\/author\\\/editor\\\/\"}]}<\/script>\n<!-- \/ Yoast SEO plugin. -->","yoast_head_json":{"title":"\u00abLa Capital Bonaerense volver\u00e1 a ser un faro para toda la provincia\u00bb - InfoPBA247","robots":{"index":"index","follow":"follow","max-snippet":"max-snippet:-1","max-image-preview":"max-image-preview:large","max-video-preview":"max-video-preview:-1"},"canonical":"https:\/\/infopba247.com.ar\/index.php\/2023\/12\/13\/la-capital-bonaerense-volvera-a-ser-un-faro-para-toda-la-provincia\/","og_locale":"es_ES","og_type":"article","og_title":"\u00abLa Capital Bonaerense volver\u00e1 a ser un faro para toda la provincia\u00bb - InfoPBA247","og_description":"El gobernador de la provincia de Buenos Aires, Axel Kicillof, particip\u00f3 en el Pasaje Dardo Rocha del acto de asunci\u00f3n","og_url":"https:\/\/infopba247.com.ar\/index.php\/2023\/12\/13\/la-capital-bonaerense-volvera-a-ser-un-faro-para-toda-la-provincia\/","og_site_name":"InfoPBA247","article_publisher":"https:\/\/www.facebook.com\/InfoPBA","article_published_time":"2023-12-13T16:55:42+00:00","article_modified_time":"2023-12-13T16:55:43+00:00","og_image":[{"width":2048,"height":1305,"url":"https:\/\/infopba247.com.ar\/wp-content\/uploads\/2023\/12\/DSC3295-01-2048x1305-1.jpeg","type":"image\/jpeg"}],"author":"Editor","twitter_card":"summary_large_image","twitter_misc":{"Escrito por":"Editor","Tiempo de lectura":"2 minutos"},"schema":{"@context":"https:\/\/schema.org","@graph":[{"@type":"Article","@id":"https:\/\/infopba247.com.ar\/index.php\/2023\/12\/13\/la-capital-bonaerense-volvera-a-ser-un-faro-para-toda-la-provincia\/#article","isPartOf":{"@id":"https:\/\/infopba247.com.ar\/index.php\/2023\/12\/13\/la-capital-bonaerense-volvera-a-ser-un-faro-para-toda-la-provincia\/"},"author":{"name":"Editor","@id":"https:\/\/infopba247.com.ar\/#\/schema\/person\/4975f1343a413e57bf839b3eed0099f2"},"headline":"\u00abLa Capital Bonaerense volver\u00e1 a ser un faro para toda la provincia\u00bb","datePublished":"2023-12-13T16:55:42+00:00","dateModified":"2023-12-13T16:55:43+00:00","mainEntityOfPage":{"@id":"https:\/\/infopba247.com.ar\/index.php\/2023\/12\/13\/la-capital-bonaerense-volvera-a-ser-un-faro-para-toda-la-provincia\/"},"wordCount":366,"publisher":{"@id":"https:\/\/infopba247.com.ar\/#organization"},"image":{"@id":"https:\/\/infopba247.com.ar\/index.php\/2023\/12\/13\/la-capital-bonaerense-volvera-a-ser-un-faro-para-toda-la-provincia\/#primaryimage"},"thumbnailUrl":"https:\/\/infopba247.com.ar\/wp-content\/uploads\/2023\/12\/DSC3295-01-2048x1305-1.jpeg","articleSection":["8va Secci\u00f3n","Destacadas","Pol\u00edtica"],"inLanguage":"es"},{"@type":"WebPage","@id":"https:\/\/infopba247.com.ar\/index.php\/2023\/12\/13\/la-capital-bonaerense-volvera-a-ser-un-faro-para-toda-la-provincia\/","url":"https:\/\/infopba247.com.ar\/index.php\/2023\/12\/13\/la-capital-bonaerense-volvera-a-ser-un-faro-para-toda-la-provincia\/","name":"\u00abLa Capital Bonaerense volver\u00e1 a ser un faro para toda la provincia\u00bb - InfoPBA247","isPartOf":{"@id":"https:\/\/infopba247.com.ar\/#website"},"primaryImageOfPage":{"@id":"https:\/\/infopba247.com.ar\/index.php\/2023\/12\/13\/la-capital-bonaerense-volvera-a-ser-un-faro-para-toda-la-provincia\/#primaryimage"},"image":{"@id":"https:\/\/infopba247.com.ar\/index.php\/2023\/12\/13\/la-capital-bonaerense-volvera-a-ser-un-faro-para-toda-la-provincia\/#primaryimage"},"thumbnailUrl":"https:\/\/infopba247.com.ar\/wp-content\/uploads\/2023\/12\/DSC3295-01-2048x1305-1.jpeg","datePublished":"2023-12-13T16:55:42+00:00","dateModified":"2023-12-13T16:55:43+00:00","breadcrumb":{"@id":"https:\/\/infopba247.com.ar\/index.php\/2023\/12\/13\/la-capital-bonaerense-volvera-a-ser-un-faro-para-toda-la-provincia\/#breadcrumb"},"inLanguage":"es","potentialAction":[{"@type":"ReadAction","target":["https:\/\/infopba247.com.ar\/index.php\/2023\/12\/13\/la-capital-bonaerense-volvera-a-ser-un-faro-para-toda-la-provincia\/"]}]},{"@type":"ImageObject","inLanguage":"es","@id":"https:\/\/infopba247.com.ar\/index.php\/2023\/12\/13\/la-capital-bonaerense-volvera-a-ser-un-faro-para-toda-la-provincia\/#primaryimage","url":"https:\/\/infopba247.com.ar\/wp-content\/uploads\/2023\/12\/DSC3295-01-2048x1305-1.jpeg","contentUrl":"https:\/\/infopba247.com.ar\/wp-content\/uploads\/2023\/12\/DSC3295-01-2048x1305-1.jpeg","width":2048,"height":1305},{"@type":"BreadcrumbList","@id":"https:\/\/infopba247.com.ar\/index.php\/2023\/12\/13\/la-capital-bonaerense-volvera-a-ser-un-faro-para-toda-la-provincia\/#breadcrumb","itemListElement":[{"@type":"ListItem","position":1,"name":"Portada","item":"https:\/\/infopba247.com.ar\/"},{"@type":"ListItem","position":2,"name":"\u00abLa Capital Bonaerense volver\u00e1 a ser un faro para toda la provincia\u00bb"}]},{"@type":"WebSite","@id":"https:\/\/infopba247.com.ar\/#website","url":"https:\/\/infopba247.com.ar\/","name":"InfoPBA247","description":"Toda la actualidad bonaerense","publisher":{"@id":"https:\/\/infopba247.com.ar\/#organization"},"potentialAction":[{"@type":"SearchAction","target":{"@type":"EntryPoint","urlTemplate":"https:\/\/infopba247.com.ar\/?s={search_term_string}"},"query-input":{"@type":"PropertyValueSpecification","valueRequired":true,"valueName":"search_term_string"}}],"inLanguage":"es"},{"@type":"Organization","@id":"https:\/\/infopba247.com.ar\/#organization","name":"InfoPBA247","url":"https:\/\/infopba247.com.ar\/","logo":{"@type":"ImageObject","inLanguage":"es","@id":"https:\/\/infopba247.com.ar\/#\/schema\/logo\/image\/","url":"https:\/\/infopba247.com.ar\/wp-content\/uploads\/2022\/03\/cropped-InfoPBA247-1.png","contentUrl":"https:\/\/infopba247.com.ar\/wp-content\/uploads\/2022\/03\/cropped-InfoPBA247-1.png","width":500,"height":122,"caption":"InfoPBA247"},"image":{"@id":"https:\/\/infopba247.com.ar\/#\/schema\/logo\/image\/"},"sameAs":["https:\/\/www.facebook.com\/InfoPBA"]},{"@type":"Person","@id":"https:\/\/infopba247.com.ar\/#\/schema\/person\/4975f1343a413e57bf839b3eed0099f2","name":"Editor","image":{"@type":"ImageObject","inLanguage":"es","@id":"https:\/\/secure.gravatar.com\/avatar\/d27fe9520667ca53441d36627a1d6b0fa4a813571ec4803687a7a3a7744685ac?s=96&d=mm&r=g","url":"https:\/\/secure.gravatar.com\/avatar\/d27fe9520667ca53441d36627a1d6b0fa4a813571ec4803687a7a3a7744685ac?s=96&d=mm&r=g","contentUrl":"https:\/\/secure.gravatar.com\/avatar\/d27fe9520667ca53441d36627a1d6b0fa4a813571ec4803687a7a3a7744685ac?s=96&d=mm&r=g","caption":"Editor"},"url":"https:\/\/infopba247.com.ar\/index.php\/author\/editor\/"}]}},"_links":{"self":[{"href":"https:\/\/infopba247.com.ar\/index.php\/wp-json\/wp\/v2\/posts\/3035","targetHints":{"allow":["GET"]}}],"collection":[{"href":"https:\/\/infopba247.com.ar\/index.php\/wp-json\/wp\/v2\/posts"}],"about":[{"href":"https:\/\/infopba247.com.ar\/index.php\/wp-json\/wp\/v2\/types\/post"}],"author":[{"embeddable":true,"href":"https:\/\/infopba247.com.ar\/index.php\/wp-json\/wp\/v2\/users\/3"}],"replies":[{"embeddable":true,"href":"https:\/\/infopba247.com.ar\/index.php\/wp-json\/wp\/v2\/comments?post=3035"}],"version-history":[{"count":1,"href":"https:\/\/infopba247.com.ar\/index.php\/wp-json\/wp\/v2\/posts\/3035\/revisions"}],"predecessor-version":[{"id":3036,"href":"https:\/\/infopba247.com.ar\/index.php\/wp-json\/wp\/v2\/posts\/3035\/revisions\/3036"}],"wp:featuredmedia":[{"embeddable":true,"href":"https:\/\/infopba247.com.ar\/index.php\/wp-json\/wp\/v2\/media\/3033"}],"wp:attachment":[{"href":"https:\/\/infopba247.com.ar\/index.php\/wp-json\/wp\/v2\/media?parent=3035"}],"wp:term":[{"taxonomy":"category","embeddable":true,"href":"https:\/\/infopba247.com.ar\/index.php\/wp-json\/wp\/v2\/categories?post=3035"},{"taxonomy":"post_tag","embeddable":true,"href":"https:\/\/infopba247.com.ar\/index.php\/wp-json\/wp\/v2\/tags?post=3035"}],"curies":[{"name":"wp","href":"https:\/\/api.w.org\/{rel}","templated":true}]}}