{"id":3031,"date":"2023-12-13T13:54:12","date_gmt":"2023-12-13T16:54:12","guid":{"rendered":"https:\/\/infopba247.com.ar\/?p=3031"},"modified":"2023-12-13T13:54:13","modified_gmt":"2023-12-13T16:54:13","slug":"hubo-vientos-de-hasta-125-km-h-en-el-peor-temporal-de-los-ultimos-20-anos-de-olavarria","status":"publish","type":"post","link":"https:\/\/infopba247.com.ar\/index.php\/2023\/12\/13\/hubo-vientos-de-hasta-125-km-h-en-el-peor-temporal-de-los-ultimos-20-anos-de-olavarria\/","title":{"rendered":"Hubo vientos de hasta 125 km\/h en el peor temporal de los \u00faltimos 20 a\u00f1os de Olavarr\u00eda"},"content":{"rendered":"\n<p>Luego del temporal de este martes, el intendente de Olavarr\u00eda, Maximiliano Wesner, encabez\u00f3 una conferencia de prensa para explicar el cuadro de situaci\u00f3n, el trabajo desplegado y los pasos a seguir hasta recobrar la normalidad en todo el distrito.<\/p>\n\n\n\n<p>La conferencia de prensa se realiz\u00f3 en el cuartel central de bomberos, donde est\u00e1 instalado el Comit\u00e9 de Crisis integrado por funcionarios municipales de las distintas secretar\u00edas, Coopelectric, Defensa Civil, polic\u00eda e instituciones intermedias.<\/p>\n\n\n\n<p>\u201cEstamos en una situaci\u00f3n de emergencia pero queremos llevar tranquilidad, estamos trabajando desde un primer momento como un equipo en forma coordinada y planificada\u201d, subray\u00f3 el Intendente.<\/p>\n\n\n\n<p>En las pr\u00f3ximas horas, el intendente Maximiliano Wesner firmar\u00e1 un decreto estableciendo el estado de emergencia. \u201cSe requiere agilidad para contratar servicios y proveedores para resolver las situaciones m\u00e1s urgentes\u201d, explic\u00f3.<\/p>\n\n\n\n<p>Desde el Gobierno Municipal detallaron que el temporal desatado minutos antes de las 19 horas de este martes alcanz\u00f3 r\u00e1fagas de hasta 125 km\/h, provocando voladuras parciales y totales de techos, ca\u00eddas de \u00e1rboles de gran porte y columnas del tendido el\u00e9ctrico de madera y de cemento.<\/p>\n\n\n\n<p>El jefe comunal explic\u00f3 que junto a los integrantes del Comit\u00e9 de Crisis transcurrieron \u201ctoda la noche relevando y resolviendo los focos m\u00e1s cr\u00edticos en cada uno de los barrios afectados\u201d.<\/p>\n\n\n\n<p>\u201cDividimos la ciudad en 9 cuadr\u00edculas, ya estamos levantando plantas y postes para garantizar la circulaci\u00f3n\u201d, detall\u00f3.<\/p>\n\n\n\n<p>En el marco de la conferencia, Coopelectric inform\u00f3 que se decidi\u00f3 sacar de servicio todas las l\u00edneas de media tensi\u00f3n, afectando tambi\u00e9n el sistema de provisi\u00f3n de agua corriente. Resulta fundamental el uso racional del agua.<\/p>\n\n\n\n<p>Adem\u00e1s, se\u00f1al\u00f3 que algunas zonas ya volvieron a tener energ\u00eda el\u00e9ctrica y se avanzar\u00e1 en la devoluci\u00f3n del servicio en forma paulatina.<\/p>\n","protected":false},"excerpt":{"rendered":"<p>Luego del temporal de este martes, el intendente de Olavarr\u00eda, Maximiliano Wesner, encabez\u00f3 una conferencia de prensa para explicar el<\/p>\n","protected":false},"author":3,"featured_media":3032,"comment_status":"closed","ping_status":"closed","sticky":false,"template":"","format":"standard","meta":{"colormag_page_container_layout":"default_layout","colormag_page_sidebar_layout":"default_layout","footnotes":""},"categories":[11,1,14],"tags":[],"class_list":["post-3031","post","type-post","status-publish","format-standard","has-post-thumbnail","hentry","category-7ma-seccion","category-destacadas","category-politica"],"yoast_head":"<!-- This site is optimized with the Yoast SEO plugin v27.4 - https:\/\/yoast.com\/product\/yoast-seo-wordpress\/ -->\n<title>Hubo vientos de hasta 125 km\/h en el peor temporal de los \u00faltimos 20 a\u00f1os de Olavarr\u00eda - InfoPBA247<\/title>\n<meta name=\"robots\" content=\"index, follow, max-snippet:-1, max-image-preview:large, max-video-preview:-1\" \/>\n<link rel=\"canonical\" href=\"https:\/\/infopba247.com.ar\/index.php\/2023\/12\/13\/hubo-vientos-de-hasta-125-km-h-en-el-peor-temporal-de-los-ultimos-20-anos-de-olavarria\/\" \/>\n<meta property=\"og:locale\" content=\"es_ES\" \/>\n<meta property=\"og:type\" content=\"article\" \/>\n<meta property=\"og:title\" content=\"Hubo vientos de hasta 125 km\/h en el peor temporal de los \u00faltimos 20 a\u00f1os de Olavarr\u00eda - InfoPBA247\" \/>\n<meta property=\"og:description\" content=\"Luego del temporal de este martes, el intendente de Olavarr\u00eda, Maximiliano Wesner, encabez\u00f3 una conferencia de prensa para explicar el\" \/>\n<meta property=\"og:url\" content=\"https:\/\/infopba247.com.ar\/index.php\/2023\/12\/13\/hubo-vientos-de-hasta-125-km-h-en-el-peor-temporal-de-los-ultimos-20-anos-de-olavarria\/\" \/>\n<meta property=\"og:site_name\" content=\"InfoPBA247\" \/>\n<meta property=\"article:publisher\" content=\"https:\/\/www.facebook.com\/InfoPBA\" \/>\n<meta property=\"article:published_time\" content=\"2023-12-13T16:54:12+00:00\" \/>\n<meta property=\"article:modified_time\" content=\"2023-12-13T16:54:13+00:00\" \/>\n<meta property=\"og:image\" content=\"https:\/\/infopba247.com.ar\/wp-content\/uploads\/2023\/12\/IMG-20231212-WA0035.jpg\" \/>\n\t<meta property=\"og:image:width\" content=\"720\" \/>\n\t<meta property=\"og:image:height\" content=\"1280\" \/>\n\t<meta property=\"og:image:type\" content=\"image\/jpeg\" \/>\n<meta name=\"author\" content=\"Editor\" \/>\n<meta name=\"twitter:card\" content=\"summary_large_image\" \/>\n<meta name=\"twitter:label1\" content=\"Escrito por\" \/>\n\t<meta name=\"twitter:data1\" content=\"Editor\" \/>\n\t<meta name=\"twitter:label2\" content=\"Tiempo de lectura\" \/>\n\t<meta name=\"twitter:data2\" content=\"2 minutos\" \/>\n<script type=\"application\/ld+json\" class=\"yoast-schema-graph\">{\"@context\":\"https:\\\/\\\/schema.org\",\"@graph\":[{\"@type\":\"Article\",\"@id\":\"https:\\\/\\\/infopba247.com.ar\\\/index.php\\\/2023\\\/12\\\/13\\\/hubo-vientos-de-hasta-125-km-h-en-el-peor-temporal-de-los-ultimos-20-anos-de-olavarria\\\/#article\",\"isPartOf\":{\"@id\":\"https:\\\/\\\/infopba247.com.ar\\\/index.php\\\/2023\\\/12\\\/13\\\/hubo-vientos-de-hasta-125-km-h-en-el-peor-temporal-de-los-ultimos-20-anos-de-olavarria\\\/\"},\"author\":{\"name\":\"Editor\",\"@id\":\"https:\\\/\\\/infopba247.com.ar\\\/#\\\/schema\\\/person\\\/4975f1343a413e57bf839b3eed0099f2\"},\"headline\":\"Hubo vientos de hasta 125 km\\\/h en el peor temporal de los \u00faltimos 20 a\u00f1os de Olavarr\u00eda\",\"datePublished\":\"2023-12-13T16:54:12+00:00\",\"dateModified\":\"2023-12-13T16:54:13+00:00\",\"mainEntityOfPage\":{\"@id\":\"https:\\\/\\\/infopba247.com.ar\\\/index.php\\\/2023\\\/12\\\/13\\\/hubo-vientos-de-hasta-125-km-h-en-el-peor-temporal-de-los-ultimos-20-anos-de-olavarria\\\/\"},\"wordCount\":323,\"publisher\":{\"@id\":\"https:\\\/\\\/infopba247.com.ar\\\/#organization\"},\"image\":{\"@id\":\"https:\\\/\\\/infopba247.com.ar\\\/index.php\\\/2023\\\/12\\\/13\\\/hubo-vientos-de-hasta-125-km-h-en-el-peor-temporal-de-los-ultimos-20-anos-de-olavarria\\\/#primaryimage\"},\"thumbnailUrl\":\"https:\\\/\\\/infopba247.com.ar\\\/wp-content\\\/uploads\\\/2023\\\/12\\\/IMG-20231212-WA0035.jpg\",\"articleSection\":[\"7ma Secci\u00f3n\",\"Destacadas\",\"Pol\u00edtica\"],\"inLanguage\":\"es\"},{\"@type\":\"WebPage\",\"@id\":\"https:\\\/\\\/infopba247.com.ar\\\/index.php\\\/2023\\\/12\\\/13\\\/hubo-vientos-de-hasta-125-km-h-en-el-peor-temporal-de-los-ultimos-20-anos-de-olavarria\\\/\",\"url\":\"https:\\\/\\\/infopba247.com.ar\\\/index.php\\\/2023\\\/12\\\/13\\\/hubo-vientos-de-hasta-125-km-h-en-el-peor-temporal-de-los-ultimos-20-anos-de-olavarria\\\/\",\"name\":\"Hubo vientos de hasta 125 km\\\/h en el peor temporal de los \u00faltimos 20 a\u00f1os de Olavarr\u00eda - InfoPBA247\",\"isPartOf\":{\"@id\":\"https:\\\/\\\/infopba247.com.ar\\\/#website\"},\"primaryImageOfPage\":{\"@id\":\"https:\\\/\\\/infopba247.com.ar\\\/index.php\\\/2023\\\/12\\\/13\\\/hubo-vientos-de-hasta-125-km-h-en-el-peor-temporal-de-los-ultimos-20-anos-de-olavarria\\\/#primaryimage\"},\"image\":{\"@id\":\"https:\\\/\\\/infopba247.com.ar\\\/index.php\\\/2023\\\/12\\\/13\\\/hubo-vientos-de-hasta-125-km-h-en-el-peor-temporal-de-los-ultimos-20-anos-de-olavarria\\\/#primaryimage\"},\"thumbnailUrl\":\"https:\\\/\\\/infopba247.com.ar\\\/wp-content\\\/uploads\\\/2023\\\/12\\\/IMG-20231212-WA0035.jpg\",\"datePublished\":\"2023-12-13T16:54:12+00:00\",\"dateModified\":\"2023-12-13T16:54:13+00:00\",\"breadcrumb\":{\"@id\":\"https:\\\/\\\/infopba247.com.ar\\\/index.php\\\/2023\\\/12\\\/13\\\/hubo-vientos-de-hasta-125-km-h-en-el-peor-temporal-de-los-ultimos-20-anos-de-olavarria\\\/#breadcrumb\"},\"inLanguage\":\"es\",\"potentialAction\":[{\"@type\":\"ReadAction\",\"target\":[\"https:\\\/\\\/infopba247.com.ar\\\/index.php\\\/2023\\\/12\\\/13\\\/hubo-vientos-de-hasta-125-km-h-en-el-peor-temporal-de-los-ultimos-20-anos-de-olavarria\\\/\"]}]},{\"@type\":\"ImageObject\",\"inLanguage\":\"es\",\"@id\":\"https:\\\/\\\/infopba247.com.ar\\\/index.php\\\/2023\\\/12\\\/13\\\/hubo-vientos-de-hasta-125-km-h-en-el-peor-temporal-de-los-ultimos-20-anos-de-olavarria\\\/#primaryimage\",\"url\":\"https:\\\/\\\/infopba247.com.ar\\\/wp-content\\\/uploads\\\/2023\\\/12\\\/IMG-20231212-WA0035.jpg\",\"contentUrl\":\"https:\\\/\\\/infopba247.com.ar\\\/wp-content\\\/uploads\\\/2023\\\/12\\\/IMG-20231212-WA0035.jpg\",\"width\":720,\"height\":1280},{\"@type\":\"BreadcrumbList\",\"@id\":\"https:\\\/\\\/infopba247.com.ar\\\/index.php\\\/2023\\\/12\\\/13\\\/hubo-vientos-de-hasta-125-km-h-en-el-peor-temporal-de-los-ultimos-20-anos-de-olavarria\\\/#breadcrumb\",\"itemListElement\":[{\"@type\":\"ListItem\",\"position\":1,\"name\":\"Portada\",\"item\":\"https:\\\/\\\/infopba247.com.ar\\\/\"},{\"@type\":\"ListItem\",\"position\":2,\"name\":\"Hubo vientos de hasta 125 km\\\/h en el peor temporal de los \u00faltimos 20 a\u00f1os de Olavarr\u00eda\"}]},{\"@type\":\"WebSite\",\"@id\":\"https:\\\/\\\/infopba247.com.ar\\\/#website\",\"url\":\"https:\\\/\\\/infopba247.com.ar\\\/\",\"name\":\"InfoPBA247\",\"description\":\"Toda la actualidad bonaerense\",\"publisher\":{\"@id\":\"https:\\\/\\\/infopba247.com.ar\\\/#organization\"},\"potentialAction\":[{\"@type\":\"SearchAction\",\"target\":{\"@type\":\"EntryPoint\",\"urlTemplate\":\"https:\\\/\\\/infopba247.com.ar\\\/?s={search_term_string}\"},\"query-input\":{\"@type\":\"PropertyValueSpecification\",\"valueRequired\":true,\"valueName\":\"search_term_string\"}}],\"inLanguage\":\"es\"},{\"@type\":\"Organization\",\"@id\":\"https:\\\/\\\/infopba247.com.ar\\\/#organization\",\"name\":\"InfoPBA247\",\"url\":\"https:\\\/\\\/infopba247.com.ar\\\/\",\"logo\":{\"@type\":\"ImageObject\",\"inLanguage\":\"es\",\"@id\":\"https:\\\/\\\/infopba247.com.ar\\\/#\\\/schema\\\/logo\\\/image\\\/\",\"url\":\"https:\\\/\\\/infopba247.com.ar\\\/wp-content\\\/uploads\\\/2022\\\/03\\\/cropped-InfoPBA247-1.png\",\"contentUrl\":\"https:\\\/\\\/infopba247.com.ar\\\/wp-content\\\/uploads\\\/2022\\\/03\\\/cropped-InfoPBA247-1.png\",\"width\":500,\"height\":122,\"caption\":\"InfoPBA247\"},\"image\":{\"@id\":\"https:\\\/\\\/infopba247.com.ar\\\/#\\\/schema\\\/logo\\\/image\\\/\"},\"sameAs\":[\"https:\\\/\\\/www.facebook.com\\\/InfoPBA\"]},{\"@type\":\"Person\",\"@id\":\"https:\\\/\\\/infopba247.com.ar\\\/#\\\/schema\\\/person\\\/4975f1343a413e57bf839b3eed0099f2\",\"name\":\"Editor\",\"image\":{\"@type\":\"ImageObject\",\"inLanguage\":\"es\",\"@id\":\"https:\\\/\\\/secure.gravatar.com\\\/avatar\\\/d27fe9520667ca53441d36627a1d6b0fa4a813571ec4803687a7a3a7744685ac?s=96&d=mm&r=g\",\"url\":\"https:\\\/\\\/secure.gravatar.com\\\/avatar\\\/d27fe9520667ca53441d36627a1d6b0fa4a813571ec4803687a7a3a7744685ac?s=96&d=mm&r=g\",\"contentUrl\":\"https:\\\/\\\/secure.gravatar.com\\\/avatar\\\/d27fe9520667ca53441d36627a1d6b0fa4a813571ec4803687a7a3a7744685ac?s=96&d=mm&r=g\",\"caption\":\"Editor\"},\"url\":\"https:\\\/\\\/infopba247.com.ar\\\/index.php\\\/author\\\/editor\\\/\"}]}<\/script>\n<!-- \/ Yoast SEO plugin. -->","yoast_head_json":{"title":"Hubo vientos de hasta 125 km\/h en el peor temporal de los \u00faltimos 20 a\u00f1os de Olavarr\u00eda - InfoPBA247","robots":{"index":"index","follow":"follow","max-snippet":"max-snippet:-1","max-image-preview":"max-image-preview:large","max-video-preview":"max-video-preview:-1"},"canonical":"https:\/\/infopba247.com.ar\/index.php\/2023\/12\/13\/hubo-vientos-de-hasta-125-km-h-en-el-peor-temporal-de-los-ultimos-20-anos-de-olavarria\/","og_locale":"es_ES","og_type":"article","og_title":"Hubo vientos de hasta 125 km\/h en el peor temporal de los \u00faltimos 20 a\u00f1os de Olavarr\u00eda - InfoPBA247","og_description":"Luego del temporal de este martes, el intendente de Olavarr\u00eda, Maximiliano Wesner, encabez\u00f3 una conferencia de prensa para explicar el","og_url":"https:\/\/infopba247.com.ar\/index.php\/2023\/12\/13\/hubo-vientos-de-hasta-125-km-h-en-el-peor-temporal-de-los-ultimos-20-anos-de-olavarria\/","og_site_name":"InfoPBA247","article_publisher":"https:\/\/www.facebook.com\/InfoPBA","article_published_time":"2023-12-13T16:54:12+00:00","article_modified_time":"2023-12-13T16:54:13+00:00","og_image":[{"width":720,"height":1280,"url":"https:\/\/infopba247.com.ar\/wp-content\/uploads\/2023\/12\/IMG-20231212-WA0035.jpg","type":"image\/jpeg"}],"author":"Editor","twitter_card":"summary_large_image","twitter_misc":{"Escrito por":"Editor","Tiempo de lectura":"2 minutos"},"schema":{"@context":"https:\/\/schema.org","@graph":[{"@type":"Article","@id":"https:\/\/infopba247.com.ar\/index.php\/2023\/12\/13\/hubo-vientos-de-hasta-125-km-h-en-el-peor-temporal-de-los-ultimos-20-anos-de-olavarria\/#article","isPartOf":{"@id":"https:\/\/infopba247.com.ar\/index.php\/2023\/12\/13\/hubo-vientos-de-hasta-125-km-h-en-el-peor-temporal-de-los-ultimos-20-anos-de-olavarria\/"},"author":{"name":"Editor","@id":"https:\/\/infopba247.com.ar\/#\/schema\/person\/4975f1343a413e57bf839b3eed0099f2"},"headline":"Hubo vientos de hasta 125 km\/h en el peor temporal de los \u00faltimos 20 a\u00f1os de Olavarr\u00eda","datePublished":"2023-12-13T16:54:12+00:00","dateModified":"2023-12-13T16:54:13+00:00","mainEntityOfPage":{"@id":"https:\/\/infopba247.com.ar\/index.php\/2023\/12\/13\/hubo-vientos-de-hasta-125-km-h-en-el-peor-temporal-de-los-ultimos-20-anos-de-olavarria\/"},"wordCount":323,"publisher":{"@id":"https:\/\/infopba247.com.ar\/#organization"},"image":{"@id":"https:\/\/infopba247.com.ar\/index.php\/2023\/12\/13\/hubo-vientos-de-hasta-125-km-h-en-el-peor-temporal-de-los-ultimos-20-anos-de-olavarria\/#primaryimage"},"thumbnailUrl":"https:\/\/infopba247.com.ar\/wp-content\/uploads\/2023\/12\/IMG-20231212-WA0035.jpg","articleSection":["7ma Secci\u00f3n","Destacadas","Pol\u00edtica"],"inLanguage":"es"},{"@type":"WebPage","@id":"https:\/\/infopba247.com.ar\/index.php\/2023\/12\/13\/hubo-vientos-de-hasta-125-km-h-en-el-peor-temporal-de-los-ultimos-20-anos-de-olavarria\/","url":"https:\/\/infopba247.com.ar\/index.php\/2023\/12\/13\/hubo-vientos-de-hasta-125-km-h-en-el-peor-temporal-de-los-ultimos-20-anos-de-olavarria\/","name":"Hubo vientos de hasta 125 km\/h en el peor temporal de los \u00faltimos 20 a\u00f1os de Olavarr\u00eda - InfoPBA247","isPartOf":{"@id":"https:\/\/infopba247.com.ar\/#website"},"primaryImageOfPage":{"@id":"https:\/\/infopba247.com.ar\/index.php\/2023\/12\/13\/hubo-vientos-de-hasta-125-km-h-en-el-peor-temporal-de-los-ultimos-20-anos-de-olavarria\/#primaryimage"},"image":{"@id":"https:\/\/infopba247.com.ar\/index.php\/2023\/12\/13\/hubo-vientos-de-hasta-125-km-h-en-el-peor-temporal-de-los-ultimos-20-anos-de-olavarria\/#primaryimage"},"thumbnailUrl":"https:\/\/infopba247.com.ar\/wp-content\/uploads\/2023\/12\/IMG-20231212-WA0035.jpg","datePublished":"2023-12-13T16:54:12+00:00","dateModified":"2023-12-13T16:54:13+00:00","breadcrumb":{"@id":"https:\/\/infopba247.com.ar\/index.php\/2023\/12\/13\/hubo-vientos-de-hasta-125-km-h-en-el-peor-temporal-de-los-ultimos-20-anos-de-olavarria\/#breadcrumb"},"inLanguage":"es","potentialAction":[{"@type":"ReadAction","target":["https:\/\/infopba247.com.ar\/index.php\/2023\/12\/13\/hubo-vientos-de-hasta-125-km-h-en-el-peor-temporal-de-los-ultimos-20-anos-de-olavarria\/"]}]},{"@type":"ImageObject","inLanguage":"es","@id":"https:\/\/infopba247.com.ar\/index.php\/2023\/12\/13\/hubo-vientos-de-hasta-125-km-h-en-el-peor-temporal-de-los-ultimos-20-anos-de-olavarria\/#primaryimage","url":"https:\/\/infopba247.com.ar\/wp-content\/uploads\/2023\/12\/IMG-20231212-WA0035.jpg","contentUrl":"https:\/\/infopba247.com.ar\/wp-content\/uploads\/2023\/12\/IMG-20231212-WA0035.jpg","width":720,"height":1280},{"@type":"BreadcrumbList","@id":"https:\/\/infopba247.com.ar\/index.php\/2023\/12\/13\/hubo-vientos-de-hasta-125-km-h-en-el-peor-temporal-de-los-ultimos-20-anos-de-olavarria\/#breadcrumb","itemListElement":[{"@type":"ListItem","position":1,"name":"Portada","item":"https:\/\/infopba247.com.ar\/"},{"@type":"ListItem","position":2,"name":"Hubo vientos de hasta 125 km\/h en el peor temporal de los \u00faltimos 20 a\u00f1os de Olavarr\u00eda"}]},{"@type":"WebSite","@id":"https:\/\/infopba247.com.ar\/#website","url":"https:\/\/infopba247.com.ar\/","name":"InfoPBA247","description":"Toda la actualidad bonaerense","publisher":{"@id":"https:\/\/infopba247.com.ar\/#organization"},"potentialAction":[{"@type":"SearchAction","target":{"@type":"EntryPoint","urlTemplate":"https:\/\/infopba247.com.ar\/?s={search_term_string}"},"query-input":{"@type":"PropertyValueSpecification","valueRequired":true,"valueName":"search_term_string"}}],"inLanguage":"es"},{"@type":"Organization","@id":"https:\/\/infopba247.com.ar\/#organization","name":"InfoPBA247","url":"https:\/\/infopba247.com.ar\/","logo":{"@type":"ImageObject","inLanguage":"es","@id":"https:\/\/infopba247.com.ar\/#\/schema\/logo\/image\/","url":"https:\/\/infopba247.com.ar\/wp-content\/uploads\/2022\/03\/cropped-InfoPBA247-1.png","contentUrl":"https:\/\/infopba247.com.ar\/wp-content\/uploads\/2022\/03\/cropped-InfoPBA247-1.png","width":500,"height":122,"caption":"InfoPBA247"},"image":{"@id":"https:\/\/infopba247.com.ar\/#\/schema\/logo\/image\/"},"sameAs":["https:\/\/www.facebook.com\/InfoPBA"]},{"@type":"Person","@id":"https:\/\/infopba247.com.ar\/#\/schema\/person\/4975f1343a413e57bf839b3eed0099f2","name":"Editor","image":{"@type":"ImageObject","inLanguage":"es","@id":"https:\/\/secure.gravatar.com\/avatar\/d27fe9520667ca53441d36627a1d6b0fa4a813571ec4803687a7a3a7744685ac?s=96&d=mm&r=g","url":"https:\/\/secure.gravatar.com\/avatar\/d27fe9520667ca53441d36627a1d6b0fa4a813571ec4803687a7a3a7744685ac?s=96&d=mm&r=g","contentUrl":"https:\/\/secure.gravatar.com\/avatar\/d27fe9520667ca53441d36627a1d6b0fa4a813571ec4803687a7a3a7744685ac?s=96&d=mm&r=g","caption":"Editor"},"url":"https:\/\/infopba247.com.ar\/index.php\/author\/editor\/"}]}},"_links":{"self":[{"href":"https:\/\/infopba247.com.ar\/index.php\/wp-json\/wp\/v2\/posts\/3031","targetHints":{"allow":["GET"]}}],"collection":[{"href":"https:\/\/infopba247.com.ar\/index.php\/wp-json\/wp\/v2\/posts"}],"about":[{"href":"https:\/\/infopba247.com.ar\/index.php\/wp-json\/wp\/v2\/types\/post"}],"author":[{"embeddable":true,"href":"https:\/\/infopba247.com.ar\/index.php\/wp-json\/wp\/v2\/users\/3"}],"replies":[{"embeddable":true,"href":"https:\/\/infopba247.com.ar\/index.php\/wp-json\/wp\/v2\/comments?post=3031"}],"version-history":[{"count":1,"href":"https:\/\/infopba247.com.ar\/index.php\/wp-json\/wp\/v2\/posts\/3031\/revisions"}],"predecessor-version":[{"id":3034,"href":"https:\/\/infopba247.com.ar\/index.php\/wp-json\/wp\/v2\/posts\/3031\/revisions\/3034"}],"wp:featuredmedia":[{"embeddable":true,"href":"https:\/\/infopba247.com.ar\/index.php\/wp-json\/wp\/v2\/media\/3032"}],"wp:attachment":[{"href":"https:\/\/infopba247.com.ar\/index.php\/wp-json\/wp\/v2\/media?parent=3031"}],"wp:term":[{"taxonomy":"category","embeddable":true,"href":"https:\/\/infopba247.com.ar\/index.php\/wp-json\/wp\/v2\/categories?post=3031"},{"taxonomy":"post_tag","embeddable":true,"href":"https:\/\/infopba247.com.ar\/index.php\/wp-json\/wp\/v2\/tags?post=3031"}],"curies":[{"name":"wp","href":"https:\/\/api.w.org\/{rel}","templated":true}]}}