{"id":2996,"date":"2023-12-07T12:51:14","date_gmt":"2023-12-07T15:51:14","guid":{"rendered":"https:\/\/infopba247.com.ar\/?p=2996"},"modified":"2023-12-07T12:51:15","modified_gmt":"2023-12-07T15:51:15","slug":"robaron-un-busto-de-bronce-de-eva-peron-en-una-plaza-de-mar-del-plata","status":"publish","type":"post","link":"https:\/\/infopba247.com.ar\/index.php\/2023\/12\/07\/robaron-un-busto-de-bronce-de-eva-peron-en-una-plaza-de-mar-del-plata\/","title":{"rendered":"Robaron un busto de bronce de Eva Per\u00f3n en una plaza de Mar del Plata"},"content":{"rendered":"\n<p>Un busto de bronce de Eva Per\u00f3n fue robado en la madrugada de hoy en una plaza de la ciudad de Mar del Plata, tras ser arrancado de una base de m\u00e1rmol, denunci\u00f3 el Partido Justicialista (PJ) local.<\/p>\n\n\n\n<p>El robo fue en el monumento ubicado en Plaza Rocha, en el macrocentro de la ciudad cabecera del partido de General Pueyrred\u00f3n.<\/p>\n\n\n\n<p>\u00abEn el d\u00eda de hoy, los y las peronistas amanecimos con la triste noticia de que nos falta el busto de Eva Per\u00f3n, nuestra abanderada de los humildes, ubicado en el monumento de Luro y 14 de Julio\u00bb, inform\u00f3 el PJ a trav\u00e9s de redes sociales.<\/p>\n\n\n\n<p>Desde esa fuerza pol\u00edtica repudiaron este tipo de hechos \u00abque solo representan odio por parte de determinados sectores y que perpet\u00faan actos de violencia pol\u00edtica\u00bb.<\/p>\n\n\n\n<p>Adem\u00e1s reclamaron a las autoridades de General Pueyrred\u00f3n que sean analizadas las c\u00e1maras de seguridad de la zona para tratar de hallar a los responsables.<\/p>\n\n\n\n<p>\u00abSolicitamos a las autoridades municipales que las c\u00e1maras de seguridad se encuentren a disposici\u00f3n para el esclarecimiento del hecho\u00bb, aseguraron.<\/p>\n\n\n\n<p>Fuentes del municipio conducido por Guillermo Montenegro, del PRO, informaron a T\u00e9lam que eran analizadas las im\u00e1genes para tratar de precisar la hora a la que se produjo el robo e identificar a los autores.<\/p>\n","protected":false},"excerpt":{"rendered":"<p>Un busto de bronce de Eva Per\u00f3n fue robado en la madrugada de hoy en una plaza de la ciudad<\/p>\n","protected":false},"author":3,"featured_media":2997,"comment_status":"closed","ping_status":"open","sticky":false,"template":"","format":"standard","meta":{"colormag_page_container_layout":"default_layout","colormag_page_sidebar_layout":"default_layout","footnotes":""},"categories":[9,1,14],"tags":[],"class_list":["post-2996","post","type-post","status-publish","format-standard","has-post-thumbnail","hentry","category-5ta-seccion","category-destacadas","category-politica"],"yoast_head":"<!-- This site is optimized with the Yoast SEO plugin v27.4 - https:\/\/yoast.com\/product\/yoast-seo-wordpress\/ -->\n<title>Robaron un busto de bronce de Eva Per\u00f3n en una plaza de Mar del Plata - InfoPBA247<\/title>\n<meta name=\"robots\" content=\"index, follow, max-snippet:-1, max-image-preview:large, max-video-preview:-1\" \/>\n<link rel=\"canonical\" href=\"https:\/\/infopba247.com.ar\/index.php\/2023\/12\/07\/robaron-un-busto-de-bronce-de-eva-peron-en-una-plaza-de-mar-del-plata\/\" \/>\n<meta property=\"og:locale\" content=\"es_ES\" \/>\n<meta property=\"og:type\" content=\"article\" \/>\n<meta property=\"og:title\" content=\"Robaron un busto de bronce de Eva Per\u00f3n en una plaza de Mar del Plata - InfoPBA247\" \/>\n<meta property=\"og:description\" content=\"Un busto de bronce de Eva Per\u00f3n fue robado en la madrugada de hoy en una plaza de la ciudad\" \/>\n<meta property=\"og:url\" content=\"https:\/\/infopba247.com.ar\/index.php\/2023\/12\/07\/robaron-un-busto-de-bronce-de-eva-peron-en-una-plaza-de-mar-del-plata\/\" \/>\n<meta property=\"og:site_name\" content=\"InfoPBA247\" \/>\n<meta property=\"article:publisher\" content=\"https:\/\/www.facebook.com\/InfoPBA\" \/>\n<meta property=\"article:published_time\" content=\"2023-12-07T15:51:14+00:00\" \/>\n<meta property=\"article:modified_time\" content=\"2023-12-07T15:51:15+00:00\" \/>\n<meta property=\"og:image\" content=\"https:\/\/infopba247.com.ar\/wp-content\/uploads\/2023\/12\/Busto-Eva-MDQ.jpg\" \/>\n\t<meta property=\"og:image:width\" content=\"1398\" \/>\n\t<meta property=\"og:image:height\" content=\"898\" \/>\n\t<meta property=\"og:image:type\" content=\"image\/jpeg\" \/>\n<meta name=\"author\" content=\"Editor\" \/>\n<meta name=\"twitter:card\" content=\"summary_large_image\" \/>\n<meta name=\"twitter:label1\" content=\"Escrito por\" \/>\n\t<meta name=\"twitter:data1\" content=\"Editor\" \/>\n\t<meta name=\"twitter:label2\" content=\"Tiempo de lectura\" \/>\n\t<meta name=\"twitter:data2\" content=\"1 minuto\" \/>\n<script type=\"application\/ld+json\" class=\"yoast-schema-graph\">{\"@context\":\"https:\\\/\\\/schema.org\",\"@graph\":[{\"@type\":\"Article\",\"@id\":\"https:\\\/\\\/infopba247.com.ar\\\/index.php\\\/2023\\\/12\\\/07\\\/robaron-un-busto-de-bronce-de-eva-peron-en-una-plaza-de-mar-del-plata\\\/#article\",\"isPartOf\":{\"@id\":\"https:\\\/\\\/infopba247.com.ar\\\/index.php\\\/2023\\\/12\\\/07\\\/robaron-un-busto-de-bronce-de-eva-peron-en-una-plaza-de-mar-del-plata\\\/\"},\"author\":{\"name\":\"Editor\",\"@id\":\"https:\\\/\\\/infopba247.com.ar\\\/#\\\/schema\\\/person\\\/4975f1343a413e57bf839b3eed0099f2\"},\"headline\":\"Robaron un busto de bronce de Eva Per\u00f3n en una plaza de Mar del Plata\",\"datePublished\":\"2023-12-07T15:51:14+00:00\",\"dateModified\":\"2023-12-07T15:51:15+00:00\",\"mainEntityOfPage\":{\"@id\":\"https:\\\/\\\/infopba247.com.ar\\\/index.php\\\/2023\\\/12\\\/07\\\/robaron-un-busto-de-bronce-de-eva-peron-en-una-plaza-de-mar-del-plata\\\/\"},\"wordCount\":242,\"publisher\":{\"@id\":\"https:\\\/\\\/infopba247.com.ar\\\/#organization\"},\"image\":{\"@id\":\"https:\\\/\\\/infopba247.com.ar\\\/index.php\\\/2023\\\/12\\\/07\\\/robaron-un-busto-de-bronce-de-eva-peron-en-una-plaza-de-mar-del-plata\\\/#primaryimage\"},\"thumbnailUrl\":\"https:\\\/\\\/infopba247.com.ar\\\/wp-content\\\/uploads\\\/2023\\\/12\\\/Busto-Eva-MDQ.jpg\",\"articleSection\":[\"5ta Secci\u00f3n\",\"Destacadas\",\"Pol\u00edtica\"],\"inLanguage\":\"es\"},{\"@type\":\"WebPage\",\"@id\":\"https:\\\/\\\/infopba247.com.ar\\\/index.php\\\/2023\\\/12\\\/07\\\/robaron-un-busto-de-bronce-de-eva-peron-en-una-plaza-de-mar-del-plata\\\/\",\"url\":\"https:\\\/\\\/infopba247.com.ar\\\/index.php\\\/2023\\\/12\\\/07\\\/robaron-un-busto-de-bronce-de-eva-peron-en-una-plaza-de-mar-del-plata\\\/\",\"name\":\"Robaron un busto de bronce de Eva Per\u00f3n en una plaza de Mar del Plata - InfoPBA247\",\"isPartOf\":{\"@id\":\"https:\\\/\\\/infopba247.com.ar\\\/#website\"},\"primaryImageOfPage\":{\"@id\":\"https:\\\/\\\/infopba247.com.ar\\\/index.php\\\/2023\\\/12\\\/07\\\/robaron-un-busto-de-bronce-de-eva-peron-en-una-plaza-de-mar-del-plata\\\/#primaryimage\"},\"image\":{\"@id\":\"https:\\\/\\\/infopba247.com.ar\\\/index.php\\\/2023\\\/12\\\/07\\\/robaron-un-busto-de-bronce-de-eva-peron-en-una-plaza-de-mar-del-plata\\\/#primaryimage\"},\"thumbnailUrl\":\"https:\\\/\\\/infopba247.com.ar\\\/wp-content\\\/uploads\\\/2023\\\/12\\\/Busto-Eva-MDQ.jpg\",\"datePublished\":\"2023-12-07T15:51:14+00:00\",\"dateModified\":\"2023-12-07T15:51:15+00:00\",\"breadcrumb\":{\"@id\":\"https:\\\/\\\/infopba247.com.ar\\\/index.php\\\/2023\\\/12\\\/07\\\/robaron-un-busto-de-bronce-de-eva-peron-en-una-plaza-de-mar-del-plata\\\/#breadcrumb\"},\"inLanguage\":\"es\",\"potentialAction\":[{\"@type\":\"ReadAction\",\"target\":[\"https:\\\/\\\/infopba247.com.ar\\\/index.php\\\/2023\\\/12\\\/07\\\/robaron-un-busto-de-bronce-de-eva-peron-en-una-plaza-de-mar-del-plata\\\/\"]}]},{\"@type\":\"ImageObject\",\"inLanguage\":\"es\",\"@id\":\"https:\\\/\\\/infopba247.com.ar\\\/index.php\\\/2023\\\/12\\\/07\\\/robaron-un-busto-de-bronce-de-eva-peron-en-una-plaza-de-mar-del-plata\\\/#primaryimage\",\"url\":\"https:\\\/\\\/infopba247.com.ar\\\/wp-content\\\/uploads\\\/2023\\\/12\\\/Busto-Eva-MDQ.jpg\",\"contentUrl\":\"https:\\\/\\\/infopba247.com.ar\\\/wp-content\\\/uploads\\\/2023\\\/12\\\/Busto-Eva-MDQ.jpg\",\"width\":1398,\"height\":898},{\"@type\":\"BreadcrumbList\",\"@id\":\"https:\\\/\\\/infopba247.com.ar\\\/index.php\\\/2023\\\/12\\\/07\\\/robaron-un-busto-de-bronce-de-eva-peron-en-una-plaza-de-mar-del-plata\\\/#breadcrumb\",\"itemListElement\":[{\"@type\":\"ListItem\",\"position\":1,\"name\":\"Portada\",\"item\":\"https:\\\/\\\/infopba247.com.ar\\\/\"},{\"@type\":\"ListItem\",\"position\":2,\"name\":\"Robaron un busto de bronce de Eva Per\u00f3n en una plaza de Mar del Plata\"}]},{\"@type\":\"WebSite\",\"@id\":\"https:\\\/\\\/infopba247.com.ar\\\/#website\",\"url\":\"https:\\\/\\\/infopba247.com.ar\\\/\",\"name\":\"InfoPBA247\",\"description\":\"Toda la actualidad bonaerense\",\"publisher\":{\"@id\":\"https:\\\/\\\/infopba247.com.ar\\\/#organization\"},\"potentialAction\":[{\"@type\":\"SearchAction\",\"target\":{\"@type\":\"EntryPoint\",\"urlTemplate\":\"https:\\\/\\\/infopba247.com.ar\\\/?s={search_term_string}\"},\"query-input\":{\"@type\":\"PropertyValueSpecification\",\"valueRequired\":true,\"valueName\":\"search_term_string\"}}],\"inLanguage\":\"es\"},{\"@type\":\"Organization\",\"@id\":\"https:\\\/\\\/infopba247.com.ar\\\/#organization\",\"name\":\"InfoPBA247\",\"url\":\"https:\\\/\\\/infopba247.com.ar\\\/\",\"logo\":{\"@type\":\"ImageObject\",\"inLanguage\":\"es\",\"@id\":\"https:\\\/\\\/infopba247.com.ar\\\/#\\\/schema\\\/logo\\\/image\\\/\",\"url\":\"https:\\\/\\\/infopba247.com.ar\\\/wp-content\\\/uploads\\\/2022\\\/03\\\/cropped-InfoPBA247-1.png\",\"contentUrl\":\"https:\\\/\\\/infopba247.com.ar\\\/wp-content\\\/uploads\\\/2022\\\/03\\\/cropped-InfoPBA247-1.png\",\"width\":500,\"height\":122,\"caption\":\"InfoPBA247\"},\"image\":{\"@id\":\"https:\\\/\\\/infopba247.com.ar\\\/#\\\/schema\\\/logo\\\/image\\\/\"},\"sameAs\":[\"https:\\\/\\\/www.facebook.com\\\/InfoPBA\"]},{\"@type\":\"Person\",\"@id\":\"https:\\\/\\\/infopba247.com.ar\\\/#\\\/schema\\\/person\\\/4975f1343a413e57bf839b3eed0099f2\",\"name\":\"Editor\",\"image\":{\"@type\":\"ImageObject\",\"inLanguage\":\"es\",\"@id\":\"https:\\\/\\\/secure.gravatar.com\\\/avatar\\\/d27fe9520667ca53441d36627a1d6b0fa4a813571ec4803687a7a3a7744685ac?s=96&d=mm&r=g\",\"url\":\"https:\\\/\\\/secure.gravatar.com\\\/avatar\\\/d27fe9520667ca53441d36627a1d6b0fa4a813571ec4803687a7a3a7744685ac?s=96&d=mm&r=g\",\"contentUrl\":\"https:\\\/\\\/secure.gravatar.com\\\/avatar\\\/d27fe9520667ca53441d36627a1d6b0fa4a813571ec4803687a7a3a7744685ac?s=96&d=mm&r=g\",\"caption\":\"Editor\"},\"url\":\"https:\\\/\\\/infopba247.com.ar\\\/index.php\\\/author\\\/editor\\\/\"}]}<\/script>\n<!-- \/ Yoast SEO plugin. -->","yoast_head_json":{"title":"Robaron un busto de bronce de Eva Per\u00f3n en una plaza de Mar del Plata - InfoPBA247","robots":{"index":"index","follow":"follow","max-snippet":"max-snippet:-1","max-image-preview":"max-image-preview:large","max-video-preview":"max-video-preview:-1"},"canonical":"https:\/\/infopba247.com.ar\/index.php\/2023\/12\/07\/robaron-un-busto-de-bronce-de-eva-peron-en-una-plaza-de-mar-del-plata\/","og_locale":"es_ES","og_type":"article","og_title":"Robaron un busto de bronce de Eva Per\u00f3n en una plaza de Mar del Plata - InfoPBA247","og_description":"Un busto de bronce de Eva Per\u00f3n fue robado en la madrugada de hoy en una plaza de la ciudad","og_url":"https:\/\/infopba247.com.ar\/index.php\/2023\/12\/07\/robaron-un-busto-de-bronce-de-eva-peron-en-una-plaza-de-mar-del-plata\/","og_site_name":"InfoPBA247","article_publisher":"https:\/\/www.facebook.com\/InfoPBA","article_published_time":"2023-12-07T15:51:14+00:00","article_modified_time":"2023-12-07T15:51:15+00:00","og_image":[{"width":1398,"height":898,"url":"https:\/\/infopba247.com.ar\/wp-content\/uploads\/2023\/12\/Busto-Eva-MDQ.jpg","type":"image\/jpeg"}],"author":"Editor","twitter_card":"summary_large_image","twitter_misc":{"Escrito por":"Editor","Tiempo de lectura":"1 minuto"},"schema":{"@context":"https:\/\/schema.org","@graph":[{"@type":"Article","@id":"https:\/\/infopba247.com.ar\/index.php\/2023\/12\/07\/robaron-un-busto-de-bronce-de-eva-peron-en-una-plaza-de-mar-del-plata\/#article","isPartOf":{"@id":"https:\/\/infopba247.com.ar\/index.php\/2023\/12\/07\/robaron-un-busto-de-bronce-de-eva-peron-en-una-plaza-de-mar-del-plata\/"},"author":{"name":"Editor","@id":"https:\/\/infopba247.com.ar\/#\/schema\/person\/4975f1343a413e57bf839b3eed0099f2"},"headline":"Robaron un busto de bronce de Eva Per\u00f3n en una plaza de Mar del Plata","datePublished":"2023-12-07T15:51:14+00:00","dateModified":"2023-12-07T15:51:15+00:00","mainEntityOfPage":{"@id":"https:\/\/infopba247.com.ar\/index.php\/2023\/12\/07\/robaron-un-busto-de-bronce-de-eva-peron-en-una-plaza-de-mar-del-plata\/"},"wordCount":242,"publisher":{"@id":"https:\/\/infopba247.com.ar\/#organization"},"image":{"@id":"https:\/\/infopba247.com.ar\/index.php\/2023\/12\/07\/robaron-un-busto-de-bronce-de-eva-peron-en-una-plaza-de-mar-del-plata\/#primaryimage"},"thumbnailUrl":"https:\/\/infopba247.com.ar\/wp-content\/uploads\/2023\/12\/Busto-Eva-MDQ.jpg","articleSection":["5ta Secci\u00f3n","Destacadas","Pol\u00edtica"],"inLanguage":"es"},{"@type":"WebPage","@id":"https:\/\/infopba247.com.ar\/index.php\/2023\/12\/07\/robaron-un-busto-de-bronce-de-eva-peron-en-una-plaza-de-mar-del-plata\/","url":"https:\/\/infopba247.com.ar\/index.php\/2023\/12\/07\/robaron-un-busto-de-bronce-de-eva-peron-en-una-plaza-de-mar-del-plata\/","name":"Robaron un busto de bronce de Eva Per\u00f3n en una plaza de Mar del Plata - InfoPBA247","isPartOf":{"@id":"https:\/\/infopba247.com.ar\/#website"},"primaryImageOfPage":{"@id":"https:\/\/infopba247.com.ar\/index.php\/2023\/12\/07\/robaron-un-busto-de-bronce-de-eva-peron-en-una-plaza-de-mar-del-plata\/#primaryimage"},"image":{"@id":"https:\/\/infopba247.com.ar\/index.php\/2023\/12\/07\/robaron-un-busto-de-bronce-de-eva-peron-en-una-plaza-de-mar-del-plata\/#primaryimage"},"thumbnailUrl":"https:\/\/infopba247.com.ar\/wp-content\/uploads\/2023\/12\/Busto-Eva-MDQ.jpg","datePublished":"2023-12-07T15:51:14+00:00","dateModified":"2023-12-07T15:51:15+00:00","breadcrumb":{"@id":"https:\/\/infopba247.com.ar\/index.php\/2023\/12\/07\/robaron-un-busto-de-bronce-de-eva-peron-en-una-plaza-de-mar-del-plata\/#breadcrumb"},"inLanguage":"es","potentialAction":[{"@type":"ReadAction","target":["https:\/\/infopba247.com.ar\/index.php\/2023\/12\/07\/robaron-un-busto-de-bronce-de-eva-peron-en-una-plaza-de-mar-del-plata\/"]}]},{"@type":"ImageObject","inLanguage":"es","@id":"https:\/\/infopba247.com.ar\/index.php\/2023\/12\/07\/robaron-un-busto-de-bronce-de-eva-peron-en-una-plaza-de-mar-del-plata\/#primaryimage","url":"https:\/\/infopba247.com.ar\/wp-content\/uploads\/2023\/12\/Busto-Eva-MDQ.jpg","contentUrl":"https:\/\/infopba247.com.ar\/wp-content\/uploads\/2023\/12\/Busto-Eva-MDQ.jpg","width":1398,"height":898},{"@type":"BreadcrumbList","@id":"https:\/\/infopba247.com.ar\/index.php\/2023\/12\/07\/robaron-un-busto-de-bronce-de-eva-peron-en-una-plaza-de-mar-del-plata\/#breadcrumb","itemListElement":[{"@type":"ListItem","position":1,"name":"Portada","item":"https:\/\/infopba247.com.ar\/"},{"@type":"ListItem","position":2,"name":"Robaron un busto de bronce de Eva Per\u00f3n en una plaza de Mar del Plata"}]},{"@type":"WebSite","@id":"https:\/\/infopba247.com.ar\/#website","url":"https:\/\/infopba247.com.ar\/","name":"InfoPBA247","description":"Toda la actualidad bonaerense","publisher":{"@id":"https:\/\/infopba247.com.ar\/#organization"},"potentialAction":[{"@type":"SearchAction","target":{"@type":"EntryPoint","urlTemplate":"https:\/\/infopba247.com.ar\/?s={search_term_string}"},"query-input":{"@type":"PropertyValueSpecification","valueRequired":true,"valueName":"search_term_string"}}],"inLanguage":"es"},{"@type":"Organization","@id":"https:\/\/infopba247.com.ar\/#organization","name":"InfoPBA247","url":"https:\/\/infopba247.com.ar\/","logo":{"@type":"ImageObject","inLanguage":"es","@id":"https:\/\/infopba247.com.ar\/#\/schema\/logo\/image\/","url":"https:\/\/infopba247.com.ar\/wp-content\/uploads\/2022\/03\/cropped-InfoPBA247-1.png","contentUrl":"https:\/\/infopba247.com.ar\/wp-content\/uploads\/2022\/03\/cropped-InfoPBA247-1.png","width":500,"height":122,"caption":"InfoPBA247"},"image":{"@id":"https:\/\/infopba247.com.ar\/#\/schema\/logo\/image\/"},"sameAs":["https:\/\/www.facebook.com\/InfoPBA"]},{"@type":"Person","@id":"https:\/\/infopba247.com.ar\/#\/schema\/person\/4975f1343a413e57bf839b3eed0099f2","name":"Editor","image":{"@type":"ImageObject","inLanguage":"es","@id":"https:\/\/secure.gravatar.com\/avatar\/d27fe9520667ca53441d36627a1d6b0fa4a813571ec4803687a7a3a7744685ac?s=96&d=mm&r=g","url":"https:\/\/secure.gravatar.com\/avatar\/d27fe9520667ca53441d36627a1d6b0fa4a813571ec4803687a7a3a7744685ac?s=96&d=mm&r=g","contentUrl":"https:\/\/secure.gravatar.com\/avatar\/d27fe9520667ca53441d36627a1d6b0fa4a813571ec4803687a7a3a7744685ac?s=96&d=mm&r=g","caption":"Editor"},"url":"https:\/\/infopba247.com.ar\/index.php\/author\/editor\/"}]}},"_links":{"self":[{"href":"https:\/\/infopba247.com.ar\/index.php\/wp-json\/wp\/v2\/posts\/2996","targetHints":{"allow":["GET"]}}],"collection":[{"href":"https:\/\/infopba247.com.ar\/index.php\/wp-json\/wp\/v2\/posts"}],"about":[{"href":"https:\/\/infopba247.com.ar\/index.php\/wp-json\/wp\/v2\/types\/post"}],"author":[{"embeddable":true,"href":"https:\/\/infopba247.com.ar\/index.php\/wp-json\/wp\/v2\/users\/3"}],"replies":[{"embeddable":true,"href":"https:\/\/infopba247.com.ar\/index.php\/wp-json\/wp\/v2\/comments?post=2996"}],"version-history":[{"count":1,"href":"https:\/\/infopba247.com.ar\/index.php\/wp-json\/wp\/v2\/posts\/2996\/revisions"}],"predecessor-version":[{"id":2998,"href":"https:\/\/infopba247.com.ar\/index.php\/wp-json\/wp\/v2\/posts\/2996\/revisions\/2998"}],"wp:featuredmedia":[{"embeddable":true,"href":"https:\/\/infopba247.com.ar\/index.php\/wp-json\/wp\/v2\/media\/2997"}],"wp:attachment":[{"href":"https:\/\/infopba247.com.ar\/index.php\/wp-json\/wp\/v2\/media?parent=2996"}],"wp:term":[{"taxonomy":"category","embeddable":true,"href":"https:\/\/infopba247.com.ar\/index.php\/wp-json\/wp\/v2\/categories?post=2996"},{"taxonomy":"post_tag","embeddable":true,"href":"https:\/\/infopba247.com.ar\/index.php\/wp-json\/wp\/v2\/tags?post=2996"}],"curies":[{"name":"wp","href":"https:\/\/api.w.org\/{rel}","templated":true}]}}