{"id":2993,"date":"2023-12-06T19:03:23","date_gmt":"2023-12-06T22:03:23","guid":{"rendered":"https:\/\/infopba247.com.ar\/?p=2993"},"modified":"2023-12-06T19:03:23","modified_gmt":"2023-12-06T22:03:23","slug":"se-realizo-la-premiacion-del-primer-concurso-de-fotografia-sobre-identidad-morenense","status":"publish","type":"post","link":"https:\/\/infopba247.com.ar\/index.php\/2023\/12\/06\/se-realizo-la-premiacion-del-primer-concurso-de-fotografia-sobre-identidad-morenense\/","title":{"rendered":"Se realiz\u00f3 la premiaci\u00f3n del primer concurso de fotograf\u00eda sobre identidad morenense"},"content":{"rendered":"\n<p>La intendenta entreg\u00f3 menciones especiales y el premio a Micaela Fern\u00e1ndez, ganadora del certamen. La convocatoria reuni\u00f3 500 fotograf\u00edas, de las cuales se exhibieron 45 correspondientes a 27 personas finalistas<\/p>\n\n\n\n<p>\u201cClic Moreno\u201d, el primer concurso de fotograf\u00eda sobre identidad morenense, fue una iniciativa impulsada por la intendenta Mariel Fern\u00e1ndez, con el objetivo de copilar im\u00e1genes que reflejen la identidad cultural, patrimonial y social del Municipio desde la mirada de las y los habitantes de la ciudad.<\/p>\n\n\n\n<p>El jurado, conformado por la intendenta Mariel Fern\u00e1ndez; el subsecretario de Comunicaci\u00f3n P\u00fablica del Municipio y productor audiovisual, Vicente Linares; y Edgardo Andr\u00e9s Kevorkian, m\u00e1s conocido como KBK, fot\u00f3grafo reconocido a nivel nacional, decidieron otorgar el primer lugar a la fotograf\u00eda presentada bajo el t\u00edtulo \u00abDique Roggero\u00bb, perteneciente a Micaela Fern\u00e1ndez, quien fue premiada con una C\u00e1mara Canon EOS Rebel T7 y un lente 18-55.<\/p>\n\n\n\n<p>Durante la premiaci\u00f3n, la intendenta se\u00f1al\u00f3: \u201cEste concurso es muy importante para el municipio porque siempre trabajamos sobre nuestra identidad\u201d y anunci\u00f3 que \u201cTodas estas fotos las vamos a imprimir en un libro de fotograf\u00edas de Moreno, ese el premio para todas las personas finalistas y nos sirve para poder difundir la cultura y los paisajes de nuestro municipio, porque todav\u00eda muchas personas que habitan Moreno no conocen el Dique, el parque Los Robles y la cultura gaucha que pint\u00f3 Molina Campos en la ribera del r\u00edo.\u201d<\/p>\n\n\n\n<p>Adem\u00e1s, otras 13 obras recibieron menciones especiales por su participaci\u00f3n. La convocatoria reuni\u00f3 500 im\u00e1genes de las cuales se exhibieron 45 pertenecientes a 27 personas finalistas.<\/p>\n","protected":false},"excerpt":{"rendered":"<p>La intendenta entreg\u00f3 menciones especiales y el premio a Micaela Fern\u00e1ndez, ganadora del certamen. La convocatoria reuni\u00f3 500 fotograf\u00edas, de<\/p>\n","protected":false},"author":3,"featured_media":2994,"comment_status":"closed","ping_status":"closed","sticky":false,"template":"","format":"standard","meta":{"colormag_page_container_layout":"default_layout","colormag_page_sidebar_layout":"default_layout","footnotes":""},"categories":[5,1,14],"tags":[],"class_list":["post-2993","post","type-post","status-publish","format-standard","has-post-thumbnail","hentry","category-1ra-seccion","category-destacadas","category-politica"],"yoast_head":"<!-- This site is optimized with the Yoast SEO plugin v27.4 - https:\/\/yoast.com\/product\/yoast-seo-wordpress\/ -->\n<title>Se realiz\u00f3 la premiaci\u00f3n del primer concurso de fotograf\u00eda sobre identidad morenense - InfoPBA247<\/title>\n<meta name=\"robots\" content=\"index, follow, max-snippet:-1, max-image-preview:large, max-video-preview:-1\" \/>\n<link rel=\"canonical\" href=\"https:\/\/infopba247.com.ar\/index.php\/2023\/12\/06\/se-realizo-la-premiacion-del-primer-concurso-de-fotografia-sobre-identidad-morenense\/\" \/>\n<meta property=\"og:locale\" content=\"es_ES\" \/>\n<meta property=\"og:type\" content=\"article\" \/>\n<meta property=\"og:title\" content=\"Se realiz\u00f3 la premiaci\u00f3n del primer concurso de fotograf\u00eda sobre identidad morenense - InfoPBA247\" \/>\n<meta property=\"og:description\" content=\"La intendenta entreg\u00f3 menciones especiales y el premio a Micaela Fern\u00e1ndez, ganadora del certamen. La convocatoria reuni\u00f3 500 fotograf\u00edas, de\" \/>\n<meta property=\"og:url\" content=\"https:\/\/infopba247.com.ar\/index.php\/2023\/12\/06\/se-realizo-la-premiacion-del-primer-concurso-de-fotografia-sobre-identidad-morenense\/\" \/>\n<meta property=\"og:site_name\" content=\"InfoPBA247\" \/>\n<meta property=\"article:publisher\" content=\"https:\/\/www.facebook.com\/InfoPBA\" \/>\n<meta property=\"article:published_time\" content=\"2023-12-06T22:03:23+00:00\" \/>\n<meta property=\"og:image\" content=\"https:\/\/infopba247.com.ar\/wp-content\/uploads\/2023\/12\/GANADORA--scaled.jpg\" \/>\n\t<meta property=\"og:image:width\" content=\"2560\" \/>\n\t<meta property=\"og:image:height\" content=\"1707\" \/>\n\t<meta property=\"og:image:type\" content=\"image\/jpeg\" \/>\n<meta name=\"author\" content=\"Editor\" \/>\n<meta name=\"twitter:card\" content=\"summary_large_image\" \/>\n<meta name=\"twitter:label1\" content=\"Escrito por\" \/>\n\t<meta name=\"twitter:data1\" content=\"Editor\" \/>\n\t<meta name=\"twitter:label2\" content=\"Tiempo de lectura\" \/>\n\t<meta name=\"twitter:data2\" content=\"2 minutos\" \/>\n<script type=\"application\/ld+json\" class=\"yoast-schema-graph\">{\"@context\":\"https:\\\/\\\/schema.org\",\"@graph\":[{\"@type\":\"Article\",\"@id\":\"https:\\\/\\\/infopba247.com.ar\\\/index.php\\\/2023\\\/12\\\/06\\\/se-realizo-la-premiacion-del-primer-concurso-de-fotografia-sobre-identidad-morenense\\\/#article\",\"isPartOf\":{\"@id\":\"https:\\\/\\\/infopba247.com.ar\\\/index.php\\\/2023\\\/12\\\/06\\\/se-realizo-la-premiacion-del-primer-concurso-de-fotografia-sobre-identidad-morenense\\\/\"},\"author\":{\"name\":\"Editor\",\"@id\":\"https:\\\/\\\/infopba247.com.ar\\\/#\\\/schema\\\/person\\\/4975f1343a413e57bf839b3eed0099f2\"},\"headline\":\"Se realiz\u00f3 la premiaci\u00f3n del primer concurso de fotograf\u00eda sobre identidad morenense\",\"datePublished\":\"2023-12-06T22:03:23+00:00\",\"mainEntityOfPage\":{\"@id\":\"https:\\\/\\\/infopba247.com.ar\\\/index.php\\\/2023\\\/12\\\/06\\\/se-realizo-la-premiacion-del-primer-concurso-de-fotografia-sobre-identidad-morenense\\\/\"},\"wordCount\":284,\"publisher\":{\"@id\":\"https:\\\/\\\/infopba247.com.ar\\\/#organization\"},\"image\":{\"@id\":\"https:\\\/\\\/infopba247.com.ar\\\/index.php\\\/2023\\\/12\\\/06\\\/se-realizo-la-premiacion-del-primer-concurso-de-fotografia-sobre-identidad-morenense\\\/#primaryimage\"},\"thumbnailUrl\":\"https:\\\/\\\/infopba247.com.ar\\\/wp-content\\\/uploads\\\/2023\\\/12\\\/GANADORA--scaled.jpg\",\"articleSection\":[\"1ra Secci\u00f3n\",\"Destacadas\",\"Pol\u00edtica\"],\"inLanguage\":\"es\"},{\"@type\":\"WebPage\",\"@id\":\"https:\\\/\\\/infopba247.com.ar\\\/index.php\\\/2023\\\/12\\\/06\\\/se-realizo-la-premiacion-del-primer-concurso-de-fotografia-sobre-identidad-morenense\\\/\",\"url\":\"https:\\\/\\\/infopba247.com.ar\\\/index.php\\\/2023\\\/12\\\/06\\\/se-realizo-la-premiacion-del-primer-concurso-de-fotografia-sobre-identidad-morenense\\\/\",\"name\":\"Se realiz\u00f3 la premiaci\u00f3n del primer concurso de fotograf\u00eda sobre identidad morenense - InfoPBA247\",\"isPartOf\":{\"@id\":\"https:\\\/\\\/infopba247.com.ar\\\/#website\"},\"primaryImageOfPage\":{\"@id\":\"https:\\\/\\\/infopba247.com.ar\\\/index.php\\\/2023\\\/12\\\/06\\\/se-realizo-la-premiacion-del-primer-concurso-de-fotografia-sobre-identidad-morenense\\\/#primaryimage\"},\"image\":{\"@id\":\"https:\\\/\\\/infopba247.com.ar\\\/index.php\\\/2023\\\/12\\\/06\\\/se-realizo-la-premiacion-del-primer-concurso-de-fotografia-sobre-identidad-morenense\\\/#primaryimage\"},\"thumbnailUrl\":\"https:\\\/\\\/infopba247.com.ar\\\/wp-content\\\/uploads\\\/2023\\\/12\\\/GANADORA--scaled.jpg\",\"datePublished\":\"2023-12-06T22:03:23+00:00\",\"breadcrumb\":{\"@id\":\"https:\\\/\\\/infopba247.com.ar\\\/index.php\\\/2023\\\/12\\\/06\\\/se-realizo-la-premiacion-del-primer-concurso-de-fotografia-sobre-identidad-morenense\\\/#breadcrumb\"},\"inLanguage\":\"es\",\"potentialAction\":[{\"@type\":\"ReadAction\",\"target\":[\"https:\\\/\\\/infopba247.com.ar\\\/index.php\\\/2023\\\/12\\\/06\\\/se-realizo-la-premiacion-del-primer-concurso-de-fotografia-sobre-identidad-morenense\\\/\"]}]},{\"@type\":\"ImageObject\",\"inLanguage\":\"es\",\"@id\":\"https:\\\/\\\/infopba247.com.ar\\\/index.php\\\/2023\\\/12\\\/06\\\/se-realizo-la-premiacion-del-primer-concurso-de-fotografia-sobre-identidad-morenense\\\/#primaryimage\",\"url\":\"https:\\\/\\\/infopba247.com.ar\\\/wp-content\\\/uploads\\\/2023\\\/12\\\/GANADORA--scaled.jpg\",\"contentUrl\":\"https:\\\/\\\/infopba247.com.ar\\\/wp-content\\\/uploads\\\/2023\\\/12\\\/GANADORA--scaled.jpg\",\"width\":2560,\"height\":1707},{\"@type\":\"BreadcrumbList\",\"@id\":\"https:\\\/\\\/infopba247.com.ar\\\/index.php\\\/2023\\\/12\\\/06\\\/se-realizo-la-premiacion-del-primer-concurso-de-fotografia-sobre-identidad-morenense\\\/#breadcrumb\",\"itemListElement\":[{\"@type\":\"ListItem\",\"position\":1,\"name\":\"Portada\",\"item\":\"https:\\\/\\\/infopba247.com.ar\\\/\"},{\"@type\":\"ListItem\",\"position\":2,\"name\":\"Se realiz\u00f3 la premiaci\u00f3n del primer concurso de fotograf\u00eda sobre identidad morenense\"}]},{\"@type\":\"WebSite\",\"@id\":\"https:\\\/\\\/infopba247.com.ar\\\/#website\",\"url\":\"https:\\\/\\\/infopba247.com.ar\\\/\",\"name\":\"InfoPBA247\",\"description\":\"Toda la actualidad bonaerense\",\"publisher\":{\"@id\":\"https:\\\/\\\/infopba247.com.ar\\\/#organization\"},\"potentialAction\":[{\"@type\":\"SearchAction\",\"target\":{\"@type\":\"EntryPoint\",\"urlTemplate\":\"https:\\\/\\\/infopba247.com.ar\\\/?s={search_term_string}\"},\"query-input\":{\"@type\":\"PropertyValueSpecification\",\"valueRequired\":true,\"valueName\":\"search_term_string\"}}],\"inLanguage\":\"es\"},{\"@type\":\"Organization\",\"@id\":\"https:\\\/\\\/infopba247.com.ar\\\/#organization\",\"name\":\"InfoPBA247\",\"url\":\"https:\\\/\\\/infopba247.com.ar\\\/\",\"logo\":{\"@type\":\"ImageObject\",\"inLanguage\":\"es\",\"@id\":\"https:\\\/\\\/infopba247.com.ar\\\/#\\\/schema\\\/logo\\\/image\\\/\",\"url\":\"https:\\\/\\\/infopba247.com.ar\\\/wp-content\\\/uploads\\\/2022\\\/03\\\/cropped-InfoPBA247-1.png\",\"contentUrl\":\"https:\\\/\\\/infopba247.com.ar\\\/wp-content\\\/uploads\\\/2022\\\/03\\\/cropped-InfoPBA247-1.png\",\"width\":500,\"height\":122,\"caption\":\"InfoPBA247\"},\"image\":{\"@id\":\"https:\\\/\\\/infopba247.com.ar\\\/#\\\/schema\\\/logo\\\/image\\\/\"},\"sameAs\":[\"https:\\\/\\\/www.facebook.com\\\/InfoPBA\"]},{\"@type\":\"Person\",\"@id\":\"https:\\\/\\\/infopba247.com.ar\\\/#\\\/schema\\\/person\\\/4975f1343a413e57bf839b3eed0099f2\",\"name\":\"Editor\",\"image\":{\"@type\":\"ImageObject\",\"inLanguage\":\"es\",\"@id\":\"https:\\\/\\\/secure.gravatar.com\\\/avatar\\\/d27fe9520667ca53441d36627a1d6b0fa4a813571ec4803687a7a3a7744685ac?s=96&d=mm&r=g\",\"url\":\"https:\\\/\\\/secure.gravatar.com\\\/avatar\\\/d27fe9520667ca53441d36627a1d6b0fa4a813571ec4803687a7a3a7744685ac?s=96&d=mm&r=g\",\"contentUrl\":\"https:\\\/\\\/secure.gravatar.com\\\/avatar\\\/d27fe9520667ca53441d36627a1d6b0fa4a813571ec4803687a7a3a7744685ac?s=96&d=mm&r=g\",\"caption\":\"Editor\"},\"url\":\"https:\\\/\\\/infopba247.com.ar\\\/index.php\\\/author\\\/editor\\\/\"}]}<\/script>\n<!-- \/ Yoast SEO plugin. -->","yoast_head_json":{"title":"Se realiz\u00f3 la premiaci\u00f3n del primer concurso de fotograf\u00eda sobre identidad morenense - InfoPBA247","robots":{"index":"index","follow":"follow","max-snippet":"max-snippet:-1","max-image-preview":"max-image-preview:large","max-video-preview":"max-video-preview:-1"},"canonical":"https:\/\/infopba247.com.ar\/index.php\/2023\/12\/06\/se-realizo-la-premiacion-del-primer-concurso-de-fotografia-sobre-identidad-morenense\/","og_locale":"es_ES","og_type":"article","og_title":"Se realiz\u00f3 la premiaci\u00f3n del primer concurso de fotograf\u00eda sobre identidad morenense - InfoPBA247","og_description":"La intendenta entreg\u00f3 menciones especiales y el premio a Micaela Fern\u00e1ndez, ganadora del certamen. La convocatoria reuni\u00f3 500 fotograf\u00edas, de","og_url":"https:\/\/infopba247.com.ar\/index.php\/2023\/12\/06\/se-realizo-la-premiacion-del-primer-concurso-de-fotografia-sobre-identidad-morenense\/","og_site_name":"InfoPBA247","article_publisher":"https:\/\/www.facebook.com\/InfoPBA","article_published_time":"2023-12-06T22:03:23+00:00","og_image":[{"width":2560,"height":1707,"url":"https:\/\/infopba247.com.ar\/wp-content\/uploads\/2023\/12\/GANADORA--scaled.jpg","type":"image\/jpeg"}],"author":"Editor","twitter_card":"summary_large_image","twitter_misc":{"Escrito por":"Editor","Tiempo de lectura":"2 minutos"},"schema":{"@context":"https:\/\/schema.org","@graph":[{"@type":"Article","@id":"https:\/\/infopba247.com.ar\/index.php\/2023\/12\/06\/se-realizo-la-premiacion-del-primer-concurso-de-fotografia-sobre-identidad-morenense\/#article","isPartOf":{"@id":"https:\/\/infopba247.com.ar\/index.php\/2023\/12\/06\/se-realizo-la-premiacion-del-primer-concurso-de-fotografia-sobre-identidad-morenense\/"},"author":{"name":"Editor","@id":"https:\/\/infopba247.com.ar\/#\/schema\/person\/4975f1343a413e57bf839b3eed0099f2"},"headline":"Se realiz\u00f3 la premiaci\u00f3n del primer concurso de fotograf\u00eda sobre identidad morenense","datePublished":"2023-12-06T22:03:23+00:00","mainEntityOfPage":{"@id":"https:\/\/infopba247.com.ar\/index.php\/2023\/12\/06\/se-realizo-la-premiacion-del-primer-concurso-de-fotografia-sobre-identidad-morenense\/"},"wordCount":284,"publisher":{"@id":"https:\/\/infopba247.com.ar\/#organization"},"image":{"@id":"https:\/\/infopba247.com.ar\/index.php\/2023\/12\/06\/se-realizo-la-premiacion-del-primer-concurso-de-fotografia-sobre-identidad-morenense\/#primaryimage"},"thumbnailUrl":"https:\/\/infopba247.com.ar\/wp-content\/uploads\/2023\/12\/GANADORA--scaled.jpg","articleSection":["1ra Secci\u00f3n","Destacadas","Pol\u00edtica"],"inLanguage":"es"},{"@type":"WebPage","@id":"https:\/\/infopba247.com.ar\/index.php\/2023\/12\/06\/se-realizo-la-premiacion-del-primer-concurso-de-fotografia-sobre-identidad-morenense\/","url":"https:\/\/infopba247.com.ar\/index.php\/2023\/12\/06\/se-realizo-la-premiacion-del-primer-concurso-de-fotografia-sobre-identidad-morenense\/","name":"Se realiz\u00f3 la premiaci\u00f3n del primer concurso de fotograf\u00eda sobre identidad morenense - InfoPBA247","isPartOf":{"@id":"https:\/\/infopba247.com.ar\/#website"},"primaryImageOfPage":{"@id":"https:\/\/infopba247.com.ar\/index.php\/2023\/12\/06\/se-realizo-la-premiacion-del-primer-concurso-de-fotografia-sobre-identidad-morenense\/#primaryimage"},"image":{"@id":"https:\/\/infopba247.com.ar\/index.php\/2023\/12\/06\/se-realizo-la-premiacion-del-primer-concurso-de-fotografia-sobre-identidad-morenense\/#primaryimage"},"thumbnailUrl":"https:\/\/infopba247.com.ar\/wp-content\/uploads\/2023\/12\/GANADORA--scaled.jpg","datePublished":"2023-12-06T22:03:23+00:00","breadcrumb":{"@id":"https:\/\/infopba247.com.ar\/index.php\/2023\/12\/06\/se-realizo-la-premiacion-del-primer-concurso-de-fotografia-sobre-identidad-morenense\/#breadcrumb"},"inLanguage":"es","potentialAction":[{"@type":"ReadAction","target":["https:\/\/infopba247.com.ar\/index.php\/2023\/12\/06\/se-realizo-la-premiacion-del-primer-concurso-de-fotografia-sobre-identidad-morenense\/"]}]},{"@type":"ImageObject","inLanguage":"es","@id":"https:\/\/infopba247.com.ar\/index.php\/2023\/12\/06\/se-realizo-la-premiacion-del-primer-concurso-de-fotografia-sobre-identidad-morenense\/#primaryimage","url":"https:\/\/infopba247.com.ar\/wp-content\/uploads\/2023\/12\/GANADORA--scaled.jpg","contentUrl":"https:\/\/infopba247.com.ar\/wp-content\/uploads\/2023\/12\/GANADORA--scaled.jpg","width":2560,"height":1707},{"@type":"BreadcrumbList","@id":"https:\/\/infopba247.com.ar\/index.php\/2023\/12\/06\/se-realizo-la-premiacion-del-primer-concurso-de-fotografia-sobre-identidad-morenense\/#breadcrumb","itemListElement":[{"@type":"ListItem","position":1,"name":"Portada","item":"https:\/\/infopba247.com.ar\/"},{"@type":"ListItem","position":2,"name":"Se realiz\u00f3 la premiaci\u00f3n del primer concurso de fotograf\u00eda sobre identidad morenense"}]},{"@type":"WebSite","@id":"https:\/\/infopba247.com.ar\/#website","url":"https:\/\/infopba247.com.ar\/","name":"InfoPBA247","description":"Toda la actualidad bonaerense","publisher":{"@id":"https:\/\/infopba247.com.ar\/#organization"},"potentialAction":[{"@type":"SearchAction","target":{"@type":"EntryPoint","urlTemplate":"https:\/\/infopba247.com.ar\/?s={search_term_string}"},"query-input":{"@type":"PropertyValueSpecification","valueRequired":true,"valueName":"search_term_string"}}],"inLanguage":"es"},{"@type":"Organization","@id":"https:\/\/infopba247.com.ar\/#organization","name":"InfoPBA247","url":"https:\/\/infopba247.com.ar\/","logo":{"@type":"ImageObject","inLanguage":"es","@id":"https:\/\/infopba247.com.ar\/#\/schema\/logo\/image\/","url":"https:\/\/infopba247.com.ar\/wp-content\/uploads\/2022\/03\/cropped-InfoPBA247-1.png","contentUrl":"https:\/\/infopba247.com.ar\/wp-content\/uploads\/2022\/03\/cropped-InfoPBA247-1.png","width":500,"height":122,"caption":"InfoPBA247"},"image":{"@id":"https:\/\/infopba247.com.ar\/#\/schema\/logo\/image\/"},"sameAs":["https:\/\/www.facebook.com\/InfoPBA"]},{"@type":"Person","@id":"https:\/\/infopba247.com.ar\/#\/schema\/person\/4975f1343a413e57bf839b3eed0099f2","name":"Editor","image":{"@type":"ImageObject","inLanguage":"es","@id":"https:\/\/secure.gravatar.com\/avatar\/d27fe9520667ca53441d36627a1d6b0fa4a813571ec4803687a7a3a7744685ac?s=96&d=mm&r=g","url":"https:\/\/secure.gravatar.com\/avatar\/d27fe9520667ca53441d36627a1d6b0fa4a813571ec4803687a7a3a7744685ac?s=96&d=mm&r=g","contentUrl":"https:\/\/secure.gravatar.com\/avatar\/d27fe9520667ca53441d36627a1d6b0fa4a813571ec4803687a7a3a7744685ac?s=96&d=mm&r=g","caption":"Editor"},"url":"https:\/\/infopba247.com.ar\/index.php\/author\/editor\/"}]}},"_links":{"self":[{"href":"https:\/\/infopba247.com.ar\/index.php\/wp-json\/wp\/v2\/posts\/2993","targetHints":{"allow":["GET"]}}],"collection":[{"href":"https:\/\/infopba247.com.ar\/index.php\/wp-json\/wp\/v2\/posts"}],"about":[{"href":"https:\/\/infopba247.com.ar\/index.php\/wp-json\/wp\/v2\/types\/post"}],"author":[{"embeddable":true,"href":"https:\/\/infopba247.com.ar\/index.php\/wp-json\/wp\/v2\/users\/3"}],"replies":[{"embeddable":true,"href":"https:\/\/infopba247.com.ar\/index.php\/wp-json\/wp\/v2\/comments?post=2993"}],"version-history":[{"count":1,"href":"https:\/\/infopba247.com.ar\/index.php\/wp-json\/wp\/v2\/posts\/2993\/revisions"}],"predecessor-version":[{"id":2995,"href":"https:\/\/infopba247.com.ar\/index.php\/wp-json\/wp\/v2\/posts\/2993\/revisions\/2995"}],"wp:featuredmedia":[{"embeddable":true,"href":"https:\/\/infopba247.com.ar\/index.php\/wp-json\/wp\/v2\/media\/2994"}],"wp:attachment":[{"href":"https:\/\/infopba247.com.ar\/index.php\/wp-json\/wp\/v2\/media?parent=2993"}],"wp:term":[{"taxonomy":"category","embeddable":true,"href":"https:\/\/infopba247.com.ar\/index.php\/wp-json\/wp\/v2\/categories?post=2993"},{"taxonomy":"post_tag","embeddable":true,"href":"https:\/\/infopba247.com.ar\/index.php\/wp-json\/wp\/v2\/tags?post=2993"}],"curies":[{"name":"wp","href":"https:\/\/api.w.org\/{rel}","templated":true}]}}