{"id":2976,"date":"2023-12-04T13:50:53","date_gmt":"2023-12-04T16:50:53","guid":{"rendered":"https:\/\/infopba247.com.ar\/?p=2976"},"modified":"2023-12-04T13:50:53","modified_gmt":"2023-12-04T16:50:53","slug":"cuando-cobraran-el-aguinaldo-los-estatales-y-docentes-de-la-provincia-de-buenos-airesavatar","status":"publish","type":"post","link":"https:\/\/infopba247.com.ar\/index.php\/2023\/12\/04\/cuando-cobraran-el-aguinaldo-los-estatales-y-docentes-de-la-provincia-de-buenos-airesavatar\/","title":{"rendered":"Cu\u00e1ndo cobrar\u00e1n el aguinaldo los estatales y docentes de la provincia de Buenos AiresAvatar"},"content":{"rendered":"\n<p>Seg\u00fan establece la Ley de Contrato de Trabajo (LCT), la segunda cuota del SAC se deber\u00e1 depositar el 18 de diciembre de 2023. Sin embargo, la legislaci\u00f3n admite una tolerancia de hasta cuatro d\u00edas h\u00e1biles de demora en el pago, por lo que los empleados p\u00fablicos de la provincia de Buenos Aires pueden cobrar el aguinaldo hasta el 23 de diciembre.<\/p>\n\n\n\n<p>En 2022, la provincia de Buenos Aires pag\u00f3 la segunda cuota del aguinaldo el 22 de diciembre. Este a\u00f1o deber\u00e1 concretarse entre el lunes 18 y el s\u00e1bado 23 de diciembre.<\/p>\n\n\n\n<p>El cambio de gobierno y la promesa de un gran ajuste de Javier Milei pusieron en dudas la capacidad de las provincia para pagar el aguinaldo. Adem\u00e1s, la eliminaci\u00f3n de la cuarta categor\u00eda del Impuesto a las Ganancias ya comenz\u00f3 a afectar en los recursos que Naci\u00f3n coparticipa con las provincias.<\/p>\n\n\n\n<p>A estos problemas, en Buenos Aires sum\u00f3 la ca\u00edda de la sesi\u00f3n en la Legislatura bonaerense por decisi\u00f3nde del bloque JxC para tratar el endeudamiento en pesos equivalente a 150 millones de d\u00f3lares que hab\u00eda solicitado el gobernador Axel Kicillof.<\/p>\n\n\n\n<p>Sin embargo, la semana pasada el ministro de Econom\u00eda, Sergio Massa, recibi\u00f3 a gobernadores de todos los espacios pol\u00edticos y garantiz\u00f3 la asistencia de las arcas nacionales para hacer frente a esos compromisos.<\/p>\n\n\n\n<p>\u00abRecib\u00ed a los gobernadores para garantizar que las provincias tengan los fondos que permitan el pago de sueldos y aguinaldos de diciembre\u00bb, expres\u00f3 Massa desde sus redes sociales.<\/p>\n\n\n\n<p>El excandidato a presidente detall\u00f3 que esos recursos ser\u00e1n \u00abtransferidos por la Naci\u00f3n del Fondo de Aportes del Tesoro Nacional (ATN) no utilizados en este ejercicio y del pago de una deuda actualizada del Consenso Fiscal del 2018, sin afectar de esta forma al Presupuesto 2024\u2033.<\/p>\n\n\n\n<p>La provincia de Buenos Aires es la m\u00e1s perjudicada en materia de coparticipaci\u00f3n ya que aporta cerca del 40% de los fondos y recibe apenas un 22%.<\/p>\n\n\n\n<p>Buenos Aires es, junto a C\u00f3rdoba, la provincia que menos gasta y que menos empleados p\u00fablicos tiene en proporci\u00f3n a la cantidad de habitantes. Actualmente tiene 34 trabajadores estatales cada mil habitantes.<\/p>\n\n\n\n<p>Para calcular el aguinaldo se debe tomar el 50% de la mayor remuneraci\u00f3n mensual devengada por todo concepto (sueldo b\u00e1sico, horas extra y cualquier otro extra percibido) dentro de los dos semestres que culminan en los meses de junio y diciembre de cada a\u00f1o.<\/p>\n","protected":false},"excerpt":{"rendered":"<p>Seg\u00fan establece la Ley de Contrato de Trabajo (LCT), la segunda cuota del SAC se deber\u00e1 depositar el 18 de<\/p>\n","protected":false},"author":3,"featured_media":2977,"comment_status":"closed","ping_status":"closed","sticky":false,"template":"","format":"standard","meta":{"colormag_page_container_layout":"default_layout","colormag_page_sidebar_layout":"default_layout","footnotes":""},"categories":[16],"tags":[],"class_list":["post-2976","post","type-post","status-publish","format-standard","has-post-thumbnail","hentry","category-interes-general"],"yoast_head":"<!-- This site is optimized with the Yoast SEO plugin v27.4 - https:\/\/yoast.com\/product\/yoast-seo-wordpress\/ -->\n<title>Cu\u00e1ndo cobrar\u00e1n el aguinaldo los estatales y docentes de la provincia de Buenos AiresAvatar - InfoPBA247<\/title>\n<meta name=\"robots\" content=\"index, follow, max-snippet:-1, max-image-preview:large, max-video-preview:-1\" \/>\n<link rel=\"canonical\" href=\"https:\/\/infopba247.com.ar\/index.php\/2023\/12\/04\/cuando-cobraran-el-aguinaldo-los-estatales-y-docentes-de-la-provincia-de-buenos-airesavatar\/\" \/>\n<meta property=\"og:locale\" content=\"es_ES\" \/>\n<meta property=\"og:type\" content=\"article\" \/>\n<meta property=\"og:title\" content=\"Cu\u00e1ndo cobrar\u00e1n el aguinaldo los estatales y docentes de la provincia de Buenos AiresAvatar - InfoPBA247\" \/>\n<meta property=\"og:description\" content=\"Seg\u00fan establece la Ley de Contrato de Trabajo (LCT), la segunda cuota del SAC se deber\u00e1 depositar el 18 de\" \/>\n<meta property=\"og:url\" content=\"https:\/\/infopba247.com.ar\/index.php\/2023\/12\/04\/cuando-cobraran-el-aguinaldo-los-estatales-y-docentes-de-la-provincia-de-buenos-airesavatar\/\" \/>\n<meta property=\"og:site_name\" content=\"InfoPBA247\" \/>\n<meta property=\"article:publisher\" content=\"https:\/\/www.facebook.com\/InfoPBA\" \/>\n<meta property=\"article:published_time\" content=\"2023-12-04T16:50:53+00:00\" \/>\n<meta property=\"og:image\" content=\"https:\/\/infopba247.com.ar\/wp-content\/uploads\/2023\/12\/banco-provincia.jpg\" \/>\n\t<meta property=\"og:image:width\" content=\"1200\" \/>\n\t<meta property=\"og:image:height\" content=\"750\" \/>\n\t<meta property=\"og:image:type\" content=\"image\/jpeg\" \/>\n<meta name=\"author\" content=\"Editor\" \/>\n<meta name=\"twitter:card\" content=\"summary_large_image\" \/>\n<meta name=\"twitter:label1\" content=\"Escrito por\" \/>\n\t<meta name=\"twitter:data1\" content=\"Editor\" \/>\n\t<meta name=\"twitter:label2\" content=\"Tiempo de lectura\" \/>\n\t<meta name=\"twitter:data2\" content=\"2 minutos\" \/>\n<script type=\"application\/ld+json\" class=\"yoast-schema-graph\">{\"@context\":\"https:\\\/\\\/schema.org\",\"@graph\":[{\"@type\":\"Article\",\"@id\":\"https:\\\/\\\/infopba247.com.ar\\\/index.php\\\/2023\\\/12\\\/04\\\/cuando-cobraran-el-aguinaldo-los-estatales-y-docentes-de-la-provincia-de-buenos-airesavatar\\\/#article\",\"isPartOf\":{\"@id\":\"https:\\\/\\\/infopba247.com.ar\\\/index.php\\\/2023\\\/12\\\/04\\\/cuando-cobraran-el-aguinaldo-los-estatales-y-docentes-de-la-provincia-de-buenos-airesavatar\\\/\"},\"author\":{\"name\":\"Editor\",\"@id\":\"https:\\\/\\\/infopba247.com.ar\\\/#\\\/schema\\\/person\\\/4975f1343a413e57bf839b3eed0099f2\"},\"headline\":\"Cu\u00e1ndo cobrar\u00e1n el aguinaldo los estatales y docentes de la provincia de Buenos AiresAvatar\",\"datePublished\":\"2023-12-04T16:50:53+00:00\",\"mainEntityOfPage\":{\"@id\":\"https:\\\/\\\/infopba247.com.ar\\\/index.php\\\/2023\\\/12\\\/04\\\/cuando-cobraran-el-aguinaldo-los-estatales-y-docentes-de-la-provincia-de-buenos-airesavatar\\\/\"},\"wordCount\":423,\"publisher\":{\"@id\":\"https:\\\/\\\/infopba247.com.ar\\\/#organization\"},\"image\":{\"@id\":\"https:\\\/\\\/infopba247.com.ar\\\/index.php\\\/2023\\\/12\\\/04\\\/cuando-cobraran-el-aguinaldo-los-estatales-y-docentes-de-la-provincia-de-buenos-airesavatar\\\/#primaryimage\"},\"thumbnailUrl\":\"https:\\\/\\\/infopba247.com.ar\\\/wp-content\\\/uploads\\\/2023\\\/12\\\/banco-provincia.jpg\",\"articleSection\":[\"Inter\u00e9s General\"],\"inLanguage\":\"es\"},{\"@type\":\"WebPage\",\"@id\":\"https:\\\/\\\/infopba247.com.ar\\\/index.php\\\/2023\\\/12\\\/04\\\/cuando-cobraran-el-aguinaldo-los-estatales-y-docentes-de-la-provincia-de-buenos-airesavatar\\\/\",\"url\":\"https:\\\/\\\/infopba247.com.ar\\\/index.php\\\/2023\\\/12\\\/04\\\/cuando-cobraran-el-aguinaldo-los-estatales-y-docentes-de-la-provincia-de-buenos-airesavatar\\\/\",\"name\":\"Cu\u00e1ndo cobrar\u00e1n el aguinaldo los estatales y docentes de la provincia de Buenos AiresAvatar - InfoPBA247\",\"isPartOf\":{\"@id\":\"https:\\\/\\\/infopba247.com.ar\\\/#website\"},\"primaryImageOfPage\":{\"@id\":\"https:\\\/\\\/infopba247.com.ar\\\/index.php\\\/2023\\\/12\\\/04\\\/cuando-cobraran-el-aguinaldo-los-estatales-y-docentes-de-la-provincia-de-buenos-airesavatar\\\/#primaryimage\"},\"image\":{\"@id\":\"https:\\\/\\\/infopba247.com.ar\\\/index.php\\\/2023\\\/12\\\/04\\\/cuando-cobraran-el-aguinaldo-los-estatales-y-docentes-de-la-provincia-de-buenos-airesavatar\\\/#primaryimage\"},\"thumbnailUrl\":\"https:\\\/\\\/infopba247.com.ar\\\/wp-content\\\/uploads\\\/2023\\\/12\\\/banco-provincia.jpg\",\"datePublished\":\"2023-12-04T16:50:53+00:00\",\"breadcrumb\":{\"@id\":\"https:\\\/\\\/infopba247.com.ar\\\/index.php\\\/2023\\\/12\\\/04\\\/cuando-cobraran-el-aguinaldo-los-estatales-y-docentes-de-la-provincia-de-buenos-airesavatar\\\/#breadcrumb\"},\"inLanguage\":\"es\",\"potentialAction\":[{\"@type\":\"ReadAction\",\"target\":[\"https:\\\/\\\/infopba247.com.ar\\\/index.php\\\/2023\\\/12\\\/04\\\/cuando-cobraran-el-aguinaldo-los-estatales-y-docentes-de-la-provincia-de-buenos-airesavatar\\\/\"]}]},{\"@type\":\"ImageObject\",\"inLanguage\":\"es\",\"@id\":\"https:\\\/\\\/infopba247.com.ar\\\/index.php\\\/2023\\\/12\\\/04\\\/cuando-cobraran-el-aguinaldo-los-estatales-y-docentes-de-la-provincia-de-buenos-airesavatar\\\/#primaryimage\",\"url\":\"https:\\\/\\\/infopba247.com.ar\\\/wp-content\\\/uploads\\\/2023\\\/12\\\/banco-provincia.jpg\",\"contentUrl\":\"https:\\\/\\\/infopba247.com.ar\\\/wp-content\\\/uploads\\\/2023\\\/12\\\/banco-provincia.jpg\",\"width\":1200,\"height\":750},{\"@type\":\"BreadcrumbList\",\"@id\":\"https:\\\/\\\/infopba247.com.ar\\\/index.php\\\/2023\\\/12\\\/04\\\/cuando-cobraran-el-aguinaldo-los-estatales-y-docentes-de-la-provincia-de-buenos-airesavatar\\\/#breadcrumb\",\"itemListElement\":[{\"@type\":\"ListItem\",\"position\":1,\"name\":\"Portada\",\"item\":\"https:\\\/\\\/infopba247.com.ar\\\/\"},{\"@type\":\"ListItem\",\"position\":2,\"name\":\"Cu\u00e1ndo cobrar\u00e1n el aguinaldo los estatales y docentes de la provincia de Buenos AiresAvatar\"}]},{\"@type\":\"WebSite\",\"@id\":\"https:\\\/\\\/infopba247.com.ar\\\/#website\",\"url\":\"https:\\\/\\\/infopba247.com.ar\\\/\",\"name\":\"InfoPBA247\",\"description\":\"Toda la actualidad bonaerense\",\"publisher\":{\"@id\":\"https:\\\/\\\/infopba247.com.ar\\\/#organization\"},\"potentialAction\":[{\"@type\":\"SearchAction\",\"target\":{\"@type\":\"EntryPoint\",\"urlTemplate\":\"https:\\\/\\\/infopba247.com.ar\\\/?s={search_term_string}\"},\"query-input\":{\"@type\":\"PropertyValueSpecification\",\"valueRequired\":true,\"valueName\":\"search_term_string\"}}],\"inLanguage\":\"es\"},{\"@type\":\"Organization\",\"@id\":\"https:\\\/\\\/infopba247.com.ar\\\/#organization\",\"name\":\"InfoPBA247\",\"url\":\"https:\\\/\\\/infopba247.com.ar\\\/\",\"logo\":{\"@type\":\"ImageObject\",\"inLanguage\":\"es\",\"@id\":\"https:\\\/\\\/infopba247.com.ar\\\/#\\\/schema\\\/logo\\\/image\\\/\",\"url\":\"https:\\\/\\\/infopba247.com.ar\\\/wp-content\\\/uploads\\\/2022\\\/03\\\/cropped-InfoPBA247-1.png\",\"contentUrl\":\"https:\\\/\\\/infopba247.com.ar\\\/wp-content\\\/uploads\\\/2022\\\/03\\\/cropped-InfoPBA247-1.png\",\"width\":500,\"height\":122,\"caption\":\"InfoPBA247\"},\"image\":{\"@id\":\"https:\\\/\\\/infopba247.com.ar\\\/#\\\/schema\\\/logo\\\/image\\\/\"},\"sameAs\":[\"https:\\\/\\\/www.facebook.com\\\/InfoPBA\"]},{\"@type\":\"Person\",\"@id\":\"https:\\\/\\\/infopba247.com.ar\\\/#\\\/schema\\\/person\\\/4975f1343a413e57bf839b3eed0099f2\",\"name\":\"Editor\",\"image\":{\"@type\":\"ImageObject\",\"inLanguage\":\"es\",\"@id\":\"https:\\\/\\\/secure.gravatar.com\\\/avatar\\\/d27fe9520667ca53441d36627a1d6b0fa4a813571ec4803687a7a3a7744685ac?s=96&d=mm&r=g\",\"url\":\"https:\\\/\\\/secure.gravatar.com\\\/avatar\\\/d27fe9520667ca53441d36627a1d6b0fa4a813571ec4803687a7a3a7744685ac?s=96&d=mm&r=g\",\"contentUrl\":\"https:\\\/\\\/secure.gravatar.com\\\/avatar\\\/d27fe9520667ca53441d36627a1d6b0fa4a813571ec4803687a7a3a7744685ac?s=96&d=mm&r=g\",\"caption\":\"Editor\"},\"url\":\"https:\\\/\\\/infopba247.com.ar\\\/index.php\\\/author\\\/editor\\\/\"}]}<\/script>\n<!-- \/ Yoast SEO plugin. -->","yoast_head_json":{"title":"Cu\u00e1ndo cobrar\u00e1n el aguinaldo los estatales y docentes de la provincia de Buenos AiresAvatar - InfoPBA247","robots":{"index":"index","follow":"follow","max-snippet":"max-snippet:-1","max-image-preview":"max-image-preview:large","max-video-preview":"max-video-preview:-1"},"canonical":"https:\/\/infopba247.com.ar\/index.php\/2023\/12\/04\/cuando-cobraran-el-aguinaldo-los-estatales-y-docentes-de-la-provincia-de-buenos-airesavatar\/","og_locale":"es_ES","og_type":"article","og_title":"Cu\u00e1ndo cobrar\u00e1n el aguinaldo los estatales y docentes de la provincia de Buenos AiresAvatar - InfoPBA247","og_description":"Seg\u00fan establece la Ley de Contrato de Trabajo (LCT), la segunda cuota del SAC se deber\u00e1 depositar el 18 de","og_url":"https:\/\/infopba247.com.ar\/index.php\/2023\/12\/04\/cuando-cobraran-el-aguinaldo-los-estatales-y-docentes-de-la-provincia-de-buenos-airesavatar\/","og_site_name":"InfoPBA247","article_publisher":"https:\/\/www.facebook.com\/InfoPBA","article_published_time":"2023-12-04T16:50:53+00:00","og_image":[{"width":1200,"height":750,"url":"https:\/\/infopba247.com.ar\/wp-content\/uploads\/2023\/12\/banco-provincia.jpg","type":"image\/jpeg"}],"author":"Editor","twitter_card":"summary_large_image","twitter_misc":{"Escrito por":"Editor","Tiempo de lectura":"2 minutos"},"schema":{"@context":"https:\/\/schema.org","@graph":[{"@type":"Article","@id":"https:\/\/infopba247.com.ar\/index.php\/2023\/12\/04\/cuando-cobraran-el-aguinaldo-los-estatales-y-docentes-de-la-provincia-de-buenos-airesavatar\/#article","isPartOf":{"@id":"https:\/\/infopba247.com.ar\/index.php\/2023\/12\/04\/cuando-cobraran-el-aguinaldo-los-estatales-y-docentes-de-la-provincia-de-buenos-airesavatar\/"},"author":{"name":"Editor","@id":"https:\/\/infopba247.com.ar\/#\/schema\/person\/4975f1343a413e57bf839b3eed0099f2"},"headline":"Cu\u00e1ndo cobrar\u00e1n el aguinaldo los estatales y docentes de la provincia de Buenos AiresAvatar","datePublished":"2023-12-04T16:50:53+00:00","mainEntityOfPage":{"@id":"https:\/\/infopba247.com.ar\/index.php\/2023\/12\/04\/cuando-cobraran-el-aguinaldo-los-estatales-y-docentes-de-la-provincia-de-buenos-airesavatar\/"},"wordCount":423,"publisher":{"@id":"https:\/\/infopba247.com.ar\/#organization"},"image":{"@id":"https:\/\/infopba247.com.ar\/index.php\/2023\/12\/04\/cuando-cobraran-el-aguinaldo-los-estatales-y-docentes-de-la-provincia-de-buenos-airesavatar\/#primaryimage"},"thumbnailUrl":"https:\/\/infopba247.com.ar\/wp-content\/uploads\/2023\/12\/banco-provincia.jpg","articleSection":["Inter\u00e9s General"],"inLanguage":"es"},{"@type":"WebPage","@id":"https:\/\/infopba247.com.ar\/index.php\/2023\/12\/04\/cuando-cobraran-el-aguinaldo-los-estatales-y-docentes-de-la-provincia-de-buenos-airesavatar\/","url":"https:\/\/infopba247.com.ar\/index.php\/2023\/12\/04\/cuando-cobraran-el-aguinaldo-los-estatales-y-docentes-de-la-provincia-de-buenos-airesavatar\/","name":"Cu\u00e1ndo cobrar\u00e1n el aguinaldo los estatales y docentes de la provincia de Buenos AiresAvatar - InfoPBA247","isPartOf":{"@id":"https:\/\/infopba247.com.ar\/#website"},"primaryImageOfPage":{"@id":"https:\/\/infopba247.com.ar\/index.php\/2023\/12\/04\/cuando-cobraran-el-aguinaldo-los-estatales-y-docentes-de-la-provincia-de-buenos-airesavatar\/#primaryimage"},"image":{"@id":"https:\/\/infopba247.com.ar\/index.php\/2023\/12\/04\/cuando-cobraran-el-aguinaldo-los-estatales-y-docentes-de-la-provincia-de-buenos-airesavatar\/#primaryimage"},"thumbnailUrl":"https:\/\/infopba247.com.ar\/wp-content\/uploads\/2023\/12\/banco-provincia.jpg","datePublished":"2023-12-04T16:50:53+00:00","breadcrumb":{"@id":"https:\/\/infopba247.com.ar\/index.php\/2023\/12\/04\/cuando-cobraran-el-aguinaldo-los-estatales-y-docentes-de-la-provincia-de-buenos-airesavatar\/#breadcrumb"},"inLanguage":"es","potentialAction":[{"@type":"ReadAction","target":["https:\/\/infopba247.com.ar\/index.php\/2023\/12\/04\/cuando-cobraran-el-aguinaldo-los-estatales-y-docentes-de-la-provincia-de-buenos-airesavatar\/"]}]},{"@type":"ImageObject","inLanguage":"es","@id":"https:\/\/infopba247.com.ar\/index.php\/2023\/12\/04\/cuando-cobraran-el-aguinaldo-los-estatales-y-docentes-de-la-provincia-de-buenos-airesavatar\/#primaryimage","url":"https:\/\/infopba247.com.ar\/wp-content\/uploads\/2023\/12\/banco-provincia.jpg","contentUrl":"https:\/\/infopba247.com.ar\/wp-content\/uploads\/2023\/12\/banco-provincia.jpg","width":1200,"height":750},{"@type":"BreadcrumbList","@id":"https:\/\/infopba247.com.ar\/index.php\/2023\/12\/04\/cuando-cobraran-el-aguinaldo-los-estatales-y-docentes-de-la-provincia-de-buenos-airesavatar\/#breadcrumb","itemListElement":[{"@type":"ListItem","position":1,"name":"Portada","item":"https:\/\/infopba247.com.ar\/"},{"@type":"ListItem","position":2,"name":"Cu\u00e1ndo cobrar\u00e1n el aguinaldo los estatales y docentes de la provincia de Buenos AiresAvatar"}]},{"@type":"WebSite","@id":"https:\/\/infopba247.com.ar\/#website","url":"https:\/\/infopba247.com.ar\/","name":"InfoPBA247","description":"Toda la actualidad bonaerense","publisher":{"@id":"https:\/\/infopba247.com.ar\/#organization"},"potentialAction":[{"@type":"SearchAction","target":{"@type":"EntryPoint","urlTemplate":"https:\/\/infopba247.com.ar\/?s={search_term_string}"},"query-input":{"@type":"PropertyValueSpecification","valueRequired":true,"valueName":"search_term_string"}}],"inLanguage":"es"},{"@type":"Organization","@id":"https:\/\/infopba247.com.ar\/#organization","name":"InfoPBA247","url":"https:\/\/infopba247.com.ar\/","logo":{"@type":"ImageObject","inLanguage":"es","@id":"https:\/\/infopba247.com.ar\/#\/schema\/logo\/image\/","url":"https:\/\/infopba247.com.ar\/wp-content\/uploads\/2022\/03\/cropped-InfoPBA247-1.png","contentUrl":"https:\/\/infopba247.com.ar\/wp-content\/uploads\/2022\/03\/cropped-InfoPBA247-1.png","width":500,"height":122,"caption":"InfoPBA247"},"image":{"@id":"https:\/\/infopba247.com.ar\/#\/schema\/logo\/image\/"},"sameAs":["https:\/\/www.facebook.com\/InfoPBA"]},{"@type":"Person","@id":"https:\/\/infopba247.com.ar\/#\/schema\/person\/4975f1343a413e57bf839b3eed0099f2","name":"Editor","image":{"@type":"ImageObject","inLanguage":"es","@id":"https:\/\/secure.gravatar.com\/avatar\/d27fe9520667ca53441d36627a1d6b0fa4a813571ec4803687a7a3a7744685ac?s=96&d=mm&r=g","url":"https:\/\/secure.gravatar.com\/avatar\/d27fe9520667ca53441d36627a1d6b0fa4a813571ec4803687a7a3a7744685ac?s=96&d=mm&r=g","contentUrl":"https:\/\/secure.gravatar.com\/avatar\/d27fe9520667ca53441d36627a1d6b0fa4a813571ec4803687a7a3a7744685ac?s=96&d=mm&r=g","caption":"Editor"},"url":"https:\/\/infopba247.com.ar\/index.php\/author\/editor\/"}]}},"_links":{"self":[{"href":"https:\/\/infopba247.com.ar\/index.php\/wp-json\/wp\/v2\/posts\/2976","targetHints":{"allow":["GET"]}}],"collection":[{"href":"https:\/\/infopba247.com.ar\/index.php\/wp-json\/wp\/v2\/posts"}],"about":[{"href":"https:\/\/infopba247.com.ar\/index.php\/wp-json\/wp\/v2\/types\/post"}],"author":[{"embeddable":true,"href":"https:\/\/infopba247.com.ar\/index.php\/wp-json\/wp\/v2\/users\/3"}],"replies":[{"embeddable":true,"href":"https:\/\/infopba247.com.ar\/index.php\/wp-json\/wp\/v2\/comments?post=2976"}],"version-history":[{"count":1,"href":"https:\/\/infopba247.com.ar\/index.php\/wp-json\/wp\/v2\/posts\/2976\/revisions"}],"predecessor-version":[{"id":2978,"href":"https:\/\/infopba247.com.ar\/index.php\/wp-json\/wp\/v2\/posts\/2976\/revisions\/2978"}],"wp:featuredmedia":[{"embeddable":true,"href":"https:\/\/infopba247.com.ar\/index.php\/wp-json\/wp\/v2\/media\/2977"}],"wp:attachment":[{"href":"https:\/\/infopba247.com.ar\/index.php\/wp-json\/wp\/v2\/media?parent=2976"}],"wp:term":[{"taxonomy":"category","embeddable":true,"href":"https:\/\/infopba247.com.ar\/index.php\/wp-json\/wp\/v2\/categories?post=2976"},{"taxonomy":"post_tag","embeddable":true,"href":"https:\/\/infopba247.com.ar\/index.php\/wp-json\/wp\/v2\/tags?post=2976"}],"curies":[{"name":"wp","href":"https:\/\/api.w.org\/{rel}","templated":true}]}}