{"id":2961,"date":"2023-12-04T11:59:32","date_gmt":"2023-12-04T14:59:32","guid":{"rendered":"https:\/\/infopba247.com.ar\/?p=2961"},"modified":"2023-12-04T11:59:32","modified_gmt":"2023-12-04T14:59:32","slug":"tres-mil-privados-de-la-libertad-se-graduaron-en-carceles-bonaerenses","status":"publish","type":"post","link":"https:\/\/infopba247.com.ar\/index.php\/2023\/12\/04\/tres-mil-privados-de-la-libertad-se-graduaron-en-carceles-bonaerenses\/","title":{"rendered":"Tres mil privados de la libertad se graduaron en c\u00e1rceles bonaerenses"},"content":{"rendered":"\n<p>El Ministro de Justicia y DD.HH, Julio Alak, y el Director General de Cultura y Educaci\u00f3n, Alberto Sileoni, cerraron en la Unidad Penitenciaria 57 de Campana el ciclo lectivo 2023, que alcanz\u00f3 un r\u00e9cord de tres mil estudiantes que egresaron de la escuela primaria y secundaria, y de nivel superior, en las 60 c\u00e1rceles bonaerenses.<\/p>\n\n\n\n<p>La matr\u00edcula total de privados\/as de su libertad que cursan en los distintos niveles educativos asciende a 16.240, r\u00e9cord hist\u00f3rico para un servicio penitenciario.<\/p>\n\n\n\n<p>El sistema penitenciario bonaerense, a trav\u00e9s de la DGCyE; el Ministerio de Trabajo y las universidades nacionales y provinciales, tiene el servicio educativo m\u00e1s grande de Latinoam\u00e9rica, con 32.364 privados\/as de la libertad estudiando, realizando cursos o escuela de oficios, terciarios, escuela t\u00e9cnica y carreras universitarias.<\/p>\n\n\n\n<p>Asimismo, y con docentes del Ministerio de Trabajo, se brinda capacitaci\u00f3n a 16.124 privados\/as de la libertad en diversos cursos de formaci\u00f3n laboral: electricista, plomer\u00eda, carpinter\u00eda, herrer\u00eda y otros oficios que tienen correlato con demanda laboral actual, a efectos de favorecer la inserci\u00f3n laboral extramuros.<\/p>\n\n\n\n<p>En este complejo Campana, adem\u00e1s, se dictar\u00e1n licenciaturas en Emergencias M\u00e9dicas y Econom\u00eda Popular. Mediante un nuevo convenio con la Universidad Nacional Arturo Jauretche, se brindar\u00e1 oferta acad\u00e9mica por primera vez, ya que este complejo carec\u00eda de oferta en ese nivel; la misma permitir\u00e1 que cientos de estudiantes puedan acceder a la formaci\u00f3n universitaria.<\/p>\n\n\n\n<p>Las Universidad P\u00fablicas que tienen convenio con el Ministerio de Justicia son: Universidad Nacional de La Plata, Lomas de Zamora, Arturo Jauretche, Quilmes, Provincial del Sudoeste, del Sur, del Centro, Avellaneda, San Mart\u00edn, Jos\u00e9 C. Paz, entre otras.<\/p>\n\n\n\n<p>Estos programas de formaci\u00f3n se enmarcan en el Plan de Inclusi\u00f3n Penitenciaria, destinado a cambiar el paradigma de la ejecuci\u00f3n de la pena, y que permiti\u00f3 reducir la reincidencia en la Provincia, pasando del 44% en el 2019 al 26% en la actualidad, seg\u00fan estudios de universidades nacionales.<\/p>\n\n\n\n<p>De los estudios de evaluaci\u00f3n de la reincidencia surge que cuando los internos egresan de carreras universitarias, la reincidencia es cero.<\/p>\n","protected":false},"excerpt":{"rendered":"<p>El Ministro de Justicia y DD.HH, Julio Alak, y el Director General de Cultura y Educaci\u00f3n, Alberto Sileoni, cerraron en<\/p>\n","protected":false},"author":3,"featured_media":2962,"comment_status":"closed","ping_status":"closed","sticky":false,"template":"","format":"standard","meta":{"colormag_page_container_layout":"default_layout","colormag_page_sidebar_layout":"default_layout","footnotes":""},"categories":[5,1,14],"tags":[],"class_list":["post-2961","post","type-post","status-publish","format-standard","has-post-thumbnail","hentry","category-1ra-seccion","category-destacadas","category-politica"],"yoast_head":"<!-- This site is optimized with the Yoast SEO plugin v27.4 - https:\/\/yoast.com\/product\/yoast-seo-wordpress\/ -->\n<title>Tres mil privados de la libertad se graduaron en c\u00e1rceles bonaerenses - InfoPBA247<\/title>\n<meta name=\"robots\" content=\"index, follow, max-snippet:-1, max-image-preview:large, max-video-preview:-1\" \/>\n<link rel=\"canonical\" href=\"https:\/\/infopba247.com.ar\/index.php\/2023\/12\/04\/tres-mil-privados-de-la-libertad-se-graduaron-en-carceles-bonaerenses\/\" \/>\n<meta property=\"og:locale\" content=\"es_ES\" \/>\n<meta property=\"og:type\" content=\"article\" \/>\n<meta property=\"og:title\" content=\"Tres mil privados de la libertad se graduaron en c\u00e1rceles bonaerenses - InfoPBA247\" \/>\n<meta property=\"og:description\" content=\"El Ministro de Justicia y DD.HH, Julio Alak, y el Director General de Cultura y Educaci\u00f3n, Alberto Sileoni, cerraron en\" \/>\n<meta property=\"og:url\" content=\"https:\/\/infopba247.com.ar\/index.php\/2023\/12\/04\/tres-mil-privados-de-la-libertad-se-graduaron-en-carceles-bonaerenses\/\" \/>\n<meta property=\"og:site_name\" content=\"InfoPBA247\" \/>\n<meta property=\"article:publisher\" content=\"https:\/\/www.facebook.com\/InfoPBA\" \/>\n<meta property=\"article:published_time\" content=\"2023-12-04T14:59:32+00:00\" \/>\n<meta property=\"og:image\" content=\"https:\/\/infopba247.com.ar\/wp-content\/uploads\/2023\/12\/Gacetilla-SPB-2.jpeg\" \/>\n\t<meta property=\"og:image:width\" content=\"1599\" \/>\n\t<meta property=\"og:image:height\" content=\"1066\" \/>\n\t<meta property=\"og:image:type\" content=\"image\/jpeg\" \/>\n<meta name=\"author\" content=\"Editor\" \/>\n<meta name=\"twitter:card\" content=\"summary_large_image\" \/>\n<meta name=\"twitter:label1\" content=\"Escrito por\" \/>\n\t<meta name=\"twitter:data1\" content=\"Editor\" \/>\n\t<meta name=\"twitter:label2\" content=\"Tiempo de lectura\" \/>\n\t<meta name=\"twitter:data2\" content=\"2 minutos\" \/>\n<script type=\"application\/ld+json\" class=\"yoast-schema-graph\">{\"@context\":\"https:\\\/\\\/schema.org\",\"@graph\":[{\"@type\":\"Article\",\"@id\":\"https:\\\/\\\/infopba247.com.ar\\\/index.php\\\/2023\\\/12\\\/04\\\/tres-mil-privados-de-la-libertad-se-graduaron-en-carceles-bonaerenses\\\/#article\",\"isPartOf\":{\"@id\":\"https:\\\/\\\/infopba247.com.ar\\\/index.php\\\/2023\\\/12\\\/04\\\/tres-mil-privados-de-la-libertad-se-graduaron-en-carceles-bonaerenses\\\/\"},\"author\":{\"name\":\"Editor\",\"@id\":\"https:\\\/\\\/infopba247.com.ar\\\/#\\\/schema\\\/person\\\/4975f1343a413e57bf839b3eed0099f2\"},\"headline\":\"Tres mil privados de la libertad se graduaron en c\u00e1rceles bonaerenses\",\"datePublished\":\"2023-12-04T14:59:32+00:00\",\"mainEntityOfPage\":{\"@id\":\"https:\\\/\\\/infopba247.com.ar\\\/index.php\\\/2023\\\/12\\\/04\\\/tres-mil-privados-de-la-libertad-se-graduaron-en-carceles-bonaerenses\\\/\"},\"wordCount\":368,\"publisher\":{\"@id\":\"https:\\\/\\\/infopba247.com.ar\\\/#organization\"},\"image\":{\"@id\":\"https:\\\/\\\/infopba247.com.ar\\\/index.php\\\/2023\\\/12\\\/04\\\/tres-mil-privados-de-la-libertad-se-graduaron-en-carceles-bonaerenses\\\/#primaryimage\"},\"thumbnailUrl\":\"https:\\\/\\\/infopba247.com.ar\\\/wp-content\\\/uploads\\\/2023\\\/12\\\/Gacetilla-SPB-2.jpeg\",\"articleSection\":[\"1ra Secci\u00f3n\",\"Destacadas\",\"Pol\u00edtica\"],\"inLanguage\":\"es\"},{\"@type\":\"WebPage\",\"@id\":\"https:\\\/\\\/infopba247.com.ar\\\/index.php\\\/2023\\\/12\\\/04\\\/tres-mil-privados-de-la-libertad-se-graduaron-en-carceles-bonaerenses\\\/\",\"url\":\"https:\\\/\\\/infopba247.com.ar\\\/index.php\\\/2023\\\/12\\\/04\\\/tres-mil-privados-de-la-libertad-se-graduaron-en-carceles-bonaerenses\\\/\",\"name\":\"Tres mil privados de la libertad se graduaron en c\u00e1rceles bonaerenses - InfoPBA247\",\"isPartOf\":{\"@id\":\"https:\\\/\\\/infopba247.com.ar\\\/#website\"},\"primaryImageOfPage\":{\"@id\":\"https:\\\/\\\/infopba247.com.ar\\\/index.php\\\/2023\\\/12\\\/04\\\/tres-mil-privados-de-la-libertad-se-graduaron-en-carceles-bonaerenses\\\/#primaryimage\"},\"image\":{\"@id\":\"https:\\\/\\\/infopba247.com.ar\\\/index.php\\\/2023\\\/12\\\/04\\\/tres-mil-privados-de-la-libertad-se-graduaron-en-carceles-bonaerenses\\\/#primaryimage\"},\"thumbnailUrl\":\"https:\\\/\\\/infopba247.com.ar\\\/wp-content\\\/uploads\\\/2023\\\/12\\\/Gacetilla-SPB-2.jpeg\",\"datePublished\":\"2023-12-04T14:59:32+00:00\",\"breadcrumb\":{\"@id\":\"https:\\\/\\\/infopba247.com.ar\\\/index.php\\\/2023\\\/12\\\/04\\\/tres-mil-privados-de-la-libertad-se-graduaron-en-carceles-bonaerenses\\\/#breadcrumb\"},\"inLanguage\":\"es\",\"potentialAction\":[{\"@type\":\"ReadAction\",\"target\":[\"https:\\\/\\\/infopba247.com.ar\\\/index.php\\\/2023\\\/12\\\/04\\\/tres-mil-privados-de-la-libertad-se-graduaron-en-carceles-bonaerenses\\\/\"]}]},{\"@type\":\"ImageObject\",\"inLanguage\":\"es\",\"@id\":\"https:\\\/\\\/infopba247.com.ar\\\/index.php\\\/2023\\\/12\\\/04\\\/tres-mil-privados-de-la-libertad-se-graduaron-en-carceles-bonaerenses\\\/#primaryimage\",\"url\":\"https:\\\/\\\/infopba247.com.ar\\\/wp-content\\\/uploads\\\/2023\\\/12\\\/Gacetilla-SPB-2.jpeg\",\"contentUrl\":\"https:\\\/\\\/infopba247.com.ar\\\/wp-content\\\/uploads\\\/2023\\\/12\\\/Gacetilla-SPB-2.jpeg\",\"width\":1599,\"height\":1066},{\"@type\":\"BreadcrumbList\",\"@id\":\"https:\\\/\\\/infopba247.com.ar\\\/index.php\\\/2023\\\/12\\\/04\\\/tres-mil-privados-de-la-libertad-se-graduaron-en-carceles-bonaerenses\\\/#breadcrumb\",\"itemListElement\":[{\"@type\":\"ListItem\",\"position\":1,\"name\":\"Portada\",\"item\":\"https:\\\/\\\/infopba247.com.ar\\\/\"},{\"@type\":\"ListItem\",\"position\":2,\"name\":\"Tres mil privados de la libertad se graduaron en c\u00e1rceles bonaerenses\"}]},{\"@type\":\"WebSite\",\"@id\":\"https:\\\/\\\/infopba247.com.ar\\\/#website\",\"url\":\"https:\\\/\\\/infopba247.com.ar\\\/\",\"name\":\"InfoPBA247\",\"description\":\"Toda la actualidad bonaerense\",\"publisher\":{\"@id\":\"https:\\\/\\\/infopba247.com.ar\\\/#organization\"},\"potentialAction\":[{\"@type\":\"SearchAction\",\"target\":{\"@type\":\"EntryPoint\",\"urlTemplate\":\"https:\\\/\\\/infopba247.com.ar\\\/?s={search_term_string}\"},\"query-input\":{\"@type\":\"PropertyValueSpecification\",\"valueRequired\":true,\"valueName\":\"search_term_string\"}}],\"inLanguage\":\"es\"},{\"@type\":\"Organization\",\"@id\":\"https:\\\/\\\/infopba247.com.ar\\\/#organization\",\"name\":\"InfoPBA247\",\"url\":\"https:\\\/\\\/infopba247.com.ar\\\/\",\"logo\":{\"@type\":\"ImageObject\",\"inLanguage\":\"es\",\"@id\":\"https:\\\/\\\/infopba247.com.ar\\\/#\\\/schema\\\/logo\\\/image\\\/\",\"url\":\"https:\\\/\\\/infopba247.com.ar\\\/wp-content\\\/uploads\\\/2022\\\/03\\\/cropped-InfoPBA247-1.png\",\"contentUrl\":\"https:\\\/\\\/infopba247.com.ar\\\/wp-content\\\/uploads\\\/2022\\\/03\\\/cropped-InfoPBA247-1.png\",\"width\":500,\"height\":122,\"caption\":\"InfoPBA247\"},\"image\":{\"@id\":\"https:\\\/\\\/infopba247.com.ar\\\/#\\\/schema\\\/logo\\\/image\\\/\"},\"sameAs\":[\"https:\\\/\\\/www.facebook.com\\\/InfoPBA\"]},{\"@type\":\"Person\",\"@id\":\"https:\\\/\\\/infopba247.com.ar\\\/#\\\/schema\\\/person\\\/4975f1343a413e57bf839b3eed0099f2\",\"name\":\"Editor\",\"image\":{\"@type\":\"ImageObject\",\"inLanguage\":\"es\",\"@id\":\"https:\\\/\\\/secure.gravatar.com\\\/avatar\\\/d27fe9520667ca53441d36627a1d6b0fa4a813571ec4803687a7a3a7744685ac?s=96&d=mm&r=g\",\"url\":\"https:\\\/\\\/secure.gravatar.com\\\/avatar\\\/d27fe9520667ca53441d36627a1d6b0fa4a813571ec4803687a7a3a7744685ac?s=96&d=mm&r=g\",\"contentUrl\":\"https:\\\/\\\/secure.gravatar.com\\\/avatar\\\/d27fe9520667ca53441d36627a1d6b0fa4a813571ec4803687a7a3a7744685ac?s=96&d=mm&r=g\",\"caption\":\"Editor\"},\"url\":\"https:\\\/\\\/infopba247.com.ar\\\/index.php\\\/author\\\/editor\\\/\"}]}<\/script>\n<!-- \/ Yoast SEO plugin. -->","yoast_head_json":{"title":"Tres mil privados de la libertad se graduaron en c\u00e1rceles bonaerenses - InfoPBA247","robots":{"index":"index","follow":"follow","max-snippet":"max-snippet:-1","max-image-preview":"max-image-preview:large","max-video-preview":"max-video-preview:-1"},"canonical":"https:\/\/infopba247.com.ar\/index.php\/2023\/12\/04\/tres-mil-privados-de-la-libertad-se-graduaron-en-carceles-bonaerenses\/","og_locale":"es_ES","og_type":"article","og_title":"Tres mil privados de la libertad se graduaron en c\u00e1rceles bonaerenses - InfoPBA247","og_description":"El Ministro de Justicia y DD.HH, Julio Alak, y el Director General de Cultura y Educaci\u00f3n, Alberto Sileoni, cerraron en","og_url":"https:\/\/infopba247.com.ar\/index.php\/2023\/12\/04\/tres-mil-privados-de-la-libertad-se-graduaron-en-carceles-bonaerenses\/","og_site_name":"InfoPBA247","article_publisher":"https:\/\/www.facebook.com\/InfoPBA","article_published_time":"2023-12-04T14:59:32+00:00","og_image":[{"width":1599,"height":1066,"url":"https:\/\/infopba247.com.ar\/wp-content\/uploads\/2023\/12\/Gacetilla-SPB-2.jpeg","type":"image\/jpeg"}],"author":"Editor","twitter_card":"summary_large_image","twitter_misc":{"Escrito por":"Editor","Tiempo de lectura":"2 minutos"},"schema":{"@context":"https:\/\/schema.org","@graph":[{"@type":"Article","@id":"https:\/\/infopba247.com.ar\/index.php\/2023\/12\/04\/tres-mil-privados-de-la-libertad-se-graduaron-en-carceles-bonaerenses\/#article","isPartOf":{"@id":"https:\/\/infopba247.com.ar\/index.php\/2023\/12\/04\/tres-mil-privados-de-la-libertad-se-graduaron-en-carceles-bonaerenses\/"},"author":{"name":"Editor","@id":"https:\/\/infopba247.com.ar\/#\/schema\/person\/4975f1343a413e57bf839b3eed0099f2"},"headline":"Tres mil privados de la libertad se graduaron en c\u00e1rceles bonaerenses","datePublished":"2023-12-04T14:59:32+00:00","mainEntityOfPage":{"@id":"https:\/\/infopba247.com.ar\/index.php\/2023\/12\/04\/tres-mil-privados-de-la-libertad-se-graduaron-en-carceles-bonaerenses\/"},"wordCount":368,"publisher":{"@id":"https:\/\/infopba247.com.ar\/#organization"},"image":{"@id":"https:\/\/infopba247.com.ar\/index.php\/2023\/12\/04\/tres-mil-privados-de-la-libertad-se-graduaron-en-carceles-bonaerenses\/#primaryimage"},"thumbnailUrl":"https:\/\/infopba247.com.ar\/wp-content\/uploads\/2023\/12\/Gacetilla-SPB-2.jpeg","articleSection":["1ra Secci\u00f3n","Destacadas","Pol\u00edtica"],"inLanguage":"es"},{"@type":"WebPage","@id":"https:\/\/infopba247.com.ar\/index.php\/2023\/12\/04\/tres-mil-privados-de-la-libertad-se-graduaron-en-carceles-bonaerenses\/","url":"https:\/\/infopba247.com.ar\/index.php\/2023\/12\/04\/tres-mil-privados-de-la-libertad-se-graduaron-en-carceles-bonaerenses\/","name":"Tres mil privados de la libertad se graduaron en c\u00e1rceles bonaerenses - InfoPBA247","isPartOf":{"@id":"https:\/\/infopba247.com.ar\/#website"},"primaryImageOfPage":{"@id":"https:\/\/infopba247.com.ar\/index.php\/2023\/12\/04\/tres-mil-privados-de-la-libertad-se-graduaron-en-carceles-bonaerenses\/#primaryimage"},"image":{"@id":"https:\/\/infopba247.com.ar\/index.php\/2023\/12\/04\/tres-mil-privados-de-la-libertad-se-graduaron-en-carceles-bonaerenses\/#primaryimage"},"thumbnailUrl":"https:\/\/infopba247.com.ar\/wp-content\/uploads\/2023\/12\/Gacetilla-SPB-2.jpeg","datePublished":"2023-12-04T14:59:32+00:00","breadcrumb":{"@id":"https:\/\/infopba247.com.ar\/index.php\/2023\/12\/04\/tres-mil-privados-de-la-libertad-se-graduaron-en-carceles-bonaerenses\/#breadcrumb"},"inLanguage":"es","potentialAction":[{"@type":"ReadAction","target":["https:\/\/infopba247.com.ar\/index.php\/2023\/12\/04\/tres-mil-privados-de-la-libertad-se-graduaron-en-carceles-bonaerenses\/"]}]},{"@type":"ImageObject","inLanguage":"es","@id":"https:\/\/infopba247.com.ar\/index.php\/2023\/12\/04\/tres-mil-privados-de-la-libertad-se-graduaron-en-carceles-bonaerenses\/#primaryimage","url":"https:\/\/infopba247.com.ar\/wp-content\/uploads\/2023\/12\/Gacetilla-SPB-2.jpeg","contentUrl":"https:\/\/infopba247.com.ar\/wp-content\/uploads\/2023\/12\/Gacetilla-SPB-2.jpeg","width":1599,"height":1066},{"@type":"BreadcrumbList","@id":"https:\/\/infopba247.com.ar\/index.php\/2023\/12\/04\/tres-mil-privados-de-la-libertad-se-graduaron-en-carceles-bonaerenses\/#breadcrumb","itemListElement":[{"@type":"ListItem","position":1,"name":"Portada","item":"https:\/\/infopba247.com.ar\/"},{"@type":"ListItem","position":2,"name":"Tres mil privados de la libertad se graduaron en c\u00e1rceles bonaerenses"}]},{"@type":"WebSite","@id":"https:\/\/infopba247.com.ar\/#website","url":"https:\/\/infopba247.com.ar\/","name":"InfoPBA247","description":"Toda la actualidad bonaerense","publisher":{"@id":"https:\/\/infopba247.com.ar\/#organization"},"potentialAction":[{"@type":"SearchAction","target":{"@type":"EntryPoint","urlTemplate":"https:\/\/infopba247.com.ar\/?s={search_term_string}"},"query-input":{"@type":"PropertyValueSpecification","valueRequired":true,"valueName":"search_term_string"}}],"inLanguage":"es"},{"@type":"Organization","@id":"https:\/\/infopba247.com.ar\/#organization","name":"InfoPBA247","url":"https:\/\/infopba247.com.ar\/","logo":{"@type":"ImageObject","inLanguage":"es","@id":"https:\/\/infopba247.com.ar\/#\/schema\/logo\/image\/","url":"https:\/\/infopba247.com.ar\/wp-content\/uploads\/2022\/03\/cropped-InfoPBA247-1.png","contentUrl":"https:\/\/infopba247.com.ar\/wp-content\/uploads\/2022\/03\/cropped-InfoPBA247-1.png","width":500,"height":122,"caption":"InfoPBA247"},"image":{"@id":"https:\/\/infopba247.com.ar\/#\/schema\/logo\/image\/"},"sameAs":["https:\/\/www.facebook.com\/InfoPBA"]},{"@type":"Person","@id":"https:\/\/infopba247.com.ar\/#\/schema\/person\/4975f1343a413e57bf839b3eed0099f2","name":"Editor","image":{"@type":"ImageObject","inLanguage":"es","@id":"https:\/\/secure.gravatar.com\/avatar\/d27fe9520667ca53441d36627a1d6b0fa4a813571ec4803687a7a3a7744685ac?s=96&d=mm&r=g","url":"https:\/\/secure.gravatar.com\/avatar\/d27fe9520667ca53441d36627a1d6b0fa4a813571ec4803687a7a3a7744685ac?s=96&d=mm&r=g","contentUrl":"https:\/\/secure.gravatar.com\/avatar\/d27fe9520667ca53441d36627a1d6b0fa4a813571ec4803687a7a3a7744685ac?s=96&d=mm&r=g","caption":"Editor"},"url":"https:\/\/infopba247.com.ar\/index.php\/author\/editor\/"}]}},"_links":{"self":[{"href":"https:\/\/infopba247.com.ar\/index.php\/wp-json\/wp\/v2\/posts\/2961","targetHints":{"allow":["GET"]}}],"collection":[{"href":"https:\/\/infopba247.com.ar\/index.php\/wp-json\/wp\/v2\/posts"}],"about":[{"href":"https:\/\/infopba247.com.ar\/index.php\/wp-json\/wp\/v2\/types\/post"}],"author":[{"embeddable":true,"href":"https:\/\/infopba247.com.ar\/index.php\/wp-json\/wp\/v2\/users\/3"}],"replies":[{"embeddable":true,"href":"https:\/\/infopba247.com.ar\/index.php\/wp-json\/wp\/v2\/comments?post=2961"}],"version-history":[{"count":1,"href":"https:\/\/infopba247.com.ar\/index.php\/wp-json\/wp\/v2\/posts\/2961\/revisions"}],"predecessor-version":[{"id":2963,"href":"https:\/\/infopba247.com.ar\/index.php\/wp-json\/wp\/v2\/posts\/2961\/revisions\/2963"}],"wp:featuredmedia":[{"embeddable":true,"href":"https:\/\/infopba247.com.ar\/index.php\/wp-json\/wp\/v2\/media\/2962"}],"wp:attachment":[{"href":"https:\/\/infopba247.com.ar\/index.php\/wp-json\/wp\/v2\/media?parent=2961"}],"wp:term":[{"taxonomy":"category","embeddable":true,"href":"https:\/\/infopba247.com.ar\/index.php\/wp-json\/wp\/v2\/categories?post=2961"},{"taxonomy":"post_tag","embeddable":true,"href":"https:\/\/infopba247.com.ar\/index.php\/wp-json\/wp\/v2\/tags?post=2961"}],"curies":[{"name":"wp","href":"https:\/\/api.w.org\/{rel}","templated":true}]}}