{"id":2959,"date":"2023-11-30T12:07:07","date_gmt":"2023-11-30T15:07:07","guid":{"rendered":"https:\/\/infopba247.com.ar\/?p=2959"},"modified":"2023-11-30T12:07:07","modified_gmt":"2023-11-30T15:07:07","slug":"hernan-arranz-participo-de-la-reunion-que-axel-kicillof-mantuvo-con-intendentes-electos-de-la-provincia","status":"publish","type":"post","link":"https:\/\/infopba247.com.ar\/index.php\/2023\/11\/30\/hernan-arranz-participo-de-la-reunion-que-axel-kicillof-mantuvo-con-intendentes-electos-de-la-provincia\/","title":{"rendered":"Hern\u00e1n Arranz particip\u00f3 de la reuni\u00f3n que Axel Kicillof mantuvo con intendentes electos de la provincia"},"content":{"rendered":"\n<p>El Gobernador Axel Kicillof tuvo un encuentro con los intendentes bonaerenses de Uni\u00f3n por la Patria en Casa de Gobierno, donde hablaron sobre el nuevo escenario pol\u00edtico que deber\u00e1n enfrentar hasta 2027 tras la victoria de Javier Milei. <\/p>\n\n\n\n<p>Entre los presentes estuvo el intendente electo de Monte Hermoso, Hern\u00e1n Arranz, que sostuvo:\u00a0\u00abSe vienen momentos duros para nuestros distritos pero confiamos en que juntos y organizados saldremos adelante\u00bb.<\/p>\n\n\n\n<p>Seg\u00fan se dio a conocer, el recorte de fondos nacionales es una de las principales inquietudes que mostr\u00f3 el mandatario provincial Axel Kicillof en el ida y vuelta que tuvo con los intendentes, a quienes le volc\u00f3 las respuestas e impresiones que tuvo durante su primer acercamiento con Milei a trav\u00e9s de Guillermo Francos.<\/p>\n\n\n\n<p>La gran certeza que se llevaron los mandatarios locales es que el plan econ\u00f3mico que implementar\u00e1 Javier Milei tendr\u00e1 un fuerte impacto en los municipios. Al respecto, Arranz afirm\u00f3 en sus redes sociales:<strong>\u00a0<\/strong>\u00abSabemos que tendremos que resignar importantes obras de infraestructura que solo son posibles con el financiamiento de Naci\u00f3n sumado a la asistencia que le brindaba a nuestra Provincia, que a pesar de ser habitada por el 38% de la poblaci\u00f3n argentina es la que menos recursos per c\u00e1pita tiene, contribuyendo a la recaudaci\u00f3n nacional con el 37,3 del total de los recursos y recibiendo una asignaci\u00f3n de apenas el 22%\u00bb.<\/p>\n\n\n\n<p>Cabe recordar que Axel Kicillof envi\u00f3 un pedido de endeudamiento a la Legislatura bonaerense por el equivalente en pesos a 150 millones de d\u00f3lares para garantizar las partidas de fin de a\u00f1o, entre las que se incluyen el SAC, los programas sociales y las obras p\u00fablicas en ejecuci\u00f3n. Es importante que esto se apruebe ya que el 25 por ciento de los fondos que recibe la Provincia provienen de Naci\u00f3n, la mayor\u00eda de ellos a partir de la coparticipaci\u00f3n. Pero tambi\u00e9n hay recursos extraordinarios, como los Aportes del Tesoro Nacional (ATN), que la provincia de Buenos Aires suele recibir a modo de compensaci\u00f3n por los perjuicios que la Ley de Coparticipaci\u00f3n federal le conlleva. A partir de las declaraciones de Milei, en Calle 6 dan por hecho que a partir del 10 de diciembre no recibir\u00e1n m\u00e1s ATN.<\/p>\n\n\n\n<p>Ante ese nuevo escenario, Kicillof ya avanz\u00f3 en gestiones con los gobiernos de India y Brasil, emprolij\u00f3 los n\u00fameros con Sergio Massa hasta el fin de la gesti\u00f3n actual, y trabaja en el rearmado de su gabinete, pese a que el n\u00facleo duro se mantendr\u00eda.<\/p>\n","protected":false},"excerpt":{"rendered":"<p>El Gobernador Axel Kicillof tuvo un encuentro con los intendentes bonaerenses de Uni\u00f3n por la Patria en Casa de Gobierno,<\/p>\n","protected":false},"author":3,"featured_media":2957,"comment_status":"closed","ping_status":"closed","sticky":false,"template":"","format":"standard","meta":{"colormag_page_container_layout":"default_layout","colormag_page_sidebar_layout":"default_layout","footnotes":""},"categories":[10,1,14],"tags":[],"class_list":["post-2959","post","type-post","status-publish","format-standard","has-post-thumbnail","hentry","category-6ta-seccion","category-destacadas","category-politica"],"yoast_head":"<!-- This site is optimized with the Yoast SEO plugin v27.4 - https:\/\/yoast.com\/product\/yoast-seo-wordpress\/ -->\n<title>Hern\u00e1n Arranz particip\u00f3 de la reuni\u00f3n que Axel Kicillof mantuvo con intendentes electos de la provincia - InfoPBA247<\/title>\n<meta name=\"robots\" content=\"index, follow, max-snippet:-1, max-image-preview:large, max-video-preview:-1\" \/>\n<link rel=\"canonical\" href=\"https:\/\/infopba247.com.ar\/index.php\/2023\/11\/30\/hernan-arranz-participo-de-la-reunion-que-axel-kicillof-mantuvo-con-intendentes-electos-de-la-provincia\/\" \/>\n<meta property=\"og:locale\" content=\"es_ES\" \/>\n<meta property=\"og:type\" content=\"article\" \/>\n<meta property=\"og:title\" content=\"Hern\u00e1n Arranz particip\u00f3 de la reuni\u00f3n que Axel Kicillof mantuvo con intendentes electos de la provincia - InfoPBA247\" \/>\n<meta property=\"og:description\" content=\"El Gobernador Axel Kicillof tuvo un encuentro con los intendentes bonaerenses de Uni\u00f3n por la Patria en Casa de Gobierno,\" \/>\n<meta property=\"og:url\" content=\"https:\/\/infopba247.com.ar\/index.php\/2023\/11\/30\/hernan-arranz-participo-de-la-reunion-que-axel-kicillof-mantuvo-con-intendentes-electos-de-la-provincia\/\" \/>\n<meta property=\"og:site_name\" content=\"InfoPBA247\" \/>\n<meta property=\"article:publisher\" content=\"https:\/\/www.facebook.com\/InfoPBA\" \/>\n<meta property=\"article:published_time\" content=\"2023-11-30T15:07:07+00:00\" \/>\n<meta property=\"og:image\" content=\"https:\/\/infopba247.com.ar\/wp-content\/uploads\/2023\/11\/WhatsApp-Image-2023-11-27-at-18.51.08-1080x600-1.jpeg\" \/>\n\t<meta property=\"og:image:width\" content=\"1080\" \/>\n\t<meta property=\"og:image:height\" content=\"600\" \/>\n\t<meta property=\"og:image:type\" content=\"image\/jpeg\" \/>\n<meta name=\"author\" content=\"Editor\" \/>\n<meta name=\"twitter:card\" content=\"summary_large_image\" \/>\n<meta name=\"twitter:label1\" content=\"Escrito por\" \/>\n\t<meta name=\"twitter:data1\" content=\"Editor\" \/>\n\t<meta name=\"twitter:label2\" content=\"Tiempo de lectura\" \/>\n\t<meta name=\"twitter:data2\" content=\"2 minutos\" \/>\n<script type=\"application\/ld+json\" class=\"yoast-schema-graph\">{\"@context\":\"https:\\\/\\\/schema.org\",\"@graph\":[{\"@type\":\"Article\",\"@id\":\"https:\\\/\\\/infopba247.com.ar\\\/index.php\\\/2023\\\/11\\\/30\\\/hernan-arranz-participo-de-la-reunion-que-axel-kicillof-mantuvo-con-intendentes-electos-de-la-provincia\\\/#article\",\"isPartOf\":{\"@id\":\"https:\\\/\\\/infopba247.com.ar\\\/index.php\\\/2023\\\/11\\\/30\\\/hernan-arranz-participo-de-la-reunion-que-axel-kicillof-mantuvo-con-intendentes-electos-de-la-provincia\\\/\"},\"author\":{\"name\":\"Editor\",\"@id\":\"https:\\\/\\\/infopba247.com.ar\\\/#\\\/schema\\\/person\\\/4975f1343a413e57bf839b3eed0099f2\"},\"headline\":\"Hern\u00e1n Arranz particip\u00f3 de la reuni\u00f3n que Axel Kicillof mantuvo con intendentes electos de la provincia\",\"datePublished\":\"2023-11-30T15:07:07+00:00\",\"mainEntityOfPage\":{\"@id\":\"https:\\\/\\\/infopba247.com.ar\\\/index.php\\\/2023\\\/11\\\/30\\\/hernan-arranz-participo-de-la-reunion-que-axel-kicillof-mantuvo-con-intendentes-electos-de-la-provincia\\\/\"},\"wordCount\":446,\"publisher\":{\"@id\":\"https:\\\/\\\/infopba247.com.ar\\\/#organization\"},\"image\":{\"@id\":\"https:\\\/\\\/infopba247.com.ar\\\/index.php\\\/2023\\\/11\\\/30\\\/hernan-arranz-participo-de-la-reunion-que-axel-kicillof-mantuvo-con-intendentes-electos-de-la-provincia\\\/#primaryimage\"},\"thumbnailUrl\":\"https:\\\/\\\/infopba247.com.ar\\\/wp-content\\\/uploads\\\/2023\\\/11\\\/WhatsApp-Image-2023-11-27-at-18.51.08-1080x600-1.jpeg\",\"articleSection\":[\"6ta Secci\u00f3n\",\"Destacadas\",\"Pol\u00edtica\"],\"inLanguage\":\"es\"},{\"@type\":\"WebPage\",\"@id\":\"https:\\\/\\\/infopba247.com.ar\\\/index.php\\\/2023\\\/11\\\/30\\\/hernan-arranz-participo-de-la-reunion-que-axel-kicillof-mantuvo-con-intendentes-electos-de-la-provincia\\\/\",\"url\":\"https:\\\/\\\/infopba247.com.ar\\\/index.php\\\/2023\\\/11\\\/30\\\/hernan-arranz-participo-de-la-reunion-que-axel-kicillof-mantuvo-con-intendentes-electos-de-la-provincia\\\/\",\"name\":\"Hern\u00e1n Arranz particip\u00f3 de la reuni\u00f3n que Axel Kicillof mantuvo con intendentes electos de la provincia - InfoPBA247\",\"isPartOf\":{\"@id\":\"https:\\\/\\\/infopba247.com.ar\\\/#website\"},\"primaryImageOfPage\":{\"@id\":\"https:\\\/\\\/infopba247.com.ar\\\/index.php\\\/2023\\\/11\\\/30\\\/hernan-arranz-participo-de-la-reunion-que-axel-kicillof-mantuvo-con-intendentes-electos-de-la-provincia\\\/#primaryimage\"},\"image\":{\"@id\":\"https:\\\/\\\/infopba247.com.ar\\\/index.php\\\/2023\\\/11\\\/30\\\/hernan-arranz-participo-de-la-reunion-que-axel-kicillof-mantuvo-con-intendentes-electos-de-la-provincia\\\/#primaryimage\"},\"thumbnailUrl\":\"https:\\\/\\\/infopba247.com.ar\\\/wp-content\\\/uploads\\\/2023\\\/11\\\/WhatsApp-Image-2023-11-27-at-18.51.08-1080x600-1.jpeg\",\"datePublished\":\"2023-11-30T15:07:07+00:00\",\"breadcrumb\":{\"@id\":\"https:\\\/\\\/infopba247.com.ar\\\/index.php\\\/2023\\\/11\\\/30\\\/hernan-arranz-participo-de-la-reunion-que-axel-kicillof-mantuvo-con-intendentes-electos-de-la-provincia\\\/#breadcrumb\"},\"inLanguage\":\"es\",\"potentialAction\":[{\"@type\":\"ReadAction\",\"target\":[\"https:\\\/\\\/infopba247.com.ar\\\/index.php\\\/2023\\\/11\\\/30\\\/hernan-arranz-participo-de-la-reunion-que-axel-kicillof-mantuvo-con-intendentes-electos-de-la-provincia\\\/\"]}]},{\"@type\":\"ImageObject\",\"inLanguage\":\"es\",\"@id\":\"https:\\\/\\\/infopba247.com.ar\\\/index.php\\\/2023\\\/11\\\/30\\\/hernan-arranz-participo-de-la-reunion-que-axel-kicillof-mantuvo-con-intendentes-electos-de-la-provincia\\\/#primaryimage\",\"url\":\"https:\\\/\\\/infopba247.com.ar\\\/wp-content\\\/uploads\\\/2023\\\/11\\\/WhatsApp-Image-2023-11-27-at-18.51.08-1080x600-1.jpeg\",\"contentUrl\":\"https:\\\/\\\/infopba247.com.ar\\\/wp-content\\\/uploads\\\/2023\\\/11\\\/WhatsApp-Image-2023-11-27-at-18.51.08-1080x600-1.jpeg\",\"width\":1080,\"height\":600},{\"@type\":\"BreadcrumbList\",\"@id\":\"https:\\\/\\\/infopba247.com.ar\\\/index.php\\\/2023\\\/11\\\/30\\\/hernan-arranz-participo-de-la-reunion-que-axel-kicillof-mantuvo-con-intendentes-electos-de-la-provincia\\\/#breadcrumb\",\"itemListElement\":[{\"@type\":\"ListItem\",\"position\":1,\"name\":\"Portada\",\"item\":\"https:\\\/\\\/infopba247.com.ar\\\/\"},{\"@type\":\"ListItem\",\"position\":2,\"name\":\"Hern\u00e1n Arranz particip\u00f3 de la reuni\u00f3n que Axel Kicillof mantuvo con intendentes electos de la provincia\"}]},{\"@type\":\"WebSite\",\"@id\":\"https:\\\/\\\/infopba247.com.ar\\\/#website\",\"url\":\"https:\\\/\\\/infopba247.com.ar\\\/\",\"name\":\"InfoPBA247\",\"description\":\"Toda la actualidad bonaerense\",\"publisher\":{\"@id\":\"https:\\\/\\\/infopba247.com.ar\\\/#organization\"},\"potentialAction\":[{\"@type\":\"SearchAction\",\"target\":{\"@type\":\"EntryPoint\",\"urlTemplate\":\"https:\\\/\\\/infopba247.com.ar\\\/?s={search_term_string}\"},\"query-input\":{\"@type\":\"PropertyValueSpecification\",\"valueRequired\":true,\"valueName\":\"search_term_string\"}}],\"inLanguage\":\"es\"},{\"@type\":\"Organization\",\"@id\":\"https:\\\/\\\/infopba247.com.ar\\\/#organization\",\"name\":\"InfoPBA247\",\"url\":\"https:\\\/\\\/infopba247.com.ar\\\/\",\"logo\":{\"@type\":\"ImageObject\",\"inLanguage\":\"es\",\"@id\":\"https:\\\/\\\/infopba247.com.ar\\\/#\\\/schema\\\/logo\\\/image\\\/\",\"url\":\"https:\\\/\\\/infopba247.com.ar\\\/wp-content\\\/uploads\\\/2022\\\/03\\\/cropped-InfoPBA247-1.png\",\"contentUrl\":\"https:\\\/\\\/infopba247.com.ar\\\/wp-content\\\/uploads\\\/2022\\\/03\\\/cropped-InfoPBA247-1.png\",\"width\":500,\"height\":122,\"caption\":\"InfoPBA247\"},\"image\":{\"@id\":\"https:\\\/\\\/infopba247.com.ar\\\/#\\\/schema\\\/logo\\\/image\\\/\"},\"sameAs\":[\"https:\\\/\\\/www.facebook.com\\\/InfoPBA\"]},{\"@type\":\"Person\",\"@id\":\"https:\\\/\\\/infopba247.com.ar\\\/#\\\/schema\\\/person\\\/4975f1343a413e57bf839b3eed0099f2\",\"name\":\"Editor\",\"image\":{\"@type\":\"ImageObject\",\"inLanguage\":\"es\",\"@id\":\"https:\\\/\\\/secure.gravatar.com\\\/avatar\\\/d27fe9520667ca53441d36627a1d6b0fa4a813571ec4803687a7a3a7744685ac?s=96&d=mm&r=g\",\"url\":\"https:\\\/\\\/secure.gravatar.com\\\/avatar\\\/d27fe9520667ca53441d36627a1d6b0fa4a813571ec4803687a7a3a7744685ac?s=96&d=mm&r=g\",\"contentUrl\":\"https:\\\/\\\/secure.gravatar.com\\\/avatar\\\/d27fe9520667ca53441d36627a1d6b0fa4a813571ec4803687a7a3a7744685ac?s=96&d=mm&r=g\",\"caption\":\"Editor\"},\"url\":\"https:\\\/\\\/infopba247.com.ar\\\/index.php\\\/author\\\/editor\\\/\"}]}<\/script>\n<!-- \/ Yoast SEO plugin. -->","yoast_head_json":{"title":"Hern\u00e1n Arranz particip\u00f3 de la reuni\u00f3n que Axel Kicillof mantuvo con intendentes electos de la provincia - InfoPBA247","robots":{"index":"index","follow":"follow","max-snippet":"max-snippet:-1","max-image-preview":"max-image-preview:large","max-video-preview":"max-video-preview:-1"},"canonical":"https:\/\/infopba247.com.ar\/index.php\/2023\/11\/30\/hernan-arranz-participo-de-la-reunion-que-axel-kicillof-mantuvo-con-intendentes-electos-de-la-provincia\/","og_locale":"es_ES","og_type":"article","og_title":"Hern\u00e1n Arranz particip\u00f3 de la reuni\u00f3n que Axel Kicillof mantuvo con intendentes electos de la provincia - InfoPBA247","og_description":"El Gobernador Axel Kicillof tuvo un encuentro con los intendentes bonaerenses de Uni\u00f3n por la Patria en Casa de Gobierno,","og_url":"https:\/\/infopba247.com.ar\/index.php\/2023\/11\/30\/hernan-arranz-participo-de-la-reunion-que-axel-kicillof-mantuvo-con-intendentes-electos-de-la-provincia\/","og_site_name":"InfoPBA247","article_publisher":"https:\/\/www.facebook.com\/InfoPBA","article_published_time":"2023-11-30T15:07:07+00:00","og_image":[{"width":1080,"height":600,"url":"https:\/\/infopba247.com.ar\/wp-content\/uploads\/2023\/11\/WhatsApp-Image-2023-11-27-at-18.51.08-1080x600-1.jpeg","type":"image\/jpeg"}],"author":"Editor","twitter_card":"summary_large_image","twitter_misc":{"Escrito por":"Editor","Tiempo de lectura":"2 minutos"},"schema":{"@context":"https:\/\/schema.org","@graph":[{"@type":"Article","@id":"https:\/\/infopba247.com.ar\/index.php\/2023\/11\/30\/hernan-arranz-participo-de-la-reunion-que-axel-kicillof-mantuvo-con-intendentes-electos-de-la-provincia\/#article","isPartOf":{"@id":"https:\/\/infopba247.com.ar\/index.php\/2023\/11\/30\/hernan-arranz-participo-de-la-reunion-que-axel-kicillof-mantuvo-con-intendentes-electos-de-la-provincia\/"},"author":{"name":"Editor","@id":"https:\/\/infopba247.com.ar\/#\/schema\/person\/4975f1343a413e57bf839b3eed0099f2"},"headline":"Hern\u00e1n Arranz particip\u00f3 de la reuni\u00f3n que Axel Kicillof mantuvo con intendentes electos de la provincia","datePublished":"2023-11-30T15:07:07+00:00","mainEntityOfPage":{"@id":"https:\/\/infopba247.com.ar\/index.php\/2023\/11\/30\/hernan-arranz-participo-de-la-reunion-que-axel-kicillof-mantuvo-con-intendentes-electos-de-la-provincia\/"},"wordCount":446,"publisher":{"@id":"https:\/\/infopba247.com.ar\/#organization"},"image":{"@id":"https:\/\/infopba247.com.ar\/index.php\/2023\/11\/30\/hernan-arranz-participo-de-la-reunion-que-axel-kicillof-mantuvo-con-intendentes-electos-de-la-provincia\/#primaryimage"},"thumbnailUrl":"https:\/\/infopba247.com.ar\/wp-content\/uploads\/2023\/11\/WhatsApp-Image-2023-11-27-at-18.51.08-1080x600-1.jpeg","articleSection":["6ta Secci\u00f3n","Destacadas","Pol\u00edtica"],"inLanguage":"es"},{"@type":"WebPage","@id":"https:\/\/infopba247.com.ar\/index.php\/2023\/11\/30\/hernan-arranz-participo-de-la-reunion-que-axel-kicillof-mantuvo-con-intendentes-electos-de-la-provincia\/","url":"https:\/\/infopba247.com.ar\/index.php\/2023\/11\/30\/hernan-arranz-participo-de-la-reunion-que-axel-kicillof-mantuvo-con-intendentes-electos-de-la-provincia\/","name":"Hern\u00e1n Arranz particip\u00f3 de la reuni\u00f3n que Axel Kicillof mantuvo con intendentes electos de la provincia - InfoPBA247","isPartOf":{"@id":"https:\/\/infopba247.com.ar\/#website"},"primaryImageOfPage":{"@id":"https:\/\/infopba247.com.ar\/index.php\/2023\/11\/30\/hernan-arranz-participo-de-la-reunion-que-axel-kicillof-mantuvo-con-intendentes-electos-de-la-provincia\/#primaryimage"},"image":{"@id":"https:\/\/infopba247.com.ar\/index.php\/2023\/11\/30\/hernan-arranz-participo-de-la-reunion-que-axel-kicillof-mantuvo-con-intendentes-electos-de-la-provincia\/#primaryimage"},"thumbnailUrl":"https:\/\/infopba247.com.ar\/wp-content\/uploads\/2023\/11\/WhatsApp-Image-2023-11-27-at-18.51.08-1080x600-1.jpeg","datePublished":"2023-11-30T15:07:07+00:00","breadcrumb":{"@id":"https:\/\/infopba247.com.ar\/index.php\/2023\/11\/30\/hernan-arranz-participo-de-la-reunion-que-axel-kicillof-mantuvo-con-intendentes-electos-de-la-provincia\/#breadcrumb"},"inLanguage":"es","potentialAction":[{"@type":"ReadAction","target":["https:\/\/infopba247.com.ar\/index.php\/2023\/11\/30\/hernan-arranz-participo-de-la-reunion-que-axel-kicillof-mantuvo-con-intendentes-electos-de-la-provincia\/"]}]},{"@type":"ImageObject","inLanguage":"es","@id":"https:\/\/infopba247.com.ar\/index.php\/2023\/11\/30\/hernan-arranz-participo-de-la-reunion-que-axel-kicillof-mantuvo-con-intendentes-electos-de-la-provincia\/#primaryimage","url":"https:\/\/infopba247.com.ar\/wp-content\/uploads\/2023\/11\/WhatsApp-Image-2023-11-27-at-18.51.08-1080x600-1.jpeg","contentUrl":"https:\/\/infopba247.com.ar\/wp-content\/uploads\/2023\/11\/WhatsApp-Image-2023-11-27-at-18.51.08-1080x600-1.jpeg","width":1080,"height":600},{"@type":"BreadcrumbList","@id":"https:\/\/infopba247.com.ar\/index.php\/2023\/11\/30\/hernan-arranz-participo-de-la-reunion-que-axel-kicillof-mantuvo-con-intendentes-electos-de-la-provincia\/#breadcrumb","itemListElement":[{"@type":"ListItem","position":1,"name":"Portada","item":"https:\/\/infopba247.com.ar\/"},{"@type":"ListItem","position":2,"name":"Hern\u00e1n Arranz particip\u00f3 de la reuni\u00f3n que Axel Kicillof mantuvo con intendentes electos de la provincia"}]},{"@type":"WebSite","@id":"https:\/\/infopba247.com.ar\/#website","url":"https:\/\/infopba247.com.ar\/","name":"InfoPBA247","description":"Toda la actualidad bonaerense","publisher":{"@id":"https:\/\/infopba247.com.ar\/#organization"},"potentialAction":[{"@type":"SearchAction","target":{"@type":"EntryPoint","urlTemplate":"https:\/\/infopba247.com.ar\/?s={search_term_string}"},"query-input":{"@type":"PropertyValueSpecification","valueRequired":true,"valueName":"search_term_string"}}],"inLanguage":"es"},{"@type":"Organization","@id":"https:\/\/infopba247.com.ar\/#organization","name":"InfoPBA247","url":"https:\/\/infopba247.com.ar\/","logo":{"@type":"ImageObject","inLanguage":"es","@id":"https:\/\/infopba247.com.ar\/#\/schema\/logo\/image\/","url":"https:\/\/infopba247.com.ar\/wp-content\/uploads\/2022\/03\/cropped-InfoPBA247-1.png","contentUrl":"https:\/\/infopba247.com.ar\/wp-content\/uploads\/2022\/03\/cropped-InfoPBA247-1.png","width":500,"height":122,"caption":"InfoPBA247"},"image":{"@id":"https:\/\/infopba247.com.ar\/#\/schema\/logo\/image\/"},"sameAs":["https:\/\/www.facebook.com\/InfoPBA"]},{"@type":"Person","@id":"https:\/\/infopba247.com.ar\/#\/schema\/person\/4975f1343a413e57bf839b3eed0099f2","name":"Editor","image":{"@type":"ImageObject","inLanguage":"es","@id":"https:\/\/secure.gravatar.com\/avatar\/d27fe9520667ca53441d36627a1d6b0fa4a813571ec4803687a7a3a7744685ac?s=96&d=mm&r=g","url":"https:\/\/secure.gravatar.com\/avatar\/d27fe9520667ca53441d36627a1d6b0fa4a813571ec4803687a7a3a7744685ac?s=96&d=mm&r=g","contentUrl":"https:\/\/secure.gravatar.com\/avatar\/d27fe9520667ca53441d36627a1d6b0fa4a813571ec4803687a7a3a7744685ac?s=96&d=mm&r=g","caption":"Editor"},"url":"https:\/\/infopba247.com.ar\/index.php\/author\/editor\/"}]}},"_links":{"self":[{"href":"https:\/\/infopba247.com.ar\/index.php\/wp-json\/wp\/v2\/posts\/2959","targetHints":{"allow":["GET"]}}],"collection":[{"href":"https:\/\/infopba247.com.ar\/index.php\/wp-json\/wp\/v2\/posts"}],"about":[{"href":"https:\/\/infopba247.com.ar\/index.php\/wp-json\/wp\/v2\/types\/post"}],"author":[{"embeddable":true,"href":"https:\/\/infopba247.com.ar\/index.php\/wp-json\/wp\/v2\/users\/3"}],"replies":[{"embeddable":true,"href":"https:\/\/infopba247.com.ar\/index.php\/wp-json\/wp\/v2\/comments?post=2959"}],"version-history":[{"count":1,"href":"https:\/\/infopba247.com.ar\/index.php\/wp-json\/wp\/v2\/posts\/2959\/revisions"}],"predecessor-version":[{"id":2960,"href":"https:\/\/infopba247.com.ar\/index.php\/wp-json\/wp\/v2\/posts\/2959\/revisions\/2960"}],"wp:featuredmedia":[{"embeddable":true,"href":"https:\/\/infopba247.com.ar\/index.php\/wp-json\/wp\/v2\/media\/2957"}],"wp:attachment":[{"href":"https:\/\/infopba247.com.ar\/index.php\/wp-json\/wp\/v2\/media?parent=2959"}],"wp:term":[{"taxonomy":"category","embeddable":true,"href":"https:\/\/infopba247.com.ar\/index.php\/wp-json\/wp\/v2\/categories?post=2959"},{"taxonomy":"post_tag","embeddable":true,"href":"https:\/\/infopba247.com.ar\/index.php\/wp-json\/wp\/v2\/tags?post=2959"}],"curies":[{"name":"wp","href":"https:\/\/api.w.org\/{rel}","templated":true}]}}