{"id":295,"date":"2022-04-30T18:24:00","date_gmt":"2022-04-30T18:24:00","guid":{"rendered":"https:\/\/infopba247.com.ar\/?p=295"},"modified":"2022-05-02T18:25:21","modified_gmt":"2022-05-02T18:25:21","slug":"gustavo-posse-y-dalessandro-recibieron-a-carolina-losada-de-cara-al-armado-dentro-de-juntos","status":"publish","type":"post","link":"https:\/\/infopba247.com.ar\/index.php\/2022\/04\/30\/gustavo-posse-y-dalessandro-recibieron-a-carolina-losada-de-cara-al-armado-dentro-de-juntos\/","title":{"rendered":"Gustavo Posse y D\u00b4Alessandro recibieron a Carolina Losada de cara al armado dentro de Juntos"},"content":{"rendered":"\n<p>La agenda tur\u00edstica semanal en los municipios bonaerenses tendr\u00e1 como protagonistas a la gastronom\u00eda y a la m\u00fasica. El intendente de San Isidro, Gustavo Posse, recibi\u00f3 a la vicepresidenta del Senado de la Naci\u00f3n, Carolina Losada, junto al diputado provincial Walter Carusso y al abogado Mauricio D\u2019Alessandro quienes son parte de Espacio Abierto Juntos San Mart\u00edn.<\/p>\n\n\n\n<p>En la oportunidad intercambiaron opiniones sobre la realidad del pa\u00eds, las provincias y el radicalismo que viene. \u201cFue una reuni\u00f3n muy positiva y enriquecedora\u201d, indic\u00f3 el jefe comunal.<\/p>\n\n\n\n<p>\u201cCompartir e integrar nuestra visi\u00f3n sobre la provincia de Buenos Aires y Santa Fe es el camino para una Argentina unida y con oportunidades para todos y todas. Hay que terminar con las mezquindades y el ego\u00edsmo para construir pensando en el bien com\u00fan\u201d, indic\u00f3 Posse despu\u00e9s de la reuni\u00f3n.<\/p>\n\n\n\n<p>Por su parte, Carusso se\u00f1al\u00f3 que \u201cel desaf\u00edo para el futuro es trabajar por una Provincia que se integre al resto de los distritos para el bien de todos. Hay que construir una Provincia distinta y para eso tenemos que tener una mirada amplia para trabajar juntos. Coincidimos con Carolina Losada que tiene una visi\u00f3n integradora de la pol\u00edtica y de la gesti\u00f3n\u201d.<\/p>\n","protected":false},"excerpt":{"rendered":"<p>La agenda tur\u00edstica semanal en los municipios bonaerenses tendr\u00e1 como protagonistas a la gastronom\u00eda y a la m\u00fasica. El intendente<\/p>\n","protected":false},"author":2,"featured_media":296,"comment_status":"closed","ping_status":"closed","sticky":false,"template":"","format":"standard","meta":{"colormag_page_container_layout":"default_layout","colormag_page_sidebar_layout":"default_layout","footnotes":""},"categories":[5,1,14],"tags":[35],"class_list":["post-295","post","type-post","status-publish","format-standard","has-post-thumbnail","hentry","category-1ra-seccion","category-destacadas","category-politica","tag-municipalidad-de-san-isidro"],"yoast_head":"<!-- This site is optimized with the Yoast SEO plugin v27.5 - https:\/\/yoast.com\/product\/yoast-seo-wordpress\/ -->\n<title>Gustavo Posse y D\u00b4Alessandro recibieron a Carolina Losada de cara al armado dentro de Juntos - InfoPBA247<\/title>\n<meta name=\"robots\" content=\"index, follow, max-snippet:-1, max-image-preview:large, max-video-preview:-1\" \/>\n<link rel=\"canonical\" href=\"https:\/\/infopba247.com.ar\/index.php\/2022\/04\/30\/gustavo-posse-y-dalessandro-recibieron-a-carolina-losada-de-cara-al-armado-dentro-de-juntos\/\" \/>\n<meta property=\"og:locale\" content=\"es_ES\" \/>\n<meta property=\"og:type\" content=\"article\" \/>\n<meta property=\"og:title\" content=\"Gustavo Posse y D\u00b4Alessandro recibieron a Carolina Losada de cara al armado dentro de Juntos - InfoPBA247\" \/>\n<meta property=\"og:description\" content=\"La agenda tur\u00edstica semanal en los municipios bonaerenses tendr\u00e1 como protagonistas a la gastronom\u00eda y a la m\u00fasica. El intendente\" \/>\n<meta property=\"og:url\" content=\"https:\/\/infopba247.com.ar\/index.php\/2022\/04\/30\/gustavo-posse-y-dalessandro-recibieron-a-carolina-losada-de-cara-al-armado-dentro-de-juntos\/\" \/>\n<meta property=\"og:site_name\" content=\"InfoPBA247\" \/>\n<meta property=\"article:publisher\" content=\"https:\/\/www.facebook.com\/InfoPBA\" \/>\n<meta property=\"article:published_time\" content=\"2022-04-30T18:24:00+00:00\" \/>\n<meta property=\"article:modified_time\" content=\"2022-05-02T18:25:21+00:00\" \/>\n<meta property=\"og:image\" content=\"https:\/\/infopba247.com.ar\/wp-content\/uploads\/2022\/05\/Posse-Losada-Carusso-y-DAlessandro.jpeg\" \/>\n\t<meta property=\"og:image:width\" content=\"1280\" \/>\n\t<meta property=\"og:image:height\" content=\"854\" \/>\n\t<meta property=\"og:image:type\" content=\"image\/jpeg\" \/>\n<meta name=\"twitter:card\" content=\"summary_large_image\" \/>\n<meta name=\"twitter:label1\" content=\"Escrito por\" \/>\n\t<meta name=\"twitter:data1\" content=\"\" \/>\n\t<meta name=\"twitter:label2\" content=\"Tiempo de lectura\" \/>\n\t<meta name=\"twitter:data2\" content=\"1 minuto\" \/>\n<script type=\"application\/ld+json\" class=\"yoast-schema-graph\">{\"@context\":\"https:\\\/\\\/schema.org\",\"@graph\":[{\"@type\":\"Article\",\"@id\":\"https:\\\/\\\/infopba247.com.ar\\\/index.php\\\/2022\\\/04\\\/30\\\/gustavo-posse-y-dalessandro-recibieron-a-carolina-losada-de-cara-al-armado-dentro-de-juntos\\\/#article\",\"isPartOf\":{\"@id\":\"https:\\\/\\\/infopba247.com.ar\\\/index.php\\\/2022\\\/04\\\/30\\\/gustavo-posse-y-dalessandro-recibieron-a-carolina-losada-de-cara-al-armado-dentro-de-juntos\\\/\"},\"author\":{\"name\":\"\",\"@id\":\"\"},\"headline\":\"Gustavo Posse y D\u00b4Alessandro recibieron a Carolina Losada de cara al armado dentro de Juntos\",\"datePublished\":\"2022-04-30T18:24:00+00:00\",\"dateModified\":\"2022-05-02T18:25:21+00:00\",\"mainEntityOfPage\":{\"@id\":\"https:\\\/\\\/infopba247.com.ar\\\/index.php\\\/2022\\\/04\\\/30\\\/gustavo-posse-y-dalessandro-recibieron-a-carolina-losada-de-cara-al-armado-dentro-de-juntos\\\/\"},\"wordCount\":231,\"publisher\":{\"@id\":\"https:\\\/\\\/infopba247.com.ar\\\/#organization\"},\"image\":{\"@id\":\"https:\\\/\\\/infopba247.com.ar\\\/index.php\\\/2022\\\/04\\\/30\\\/gustavo-posse-y-dalessandro-recibieron-a-carolina-losada-de-cara-al-armado-dentro-de-juntos\\\/#primaryimage\"},\"thumbnailUrl\":\"https:\\\/\\\/infopba247.com.ar\\\/wp-content\\\/uploads\\\/2022\\\/05\\\/Posse-Losada-Carusso-y-DAlessandro.jpeg\",\"keywords\":[\"Municipalidad de San Isidro\"],\"articleSection\":[\"1ra Secci\u00f3n\",\"Destacadas\",\"Pol\u00edtica\"],\"inLanguage\":\"es\"},{\"@type\":\"WebPage\",\"@id\":\"https:\\\/\\\/infopba247.com.ar\\\/index.php\\\/2022\\\/04\\\/30\\\/gustavo-posse-y-dalessandro-recibieron-a-carolina-losada-de-cara-al-armado-dentro-de-juntos\\\/\",\"url\":\"https:\\\/\\\/infopba247.com.ar\\\/index.php\\\/2022\\\/04\\\/30\\\/gustavo-posse-y-dalessandro-recibieron-a-carolina-losada-de-cara-al-armado-dentro-de-juntos\\\/\",\"name\":\"Gustavo Posse y D\u00b4Alessandro recibieron a Carolina Losada de cara al armado dentro de Juntos - InfoPBA247\",\"isPartOf\":{\"@id\":\"https:\\\/\\\/infopba247.com.ar\\\/#website\"},\"primaryImageOfPage\":{\"@id\":\"https:\\\/\\\/infopba247.com.ar\\\/index.php\\\/2022\\\/04\\\/30\\\/gustavo-posse-y-dalessandro-recibieron-a-carolina-losada-de-cara-al-armado-dentro-de-juntos\\\/#primaryimage\"},\"image\":{\"@id\":\"https:\\\/\\\/infopba247.com.ar\\\/index.php\\\/2022\\\/04\\\/30\\\/gustavo-posse-y-dalessandro-recibieron-a-carolina-losada-de-cara-al-armado-dentro-de-juntos\\\/#primaryimage\"},\"thumbnailUrl\":\"https:\\\/\\\/infopba247.com.ar\\\/wp-content\\\/uploads\\\/2022\\\/05\\\/Posse-Losada-Carusso-y-DAlessandro.jpeg\",\"datePublished\":\"2022-04-30T18:24:00+00:00\",\"dateModified\":\"2022-05-02T18:25:21+00:00\",\"breadcrumb\":{\"@id\":\"https:\\\/\\\/infopba247.com.ar\\\/index.php\\\/2022\\\/04\\\/30\\\/gustavo-posse-y-dalessandro-recibieron-a-carolina-losada-de-cara-al-armado-dentro-de-juntos\\\/#breadcrumb\"},\"inLanguage\":\"es\",\"potentialAction\":[{\"@type\":\"ReadAction\",\"target\":[\"https:\\\/\\\/infopba247.com.ar\\\/index.php\\\/2022\\\/04\\\/30\\\/gustavo-posse-y-dalessandro-recibieron-a-carolina-losada-de-cara-al-armado-dentro-de-juntos\\\/\"]}]},{\"@type\":\"ImageObject\",\"inLanguage\":\"es\",\"@id\":\"https:\\\/\\\/infopba247.com.ar\\\/index.php\\\/2022\\\/04\\\/30\\\/gustavo-posse-y-dalessandro-recibieron-a-carolina-losada-de-cara-al-armado-dentro-de-juntos\\\/#primaryimage\",\"url\":\"https:\\\/\\\/infopba247.com.ar\\\/wp-content\\\/uploads\\\/2022\\\/05\\\/Posse-Losada-Carusso-y-DAlessandro.jpeg\",\"contentUrl\":\"https:\\\/\\\/infopba247.com.ar\\\/wp-content\\\/uploads\\\/2022\\\/05\\\/Posse-Losada-Carusso-y-DAlessandro.jpeg\",\"width\":1280,\"height\":854},{\"@type\":\"BreadcrumbList\",\"@id\":\"https:\\\/\\\/infopba247.com.ar\\\/index.php\\\/2022\\\/04\\\/30\\\/gustavo-posse-y-dalessandro-recibieron-a-carolina-losada-de-cara-al-armado-dentro-de-juntos\\\/#breadcrumb\",\"itemListElement\":[{\"@type\":\"ListItem\",\"position\":1,\"name\":\"Portada\",\"item\":\"https:\\\/\\\/infopba247.com.ar\\\/\"},{\"@type\":\"ListItem\",\"position\":2,\"name\":\"Gustavo Posse y D\u00b4Alessandro recibieron a Carolina Losada de cara al armado dentro de Juntos\"}]},{\"@type\":\"WebSite\",\"@id\":\"https:\\\/\\\/infopba247.com.ar\\\/#website\",\"url\":\"https:\\\/\\\/infopba247.com.ar\\\/\",\"name\":\"InfoPBA247\",\"description\":\"Toda la actualidad bonaerense\",\"publisher\":{\"@id\":\"https:\\\/\\\/infopba247.com.ar\\\/#organization\"},\"potentialAction\":[{\"@type\":\"SearchAction\",\"target\":{\"@type\":\"EntryPoint\",\"urlTemplate\":\"https:\\\/\\\/infopba247.com.ar\\\/?s={search_term_string}\"},\"query-input\":{\"@type\":\"PropertyValueSpecification\",\"valueRequired\":true,\"valueName\":\"search_term_string\"}}],\"inLanguage\":\"es\"},{\"@type\":\"Organization\",\"@id\":\"https:\\\/\\\/infopba247.com.ar\\\/#organization\",\"name\":\"InfoPBA247\",\"url\":\"https:\\\/\\\/infopba247.com.ar\\\/\",\"logo\":{\"@type\":\"ImageObject\",\"inLanguage\":\"es\",\"@id\":\"https:\\\/\\\/infopba247.com.ar\\\/#\\\/schema\\\/logo\\\/image\\\/\",\"url\":\"https:\\\/\\\/infopba247.com.ar\\\/wp-content\\\/uploads\\\/2022\\\/03\\\/cropped-InfoPBA247-1.png\",\"contentUrl\":\"https:\\\/\\\/infopba247.com.ar\\\/wp-content\\\/uploads\\\/2022\\\/03\\\/cropped-InfoPBA247-1.png\",\"width\":500,\"height\":122,\"caption\":\"InfoPBA247\"},\"image\":{\"@id\":\"https:\\\/\\\/infopba247.com.ar\\\/#\\\/schema\\\/logo\\\/image\\\/\"},\"sameAs\":[\"https:\\\/\\\/www.facebook.com\\\/InfoPBA\"]},{\"@type\":\"Person\",\"@id\":\"\",\"url\":\"https:\\\/\\\/infopba247.com.ar\\\/index.php\\\/author\\\/\"}]}<\/script>\n<!-- \/ Yoast SEO plugin. -->","yoast_head_json":{"title":"Gustavo Posse y D\u00b4Alessandro recibieron a Carolina Losada de cara al armado dentro de Juntos - InfoPBA247","robots":{"index":"index","follow":"follow","max-snippet":"max-snippet:-1","max-image-preview":"max-image-preview:large","max-video-preview":"max-video-preview:-1"},"canonical":"https:\/\/infopba247.com.ar\/index.php\/2022\/04\/30\/gustavo-posse-y-dalessandro-recibieron-a-carolina-losada-de-cara-al-armado-dentro-de-juntos\/","og_locale":"es_ES","og_type":"article","og_title":"Gustavo Posse y D\u00b4Alessandro recibieron a Carolina Losada de cara al armado dentro de Juntos - InfoPBA247","og_description":"La agenda tur\u00edstica semanal en los municipios bonaerenses tendr\u00e1 como protagonistas a la gastronom\u00eda y a la m\u00fasica. El intendente","og_url":"https:\/\/infopba247.com.ar\/index.php\/2022\/04\/30\/gustavo-posse-y-dalessandro-recibieron-a-carolina-losada-de-cara-al-armado-dentro-de-juntos\/","og_site_name":"InfoPBA247","article_publisher":"https:\/\/www.facebook.com\/InfoPBA","article_published_time":"2022-04-30T18:24:00+00:00","article_modified_time":"2022-05-02T18:25:21+00:00","og_image":[{"width":1280,"height":854,"url":"https:\/\/infopba247.com.ar\/wp-content\/uploads\/2022\/05\/Posse-Losada-Carusso-y-DAlessandro.jpeg","type":"image\/jpeg"}],"twitter_card":"summary_large_image","twitter_misc":{"Escrito por":"","Tiempo de lectura":"1 minuto"},"schema":{"@context":"https:\/\/schema.org","@graph":[{"@type":"Article","@id":"https:\/\/infopba247.com.ar\/index.php\/2022\/04\/30\/gustavo-posse-y-dalessandro-recibieron-a-carolina-losada-de-cara-al-armado-dentro-de-juntos\/#article","isPartOf":{"@id":"https:\/\/infopba247.com.ar\/index.php\/2022\/04\/30\/gustavo-posse-y-dalessandro-recibieron-a-carolina-losada-de-cara-al-armado-dentro-de-juntos\/"},"author":{"name":"","@id":""},"headline":"Gustavo Posse y D\u00b4Alessandro recibieron a Carolina Losada de cara al armado dentro de Juntos","datePublished":"2022-04-30T18:24:00+00:00","dateModified":"2022-05-02T18:25:21+00:00","mainEntityOfPage":{"@id":"https:\/\/infopba247.com.ar\/index.php\/2022\/04\/30\/gustavo-posse-y-dalessandro-recibieron-a-carolina-losada-de-cara-al-armado-dentro-de-juntos\/"},"wordCount":231,"publisher":{"@id":"https:\/\/infopba247.com.ar\/#organization"},"image":{"@id":"https:\/\/infopba247.com.ar\/index.php\/2022\/04\/30\/gustavo-posse-y-dalessandro-recibieron-a-carolina-losada-de-cara-al-armado-dentro-de-juntos\/#primaryimage"},"thumbnailUrl":"https:\/\/infopba247.com.ar\/wp-content\/uploads\/2022\/05\/Posse-Losada-Carusso-y-DAlessandro.jpeg","keywords":["Municipalidad de San Isidro"],"articleSection":["1ra Secci\u00f3n","Destacadas","Pol\u00edtica"],"inLanguage":"es"},{"@type":"WebPage","@id":"https:\/\/infopba247.com.ar\/index.php\/2022\/04\/30\/gustavo-posse-y-dalessandro-recibieron-a-carolina-losada-de-cara-al-armado-dentro-de-juntos\/","url":"https:\/\/infopba247.com.ar\/index.php\/2022\/04\/30\/gustavo-posse-y-dalessandro-recibieron-a-carolina-losada-de-cara-al-armado-dentro-de-juntos\/","name":"Gustavo Posse y D\u00b4Alessandro recibieron a Carolina Losada de cara al armado dentro de Juntos - InfoPBA247","isPartOf":{"@id":"https:\/\/infopba247.com.ar\/#website"},"primaryImageOfPage":{"@id":"https:\/\/infopba247.com.ar\/index.php\/2022\/04\/30\/gustavo-posse-y-dalessandro-recibieron-a-carolina-losada-de-cara-al-armado-dentro-de-juntos\/#primaryimage"},"image":{"@id":"https:\/\/infopba247.com.ar\/index.php\/2022\/04\/30\/gustavo-posse-y-dalessandro-recibieron-a-carolina-losada-de-cara-al-armado-dentro-de-juntos\/#primaryimage"},"thumbnailUrl":"https:\/\/infopba247.com.ar\/wp-content\/uploads\/2022\/05\/Posse-Losada-Carusso-y-DAlessandro.jpeg","datePublished":"2022-04-30T18:24:00+00:00","dateModified":"2022-05-02T18:25:21+00:00","breadcrumb":{"@id":"https:\/\/infopba247.com.ar\/index.php\/2022\/04\/30\/gustavo-posse-y-dalessandro-recibieron-a-carolina-losada-de-cara-al-armado-dentro-de-juntos\/#breadcrumb"},"inLanguage":"es","potentialAction":[{"@type":"ReadAction","target":["https:\/\/infopba247.com.ar\/index.php\/2022\/04\/30\/gustavo-posse-y-dalessandro-recibieron-a-carolina-losada-de-cara-al-armado-dentro-de-juntos\/"]}]},{"@type":"ImageObject","inLanguage":"es","@id":"https:\/\/infopba247.com.ar\/index.php\/2022\/04\/30\/gustavo-posse-y-dalessandro-recibieron-a-carolina-losada-de-cara-al-armado-dentro-de-juntos\/#primaryimage","url":"https:\/\/infopba247.com.ar\/wp-content\/uploads\/2022\/05\/Posse-Losada-Carusso-y-DAlessandro.jpeg","contentUrl":"https:\/\/infopba247.com.ar\/wp-content\/uploads\/2022\/05\/Posse-Losada-Carusso-y-DAlessandro.jpeg","width":1280,"height":854},{"@type":"BreadcrumbList","@id":"https:\/\/infopba247.com.ar\/index.php\/2022\/04\/30\/gustavo-posse-y-dalessandro-recibieron-a-carolina-losada-de-cara-al-armado-dentro-de-juntos\/#breadcrumb","itemListElement":[{"@type":"ListItem","position":1,"name":"Portada","item":"https:\/\/infopba247.com.ar\/"},{"@type":"ListItem","position":2,"name":"Gustavo Posse y D\u00b4Alessandro recibieron a Carolina Losada de cara al armado dentro de Juntos"}]},{"@type":"WebSite","@id":"https:\/\/infopba247.com.ar\/#website","url":"https:\/\/infopba247.com.ar\/","name":"InfoPBA247","description":"Toda la actualidad bonaerense","publisher":{"@id":"https:\/\/infopba247.com.ar\/#organization"},"potentialAction":[{"@type":"SearchAction","target":{"@type":"EntryPoint","urlTemplate":"https:\/\/infopba247.com.ar\/?s={search_term_string}"},"query-input":{"@type":"PropertyValueSpecification","valueRequired":true,"valueName":"search_term_string"}}],"inLanguage":"es"},{"@type":"Organization","@id":"https:\/\/infopba247.com.ar\/#organization","name":"InfoPBA247","url":"https:\/\/infopba247.com.ar\/","logo":{"@type":"ImageObject","inLanguage":"es","@id":"https:\/\/infopba247.com.ar\/#\/schema\/logo\/image\/","url":"https:\/\/infopba247.com.ar\/wp-content\/uploads\/2022\/03\/cropped-InfoPBA247-1.png","contentUrl":"https:\/\/infopba247.com.ar\/wp-content\/uploads\/2022\/03\/cropped-InfoPBA247-1.png","width":500,"height":122,"caption":"InfoPBA247"},"image":{"@id":"https:\/\/infopba247.com.ar\/#\/schema\/logo\/image\/"},"sameAs":["https:\/\/www.facebook.com\/InfoPBA"]},{"@type":"Person","@id":"","url":"https:\/\/infopba247.com.ar\/index.php\/author\/"}]}},"_links":{"self":[{"href":"https:\/\/infopba247.com.ar\/index.php\/wp-json\/wp\/v2\/posts\/295","targetHints":{"allow":["GET"]}}],"collection":[{"href":"https:\/\/infopba247.com.ar\/index.php\/wp-json\/wp\/v2\/posts"}],"about":[{"href":"https:\/\/infopba247.com.ar\/index.php\/wp-json\/wp\/v2\/types\/post"}],"author":[{"embeddable":true,"href":"https:\/\/infopba247.com.ar\/index.php\/wp-json\/wp\/v2\/users\/2"}],"replies":[{"embeddable":true,"href":"https:\/\/infopba247.com.ar\/index.php\/wp-json\/wp\/v2\/comments?post=295"}],"version-history":[{"count":1,"href":"https:\/\/infopba247.com.ar\/index.php\/wp-json\/wp\/v2\/posts\/295\/revisions"}],"predecessor-version":[{"id":297,"href":"https:\/\/infopba247.com.ar\/index.php\/wp-json\/wp\/v2\/posts\/295\/revisions\/297"}],"wp:featuredmedia":[{"embeddable":true,"href":"https:\/\/infopba247.com.ar\/index.php\/wp-json\/wp\/v2\/media\/296"}],"wp:attachment":[{"href":"https:\/\/infopba247.com.ar\/index.php\/wp-json\/wp\/v2\/media?parent=295"}],"wp:term":[{"taxonomy":"category","embeddable":true,"href":"https:\/\/infopba247.com.ar\/index.php\/wp-json\/wp\/v2\/categories?post=295"},{"taxonomy":"post_tag","embeddable":true,"href":"https:\/\/infopba247.com.ar\/index.php\/wp-json\/wp\/v2\/tags?post=295"}],"curies":[{"name":"wp","href":"https:\/\/api.w.org\/{rel}","templated":true}]}}