{"id":2865,"date":"2023-11-22T09:23:50","date_gmt":"2023-11-22T12:23:50","guid":{"rendered":"https:\/\/infopba247.com.ar\/?p=2865"},"modified":"2023-11-22T09:23:50","modified_gmt":"2023-11-22T12:23:50","slug":"alberto-fernandez-y-javier-milei-hicieron-la-primera-reunion-para-iniciar-la-transicion","status":"publish","type":"post","link":"https:\/\/infopba247.com.ar\/index.php\/2023\/11\/22\/alberto-fernandez-y-javier-milei-hicieron-la-primera-reunion-para-iniciar-la-transicion\/","title":{"rendered":"Alberto Fern\u00e1ndez y Javier Milei hicieron la primera reuni\u00f3n para iniciar la transici\u00f3n"},"content":{"rendered":"\n<p>El encuentro entre el presidente en funciones y el presidente electo se llev\u00f3 adelante \u00abcon el objeto de dar inicio al proceso de transici\u00f3n institucional entre los equipos designados por ambos en las distintas \u00e1reas de gobierno\u00bb.<\/p>\n\n\n\n<p>El presidente Alberto Fern\u00e1ndez se reuni\u00f3 la ma\u00f1ana de este martes con el jefe de Estado electo, Javier Milei, en el marco de la transici\u00f3n hacia el inicio de la pr\u00f3xima gesti\u00f3n, el 10 de diciembre.<\/p>\n\n\n\n<p>\u00abEl Presidente Alberto Fern\u00e1ndez recibi\u00f3 esta ma\u00f1ana al Presidente electo, Javier Milei, El encuentro se llev\u00f3 adelante en la residencia presidencial de Olivos, para dar inicio al proceso de transici\u00f3n institucional entre los equipos designados por ambos en las distintas \u00e1reas de gobierno\u00bb, se\u00f1al\u00f3 un comunicado difundido por la portavoz de la Presidencia, Gabriela Cerruti, que fue difundido en las redes sociales.<\/p>\n\n\n\n<p>Junto con la comunicaci\u00f3n se public\u00f3 una foto del encuentro, en la cual puede verse a ambos sentados en un sector de la Residencia de Olivos en torno a una peque\u00f1a mesa.<\/p>\n\n\n\n<p>El futuro mandatario asisti\u00f3 al encuentro junto con Nicol\u00e1s Posse, quien fue anunciado el lunes como el pr\u00f3ximo jefe de Gabinete del gobierno de la LLA.<\/p>\n\n\n\n<p>En un comunicado difundido el lunes en la red social X a trav\u00e9s de la cuenta creada con el nombre de Oficina del Presidente, se inform\u00f3 que \u00abno habr\u00e1 ning\u00fan anuncio de nombramientos respecto a cargos del futuro gobierno hasta el d\u00eda de la asunci\u00f3n\u00bb.<\/p>\n","protected":false},"excerpt":{"rendered":"<p>El encuentro entre el presidente en funciones y el presidente electo se llev\u00f3 adelante \u00abcon el objeto de dar inicio<\/p>\n","protected":false},"author":3,"featured_media":2866,"comment_status":"closed","ping_status":"closed","sticky":false,"template":"","format":"standard","meta":{"colormag_page_container_layout":"default_layout","colormag_page_sidebar_layout":"default_layout","footnotes":""},"categories":[1,14],"tags":[],"class_list":["post-2865","post","type-post","status-publish","format-standard","has-post-thumbnail","hentry","category-destacadas","category-politica"],"yoast_head":"<!-- This site is optimized with the Yoast SEO plugin v27.4 - https:\/\/yoast.com\/product\/yoast-seo-wordpress\/ -->\n<title>Alberto Fern\u00e1ndez y Javier Milei hicieron la primera reuni\u00f3n para iniciar la transici\u00f3n - InfoPBA247<\/title>\n<meta name=\"robots\" content=\"index, follow, max-snippet:-1, max-image-preview:large, max-video-preview:-1\" \/>\n<link rel=\"canonical\" href=\"https:\/\/infopba247.com.ar\/index.php\/2023\/11\/22\/alberto-fernandez-y-javier-milei-hicieron-la-primera-reunion-para-iniciar-la-transicion\/\" \/>\n<meta property=\"og:locale\" content=\"es_ES\" \/>\n<meta property=\"og:type\" content=\"article\" \/>\n<meta property=\"og:title\" content=\"Alberto Fern\u00e1ndez y Javier Milei hicieron la primera reuni\u00f3n para iniciar la transici\u00f3n - InfoPBA247\" \/>\n<meta property=\"og:description\" content=\"El encuentro entre el presidente en funciones y el presidente electo se llev\u00f3 adelante \u00abcon el objeto de dar inicio\" \/>\n<meta property=\"og:url\" content=\"https:\/\/infopba247.com.ar\/index.php\/2023\/11\/22\/alberto-fernandez-y-javier-milei-hicieron-la-primera-reunion-para-iniciar-la-transicion\/\" \/>\n<meta property=\"og:site_name\" content=\"InfoPBA247\" \/>\n<meta property=\"article:publisher\" content=\"https:\/\/www.facebook.com\/InfoPBA\" \/>\n<meta property=\"article:published_time\" content=\"2023-11-22T12:23:50+00:00\" \/>\n<meta property=\"og:image\" content=\"https:\/\/infopba247.com.ar\/wp-content\/uploads\/2023\/11\/af-milei.jpg\" \/>\n\t<meta property=\"og:image:width\" content=\"1200\" \/>\n\t<meta property=\"og:image:height\" content=\"675\" \/>\n\t<meta property=\"og:image:type\" content=\"image\/jpeg\" \/>\n<meta name=\"author\" content=\"Editor\" \/>\n<meta name=\"twitter:card\" content=\"summary_large_image\" \/>\n<meta name=\"twitter:label1\" content=\"Escrito por\" \/>\n\t<meta name=\"twitter:data1\" content=\"Editor\" \/>\n\t<meta name=\"twitter:label2\" content=\"Tiempo de lectura\" \/>\n\t<meta name=\"twitter:data2\" content=\"2 minutos\" \/>\n<script type=\"application\/ld+json\" class=\"yoast-schema-graph\">{\"@context\":\"https:\\\/\\\/schema.org\",\"@graph\":[{\"@type\":\"Article\",\"@id\":\"https:\\\/\\\/infopba247.com.ar\\\/index.php\\\/2023\\\/11\\\/22\\\/alberto-fernandez-y-javier-milei-hicieron-la-primera-reunion-para-iniciar-la-transicion\\\/#article\",\"isPartOf\":{\"@id\":\"https:\\\/\\\/infopba247.com.ar\\\/index.php\\\/2023\\\/11\\\/22\\\/alberto-fernandez-y-javier-milei-hicieron-la-primera-reunion-para-iniciar-la-transicion\\\/\"},\"author\":{\"name\":\"Editor\",\"@id\":\"https:\\\/\\\/infopba247.com.ar\\\/#\\\/schema\\\/person\\\/4975f1343a413e57bf839b3eed0099f2\"},\"headline\":\"Alberto Fern\u00e1ndez y Javier Milei hicieron la primera reuni\u00f3n para iniciar la transici\u00f3n\",\"datePublished\":\"2023-11-22T12:23:50+00:00\",\"mainEntityOfPage\":{\"@id\":\"https:\\\/\\\/infopba247.com.ar\\\/index.php\\\/2023\\\/11\\\/22\\\/alberto-fernandez-y-javier-milei-hicieron-la-primera-reunion-para-iniciar-la-transicion\\\/\"},\"wordCount\":271,\"publisher\":{\"@id\":\"https:\\\/\\\/infopba247.com.ar\\\/#organization\"},\"image\":{\"@id\":\"https:\\\/\\\/infopba247.com.ar\\\/index.php\\\/2023\\\/11\\\/22\\\/alberto-fernandez-y-javier-milei-hicieron-la-primera-reunion-para-iniciar-la-transicion\\\/#primaryimage\"},\"thumbnailUrl\":\"https:\\\/\\\/infopba247.com.ar\\\/wp-content\\\/uploads\\\/2023\\\/11\\\/af-milei.jpg\",\"articleSection\":[\"Destacadas\",\"Pol\u00edtica\"],\"inLanguage\":\"es\"},{\"@type\":\"WebPage\",\"@id\":\"https:\\\/\\\/infopba247.com.ar\\\/index.php\\\/2023\\\/11\\\/22\\\/alberto-fernandez-y-javier-milei-hicieron-la-primera-reunion-para-iniciar-la-transicion\\\/\",\"url\":\"https:\\\/\\\/infopba247.com.ar\\\/index.php\\\/2023\\\/11\\\/22\\\/alberto-fernandez-y-javier-milei-hicieron-la-primera-reunion-para-iniciar-la-transicion\\\/\",\"name\":\"Alberto Fern\u00e1ndez y Javier Milei hicieron la primera reuni\u00f3n para iniciar la transici\u00f3n - InfoPBA247\",\"isPartOf\":{\"@id\":\"https:\\\/\\\/infopba247.com.ar\\\/#website\"},\"primaryImageOfPage\":{\"@id\":\"https:\\\/\\\/infopba247.com.ar\\\/index.php\\\/2023\\\/11\\\/22\\\/alberto-fernandez-y-javier-milei-hicieron-la-primera-reunion-para-iniciar-la-transicion\\\/#primaryimage\"},\"image\":{\"@id\":\"https:\\\/\\\/infopba247.com.ar\\\/index.php\\\/2023\\\/11\\\/22\\\/alberto-fernandez-y-javier-milei-hicieron-la-primera-reunion-para-iniciar-la-transicion\\\/#primaryimage\"},\"thumbnailUrl\":\"https:\\\/\\\/infopba247.com.ar\\\/wp-content\\\/uploads\\\/2023\\\/11\\\/af-milei.jpg\",\"datePublished\":\"2023-11-22T12:23:50+00:00\",\"breadcrumb\":{\"@id\":\"https:\\\/\\\/infopba247.com.ar\\\/index.php\\\/2023\\\/11\\\/22\\\/alberto-fernandez-y-javier-milei-hicieron-la-primera-reunion-para-iniciar-la-transicion\\\/#breadcrumb\"},\"inLanguage\":\"es\",\"potentialAction\":[{\"@type\":\"ReadAction\",\"target\":[\"https:\\\/\\\/infopba247.com.ar\\\/index.php\\\/2023\\\/11\\\/22\\\/alberto-fernandez-y-javier-milei-hicieron-la-primera-reunion-para-iniciar-la-transicion\\\/\"]}]},{\"@type\":\"ImageObject\",\"inLanguage\":\"es\",\"@id\":\"https:\\\/\\\/infopba247.com.ar\\\/index.php\\\/2023\\\/11\\\/22\\\/alberto-fernandez-y-javier-milei-hicieron-la-primera-reunion-para-iniciar-la-transicion\\\/#primaryimage\",\"url\":\"https:\\\/\\\/infopba247.com.ar\\\/wp-content\\\/uploads\\\/2023\\\/11\\\/af-milei.jpg\",\"contentUrl\":\"https:\\\/\\\/infopba247.com.ar\\\/wp-content\\\/uploads\\\/2023\\\/11\\\/af-milei.jpg\",\"width\":1200,\"height\":675},{\"@type\":\"BreadcrumbList\",\"@id\":\"https:\\\/\\\/infopba247.com.ar\\\/index.php\\\/2023\\\/11\\\/22\\\/alberto-fernandez-y-javier-milei-hicieron-la-primera-reunion-para-iniciar-la-transicion\\\/#breadcrumb\",\"itemListElement\":[{\"@type\":\"ListItem\",\"position\":1,\"name\":\"Portada\",\"item\":\"https:\\\/\\\/infopba247.com.ar\\\/\"},{\"@type\":\"ListItem\",\"position\":2,\"name\":\"Alberto Fern\u00e1ndez y Javier Milei hicieron la primera reuni\u00f3n para iniciar la transici\u00f3n\"}]},{\"@type\":\"WebSite\",\"@id\":\"https:\\\/\\\/infopba247.com.ar\\\/#website\",\"url\":\"https:\\\/\\\/infopba247.com.ar\\\/\",\"name\":\"InfoPBA247\",\"description\":\"Toda la actualidad bonaerense\",\"publisher\":{\"@id\":\"https:\\\/\\\/infopba247.com.ar\\\/#organization\"},\"potentialAction\":[{\"@type\":\"SearchAction\",\"target\":{\"@type\":\"EntryPoint\",\"urlTemplate\":\"https:\\\/\\\/infopba247.com.ar\\\/?s={search_term_string}\"},\"query-input\":{\"@type\":\"PropertyValueSpecification\",\"valueRequired\":true,\"valueName\":\"search_term_string\"}}],\"inLanguage\":\"es\"},{\"@type\":\"Organization\",\"@id\":\"https:\\\/\\\/infopba247.com.ar\\\/#organization\",\"name\":\"InfoPBA247\",\"url\":\"https:\\\/\\\/infopba247.com.ar\\\/\",\"logo\":{\"@type\":\"ImageObject\",\"inLanguage\":\"es\",\"@id\":\"https:\\\/\\\/infopba247.com.ar\\\/#\\\/schema\\\/logo\\\/image\\\/\",\"url\":\"https:\\\/\\\/infopba247.com.ar\\\/wp-content\\\/uploads\\\/2022\\\/03\\\/cropped-InfoPBA247-1.png\",\"contentUrl\":\"https:\\\/\\\/infopba247.com.ar\\\/wp-content\\\/uploads\\\/2022\\\/03\\\/cropped-InfoPBA247-1.png\",\"width\":500,\"height\":122,\"caption\":\"InfoPBA247\"},\"image\":{\"@id\":\"https:\\\/\\\/infopba247.com.ar\\\/#\\\/schema\\\/logo\\\/image\\\/\"},\"sameAs\":[\"https:\\\/\\\/www.facebook.com\\\/InfoPBA\"]},{\"@type\":\"Person\",\"@id\":\"https:\\\/\\\/infopba247.com.ar\\\/#\\\/schema\\\/person\\\/4975f1343a413e57bf839b3eed0099f2\",\"name\":\"Editor\",\"image\":{\"@type\":\"ImageObject\",\"inLanguage\":\"es\",\"@id\":\"https:\\\/\\\/secure.gravatar.com\\\/avatar\\\/d27fe9520667ca53441d36627a1d6b0fa4a813571ec4803687a7a3a7744685ac?s=96&d=mm&r=g\",\"url\":\"https:\\\/\\\/secure.gravatar.com\\\/avatar\\\/d27fe9520667ca53441d36627a1d6b0fa4a813571ec4803687a7a3a7744685ac?s=96&d=mm&r=g\",\"contentUrl\":\"https:\\\/\\\/secure.gravatar.com\\\/avatar\\\/d27fe9520667ca53441d36627a1d6b0fa4a813571ec4803687a7a3a7744685ac?s=96&d=mm&r=g\",\"caption\":\"Editor\"},\"url\":\"https:\\\/\\\/infopba247.com.ar\\\/index.php\\\/author\\\/editor\\\/\"}]}<\/script>\n<!-- \/ Yoast SEO plugin. -->","yoast_head_json":{"title":"Alberto Fern\u00e1ndez y Javier Milei hicieron la primera reuni\u00f3n para iniciar la transici\u00f3n - InfoPBA247","robots":{"index":"index","follow":"follow","max-snippet":"max-snippet:-1","max-image-preview":"max-image-preview:large","max-video-preview":"max-video-preview:-1"},"canonical":"https:\/\/infopba247.com.ar\/index.php\/2023\/11\/22\/alberto-fernandez-y-javier-milei-hicieron-la-primera-reunion-para-iniciar-la-transicion\/","og_locale":"es_ES","og_type":"article","og_title":"Alberto Fern\u00e1ndez y Javier Milei hicieron la primera reuni\u00f3n para iniciar la transici\u00f3n - InfoPBA247","og_description":"El encuentro entre el presidente en funciones y el presidente electo se llev\u00f3 adelante \u00abcon el objeto de dar inicio","og_url":"https:\/\/infopba247.com.ar\/index.php\/2023\/11\/22\/alberto-fernandez-y-javier-milei-hicieron-la-primera-reunion-para-iniciar-la-transicion\/","og_site_name":"InfoPBA247","article_publisher":"https:\/\/www.facebook.com\/InfoPBA","article_published_time":"2023-11-22T12:23:50+00:00","og_image":[{"width":1200,"height":675,"url":"https:\/\/infopba247.com.ar\/wp-content\/uploads\/2023\/11\/af-milei.jpg","type":"image\/jpeg"}],"author":"Editor","twitter_card":"summary_large_image","twitter_misc":{"Escrito por":"Editor","Tiempo de lectura":"2 minutos"},"schema":{"@context":"https:\/\/schema.org","@graph":[{"@type":"Article","@id":"https:\/\/infopba247.com.ar\/index.php\/2023\/11\/22\/alberto-fernandez-y-javier-milei-hicieron-la-primera-reunion-para-iniciar-la-transicion\/#article","isPartOf":{"@id":"https:\/\/infopba247.com.ar\/index.php\/2023\/11\/22\/alberto-fernandez-y-javier-milei-hicieron-la-primera-reunion-para-iniciar-la-transicion\/"},"author":{"name":"Editor","@id":"https:\/\/infopba247.com.ar\/#\/schema\/person\/4975f1343a413e57bf839b3eed0099f2"},"headline":"Alberto Fern\u00e1ndez y Javier Milei hicieron la primera reuni\u00f3n para iniciar la transici\u00f3n","datePublished":"2023-11-22T12:23:50+00:00","mainEntityOfPage":{"@id":"https:\/\/infopba247.com.ar\/index.php\/2023\/11\/22\/alberto-fernandez-y-javier-milei-hicieron-la-primera-reunion-para-iniciar-la-transicion\/"},"wordCount":271,"publisher":{"@id":"https:\/\/infopba247.com.ar\/#organization"},"image":{"@id":"https:\/\/infopba247.com.ar\/index.php\/2023\/11\/22\/alberto-fernandez-y-javier-milei-hicieron-la-primera-reunion-para-iniciar-la-transicion\/#primaryimage"},"thumbnailUrl":"https:\/\/infopba247.com.ar\/wp-content\/uploads\/2023\/11\/af-milei.jpg","articleSection":["Destacadas","Pol\u00edtica"],"inLanguage":"es"},{"@type":"WebPage","@id":"https:\/\/infopba247.com.ar\/index.php\/2023\/11\/22\/alberto-fernandez-y-javier-milei-hicieron-la-primera-reunion-para-iniciar-la-transicion\/","url":"https:\/\/infopba247.com.ar\/index.php\/2023\/11\/22\/alberto-fernandez-y-javier-milei-hicieron-la-primera-reunion-para-iniciar-la-transicion\/","name":"Alberto Fern\u00e1ndez y Javier Milei hicieron la primera reuni\u00f3n para iniciar la transici\u00f3n - InfoPBA247","isPartOf":{"@id":"https:\/\/infopba247.com.ar\/#website"},"primaryImageOfPage":{"@id":"https:\/\/infopba247.com.ar\/index.php\/2023\/11\/22\/alberto-fernandez-y-javier-milei-hicieron-la-primera-reunion-para-iniciar-la-transicion\/#primaryimage"},"image":{"@id":"https:\/\/infopba247.com.ar\/index.php\/2023\/11\/22\/alberto-fernandez-y-javier-milei-hicieron-la-primera-reunion-para-iniciar-la-transicion\/#primaryimage"},"thumbnailUrl":"https:\/\/infopba247.com.ar\/wp-content\/uploads\/2023\/11\/af-milei.jpg","datePublished":"2023-11-22T12:23:50+00:00","breadcrumb":{"@id":"https:\/\/infopba247.com.ar\/index.php\/2023\/11\/22\/alberto-fernandez-y-javier-milei-hicieron-la-primera-reunion-para-iniciar-la-transicion\/#breadcrumb"},"inLanguage":"es","potentialAction":[{"@type":"ReadAction","target":["https:\/\/infopba247.com.ar\/index.php\/2023\/11\/22\/alberto-fernandez-y-javier-milei-hicieron-la-primera-reunion-para-iniciar-la-transicion\/"]}]},{"@type":"ImageObject","inLanguage":"es","@id":"https:\/\/infopba247.com.ar\/index.php\/2023\/11\/22\/alberto-fernandez-y-javier-milei-hicieron-la-primera-reunion-para-iniciar-la-transicion\/#primaryimage","url":"https:\/\/infopba247.com.ar\/wp-content\/uploads\/2023\/11\/af-milei.jpg","contentUrl":"https:\/\/infopba247.com.ar\/wp-content\/uploads\/2023\/11\/af-milei.jpg","width":1200,"height":675},{"@type":"BreadcrumbList","@id":"https:\/\/infopba247.com.ar\/index.php\/2023\/11\/22\/alberto-fernandez-y-javier-milei-hicieron-la-primera-reunion-para-iniciar-la-transicion\/#breadcrumb","itemListElement":[{"@type":"ListItem","position":1,"name":"Portada","item":"https:\/\/infopba247.com.ar\/"},{"@type":"ListItem","position":2,"name":"Alberto Fern\u00e1ndez y Javier Milei hicieron la primera reuni\u00f3n para iniciar la transici\u00f3n"}]},{"@type":"WebSite","@id":"https:\/\/infopba247.com.ar\/#website","url":"https:\/\/infopba247.com.ar\/","name":"InfoPBA247","description":"Toda la actualidad bonaerense","publisher":{"@id":"https:\/\/infopba247.com.ar\/#organization"},"potentialAction":[{"@type":"SearchAction","target":{"@type":"EntryPoint","urlTemplate":"https:\/\/infopba247.com.ar\/?s={search_term_string}"},"query-input":{"@type":"PropertyValueSpecification","valueRequired":true,"valueName":"search_term_string"}}],"inLanguage":"es"},{"@type":"Organization","@id":"https:\/\/infopba247.com.ar\/#organization","name":"InfoPBA247","url":"https:\/\/infopba247.com.ar\/","logo":{"@type":"ImageObject","inLanguage":"es","@id":"https:\/\/infopba247.com.ar\/#\/schema\/logo\/image\/","url":"https:\/\/infopba247.com.ar\/wp-content\/uploads\/2022\/03\/cropped-InfoPBA247-1.png","contentUrl":"https:\/\/infopba247.com.ar\/wp-content\/uploads\/2022\/03\/cropped-InfoPBA247-1.png","width":500,"height":122,"caption":"InfoPBA247"},"image":{"@id":"https:\/\/infopba247.com.ar\/#\/schema\/logo\/image\/"},"sameAs":["https:\/\/www.facebook.com\/InfoPBA"]},{"@type":"Person","@id":"https:\/\/infopba247.com.ar\/#\/schema\/person\/4975f1343a413e57bf839b3eed0099f2","name":"Editor","image":{"@type":"ImageObject","inLanguage":"es","@id":"https:\/\/secure.gravatar.com\/avatar\/d27fe9520667ca53441d36627a1d6b0fa4a813571ec4803687a7a3a7744685ac?s=96&d=mm&r=g","url":"https:\/\/secure.gravatar.com\/avatar\/d27fe9520667ca53441d36627a1d6b0fa4a813571ec4803687a7a3a7744685ac?s=96&d=mm&r=g","contentUrl":"https:\/\/secure.gravatar.com\/avatar\/d27fe9520667ca53441d36627a1d6b0fa4a813571ec4803687a7a3a7744685ac?s=96&d=mm&r=g","caption":"Editor"},"url":"https:\/\/infopba247.com.ar\/index.php\/author\/editor\/"}]}},"_links":{"self":[{"href":"https:\/\/infopba247.com.ar\/index.php\/wp-json\/wp\/v2\/posts\/2865","targetHints":{"allow":["GET"]}}],"collection":[{"href":"https:\/\/infopba247.com.ar\/index.php\/wp-json\/wp\/v2\/posts"}],"about":[{"href":"https:\/\/infopba247.com.ar\/index.php\/wp-json\/wp\/v2\/types\/post"}],"author":[{"embeddable":true,"href":"https:\/\/infopba247.com.ar\/index.php\/wp-json\/wp\/v2\/users\/3"}],"replies":[{"embeddable":true,"href":"https:\/\/infopba247.com.ar\/index.php\/wp-json\/wp\/v2\/comments?post=2865"}],"version-history":[{"count":1,"href":"https:\/\/infopba247.com.ar\/index.php\/wp-json\/wp\/v2\/posts\/2865\/revisions"}],"predecessor-version":[{"id":2870,"href":"https:\/\/infopba247.com.ar\/index.php\/wp-json\/wp\/v2\/posts\/2865\/revisions\/2870"}],"wp:featuredmedia":[{"embeddable":true,"href":"https:\/\/infopba247.com.ar\/index.php\/wp-json\/wp\/v2\/media\/2866"}],"wp:attachment":[{"href":"https:\/\/infopba247.com.ar\/index.php\/wp-json\/wp\/v2\/media?parent=2865"}],"wp:term":[{"taxonomy":"category","embeddable":true,"href":"https:\/\/infopba247.com.ar\/index.php\/wp-json\/wp\/v2\/categories?post=2865"},{"taxonomy":"post_tag","embeddable":true,"href":"https:\/\/infopba247.com.ar\/index.php\/wp-json\/wp\/v2\/tags?post=2865"}],"curies":[{"name":"wp","href":"https:\/\/api.w.org\/{rel}","templated":true}]}}