{"id":2810,"date":"2023-11-14T13:24:07","date_gmt":"2023-11-14T16:24:07","guid":{"rendered":"https:\/\/infopba247.com.ar\/?p=2810"},"modified":"2023-11-14T13:24:08","modified_gmt":"2023-11-14T16:24:08","slug":"exitosa-4-edicion-del-festival-de-patria-mar-y-folklore-en-el-centro-cultural","status":"publish","type":"post","link":"https:\/\/infopba247.com.ar\/index.php\/2023\/11\/14\/exitosa-4-edicion-del-festival-de-patria-mar-y-folklore-en-el-centro-cultural\/","title":{"rendered":"Exitosa 4\u00b0 edici\u00f3n del Festival de Patria, Mar y Folklore en el Centro Cultural"},"content":{"rendered":"\n<p>El pasado s\u00e1bado 11 de noviembre por la noche, el Centro Cultural Monte Hermoso fue el escenario de un evento lleno de color, danza y m\u00fasica. El 4\u00b0 Festival de Patria, Mar y Folklore, organizado por la Secretar\u00eda de Tercera Edad de la ciudad, deslumbr\u00f3 al p\u00fablico con la participaci\u00f3n de m\u00e1s de 100 bailarines provenientes de Bah\u00eda Blanca, Coronel Dorrego y Monte Hermoso.<\/p>\n\n\n\n<p>Durante el show, el grupo La Clave ofreci\u00f3 una experiencia musical en vivo inigualable. En escena tambi\u00e9n brillaron el Taller \u00abPatria, Mar y Folklore\u00bb de Adultos Mayores, la Agrupaci\u00f3n Gauchos Monte Hermoso, la Pe\u00f1a Cruz del Sur y el Grupo Folkl\u00f3rico \u00abEl Arriero\u00bb.<\/p>\n\n\n\n<p>Asimismo, el evento cont\u00f3 con la presencia de la Agrupaci\u00f3n Illari, Hermana Tierra y los \u00abAmigos del Folklore\u00bb.<\/p>\n\n\n\n<p>Este encuentro que ya es tradici\u00f3n en la ciudad no solo celebr\u00f3 la danza y la m\u00fasica, sino que tambi\u00e9n reuni\u00f3 lo mejor del folklore en un espacio que irradiaba alegr\u00eda y comunidad.<\/p>\n","protected":false},"excerpt":{"rendered":"<p>El pasado s\u00e1bado 11 de noviembre por la noche, el Centro Cultural Monte Hermoso fue el escenario de un evento<\/p>\n","protected":false},"author":3,"featured_media":2804,"comment_status":"closed","ping_status":"closed","sticky":false,"template":"","format":"standard","meta":{"colormag_page_container_layout":"default_layout","colormag_page_sidebar_layout":"default_layout","footnotes":""},"categories":[15],"tags":[44],"class_list":["post-2810","post","type-post","status-publish","format-standard","has-post-thumbnail","hentry","category-turismo-y-cultura","tag-municipalidad-de-monte-hermoso"],"yoast_head":"<!-- This site is optimized with the Yoast SEO plugin v27.4 - https:\/\/yoast.com\/product\/yoast-seo-wordpress\/ -->\n<title>Exitosa 4\u00b0 edici\u00f3n del Festival de Patria, Mar y Folklore en el Centro Cultural - InfoPBA247<\/title>\n<meta name=\"robots\" content=\"index, follow, max-snippet:-1, max-image-preview:large, max-video-preview:-1\" \/>\n<link rel=\"canonical\" href=\"https:\/\/infopba247.com.ar\/index.php\/2023\/11\/14\/exitosa-4-edicion-del-festival-de-patria-mar-y-folklore-en-el-centro-cultural\/\" \/>\n<meta property=\"og:locale\" content=\"es_ES\" \/>\n<meta property=\"og:type\" content=\"article\" \/>\n<meta property=\"og:title\" content=\"Exitosa 4\u00b0 edici\u00f3n del Festival de Patria, Mar y Folklore en el Centro Cultural - InfoPBA247\" \/>\n<meta property=\"og:description\" content=\"El pasado s\u00e1bado 11 de noviembre por la noche, el Centro Cultural Monte Hermoso fue el escenario de un evento\" \/>\n<meta property=\"og:url\" content=\"https:\/\/infopba247.com.ar\/index.php\/2023\/11\/14\/exitosa-4-edicion-del-festival-de-patria-mar-y-folklore-en-el-centro-cultural\/\" \/>\n<meta property=\"og:site_name\" content=\"InfoPBA247\" \/>\n<meta property=\"article:publisher\" content=\"https:\/\/www.facebook.com\/InfoPBA\" \/>\n<meta property=\"article:published_time\" content=\"2023-11-14T16:24:07+00:00\" \/>\n<meta property=\"article:modified_time\" content=\"2023-11-14T16:24:08+00:00\" \/>\n<meta property=\"og:image\" content=\"https:\/\/infopba247.com.ar\/wp-content\/uploads\/2023\/11\/401142204_765443952289959_4803718202236090031_n-800x445-1.jpg\" \/>\n\t<meta property=\"og:image:width\" content=\"800\" \/>\n\t<meta property=\"og:image:height\" content=\"445\" \/>\n\t<meta property=\"og:image:type\" content=\"image\/jpeg\" \/>\n<meta name=\"author\" content=\"Editor\" \/>\n<meta name=\"twitter:card\" content=\"summary_large_image\" \/>\n<meta name=\"twitter:label1\" content=\"Escrito por\" \/>\n\t<meta name=\"twitter:data1\" content=\"Editor\" \/>\n\t<meta name=\"twitter:label2\" content=\"Tiempo de lectura\" \/>\n\t<meta name=\"twitter:data2\" content=\"1 minuto\" \/>\n<script type=\"application\/ld+json\" class=\"yoast-schema-graph\">{\"@context\":\"https:\\\/\\\/schema.org\",\"@graph\":[{\"@type\":\"Article\",\"@id\":\"https:\\\/\\\/infopba247.com.ar\\\/index.php\\\/2023\\\/11\\\/14\\\/exitosa-4-edicion-del-festival-de-patria-mar-y-folklore-en-el-centro-cultural\\\/#article\",\"isPartOf\":{\"@id\":\"https:\\\/\\\/infopba247.com.ar\\\/index.php\\\/2023\\\/11\\\/14\\\/exitosa-4-edicion-del-festival-de-patria-mar-y-folklore-en-el-centro-cultural\\\/\"},\"author\":{\"name\":\"Editor\",\"@id\":\"https:\\\/\\\/infopba247.com.ar\\\/#\\\/schema\\\/person\\\/4975f1343a413e57bf839b3eed0099f2\"},\"headline\":\"Exitosa 4\u00b0 edici\u00f3n del Festival de Patria, Mar y Folklore en el Centro Cultural\",\"datePublished\":\"2023-11-14T16:24:07+00:00\",\"dateModified\":\"2023-11-14T16:24:08+00:00\",\"mainEntityOfPage\":{\"@id\":\"https:\\\/\\\/infopba247.com.ar\\\/index.php\\\/2023\\\/11\\\/14\\\/exitosa-4-edicion-del-festival-de-patria-mar-y-folklore-en-el-centro-cultural\\\/\"},\"wordCount\":185,\"publisher\":{\"@id\":\"https:\\\/\\\/infopba247.com.ar\\\/#organization\"},\"image\":{\"@id\":\"https:\\\/\\\/infopba247.com.ar\\\/index.php\\\/2023\\\/11\\\/14\\\/exitosa-4-edicion-del-festival-de-patria-mar-y-folklore-en-el-centro-cultural\\\/#primaryimage\"},\"thumbnailUrl\":\"https:\\\/\\\/infopba247.com.ar\\\/wp-content\\\/uploads\\\/2023\\\/11\\\/401142204_765443952289959_4803718202236090031_n-800x445-1.jpg\",\"keywords\":[\"Municipalidad de Monte Hermoso\"],\"articleSection\":[\"Turismo y Cultura\"],\"inLanguage\":\"es\"},{\"@type\":\"WebPage\",\"@id\":\"https:\\\/\\\/infopba247.com.ar\\\/index.php\\\/2023\\\/11\\\/14\\\/exitosa-4-edicion-del-festival-de-patria-mar-y-folklore-en-el-centro-cultural\\\/\",\"url\":\"https:\\\/\\\/infopba247.com.ar\\\/index.php\\\/2023\\\/11\\\/14\\\/exitosa-4-edicion-del-festival-de-patria-mar-y-folklore-en-el-centro-cultural\\\/\",\"name\":\"Exitosa 4\u00b0 edici\u00f3n del Festival de Patria, Mar y Folklore en el Centro Cultural - InfoPBA247\",\"isPartOf\":{\"@id\":\"https:\\\/\\\/infopba247.com.ar\\\/#website\"},\"primaryImageOfPage\":{\"@id\":\"https:\\\/\\\/infopba247.com.ar\\\/index.php\\\/2023\\\/11\\\/14\\\/exitosa-4-edicion-del-festival-de-patria-mar-y-folklore-en-el-centro-cultural\\\/#primaryimage\"},\"image\":{\"@id\":\"https:\\\/\\\/infopba247.com.ar\\\/index.php\\\/2023\\\/11\\\/14\\\/exitosa-4-edicion-del-festival-de-patria-mar-y-folklore-en-el-centro-cultural\\\/#primaryimage\"},\"thumbnailUrl\":\"https:\\\/\\\/infopba247.com.ar\\\/wp-content\\\/uploads\\\/2023\\\/11\\\/401142204_765443952289959_4803718202236090031_n-800x445-1.jpg\",\"datePublished\":\"2023-11-14T16:24:07+00:00\",\"dateModified\":\"2023-11-14T16:24:08+00:00\",\"breadcrumb\":{\"@id\":\"https:\\\/\\\/infopba247.com.ar\\\/index.php\\\/2023\\\/11\\\/14\\\/exitosa-4-edicion-del-festival-de-patria-mar-y-folklore-en-el-centro-cultural\\\/#breadcrumb\"},\"inLanguage\":\"es\",\"potentialAction\":[{\"@type\":\"ReadAction\",\"target\":[\"https:\\\/\\\/infopba247.com.ar\\\/index.php\\\/2023\\\/11\\\/14\\\/exitosa-4-edicion-del-festival-de-patria-mar-y-folklore-en-el-centro-cultural\\\/\"]}]},{\"@type\":\"ImageObject\",\"inLanguage\":\"es\",\"@id\":\"https:\\\/\\\/infopba247.com.ar\\\/index.php\\\/2023\\\/11\\\/14\\\/exitosa-4-edicion-del-festival-de-patria-mar-y-folklore-en-el-centro-cultural\\\/#primaryimage\",\"url\":\"https:\\\/\\\/infopba247.com.ar\\\/wp-content\\\/uploads\\\/2023\\\/11\\\/401142204_765443952289959_4803718202236090031_n-800x445-1.jpg\",\"contentUrl\":\"https:\\\/\\\/infopba247.com.ar\\\/wp-content\\\/uploads\\\/2023\\\/11\\\/401142204_765443952289959_4803718202236090031_n-800x445-1.jpg\",\"width\":800,\"height\":445},{\"@type\":\"BreadcrumbList\",\"@id\":\"https:\\\/\\\/infopba247.com.ar\\\/index.php\\\/2023\\\/11\\\/14\\\/exitosa-4-edicion-del-festival-de-patria-mar-y-folklore-en-el-centro-cultural\\\/#breadcrumb\",\"itemListElement\":[{\"@type\":\"ListItem\",\"position\":1,\"name\":\"Portada\",\"item\":\"https:\\\/\\\/infopba247.com.ar\\\/\"},{\"@type\":\"ListItem\",\"position\":2,\"name\":\"Exitosa 4\u00b0 edici\u00f3n del Festival de Patria, Mar y Folklore en el Centro Cultural\"}]},{\"@type\":\"WebSite\",\"@id\":\"https:\\\/\\\/infopba247.com.ar\\\/#website\",\"url\":\"https:\\\/\\\/infopba247.com.ar\\\/\",\"name\":\"InfoPBA247\",\"description\":\"Toda la actualidad bonaerense\",\"publisher\":{\"@id\":\"https:\\\/\\\/infopba247.com.ar\\\/#organization\"},\"potentialAction\":[{\"@type\":\"SearchAction\",\"target\":{\"@type\":\"EntryPoint\",\"urlTemplate\":\"https:\\\/\\\/infopba247.com.ar\\\/?s={search_term_string}\"},\"query-input\":{\"@type\":\"PropertyValueSpecification\",\"valueRequired\":true,\"valueName\":\"search_term_string\"}}],\"inLanguage\":\"es\"},{\"@type\":\"Organization\",\"@id\":\"https:\\\/\\\/infopba247.com.ar\\\/#organization\",\"name\":\"InfoPBA247\",\"url\":\"https:\\\/\\\/infopba247.com.ar\\\/\",\"logo\":{\"@type\":\"ImageObject\",\"inLanguage\":\"es\",\"@id\":\"https:\\\/\\\/infopba247.com.ar\\\/#\\\/schema\\\/logo\\\/image\\\/\",\"url\":\"https:\\\/\\\/infopba247.com.ar\\\/wp-content\\\/uploads\\\/2022\\\/03\\\/cropped-InfoPBA247-1.png\",\"contentUrl\":\"https:\\\/\\\/infopba247.com.ar\\\/wp-content\\\/uploads\\\/2022\\\/03\\\/cropped-InfoPBA247-1.png\",\"width\":500,\"height\":122,\"caption\":\"InfoPBA247\"},\"image\":{\"@id\":\"https:\\\/\\\/infopba247.com.ar\\\/#\\\/schema\\\/logo\\\/image\\\/\"},\"sameAs\":[\"https:\\\/\\\/www.facebook.com\\\/InfoPBA\"]},{\"@type\":\"Person\",\"@id\":\"https:\\\/\\\/infopba247.com.ar\\\/#\\\/schema\\\/person\\\/4975f1343a413e57bf839b3eed0099f2\",\"name\":\"Editor\",\"image\":{\"@type\":\"ImageObject\",\"inLanguage\":\"es\",\"@id\":\"https:\\\/\\\/secure.gravatar.com\\\/avatar\\\/d27fe9520667ca53441d36627a1d6b0fa4a813571ec4803687a7a3a7744685ac?s=96&d=mm&r=g\",\"url\":\"https:\\\/\\\/secure.gravatar.com\\\/avatar\\\/d27fe9520667ca53441d36627a1d6b0fa4a813571ec4803687a7a3a7744685ac?s=96&d=mm&r=g\",\"contentUrl\":\"https:\\\/\\\/secure.gravatar.com\\\/avatar\\\/d27fe9520667ca53441d36627a1d6b0fa4a813571ec4803687a7a3a7744685ac?s=96&d=mm&r=g\",\"caption\":\"Editor\"},\"url\":\"https:\\\/\\\/infopba247.com.ar\\\/index.php\\\/author\\\/editor\\\/\"}]}<\/script>\n<!-- \/ Yoast SEO plugin. -->","yoast_head_json":{"title":"Exitosa 4\u00b0 edici\u00f3n del Festival de Patria, Mar y Folklore en el Centro Cultural - InfoPBA247","robots":{"index":"index","follow":"follow","max-snippet":"max-snippet:-1","max-image-preview":"max-image-preview:large","max-video-preview":"max-video-preview:-1"},"canonical":"https:\/\/infopba247.com.ar\/index.php\/2023\/11\/14\/exitosa-4-edicion-del-festival-de-patria-mar-y-folklore-en-el-centro-cultural\/","og_locale":"es_ES","og_type":"article","og_title":"Exitosa 4\u00b0 edici\u00f3n del Festival de Patria, Mar y Folklore en el Centro Cultural - InfoPBA247","og_description":"El pasado s\u00e1bado 11 de noviembre por la noche, el Centro Cultural Monte Hermoso fue el escenario de un evento","og_url":"https:\/\/infopba247.com.ar\/index.php\/2023\/11\/14\/exitosa-4-edicion-del-festival-de-patria-mar-y-folklore-en-el-centro-cultural\/","og_site_name":"InfoPBA247","article_publisher":"https:\/\/www.facebook.com\/InfoPBA","article_published_time":"2023-11-14T16:24:07+00:00","article_modified_time":"2023-11-14T16:24:08+00:00","og_image":[{"width":800,"height":445,"url":"https:\/\/infopba247.com.ar\/wp-content\/uploads\/2023\/11\/401142204_765443952289959_4803718202236090031_n-800x445-1.jpg","type":"image\/jpeg"}],"author":"Editor","twitter_card":"summary_large_image","twitter_misc":{"Escrito por":"Editor","Tiempo de lectura":"1 minuto"},"schema":{"@context":"https:\/\/schema.org","@graph":[{"@type":"Article","@id":"https:\/\/infopba247.com.ar\/index.php\/2023\/11\/14\/exitosa-4-edicion-del-festival-de-patria-mar-y-folklore-en-el-centro-cultural\/#article","isPartOf":{"@id":"https:\/\/infopba247.com.ar\/index.php\/2023\/11\/14\/exitosa-4-edicion-del-festival-de-patria-mar-y-folklore-en-el-centro-cultural\/"},"author":{"name":"Editor","@id":"https:\/\/infopba247.com.ar\/#\/schema\/person\/4975f1343a413e57bf839b3eed0099f2"},"headline":"Exitosa 4\u00b0 edici\u00f3n del Festival de Patria, Mar y Folklore en el Centro Cultural","datePublished":"2023-11-14T16:24:07+00:00","dateModified":"2023-11-14T16:24:08+00:00","mainEntityOfPage":{"@id":"https:\/\/infopba247.com.ar\/index.php\/2023\/11\/14\/exitosa-4-edicion-del-festival-de-patria-mar-y-folklore-en-el-centro-cultural\/"},"wordCount":185,"publisher":{"@id":"https:\/\/infopba247.com.ar\/#organization"},"image":{"@id":"https:\/\/infopba247.com.ar\/index.php\/2023\/11\/14\/exitosa-4-edicion-del-festival-de-patria-mar-y-folklore-en-el-centro-cultural\/#primaryimage"},"thumbnailUrl":"https:\/\/infopba247.com.ar\/wp-content\/uploads\/2023\/11\/401142204_765443952289959_4803718202236090031_n-800x445-1.jpg","keywords":["Municipalidad de Monte Hermoso"],"articleSection":["Turismo y Cultura"],"inLanguage":"es"},{"@type":"WebPage","@id":"https:\/\/infopba247.com.ar\/index.php\/2023\/11\/14\/exitosa-4-edicion-del-festival-de-patria-mar-y-folklore-en-el-centro-cultural\/","url":"https:\/\/infopba247.com.ar\/index.php\/2023\/11\/14\/exitosa-4-edicion-del-festival-de-patria-mar-y-folklore-en-el-centro-cultural\/","name":"Exitosa 4\u00b0 edici\u00f3n del Festival de Patria, Mar y Folklore en el Centro Cultural - InfoPBA247","isPartOf":{"@id":"https:\/\/infopba247.com.ar\/#website"},"primaryImageOfPage":{"@id":"https:\/\/infopba247.com.ar\/index.php\/2023\/11\/14\/exitosa-4-edicion-del-festival-de-patria-mar-y-folklore-en-el-centro-cultural\/#primaryimage"},"image":{"@id":"https:\/\/infopba247.com.ar\/index.php\/2023\/11\/14\/exitosa-4-edicion-del-festival-de-patria-mar-y-folklore-en-el-centro-cultural\/#primaryimage"},"thumbnailUrl":"https:\/\/infopba247.com.ar\/wp-content\/uploads\/2023\/11\/401142204_765443952289959_4803718202236090031_n-800x445-1.jpg","datePublished":"2023-11-14T16:24:07+00:00","dateModified":"2023-11-14T16:24:08+00:00","breadcrumb":{"@id":"https:\/\/infopba247.com.ar\/index.php\/2023\/11\/14\/exitosa-4-edicion-del-festival-de-patria-mar-y-folklore-en-el-centro-cultural\/#breadcrumb"},"inLanguage":"es","potentialAction":[{"@type":"ReadAction","target":["https:\/\/infopba247.com.ar\/index.php\/2023\/11\/14\/exitosa-4-edicion-del-festival-de-patria-mar-y-folklore-en-el-centro-cultural\/"]}]},{"@type":"ImageObject","inLanguage":"es","@id":"https:\/\/infopba247.com.ar\/index.php\/2023\/11\/14\/exitosa-4-edicion-del-festival-de-patria-mar-y-folklore-en-el-centro-cultural\/#primaryimage","url":"https:\/\/infopba247.com.ar\/wp-content\/uploads\/2023\/11\/401142204_765443952289959_4803718202236090031_n-800x445-1.jpg","contentUrl":"https:\/\/infopba247.com.ar\/wp-content\/uploads\/2023\/11\/401142204_765443952289959_4803718202236090031_n-800x445-1.jpg","width":800,"height":445},{"@type":"BreadcrumbList","@id":"https:\/\/infopba247.com.ar\/index.php\/2023\/11\/14\/exitosa-4-edicion-del-festival-de-patria-mar-y-folklore-en-el-centro-cultural\/#breadcrumb","itemListElement":[{"@type":"ListItem","position":1,"name":"Portada","item":"https:\/\/infopba247.com.ar\/"},{"@type":"ListItem","position":2,"name":"Exitosa 4\u00b0 edici\u00f3n del Festival de Patria, Mar y Folklore en el Centro Cultural"}]},{"@type":"WebSite","@id":"https:\/\/infopba247.com.ar\/#website","url":"https:\/\/infopba247.com.ar\/","name":"InfoPBA247","description":"Toda la actualidad bonaerense","publisher":{"@id":"https:\/\/infopba247.com.ar\/#organization"},"potentialAction":[{"@type":"SearchAction","target":{"@type":"EntryPoint","urlTemplate":"https:\/\/infopba247.com.ar\/?s={search_term_string}"},"query-input":{"@type":"PropertyValueSpecification","valueRequired":true,"valueName":"search_term_string"}}],"inLanguage":"es"},{"@type":"Organization","@id":"https:\/\/infopba247.com.ar\/#organization","name":"InfoPBA247","url":"https:\/\/infopba247.com.ar\/","logo":{"@type":"ImageObject","inLanguage":"es","@id":"https:\/\/infopba247.com.ar\/#\/schema\/logo\/image\/","url":"https:\/\/infopba247.com.ar\/wp-content\/uploads\/2022\/03\/cropped-InfoPBA247-1.png","contentUrl":"https:\/\/infopba247.com.ar\/wp-content\/uploads\/2022\/03\/cropped-InfoPBA247-1.png","width":500,"height":122,"caption":"InfoPBA247"},"image":{"@id":"https:\/\/infopba247.com.ar\/#\/schema\/logo\/image\/"},"sameAs":["https:\/\/www.facebook.com\/InfoPBA"]},{"@type":"Person","@id":"https:\/\/infopba247.com.ar\/#\/schema\/person\/4975f1343a413e57bf839b3eed0099f2","name":"Editor","image":{"@type":"ImageObject","inLanguage":"es","@id":"https:\/\/secure.gravatar.com\/avatar\/d27fe9520667ca53441d36627a1d6b0fa4a813571ec4803687a7a3a7744685ac?s=96&d=mm&r=g","url":"https:\/\/secure.gravatar.com\/avatar\/d27fe9520667ca53441d36627a1d6b0fa4a813571ec4803687a7a3a7744685ac?s=96&d=mm&r=g","contentUrl":"https:\/\/secure.gravatar.com\/avatar\/d27fe9520667ca53441d36627a1d6b0fa4a813571ec4803687a7a3a7744685ac?s=96&d=mm&r=g","caption":"Editor"},"url":"https:\/\/infopba247.com.ar\/index.php\/author\/editor\/"}]}},"_links":{"self":[{"href":"https:\/\/infopba247.com.ar\/index.php\/wp-json\/wp\/v2\/posts\/2810","targetHints":{"allow":["GET"]}}],"collection":[{"href":"https:\/\/infopba247.com.ar\/index.php\/wp-json\/wp\/v2\/posts"}],"about":[{"href":"https:\/\/infopba247.com.ar\/index.php\/wp-json\/wp\/v2\/types\/post"}],"author":[{"embeddable":true,"href":"https:\/\/infopba247.com.ar\/index.php\/wp-json\/wp\/v2\/users\/3"}],"replies":[{"embeddable":true,"href":"https:\/\/infopba247.com.ar\/index.php\/wp-json\/wp\/v2\/comments?post=2810"}],"version-history":[{"count":1,"href":"https:\/\/infopba247.com.ar\/index.php\/wp-json\/wp\/v2\/posts\/2810\/revisions"}],"predecessor-version":[{"id":2811,"href":"https:\/\/infopba247.com.ar\/index.php\/wp-json\/wp\/v2\/posts\/2810\/revisions\/2811"}],"wp:featuredmedia":[{"embeddable":true,"href":"https:\/\/infopba247.com.ar\/index.php\/wp-json\/wp\/v2\/media\/2804"}],"wp:attachment":[{"href":"https:\/\/infopba247.com.ar\/index.php\/wp-json\/wp\/v2\/media?parent=2810"}],"wp:term":[{"taxonomy":"category","embeddable":true,"href":"https:\/\/infopba247.com.ar\/index.php\/wp-json\/wp\/v2\/categories?post=2810"},{"taxonomy":"post_tag","embeddable":true,"href":"https:\/\/infopba247.com.ar\/index.php\/wp-json\/wp\/v2\/tags?post=2810"}],"curies":[{"name":"wp","href":"https:\/\/api.w.org\/{rel}","templated":true}]}}