{"id":2800,"date":"2023-11-14T09:19:00","date_gmt":"2023-11-14T12:19:00","guid":{"rendered":"https:\/\/infopba247.com.ar\/?p=2800"},"modified":"2023-11-14T13:21:18","modified_gmt":"2023-11-14T16:21:18","slug":"miles-de-vecinas-y-vecinos-disfrutaron-la-5-edicion-del-festival-internacional-martin-fierro","status":"publish","type":"post","link":"https:\/\/infopba247.com.ar\/index.php\/2023\/11\/14\/miles-de-vecinas-y-vecinos-disfrutaron-la-5-edicion-del-festival-internacional-martin-fierro\/","title":{"rendered":"Miles de vecinas y vecinos disfrutaron la 5\u00b0 edici\u00f3n del Festival Internacional Mart\u00edn Fierro"},"content":{"rendered":"\n<p>Durante el fin de semana hubo shows de Roxana Carabajal, Don Olimpio y La Clave Santiague\u00f1a. Tambi\u00e9n hubo talleres, juegos, visitas guiadas, actividades culturales y un gran encuentro de muralismo que comenz\u00f3 el viernes para homenajear la obra m\u00e1xima de la literatura gauchesca.<\/p>\n\n\n\n<p>El Municipio de San Mart\u00edn celebr\u00f3 la 5\u00b0 edici\u00f3n del Festival Internacional Mart\u00edn Fierro en homenaje a la emblem\u00e1tica obra de Jos\u00e9 Hern\u00e1ndez, con una masiva participaci\u00f3n de vecinas y vecinos en la Chacra Pueyrred\u00f3n, el lugar donde naci\u00f3 el escritor.<\/p>\n\n\n\n<p>\u201cSan Mart\u00edn es la ciudad de la tradici\u00f3n y estamos muy contentos de poder compartir este festival junto a miles de familias que se sumaron a las distintas propuestas para abordar la cultura gauchesca del Mart\u00edn Fierro, una obra que nos trae a la memoria el verdadero sentido del grito de libertad\u201d, destac\u00f3 el intendente Fernando Moreira.<\/p>\n\n\n\n<p>Y agreg\u00f3: \u201cCon esta quinta edici\u00f3n volvemos a ratificar la importancia de invertir en cultura, en arte, en educaci\u00f3n, porque es una forma de invertir en la consolidaci\u00f3n de una sociedad integrada, que celebra su historia y su identidad\u201d.<\/p>\n\n\n\n<p>Durante el fin de semana, miles de vecinas y vecinos disfrutaron las presentaciones en vivo de Don Olimpio, Roxana Carabajal, La Clave Santiague\u00f1a, Los Yungas, el Ballet Nehuen, el Ballet Folcl\u00f3rico Municipal y la Compa\u00f1\u00eda Juvenil Municipal de Danzas.<\/p>\n\n\n\n<p>Adem\u00e1s, compartieron juegos, talleres literarios, baile, propuestas gastron\u00f3micas y visitas guiadas en la Chacra Pueyrred\u00f3n, reconvertida por el Municipio en el Museo Hist\u00f3rico Jos\u00e9 Hern\u00e1ndez.<\/p>\n\n\n\n<p>Por otro lado, durante el viernes y el s\u00e1bado se realiz\u00f3 un encuentro internacional con m\u00e1s de 20 muralistas de Argentina, Ecuador, Bolivia y Brasil que intervinieron sobre la Ruta 8, entre Omb\u00fa y Guido Spano, para embellecer el entorno.<\/p>\n\n\n\n<p>Adem\u00e1s, se entregaron los premios de los distintos concursos desarrollados durante los meses previos al Festival para las instituciones educativas y el p\u00fablico general, con convocatorias de literatura, escultura, fotograf\u00eda, artes pl\u00e1sticas y micro-ficci\u00f3n.<\/p>\n\n\n\n<p>Todas las actividades fueron con entrada libre y gratuita, y hubo transporte gratuito hacia la Chacra Pueyrred\u00f3n desde el Complejo Cultural Plaza, la Estaci\u00f3n Jos\u00e9 Le\u00f3n Su\u00e1rez y las plazas Alem y Roca.<\/p>\n\n\n\n<p>El Festival Internacional Mart\u00edn Fierro lo organiza el Municipio con el objetivo de reencontrarse con las tradiciones argentinas, revalorizar los espacios hist\u00f3rico-culturales de la ciudad, y estimular la participaci\u00f3n y el encuentro entre p\u00fablicos de todas las edades.<\/p>\n","protected":false},"excerpt":{"rendered":"<p>Durante el fin de semana hubo shows de Roxana Carabajal, Don Olimpio y La Clave Santiague\u00f1a. Tambi\u00e9n hubo talleres, juegos,<\/p>\n","protected":false},"author":3,"featured_media":2801,"comment_status":"open","ping_status":"open","sticky":false,"template":"","format":"standard","meta":{"colormag_page_container_layout":"default_layout","colormag_page_sidebar_layout":"default_layout","footnotes":""},"categories":[5,14],"tags":[],"class_list":["post-2800","post","type-post","status-publish","format-standard","has-post-thumbnail","hentry","category-1ra-seccion","category-politica"],"yoast_head":"<!-- This site is optimized with the Yoast SEO plugin v27.5 - https:\/\/yoast.com\/product\/yoast-seo-wordpress\/ -->\n<title>Miles de vecinas y vecinos disfrutaron la 5\u00b0 edici\u00f3n del Festival Internacional Mart\u00edn Fierro - InfoPBA247<\/title>\n<meta name=\"robots\" content=\"index, follow, max-snippet:-1, max-image-preview:large, max-video-preview:-1\" \/>\n<link rel=\"canonical\" href=\"https:\/\/infopba247.com.ar\/index.php\/2023\/11\/14\/miles-de-vecinas-y-vecinos-disfrutaron-la-5-edicion-del-festival-internacional-martin-fierro\/\" \/>\n<meta property=\"og:locale\" content=\"es_ES\" \/>\n<meta property=\"og:type\" content=\"article\" \/>\n<meta property=\"og:title\" content=\"Miles de vecinas y vecinos disfrutaron la 5\u00b0 edici\u00f3n del Festival Internacional Mart\u00edn Fierro - InfoPBA247\" \/>\n<meta property=\"og:description\" content=\"Durante el fin de semana hubo shows de Roxana Carabajal, Don Olimpio y La Clave Santiague\u00f1a. Tambi\u00e9n hubo talleres, juegos,\" \/>\n<meta property=\"og:url\" content=\"https:\/\/infopba247.com.ar\/index.php\/2023\/11\/14\/miles-de-vecinas-y-vecinos-disfrutaron-la-5-edicion-del-festival-internacional-martin-fierro\/\" \/>\n<meta property=\"og:site_name\" content=\"InfoPBA247\" \/>\n<meta property=\"article:publisher\" content=\"https:\/\/www.facebook.com\/InfoPBA\" \/>\n<meta property=\"article:published_time\" content=\"2023-11-14T12:19:00+00:00\" \/>\n<meta property=\"article:modified_time\" content=\"2023-11-14T16:21:18+00:00\" \/>\n<meta property=\"og:image\" content=\"https:\/\/infopba247.com.ar\/wp-content\/uploads\/2023\/11\/Miles-de-vecinas-y-vecinos-disfrutaron-el-Festival-Internacional-Martin-Fierro.jpg\" \/>\n\t<meta property=\"og:image:width\" content=\"1600\" \/>\n\t<meta property=\"og:image:height\" content=\"1068\" \/>\n\t<meta property=\"og:image:type\" content=\"image\/jpeg\" \/>\n<meta name=\"author\" content=\"Editor\" \/>\n<meta name=\"twitter:card\" content=\"summary_large_image\" \/>\n<meta name=\"twitter:label1\" content=\"Escrito por\" \/>\n\t<meta name=\"twitter:data1\" content=\"Editor\" \/>\n\t<meta name=\"twitter:label2\" content=\"Tiempo de lectura\" \/>\n\t<meta name=\"twitter:data2\" content=\"2 minutos\" \/>\n<script type=\"application\/ld+json\" class=\"yoast-schema-graph\">{\"@context\":\"https:\\\/\\\/schema.org\",\"@graph\":[{\"@type\":\"Article\",\"@id\":\"https:\\\/\\\/infopba247.com.ar\\\/index.php\\\/2023\\\/11\\\/14\\\/miles-de-vecinas-y-vecinos-disfrutaron-la-5-edicion-del-festival-internacional-martin-fierro\\\/#article\",\"isPartOf\":{\"@id\":\"https:\\\/\\\/infopba247.com.ar\\\/index.php\\\/2023\\\/11\\\/14\\\/miles-de-vecinas-y-vecinos-disfrutaron-la-5-edicion-del-festival-internacional-martin-fierro\\\/\"},\"author\":{\"name\":\"Editor\",\"@id\":\"https:\\\/\\\/infopba247.com.ar\\\/#\\\/schema\\\/person\\\/4975f1343a413e57bf839b3eed0099f2\"},\"headline\":\"Miles de vecinas y vecinos disfrutaron la 5\u00b0 edici\u00f3n del Festival Internacional Mart\u00edn Fierro\",\"datePublished\":\"2023-11-14T12:19:00+00:00\",\"dateModified\":\"2023-11-14T16:21:18+00:00\",\"mainEntityOfPage\":{\"@id\":\"https:\\\/\\\/infopba247.com.ar\\\/index.php\\\/2023\\\/11\\\/14\\\/miles-de-vecinas-y-vecinos-disfrutaron-la-5-edicion-del-festival-internacional-martin-fierro\\\/\"},\"wordCount\":440,\"commentCount\":0,\"publisher\":{\"@id\":\"https:\\\/\\\/infopba247.com.ar\\\/#organization\"},\"image\":{\"@id\":\"https:\\\/\\\/infopba247.com.ar\\\/index.php\\\/2023\\\/11\\\/14\\\/miles-de-vecinas-y-vecinos-disfrutaron-la-5-edicion-del-festival-internacional-martin-fierro\\\/#primaryimage\"},\"thumbnailUrl\":\"https:\\\/\\\/infopba247.com.ar\\\/wp-content\\\/uploads\\\/2023\\\/11\\\/Miles-de-vecinas-y-vecinos-disfrutaron-el-Festival-Internacional-Martin-Fierro.jpg\",\"articleSection\":[\"1ra Secci\u00f3n\",\"Pol\u00edtica\"],\"inLanguage\":\"es\",\"potentialAction\":[{\"@type\":\"CommentAction\",\"name\":\"Comment\",\"target\":[\"https:\\\/\\\/infopba247.com.ar\\\/index.php\\\/2023\\\/11\\\/14\\\/miles-de-vecinas-y-vecinos-disfrutaron-la-5-edicion-del-festival-internacional-martin-fierro\\\/#respond\"]}]},{\"@type\":\"WebPage\",\"@id\":\"https:\\\/\\\/infopba247.com.ar\\\/index.php\\\/2023\\\/11\\\/14\\\/miles-de-vecinas-y-vecinos-disfrutaron-la-5-edicion-del-festival-internacional-martin-fierro\\\/\",\"url\":\"https:\\\/\\\/infopba247.com.ar\\\/index.php\\\/2023\\\/11\\\/14\\\/miles-de-vecinas-y-vecinos-disfrutaron-la-5-edicion-del-festival-internacional-martin-fierro\\\/\",\"name\":\"Miles de vecinas y vecinos disfrutaron la 5\u00b0 edici\u00f3n del Festival Internacional Mart\u00edn Fierro - InfoPBA247\",\"isPartOf\":{\"@id\":\"https:\\\/\\\/infopba247.com.ar\\\/#website\"},\"primaryImageOfPage\":{\"@id\":\"https:\\\/\\\/infopba247.com.ar\\\/index.php\\\/2023\\\/11\\\/14\\\/miles-de-vecinas-y-vecinos-disfrutaron-la-5-edicion-del-festival-internacional-martin-fierro\\\/#primaryimage\"},\"image\":{\"@id\":\"https:\\\/\\\/infopba247.com.ar\\\/index.php\\\/2023\\\/11\\\/14\\\/miles-de-vecinas-y-vecinos-disfrutaron-la-5-edicion-del-festival-internacional-martin-fierro\\\/#primaryimage\"},\"thumbnailUrl\":\"https:\\\/\\\/infopba247.com.ar\\\/wp-content\\\/uploads\\\/2023\\\/11\\\/Miles-de-vecinas-y-vecinos-disfrutaron-el-Festival-Internacional-Martin-Fierro.jpg\",\"datePublished\":\"2023-11-14T12:19:00+00:00\",\"dateModified\":\"2023-11-14T16:21:18+00:00\",\"breadcrumb\":{\"@id\":\"https:\\\/\\\/infopba247.com.ar\\\/index.php\\\/2023\\\/11\\\/14\\\/miles-de-vecinas-y-vecinos-disfrutaron-la-5-edicion-del-festival-internacional-martin-fierro\\\/#breadcrumb\"},\"inLanguage\":\"es\",\"potentialAction\":[{\"@type\":\"ReadAction\",\"target\":[\"https:\\\/\\\/infopba247.com.ar\\\/index.php\\\/2023\\\/11\\\/14\\\/miles-de-vecinas-y-vecinos-disfrutaron-la-5-edicion-del-festival-internacional-martin-fierro\\\/\"]}]},{\"@type\":\"ImageObject\",\"inLanguage\":\"es\",\"@id\":\"https:\\\/\\\/infopba247.com.ar\\\/index.php\\\/2023\\\/11\\\/14\\\/miles-de-vecinas-y-vecinos-disfrutaron-la-5-edicion-del-festival-internacional-martin-fierro\\\/#primaryimage\",\"url\":\"https:\\\/\\\/infopba247.com.ar\\\/wp-content\\\/uploads\\\/2023\\\/11\\\/Miles-de-vecinas-y-vecinos-disfrutaron-el-Festival-Internacional-Martin-Fierro.jpg\",\"contentUrl\":\"https:\\\/\\\/infopba247.com.ar\\\/wp-content\\\/uploads\\\/2023\\\/11\\\/Miles-de-vecinas-y-vecinos-disfrutaron-el-Festival-Internacional-Martin-Fierro.jpg\",\"width\":1600,\"height\":1068},{\"@type\":\"BreadcrumbList\",\"@id\":\"https:\\\/\\\/infopba247.com.ar\\\/index.php\\\/2023\\\/11\\\/14\\\/miles-de-vecinas-y-vecinos-disfrutaron-la-5-edicion-del-festival-internacional-martin-fierro\\\/#breadcrumb\",\"itemListElement\":[{\"@type\":\"ListItem\",\"position\":1,\"name\":\"Portada\",\"item\":\"https:\\\/\\\/infopba247.com.ar\\\/\"},{\"@type\":\"ListItem\",\"position\":2,\"name\":\"Miles de vecinas y vecinos disfrutaron la 5\u00b0 edici\u00f3n del Festival Internacional Mart\u00edn Fierro\"}]},{\"@type\":\"WebSite\",\"@id\":\"https:\\\/\\\/infopba247.com.ar\\\/#website\",\"url\":\"https:\\\/\\\/infopba247.com.ar\\\/\",\"name\":\"InfoPBA247\",\"description\":\"Toda la actualidad bonaerense\",\"publisher\":{\"@id\":\"https:\\\/\\\/infopba247.com.ar\\\/#organization\"},\"potentialAction\":[{\"@type\":\"SearchAction\",\"target\":{\"@type\":\"EntryPoint\",\"urlTemplate\":\"https:\\\/\\\/infopba247.com.ar\\\/?s={search_term_string}\"},\"query-input\":{\"@type\":\"PropertyValueSpecification\",\"valueRequired\":true,\"valueName\":\"search_term_string\"}}],\"inLanguage\":\"es\"},{\"@type\":\"Organization\",\"@id\":\"https:\\\/\\\/infopba247.com.ar\\\/#organization\",\"name\":\"InfoPBA247\",\"url\":\"https:\\\/\\\/infopba247.com.ar\\\/\",\"logo\":{\"@type\":\"ImageObject\",\"inLanguage\":\"es\",\"@id\":\"https:\\\/\\\/infopba247.com.ar\\\/#\\\/schema\\\/logo\\\/image\\\/\",\"url\":\"https:\\\/\\\/infopba247.com.ar\\\/wp-content\\\/uploads\\\/2022\\\/03\\\/cropped-InfoPBA247-1.png\",\"contentUrl\":\"https:\\\/\\\/infopba247.com.ar\\\/wp-content\\\/uploads\\\/2022\\\/03\\\/cropped-InfoPBA247-1.png\",\"width\":500,\"height\":122,\"caption\":\"InfoPBA247\"},\"image\":{\"@id\":\"https:\\\/\\\/infopba247.com.ar\\\/#\\\/schema\\\/logo\\\/image\\\/\"},\"sameAs\":[\"https:\\\/\\\/www.facebook.com\\\/InfoPBA\"]},{\"@type\":\"Person\",\"@id\":\"https:\\\/\\\/infopba247.com.ar\\\/#\\\/schema\\\/person\\\/4975f1343a413e57bf839b3eed0099f2\",\"name\":\"Editor\",\"image\":{\"@type\":\"ImageObject\",\"inLanguage\":\"es\",\"@id\":\"https:\\\/\\\/secure.gravatar.com\\\/avatar\\\/d27fe9520667ca53441d36627a1d6b0fa4a813571ec4803687a7a3a7744685ac?s=96&d=mm&r=g\",\"url\":\"https:\\\/\\\/secure.gravatar.com\\\/avatar\\\/d27fe9520667ca53441d36627a1d6b0fa4a813571ec4803687a7a3a7744685ac?s=96&d=mm&r=g\",\"contentUrl\":\"https:\\\/\\\/secure.gravatar.com\\\/avatar\\\/d27fe9520667ca53441d36627a1d6b0fa4a813571ec4803687a7a3a7744685ac?s=96&d=mm&r=g\",\"caption\":\"Editor\"},\"url\":\"https:\\\/\\\/infopba247.com.ar\\\/index.php\\\/author\\\/editor\\\/\"}]}<\/script>\n<!-- \/ Yoast SEO plugin. -->","yoast_head_json":{"title":"Miles de vecinas y vecinos disfrutaron la 5\u00b0 edici\u00f3n del Festival Internacional Mart\u00edn Fierro - InfoPBA247","robots":{"index":"index","follow":"follow","max-snippet":"max-snippet:-1","max-image-preview":"max-image-preview:large","max-video-preview":"max-video-preview:-1"},"canonical":"https:\/\/infopba247.com.ar\/index.php\/2023\/11\/14\/miles-de-vecinas-y-vecinos-disfrutaron-la-5-edicion-del-festival-internacional-martin-fierro\/","og_locale":"es_ES","og_type":"article","og_title":"Miles de vecinas y vecinos disfrutaron la 5\u00b0 edici\u00f3n del Festival Internacional Mart\u00edn Fierro - InfoPBA247","og_description":"Durante el fin de semana hubo shows de Roxana Carabajal, Don Olimpio y La Clave Santiague\u00f1a. Tambi\u00e9n hubo talleres, juegos,","og_url":"https:\/\/infopba247.com.ar\/index.php\/2023\/11\/14\/miles-de-vecinas-y-vecinos-disfrutaron-la-5-edicion-del-festival-internacional-martin-fierro\/","og_site_name":"InfoPBA247","article_publisher":"https:\/\/www.facebook.com\/InfoPBA","article_published_time":"2023-11-14T12:19:00+00:00","article_modified_time":"2023-11-14T16:21:18+00:00","og_image":[{"width":1600,"height":1068,"url":"https:\/\/infopba247.com.ar\/wp-content\/uploads\/2023\/11\/Miles-de-vecinas-y-vecinos-disfrutaron-el-Festival-Internacional-Martin-Fierro.jpg","type":"image\/jpeg"}],"author":"Editor","twitter_card":"summary_large_image","twitter_misc":{"Escrito por":"Editor","Tiempo de lectura":"2 minutos"},"schema":{"@context":"https:\/\/schema.org","@graph":[{"@type":"Article","@id":"https:\/\/infopba247.com.ar\/index.php\/2023\/11\/14\/miles-de-vecinas-y-vecinos-disfrutaron-la-5-edicion-del-festival-internacional-martin-fierro\/#article","isPartOf":{"@id":"https:\/\/infopba247.com.ar\/index.php\/2023\/11\/14\/miles-de-vecinas-y-vecinos-disfrutaron-la-5-edicion-del-festival-internacional-martin-fierro\/"},"author":{"name":"Editor","@id":"https:\/\/infopba247.com.ar\/#\/schema\/person\/4975f1343a413e57bf839b3eed0099f2"},"headline":"Miles de vecinas y vecinos disfrutaron la 5\u00b0 edici\u00f3n del Festival Internacional Mart\u00edn Fierro","datePublished":"2023-11-14T12:19:00+00:00","dateModified":"2023-11-14T16:21:18+00:00","mainEntityOfPage":{"@id":"https:\/\/infopba247.com.ar\/index.php\/2023\/11\/14\/miles-de-vecinas-y-vecinos-disfrutaron-la-5-edicion-del-festival-internacional-martin-fierro\/"},"wordCount":440,"commentCount":0,"publisher":{"@id":"https:\/\/infopba247.com.ar\/#organization"},"image":{"@id":"https:\/\/infopba247.com.ar\/index.php\/2023\/11\/14\/miles-de-vecinas-y-vecinos-disfrutaron-la-5-edicion-del-festival-internacional-martin-fierro\/#primaryimage"},"thumbnailUrl":"https:\/\/infopba247.com.ar\/wp-content\/uploads\/2023\/11\/Miles-de-vecinas-y-vecinos-disfrutaron-el-Festival-Internacional-Martin-Fierro.jpg","articleSection":["1ra Secci\u00f3n","Pol\u00edtica"],"inLanguage":"es","potentialAction":[{"@type":"CommentAction","name":"Comment","target":["https:\/\/infopba247.com.ar\/index.php\/2023\/11\/14\/miles-de-vecinas-y-vecinos-disfrutaron-la-5-edicion-del-festival-internacional-martin-fierro\/#respond"]}]},{"@type":"WebPage","@id":"https:\/\/infopba247.com.ar\/index.php\/2023\/11\/14\/miles-de-vecinas-y-vecinos-disfrutaron-la-5-edicion-del-festival-internacional-martin-fierro\/","url":"https:\/\/infopba247.com.ar\/index.php\/2023\/11\/14\/miles-de-vecinas-y-vecinos-disfrutaron-la-5-edicion-del-festival-internacional-martin-fierro\/","name":"Miles de vecinas y vecinos disfrutaron la 5\u00b0 edici\u00f3n del Festival Internacional Mart\u00edn Fierro - InfoPBA247","isPartOf":{"@id":"https:\/\/infopba247.com.ar\/#website"},"primaryImageOfPage":{"@id":"https:\/\/infopba247.com.ar\/index.php\/2023\/11\/14\/miles-de-vecinas-y-vecinos-disfrutaron-la-5-edicion-del-festival-internacional-martin-fierro\/#primaryimage"},"image":{"@id":"https:\/\/infopba247.com.ar\/index.php\/2023\/11\/14\/miles-de-vecinas-y-vecinos-disfrutaron-la-5-edicion-del-festival-internacional-martin-fierro\/#primaryimage"},"thumbnailUrl":"https:\/\/infopba247.com.ar\/wp-content\/uploads\/2023\/11\/Miles-de-vecinas-y-vecinos-disfrutaron-el-Festival-Internacional-Martin-Fierro.jpg","datePublished":"2023-11-14T12:19:00+00:00","dateModified":"2023-11-14T16:21:18+00:00","breadcrumb":{"@id":"https:\/\/infopba247.com.ar\/index.php\/2023\/11\/14\/miles-de-vecinas-y-vecinos-disfrutaron-la-5-edicion-del-festival-internacional-martin-fierro\/#breadcrumb"},"inLanguage":"es","potentialAction":[{"@type":"ReadAction","target":["https:\/\/infopba247.com.ar\/index.php\/2023\/11\/14\/miles-de-vecinas-y-vecinos-disfrutaron-la-5-edicion-del-festival-internacional-martin-fierro\/"]}]},{"@type":"ImageObject","inLanguage":"es","@id":"https:\/\/infopba247.com.ar\/index.php\/2023\/11\/14\/miles-de-vecinas-y-vecinos-disfrutaron-la-5-edicion-del-festival-internacional-martin-fierro\/#primaryimage","url":"https:\/\/infopba247.com.ar\/wp-content\/uploads\/2023\/11\/Miles-de-vecinas-y-vecinos-disfrutaron-el-Festival-Internacional-Martin-Fierro.jpg","contentUrl":"https:\/\/infopba247.com.ar\/wp-content\/uploads\/2023\/11\/Miles-de-vecinas-y-vecinos-disfrutaron-el-Festival-Internacional-Martin-Fierro.jpg","width":1600,"height":1068},{"@type":"BreadcrumbList","@id":"https:\/\/infopba247.com.ar\/index.php\/2023\/11\/14\/miles-de-vecinas-y-vecinos-disfrutaron-la-5-edicion-del-festival-internacional-martin-fierro\/#breadcrumb","itemListElement":[{"@type":"ListItem","position":1,"name":"Portada","item":"https:\/\/infopba247.com.ar\/"},{"@type":"ListItem","position":2,"name":"Miles de vecinas y vecinos disfrutaron la 5\u00b0 edici\u00f3n del Festival Internacional Mart\u00edn Fierro"}]},{"@type":"WebSite","@id":"https:\/\/infopba247.com.ar\/#website","url":"https:\/\/infopba247.com.ar\/","name":"InfoPBA247","description":"Toda la actualidad bonaerense","publisher":{"@id":"https:\/\/infopba247.com.ar\/#organization"},"potentialAction":[{"@type":"SearchAction","target":{"@type":"EntryPoint","urlTemplate":"https:\/\/infopba247.com.ar\/?s={search_term_string}"},"query-input":{"@type":"PropertyValueSpecification","valueRequired":true,"valueName":"search_term_string"}}],"inLanguage":"es"},{"@type":"Organization","@id":"https:\/\/infopba247.com.ar\/#organization","name":"InfoPBA247","url":"https:\/\/infopba247.com.ar\/","logo":{"@type":"ImageObject","inLanguage":"es","@id":"https:\/\/infopba247.com.ar\/#\/schema\/logo\/image\/","url":"https:\/\/infopba247.com.ar\/wp-content\/uploads\/2022\/03\/cropped-InfoPBA247-1.png","contentUrl":"https:\/\/infopba247.com.ar\/wp-content\/uploads\/2022\/03\/cropped-InfoPBA247-1.png","width":500,"height":122,"caption":"InfoPBA247"},"image":{"@id":"https:\/\/infopba247.com.ar\/#\/schema\/logo\/image\/"},"sameAs":["https:\/\/www.facebook.com\/InfoPBA"]},{"@type":"Person","@id":"https:\/\/infopba247.com.ar\/#\/schema\/person\/4975f1343a413e57bf839b3eed0099f2","name":"Editor","image":{"@type":"ImageObject","inLanguage":"es","@id":"https:\/\/secure.gravatar.com\/avatar\/d27fe9520667ca53441d36627a1d6b0fa4a813571ec4803687a7a3a7744685ac?s=96&d=mm&r=g","url":"https:\/\/secure.gravatar.com\/avatar\/d27fe9520667ca53441d36627a1d6b0fa4a813571ec4803687a7a3a7744685ac?s=96&d=mm&r=g","contentUrl":"https:\/\/secure.gravatar.com\/avatar\/d27fe9520667ca53441d36627a1d6b0fa4a813571ec4803687a7a3a7744685ac?s=96&d=mm&r=g","caption":"Editor"},"url":"https:\/\/infopba247.com.ar\/index.php\/author\/editor\/"}]}},"_links":{"self":[{"href":"https:\/\/infopba247.com.ar\/index.php\/wp-json\/wp\/v2\/posts\/2800","targetHints":{"allow":["GET"]}}],"collection":[{"href":"https:\/\/infopba247.com.ar\/index.php\/wp-json\/wp\/v2\/posts"}],"about":[{"href":"https:\/\/infopba247.com.ar\/index.php\/wp-json\/wp\/v2\/types\/post"}],"author":[{"embeddable":true,"href":"https:\/\/infopba247.com.ar\/index.php\/wp-json\/wp\/v2\/users\/3"}],"replies":[{"embeddable":true,"href":"https:\/\/infopba247.com.ar\/index.php\/wp-json\/wp\/v2\/comments?post=2800"}],"version-history":[{"count":1,"href":"https:\/\/infopba247.com.ar\/index.php\/wp-json\/wp\/v2\/posts\/2800\/revisions"}],"predecessor-version":[{"id":2805,"href":"https:\/\/infopba247.com.ar\/index.php\/wp-json\/wp\/v2\/posts\/2800\/revisions\/2805"}],"wp:featuredmedia":[{"embeddable":true,"href":"https:\/\/infopba247.com.ar\/index.php\/wp-json\/wp\/v2\/media\/2801"}],"wp:attachment":[{"href":"https:\/\/infopba247.com.ar\/index.php\/wp-json\/wp\/v2\/media?parent=2800"}],"wp:term":[{"taxonomy":"category","embeddable":true,"href":"https:\/\/infopba247.com.ar\/index.php\/wp-json\/wp\/v2\/categories?post=2800"},{"taxonomy":"post_tag","embeddable":true,"href":"https:\/\/infopba247.com.ar\/index.php\/wp-json\/wp\/v2\/tags?post=2800"}],"curies":[{"name":"wp","href":"https:\/\/api.w.org\/{rel}","templated":true}]}}