{"id":2726,"date":"2023-11-03T10:37:16","date_gmt":"2023-11-03T13:37:16","guid":{"rendered":"https:\/\/infopba247.com.ar\/?p=2726"},"modified":"2023-11-03T10:37:16","modified_gmt":"2023-11-03T13:37:16","slug":"creemos-en-un-estado-presente-e-inteligente-para-mejorar-la-vida-de-los-y-las-argentinas","status":"publish","type":"post","link":"https:\/\/infopba247.com.ar\/index.php\/2023\/11\/03\/creemos-en-un-estado-presente-e-inteligente-para-mejorar-la-vida-de-los-y-las-argentinas\/","title":{"rendered":"\u201cCreemos en un Estado presente e inteligente para mejorar la vida de los y las argentinas\u201d"},"content":{"rendered":"\n<p>Con esas palabras cerraba su alocuci\u00f3n la ministra de Desarrollo Social de la Naci\u00f3n, en un encuentro organizado por el MUP de la provincia de Buenos Aires en el Club Alumni de Los Hornos, que tambi\u00e9n tuvo como orador al ministro de la comunidad bonaerense, Andr\u00e9s \u2018Cuervo\u2019 Larroque.<\/p>\n\n\n\n<p>El encuentro, que convoc\u00f3 a alrededor de 500 asistentes entre dirigentes pol\u00edticos locales y cooperativistas, y cuyo anfitri\u00f3n fue Adri\u00e1n Vitale, referente bonaerense del MUP, tuvo como objetivo debatir sobre el futuro de la econom\u00eda popular y la generaci\u00f3n de empleo formal, horas despu\u00e9s de que el gobierno anunciara la capacitaci\u00f3n obligatoria para beneficiarios de programas sociales y exenciones impositivas para los empleadores que incorporen a estos trabajadores de manera formal.<\/p>\n\n\n\n<p>La mesa de expositores la completaban Federico Martelli, secretario general del MUP a nivel nacional, y Adri\u00e1n Sanchez, referente del FOP, que a su turno agradeci\u00f3 \u2018al ministerio de desarrollo social de la naci\u00f3n y al de la comunidad bonaerense por haber estado cerca cuando lo hemos necesitado\u201d.<\/p>\n\n\n\n<p>Superadas las exposiciones pertinentes, el encuentro se transform\u00f3 en un acto de apoyo a Sergio Massa, que luego de salir victorioso de las elecciones generales tiene el desaf\u00edo de seguir incorporando sectores democr\u00e1ticos a su base electoral para vencer en el balotaje a un desinflado Javier Milei, mientras se prueba el traje de nuevo jefe del peronismo.<\/p>\n\n\n\n<p>\u201cPara enfrentar a los sectores que permanentemente atentan contra los avances y el bienestar de los argentinos y argentinas necesitamos recuperar poder pol\u00edtico, necesitamos un presidente con fuerza, y ese compa\u00f1ero es Sergio Massa\u201d, dijo el cuervo Larroque, ahora principal nexo entre los movimientos pol\u00edticos y sociales de un robustecido Kicillof.<\/p>\n\n\n\n<p>Julio Alak hab\u00eda comprometido su participaci\u00f3n, pero la disputa que mantiene con Julio Garro por el recuento de los votos que definir\u00e1 qui\u00e9n se queda con la intendencia platense no se lo permiti\u00f3. En su representaci\u00f3n estuvieron referentes de la primera l\u00ednea del alakismo como la diputada provincial Lucia Ia\u00f1ez y el candidato a concejal Marcelo Galland.<\/p>\n\n\n\n<p>Tambi\u00e9n fueron de la partida Gast\u00f3n Castagneto y Guillermo Escudero, ambos precandidatos a la intendencia de la ciudad; Pablo Fern\u00e1ndez, ex subsecretario de la cartera de seguridad de la Provincia, Juan Granillo Fern\u00e1ndez y Cintia Mansilla, concejales que responden a Tolosa Paz; Ignacio Trucco, director del ministerio de desarrollo nacional y Sergio Rol\u00f3n, concejal del MUP en Berisso<\/p>\n","protected":false},"excerpt":{"rendered":"<p>Con esas palabras cerraba su alocuci\u00f3n la ministra de Desarrollo Social de la Naci\u00f3n, en un encuentro organizado por el<\/p>\n","protected":false},"author":3,"featured_media":2719,"comment_status":"closed","ping_status":"closed","sticky":false,"template":"","format":"standard","meta":{"colormag_page_container_layout":"default_layout","colormag_page_sidebar_layout":"default_layout","footnotes":""},"categories":[12,1,14],"tags":[],"class_list":["post-2726","post","type-post","status-publish","format-standard","has-post-thumbnail","hentry","category-8va-seccion","category-destacadas","category-politica"],"yoast_head":"<!-- This site is optimized with the Yoast SEO plugin v27.5 - https:\/\/yoast.com\/product\/yoast-seo-wordpress\/ -->\n<title>\u201cCreemos en un Estado presente e inteligente para mejorar la vida de los y las argentinas\u201d - InfoPBA247<\/title>\n<meta name=\"robots\" content=\"index, follow, max-snippet:-1, max-image-preview:large, max-video-preview:-1\" \/>\n<link rel=\"canonical\" href=\"https:\/\/infopba247.com.ar\/index.php\/2023\/11\/03\/creemos-en-un-estado-presente-e-inteligente-para-mejorar-la-vida-de-los-y-las-argentinas\/\" \/>\n<meta property=\"og:locale\" content=\"es_ES\" \/>\n<meta property=\"og:type\" content=\"article\" \/>\n<meta property=\"og:title\" content=\"\u201cCreemos en un Estado presente e inteligente para mejorar la vida de los y las argentinas\u201d - InfoPBA247\" \/>\n<meta property=\"og:description\" content=\"Con esas palabras cerraba su alocuci\u00f3n la ministra de Desarrollo Social de la Naci\u00f3n, en un encuentro organizado por el\" \/>\n<meta property=\"og:url\" content=\"https:\/\/infopba247.com.ar\/index.php\/2023\/11\/03\/creemos-en-un-estado-presente-e-inteligente-para-mejorar-la-vida-de-los-y-las-argentinas\/\" \/>\n<meta property=\"og:site_name\" content=\"InfoPBA247\" \/>\n<meta property=\"article:publisher\" content=\"https:\/\/www.facebook.com\/InfoPBA\" \/>\n<meta property=\"article:published_time\" content=\"2023-11-03T13:37:16+00:00\" \/>\n<meta property=\"og:image\" content=\"https:\/\/infopba247.com.ar\/wp-content\/uploads\/2023\/11\/DSC9855-scaled.jpg\" \/>\n\t<meta property=\"og:image:width\" content=\"2560\" \/>\n\t<meta property=\"og:image:height\" content=\"1707\" \/>\n\t<meta property=\"og:image:type\" content=\"image\/jpeg\" \/>\n<meta name=\"author\" content=\"Editor\" \/>\n<meta name=\"twitter:card\" content=\"summary_large_image\" \/>\n<meta name=\"twitter:label1\" content=\"Escrito por\" \/>\n\t<meta name=\"twitter:data1\" content=\"Editor\" \/>\n\t<meta name=\"twitter:label2\" content=\"Tiempo de lectura\" \/>\n\t<meta name=\"twitter:data2\" content=\"2 minutos\" \/>\n<script type=\"application\/ld+json\" class=\"yoast-schema-graph\">{\"@context\":\"https:\\\/\\\/schema.org\",\"@graph\":[{\"@type\":\"Article\",\"@id\":\"https:\\\/\\\/infopba247.com.ar\\\/index.php\\\/2023\\\/11\\\/03\\\/creemos-en-un-estado-presente-e-inteligente-para-mejorar-la-vida-de-los-y-las-argentinas\\\/#article\",\"isPartOf\":{\"@id\":\"https:\\\/\\\/infopba247.com.ar\\\/index.php\\\/2023\\\/11\\\/03\\\/creemos-en-un-estado-presente-e-inteligente-para-mejorar-la-vida-de-los-y-las-argentinas\\\/\"},\"author\":{\"name\":\"Editor\",\"@id\":\"https:\\\/\\\/infopba247.com.ar\\\/#\\\/schema\\\/person\\\/4975f1343a413e57bf839b3eed0099f2\"},\"headline\":\"\u201cCreemos en un Estado presente e inteligente para mejorar la vida de los y las argentinas\u201d\",\"datePublished\":\"2023-11-03T13:37:16+00:00\",\"mainEntityOfPage\":{\"@id\":\"https:\\\/\\\/infopba247.com.ar\\\/index.php\\\/2023\\\/11\\\/03\\\/creemos-en-un-estado-presente-e-inteligente-para-mejorar-la-vida-de-los-y-las-argentinas\\\/\"},\"wordCount\":434,\"publisher\":{\"@id\":\"https:\\\/\\\/infopba247.com.ar\\\/#organization\"},\"image\":{\"@id\":\"https:\\\/\\\/infopba247.com.ar\\\/index.php\\\/2023\\\/11\\\/03\\\/creemos-en-un-estado-presente-e-inteligente-para-mejorar-la-vida-de-los-y-las-argentinas\\\/#primaryimage\"},\"thumbnailUrl\":\"https:\\\/\\\/infopba247.com.ar\\\/wp-content\\\/uploads\\\/2023\\\/11\\\/DSC9855-scaled.jpg\",\"articleSection\":[\"8va Secci\u00f3n\",\"Destacadas\",\"Pol\u00edtica\"],\"inLanguage\":\"es\"},{\"@type\":\"WebPage\",\"@id\":\"https:\\\/\\\/infopba247.com.ar\\\/index.php\\\/2023\\\/11\\\/03\\\/creemos-en-un-estado-presente-e-inteligente-para-mejorar-la-vida-de-los-y-las-argentinas\\\/\",\"url\":\"https:\\\/\\\/infopba247.com.ar\\\/index.php\\\/2023\\\/11\\\/03\\\/creemos-en-un-estado-presente-e-inteligente-para-mejorar-la-vida-de-los-y-las-argentinas\\\/\",\"name\":\"\u201cCreemos en un Estado presente e inteligente para mejorar la vida de los y las argentinas\u201d - InfoPBA247\",\"isPartOf\":{\"@id\":\"https:\\\/\\\/infopba247.com.ar\\\/#website\"},\"primaryImageOfPage\":{\"@id\":\"https:\\\/\\\/infopba247.com.ar\\\/index.php\\\/2023\\\/11\\\/03\\\/creemos-en-un-estado-presente-e-inteligente-para-mejorar-la-vida-de-los-y-las-argentinas\\\/#primaryimage\"},\"image\":{\"@id\":\"https:\\\/\\\/infopba247.com.ar\\\/index.php\\\/2023\\\/11\\\/03\\\/creemos-en-un-estado-presente-e-inteligente-para-mejorar-la-vida-de-los-y-las-argentinas\\\/#primaryimage\"},\"thumbnailUrl\":\"https:\\\/\\\/infopba247.com.ar\\\/wp-content\\\/uploads\\\/2023\\\/11\\\/DSC9855-scaled.jpg\",\"datePublished\":\"2023-11-03T13:37:16+00:00\",\"breadcrumb\":{\"@id\":\"https:\\\/\\\/infopba247.com.ar\\\/index.php\\\/2023\\\/11\\\/03\\\/creemos-en-un-estado-presente-e-inteligente-para-mejorar-la-vida-de-los-y-las-argentinas\\\/#breadcrumb\"},\"inLanguage\":\"es\",\"potentialAction\":[{\"@type\":\"ReadAction\",\"target\":[\"https:\\\/\\\/infopba247.com.ar\\\/index.php\\\/2023\\\/11\\\/03\\\/creemos-en-un-estado-presente-e-inteligente-para-mejorar-la-vida-de-los-y-las-argentinas\\\/\"]}]},{\"@type\":\"ImageObject\",\"inLanguage\":\"es\",\"@id\":\"https:\\\/\\\/infopba247.com.ar\\\/index.php\\\/2023\\\/11\\\/03\\\/creemos-en-un-estado-presente-e-inteligente-para-mejorar-la-vida-de-los-y-las-argentinas\\\/#primaryimage\",\"url\":\"https:\\\/\\\/infopba247.com.ar\\\/wp-content\\\/uploads\\\/2023\\\/11\\\/DSC9855-scaled.jpg\",\"contentUrl\":\"https:\\\/\\\/infopba247.com.ar\\\/wp-content\\\/uploads\\\/2023\\\/11\\\/DSC9855-scaled.jpg\",\"width\":2560,\"height\":1707},{\"@type\":\"BreadcrumbList\",\"@id\":\"https:\\\/\\\/infopba247.com.ar\\\/index.php\\\/2023\\\/11\\\/03\\\/creemos-en-un-estado-presente-e-inteligente-para-mejorar-la-vida-de-los-y-las-argentinas\\\/#breadcrumb\",\"itemListElement\":[{\"@type\":\"ListItem\",\"position\":1,\"name\":\"Portada\",\"item\":\"https:\\\/\\\/infopba247.com.ar\\\/\"},{\"@type\":\"ListItem\",\"position\":2,\"name\":\"\u201cCreemos en un Estado presente e inteligente para mejorar la vida de los y las argentinas\u201d\"}]},{\"@type\":\"WebSite\",\"@id\":\"https:\\\/\\\/infopba247.com.ar\\\/#website\",\"url\":\"https:\\\/\\\/infopba247.com.ar\\\/\",\"name\":\"InfoPBA247\",\"description\":\"Toda la actualidad bonaerense\",\"publisher\":{\"@id\":\"https:\\\/\\\/infopba247.com.ar\\\/#organization\"},\"potentialAction\":[{\"@type\":\"SearchAction\",\"target\":{\"@type\":\"EntryPoint\",\"urlTemplate\":\"https:\\\/\\\/infopba247.com.ar\\\/?s={search_term_string}\"},\"query-input\":{\"@type\":\"PropertyValueSpecification\",\"valueRequired\":true,\"valueName\":\"search_term_string\"}}],\"inLanguage\":\"es\"},{\"@type\":\"Organization\",\"@id\":\"https:\\\/\\\/infopba247.com.ar\\\/#organization\",\"name\":\"InfoPBA247\",\"url\":\"https:\\\/\\\/infopba247.com.ar\\\/\",\"logo\":{\"@type\":\"ImageObject\",\"inLanguage\":\"es\",\"@id\":\"https:\\\/\\\/infopba247.com.ar\\\/#\\\/schema\\\/logo\\\/image\\\/\",\"url\":\"https:\\\/\\\/infopba247.com.ar\\\/wp-content\\\/uploads\\\/2022\\\/03\\\/cropped-InfoPBA247-1.png\",\"contentUrl\":\"https:\\\/\\\/infopba247.com.ar\\\/wp-content\\\/uploads\\\/2022\\\/03\\\/cropped-InfoPBA247-1.png\",\"width\":500,\"height\":122,\"caption\":\"InfoPBA247\"},\"image\":{\"@id\":\"https:\\\/\\\/infopba247.com.ar\\\/#\\\/schema\\\/logo\\\/image\\\/\"},\"sameAs\":[\"https:\\\/\\\/www.facebook.com\\\/InfoPBA\"]},{\"@type\":\"Person\",\"@id\":\"https:\\\/\\\/infopba247.com.ar\\\/#\\\/schema\\\/person\\\/4975f1343a413e57bf839b3eed0099f2\",\"name\":\"Editor\",\"image\":{\"@type\":\"ImageObject\",\"inLanguage\":\"es\",\"@id\":\"https:\\\/\\\/secure.gravatar.com\\\/avatar\\\/d27fe9520667ca53441d36627a1d6b0fa4a813571ec4803687a7a3a7744685ac?s=96&d=mm&r=g\",\"url\":\"https:\\\/\\\/secure.gravatar.com\\\/avatar\\\/d27fe9520667ca53441d36627a1d6b0fa4a813571ec4803687a7a3a7744685ac?s=96&d=mm&r=g\",\"contentUrl\":\"https:\\\/\\\/secure.gravatar.com\\\/avatar\\\/d27fe9520667ca53441d36627a1d6b0fa4a813571ec4803687a7a3a7744685ac?s=96&d=mm&r=g\",\"caption\":\"Editor\"},\"url\":\"https:\\\/\\\/infopba247.com.ar\\\/index.php\\\/author\\\/editor\\\/\"}]}<\/script>\n<!-- \/ Yoast SEO plugin. -->","yoast_head_json":{"title":"\u201cCreemos en un Estado presente e inteligente para mejorar la vida de los y las argentinas\u201d - InfoPBA247","robots":{"index":"index","follow":"follow","max-snippet":"max-snippet:-1","max-image-preview":"max-image-preview:large","max-video-preview":"max-video-preview:-1"},"canonical":"https:\/\/infopba247.com.ar\/index.php\/2023\/11\/03\/creemos-en-un-estado-presente-e-inteligente-para-mejorar-la-vida-de-los-y-las-argentinas\/","og_locale":"es_ES","og_type":"article","og_title":"\u201cCreemos en un Estado presente e inteligente para mejorar la vida de los y las argentinas\u201d - InfoPBA247","og_description":"Con esas palabras cerraba su alocuci\u00f3n la ministra de Desarrollo Social de la Naci\u00f3n, en un encuentro organizado por el","og_url":"https:\/\/infopba247.com.ar\/index.php\/2023\/11\/03\/creemos-en-un-estado-presente-e-inteligente-para-mejorar-la-vida-de-los-y-las-argentinas\/","og_site_name":"InfoPBA247","article_publisher":"https:\/\/www.facebook.com\/InfoPBA","article_published_time":"2023-11-03T13:37:16+00:00","og_image":[{"width":2560,"height":1707,"url":"https:\/\/infopba247.com.ar\/wp-content\/uploads\/2023\/11\/DSC9855-scaled.jpg","type":"image\/jpeg"}],"author":"Editor","twitter_card":"summary_large_image","twitter_misc":{"Escrito por":"Editor","Tiempo de lectura":"2 minutos"},"schema":{"@context":"https:\/\/schema.org","@graph":[{"@type":"Article","@id":"https:\/\/infopba247.com.ar\/index.php\/2023\/11\/03\/creemos-en-un-estado-presente-e-inteligente-para-mejorar-la-vida-de-los-y-las-argentinas\/#article","isPartOf":{"@id":"https:\/\/infopba247.com.ar\/index.php\/2023\/11\/03\/creemos-en-un-estado-presente-e-inteligente-para-mejorar-la-vida-de-los-y-las-argentinas\/"},"author":{"name":"Editor","@id":"https:\/\/infopba247.com.ar\/#\/schema\/person\/4975f1343a413e57bf839b3eed0099f2"},"headline":"\u201cCreemos en un Estado presente e inteligente para mejorar la vida de los y las argentinas\u201d","datePublished":"2023-11-03T13:37:16+00:00","mainEntityOfPage":{"@id":"https:\/\/infopba247.com.ar\/index.php\/2023\/11\/03\/creemos-en-un-estado-presente-e-inteligente-para-mejorar-la-vida-de-los-y-las-argentinas\/"},"wordCount":434,"publisher":{"@id":"https:\/\/infopba247.com.ar\/#organization"},"image":{"@id":"https:\/\/infopba247.com.ar\/index.php\/2023\/11\/03\/creemos-en-un-estado-presente-e-inteligente-para-mejorar-la-vida-de-los-y-las-argentinas\/#primaryimage"},"thumbnailUrl":"https:\/\/infopba247.com.ar\/wp-content\/uploads\/2023\/11\/DSC9855-scaled.jpg","articleSection":["8va Secci\u00f3n","Destacadas","Pol\u00edtica"],"inLanguage":"es"},{"@type":"WebPage","@id":"https:\/\/infopba247.com.ar\/index.php\/2023\/11\/03\/creemos-en-un-estado-presente-e-inteligente-para-mejorar-la-vida-de-los-y-las-argentinas\/","url":"https:\/\/infopba247.com.ar\/index.php\/2023\/11\/03\/creemos-en-un-estado-presente-e-inteligente-para-mejorar-la-vida-de-los-y-las-argentinas\/","name":"\u201cCreemos en un Estado presente e inteligente para mejorar la vida de los y las argentinas\u201d - InfoPBA247","isPartOf":{"@id":"https:\/\/infopba247.com.ar\/#website"},"primaryImageOfPage":{"@id":"https:\/\/infopba247.com.ar\/index.php\/2023\/11\/03\/creemos-en-un-estado-presente-e-inteligente-para-mejorar-la-vida-de-los-y-las-argentinas\/#primaryimage"},"image":{"@id":"https:\/\/infopba247.com.ar\/index.php\/2023\/11\/03\/creemos-en-un-estado-presente-e-inteligente-para-mejorar-la-vida-de-los-y-las-argentinas\/#primaryimage"},"thumbnailUrl":"https:\/\/infopba247.com.ar\/wp-content\/uploads\/2023\/11\/DSC9855-scaled.jpg","datePublished":"2023-11-03T13:37:16+00:00","breadcrumb":{"@id":"https:\/\/infopba247.com.ar\/index.php\/2023\/11\/03\/creemos-en-un-estado-presente-e-inteligente-para-mejorar-la-vida-de-los-y-las-argentinas\/#breadcrumb"},"inLanguage":"es","potentialAction":[{"@type":"ReadAction","target":["https:\/\/infopba247.com.ar\/index.php\/2023\/11\/03\/creemos-en-un-estado-presente-e-inteligente-para-mejorar-la-vida-de-los-y-las-argentinas\/"]}]},{"@type":"ImageObject","inLanguage":"es","@id":"https:\/\/infopba247.com.ar\/index.php\/2023\/11\/03\/creemos-en-un-estado-presente-e-inteligente-para-mejorar-la-vida-de-los-y-las-argentinas\/#primaryimage","url":"https:\/\/infopba247.com.ar\/wp-content\/uploads\/2023\/11\/DSC9855-scaled.jpg","contentUrl":"https:\/\/infopba247.com.ar\/wp-content\/uploads\/2023\/11\/DSC9855-scaled.jpg","width":2560,"height":1707},{"@type":"BreadcrumbList","@id":"https:\/\/infopba247.com.ar\/index.php\/2023\/11\/03\/creemos-en-un-estado-presente-e-inteligente-para-mejorar-la-vida-de-los-y-las-argentinas\/#breadcrumb","itemListElement":[{"@type":"ListItem","position":1,"name":"Portada","item":"https:\/\/infopba247.com.ar\/"},{"@type":"ListItem","position":2,"name":"\u201cCreemos en un Estado presente e inteligente para mejorar la vida de los y las argentinas\u201d"}]},{"@type":"WebSite","@id":"https:\/\/infopba247.com.ar\/#website","url":"https:\/\/infopba247.com.ar\/","name":"InfoPBA247","description":"Toda la actualidad bonaerense","publisher":{"@id":"https:\/\/infopba247.com.ar\/#organization"},"potentialAction":[{"@type":"SearchAction","target":{"@type":"EntryPoint","urlTemplate":"https:\/\/infopba247.com.ar\/?s={search_term_string}"},"query-input":{"@type":"PropertyValueSpecification","valueRequired":true,"valueName":"search_term_string"}}],"inLanguage":"es"},{"@type":"Organization","@id":"https:\/\/infopba247.com.ar\/#organization","name":"InfoPBA247","url":"https:\/\/infopba247.com.ar\/","logo":{"@type":"ImageObject","inLanguage":"es","@id":"https:\/\/infopba247.com.ar\/#\/schema\/logo\/image\/","url":"https:\/\/infopba247.com.ar\/wp-content\/uploads\/2022\/03\/cropped-InfoPBA247-1.png","contentUrl":"https:\/\/infopba247.com.ar\/wp-content\/uploads\/2022\/03\/cropped-InfoPBA247-1.png","width":500,"height":122,"caption":"InfoPBA247"},"image":{"@id":"https:\/\/infopba247.com.ar\/#\/schema\/logo\/image\/"},"sameAs":["https:\/\/www.facebook.com\/InfoPBA"]},{"@type":"Person","@id":"https:\/\/infopba247.com.ar\/#\/schema\/person\/4975f1343a413e57bf839b3eed0099f2","name":"Editor","image":{"@type":"ImageObject","inLanguage":"es","@id":"https:\/\/secure.gravatar.com\/avatar\/d27fe9520667ca53441d36627a1d6b0fa4a813571ec4803687a7a3a7744685ac?s=96&d=mm&r=g","url":"https:\/\/secure.gravatar.com\/avatar\/d27fe9520667ca53441d36627a1d6b0fa4a813571ec4803687a7a3a7744685ac?s=96&d=mm&r=g","contentUrl":"https:\/\/secure.gravatar.com\/avatar\/d27fe9520667ca53441d36627a1d6b0fa4a813571ec4803687a7a3a7744685ac?s=96&d=mm&r=g","caption":"Editor"},"url":"https:\/\/infopba247.com.ar\/index.php\/author\/editor\/"}]}},"_links":{"self":[{"href":"https:\/\/infopba247.com.ar\/index.php\/wp-json\/wp\/v2\/posts\/2726","targetHints":{"allow":["GET"]}}],"collection":[{"href":"https:\/\/infopba247.com.ar\/index.php\/wp-json\/wp\/v2\/posts"}],"about":[{"href":"https:\/\/infopba247.com.ar\/index.php\/wp-json\/wp\/v2\/types\/post"}],"author":[{"embeddable":true,"href":"https:\/\/infopba247.com.ar\/index.php\/wp-json\/wp\/v2\/users\/3"}],"replies":[{"embeddable":true,"href":"https:\/\/infopba247.com.ar\/index.php\/wp-json\/wp\/v2\/comments?post=2726"}],"version-history":[{"count":1,"href":"https:\/\/infopba247.com.ar\/index.php\/wp-json\/wp\/v2\/posts\/2726\/revisions"}],"predecessor-version":[{"id":2727,"href":"https:\/\/infopba247.com.ar\/index.php\/wp-json\/wp\/v2\/posts\/2726\/revisions\/2727"}],"wp:featuredmedia":[{"embeddable":true,"href":"https:\/\/infopba247.com.ar\/index.php\/wp-json\/wp\/v2\/media\/2719"}],"wp:attachment":[{"href":"https:\/\/infopba247.com.ar\/index.php\/wp-json\/wp\/v2\/media?parent=2726"}],"wp:term":[{"taxonomy":"category","embeddable":true,"href":"https:\/\/infopba247.com.ar\/index.php\/wp-json\/wp\/v2\/categories?post=2726"},{"taxonomy":"post_tag","embeddable":true,"href":"https:\/\/infopba247.com.ar\/index.php\/wp-json\/wp\/v2\/tags?post=2726"}],"curies":[{"name":"wp","href":"https:\/\/api.w.org\/{rel}","templated":true}]}}