{"id":2715,"date":"2023-11-02T09:53:00","date_gmt":"2023-11-02T12:53:00","guid":{"rendered":"https:\/\/infopba247.com.ar\/?p=2715"},"modified":"2023-11-02T11:55:01","modified_gmt":"2023-11-02T14:55:01","slug":"a-40-anos-de-democracia-ituzaingo-homenajeo-a-raul-alfonsin","status":"publish","type":"post","link":"https:\/\/infopba247.com.ar\/index.php\/2023\/11\/02\/a-40-anos-de-democracia-ituzaingo-homenajeo-a-raul-alfonsin\/","title":{"rendered":"A 40 a\u00f1os de democracia, Ituzaing\u00f3 homenaje\u00f3 a Ra\u00fal Alfons\u00edn"},"content":{"rendered":"\n<p>En el marco de las celebraciones por el 40\u00b0 aniversario de las elecciones de 1983, que consagraron a Ra\u00fal Alfons\u00edn como el Presidente de la Rep\u00fablica Argentina tras 7 a\u00f1os de dictadura, el Intendente Municipal de Ituzaing\u00f3, Alberto Descalzo, junto a Ricardo Sequeira, presidente de la UCR-Ituzaing\u00f3, participaron este lunes de la inauguraci\u00f3n del busto en homenaje al ex presidente, en la Plaza San Mart\u00edn.<\/p>\n\n\n\n<p>El busto se incorpor\u00f3 al monumento dedicado a grandes figuras pol\u00edticas de la historia argentina, que hasta el momento conten\u00eda los bustos de Juan Domingo Per\u00f3n, Eva Per\u00f3n, Juan Manuel de Rosas e Hip\u00f3lito Yrigoyen.<\/p>\n\n\n\n<p>Durante la emotiva ceremonia, Ricardo Sequeira record\u00f3 tambi\u00e9n la memoria de Norberto Garc\u00eda Silva, el primer intendente de Mor\u00f3n tras la recuperaci\u00f3n de la democracia y al Concejal Justo Jorge Sequeira. Tras el descubrimiento de la placa, se compartieron las palabras del pre\u00e1mbulo de la Constituci\u00f3n Nacional Argentina y un fragmento del discurso de Ra\u00fal Alfons\u00edn en la ceremonia de su asunci\u00f3n presidencial del 10 de diciembre de 1983: \u201c&#8230; s\u00f3lo el pueblo se preocupa por el destino del pueblo. Cuando se impide al pueblo decidir sobre su propia suerte, cuando se le proh\u00edbe elegir y controlar al gobierno, tarde o temprano se deja de gobernar para el pueblo\u201d.<\/p>\n\n\n\n<p>En este sentido, el Intendente Alberto Descalzo expres\u00f3: \u201cComo le hubiera gustado a Alfons\u00edn, este d\u00eda tiene que ser recordado como el d\u00eda de los argentinos, como el d\u00eda de todos, porque el triunfo de Alfons\u00edn fue el triunfo del pueblo, la voluntad del pueblo censurado tras 7 a\u00f1os de terrorismo de Estado\u201d. A lo que agreg\u00f3: \u201cPor eso a 40 a\u00f1os de aquella elecci\u00f3n hist\u00f3rica y con el mismo compromiso de siempre, estamos reunidos ac\u00e1, dando un ejemplo de convivencia, rindiendo este homenaje al hombre que volvi\u00f3 a construir un Estado de derecho para todos y todas. As\u00ed lo debe recordar la historia. Y ese es el lugar que va a tener en esta plaza tan representativa para el pueblo de Ituzaing\u00f3. Tenemos en nuestras manos el deber de cuidar y defender la democracia, siempre.\u201d<\/p>\n\n\n\n<p>Descalzo tambi\u00e9n hizo un llamado a la unidad: \u201cEl desencuentro entre los partidos, radicales y peronistas, fue aprovechado por las fuerzas que nos trajeron siete a\u00f1os de dictadura. M\u00e1s all\u00e1 de que no tenemos que bajar ninguna bandera pol\u00edtica, ni dejar de protestar, reclamar, hay una que est\u00e1 por encima de todas y es la que nos une: la celeste y blanca, que representa a nuestra patria\u201d.<\/p>\n\n\n\n<p>Por su parte, el Presidente de la UCR-Ituzaing\u00f3, Ricardo Sequeira, expres\u00f3: \u201cEl Dr. Ra\u00fal Alfons\u00edn dec\u00eda: \u2018La Democracia no la hace una sola persona ni un partido pol\u00edtico, la hacemos entre todos'\u00bb. Y agreg\u00f3: \u201cMe acuerdo perfectamente, en mi juventud como militante, cuando todos los partidos pol\u00edticos nos reun\u00edamos en la plaza de Mor\u00f3n, cada uno con su bandera, pero con una sola consigna: dictadura o democracia\u201d.<\/p>\n\n\n\n<p>En la ceremonia de inauguraci\u00f3n participaron tambi\u00e9n el Presidente del Honorable Concejo Deliberante, Pablo Piana, la Presidenta del Consejo Escolar, Gabriela Alonso; la Inspectora Jefe Distrital, Fernanda Pennise; autoridades eclesi\u00e1sticas, veteranos de Malvinas, sindicatos, funcionarios municipales, concejales, vecinos y vecinas.<\/p>\n","protected":false},"excerpt":{"rendered":"<p>En el marco de las celebraciones por el 40\u00b0 aniversario de las elecciones de 1983, que consagraron a Ra\u00fal Alfons\u00edn<\/p>\n","protected":false},"author":3,"featured_media":2716,"comment_status":"closed","ping_status":"closed","sticky":false,"template":"","format":"standard","meta":{"colormag_page_container_layout":"default_layout","colormag_page_sidebar_layout":"default_layout","footnotes":""},"categories":[5,1,14],"tags":[],"class_list":["post-2715","post","type-post","status-publish","format-standard","has-post-thumbnail","hentry","category-1ra-seccion","category-destacadas","category-politica"],"yoast_head":"<!-- This site is optimized with the Yoast SEO plugin v27.4 - https:\/\/yoast.com\/product\/yoast-seo-wordpress\/ -->\n<title>A 40 a\u00f1os de democracia, Ituzaing\u00f3 homenaje\u00f3 a Ra\u00fal Alfons\u00edn - InfoPBA247<\/title>\n<meta name=\"robots\" content=\"index, follow, max-snippet:-1, max-image-preview:large, max-video-preview:-1\" \/>\n<link rel=\"canonical\" href=\"https:\/\/infopba247.com.ar\/index.php\/2023\/11\/02\/a-40-anos-de-democracia-ituzaingo-homenajeo-a-raul-alfonsin\/\" \/>\n<meta property=\"og:locale\" content=\"es_ES\" \/>\n<meta property=\"og:type\" content=\"article\" \/>\n<meta property=\"og:title\" content=\"A 40 a\u00f1os de democracia, Ituzaing\u00f3 homenaje\u00f3 a Ra\u00fal Alfons\u00edn - InfoPBA247\" \/>\n<meta property=\"og:description\" content=\"En el marco de las celebraciones por el 40\u00b0 aniversario de las elecciones de 1983, que consagraron a Ra\u00fal Alfons\u00edn\" \/>\n<meta property=\"og:url\" content=\"https:\/\/infopba247.com.ar\/index.php\/2023\/11\/02\/a-40-anos-de-democracia-ituzaingo-homenajeo-a-raul-alfonsin\/\" \/>\n<meta property=\"og:site_name\" content=\"InfoPBA247\" \/>\n<meta property=\"article:publisher\" content=\"https:\/\/www.facebook.com\/InfoPBA\" \/>\n<meta property=\"article:published_time\" content=\"2023-11-02T12:53:00+00:00\" \/>\n<meta property=\"article:modified_time\" content=\"2023-11-02T14:55:01+00:00\" \/>\n<meta property=\"og:image\" content=\"https:\/\/infopba247.com.ar\/wp-content\/uploads\/2023\/11\/Homenaje-a-Raul-Alfonsin-2.jpeg\" \/>\n\t<meta property=\"og:image:width\" content=\"1600\" \/>\n\t<meta property=\"og:image:height\" content=\"1066\" \/>\n\t<meta property=\"og:image:type\" content=\"image\/jpeg\" \/>\n<meta name=\"author\" content=\"Editor\" \/>\n<meta name=\"twitter:card\" content=\"summary_large_image\" \/>\n<meta name=\"twitter:label1\" content=\"Escrito por\" \/>\n\t<meta name=\"twitter:data1\" content=\"Editor\" \/>\n\t<meta name=\"twitter:label2\" content=\"Tiempo de lectura\" \/>\n\t<meta name=\"twitter:data2\" content=\"3 minutos\" \/>\n<script type=\"application\/ld+json\" class=\"yoast-schema-graph\">{\"@context\":\"https:\\\/\\\/schema.org\",\"@graph\":[{\"@type\":\"Article\",\"@id\":\"https:\\\/\\\/infopba247.com.ar\\\/index.php\\\/2023\\\/11\\\/02\\\/a-40-anos-de-democracia-ituzaingo-homenajeo-a-raul-alfonsin\\\/#article\",\"isPartOf\":{\"@id\":\"https:\\\/\\\/infopba247.com.ar\\\/index.php\\\/2023\\\/11\\\/02\\\/a-40-anos-de-democracia-ituzaingo-homenajeo-a-raul-alfonsin\\\/\"},\"author\":{\"name\":\"Editor\",\"@id\":\"https:\\\/\\\/infopba247.com.ar\\\/#\\\/schema\\\/person\\\/4975f1343a413e57bf839b3eed0099f2\"},\"headline\":\"A 40 a\u00f1os de democracia, Ituzaing\u00f3 homenaje\u00f3 a Ra\u00fal Alfons\u00edn\",\"datePublished\":\"2023-11-02T12:53:00+00:00\",\"dateModified\":\"2023-11-02T14:55:01+00:00\",\"mainEntityOfPage\":{\"@id\":\"https:\\\/\\\/infopba247.com.ar\\\/index.php\\\/2023\\\/11\\\/02\\\/a-40-anos-de-democracia-ituzaingo-homenajeo-a-raul-alfonsin\\\/\"},\"wordCount\":568,\"publisher\":{\"@id\":\"https:\\\/\\\/infopba247.com.ar\\\/#organization\"},\"image\":{\"@id\":\"https:\\\/\\\/infopba247.com.ar\\\/index.php\\\/2023\\\/11\\\/02\\\/a-40-anos-de-democracia-ituzaingo-homenajeo-a-raul-alfonsin\\\/#primaryimage\"},\"thumbnailUrl\":\"https:\\\/\\\/infopba247.com.ar\\\/wp-content\\\/uploads\\\/2023\\\/11\\\/Homenaje-a-Raul-Alfonsin-2.jpeg\",\"articleSection\":[\"1ra Secci\u00f3n\",\"Destacadas\",\"Pol\u00edtica\"],\"inLanguage\":\"es\"},{\"@type\":\"WebPage\",\"@id\":\"https:\\\/\\\/infopba247.com.ar\\\/index.php\\\/2023\\\/11\\\/02\\\/a-40-anos-de-democracia-ituzaingo-homenajeo-a-raul-alfonsin\\\/\",\"url\":\"https:\\\/\\\/infopba247.com.ar\\\/index.php\\\/2023\\\/11\\\/02\\\/a-40-anos-de-democracia-ituzaingo-homenajeo-a-raul-alfonsin\\\/\",\"name\":\"A 40 a\u00f1os de democracia, Ituzaing\u00f3 homenaje\u00f3 a Ra\u00fal Alfons\u00edn - InfoPBA247\",\"isPartOf\":{\"@id\":\"https:\\\/\\\/infopba247.com.ar\\\/#website\"},\"primaryImageOfPage\":{\"@id\":\"https:\\\/\\\/infopba247.com.ar\\\/index.php\\\/2023\\\/11\\\/02\\\/a-40-anos-de-democracia-ituzaingo-homenajeo-a-raul-alfonsin\\\/#primaryimage\"},\"image\":{\"@id\":\"https:\\\/\\\/infopba247.com.ar\\\/index.php\\\/2023\\\/11\\\/02\\\/a-40-anos-de-democracia-ituzaingo-homenajeo-a-raul-alfonsin\\\/#primaryimage\"},\"thumbnailUrl\":\"https:\\\/\\\/infopba247.com.ar\\\/wp-content\\\/uploads\\\/2023\\\/11\\\/Homenaje-a-Raul-Alfonsin-2.jpeg\",\"datePublished\":\"2023-11-02T12:53:00+00:00\",\"dateModified\":\"2023-11-02T14:55:01+00:00\",\"breadcrumb\":{\"@id\":\"https:\\\/\\\/infopba247.com.ar\\\/index.php\\\/2023\\\/11\\\/02\\\/a-40-anos-de-democracia-ituzaingo-homenajeo-a-raul-alfonsin\\\/#breadcrumb\"},\"inLanguage\":\"es\",\"potentialAction\":[{\"@type\":\"ReadAction\",\"target\":[\"https:\\\/\\\/infopba247.com.ar\\\/index.php\\\/2023\\\/11\\\/02\\\/a-40-anos-de-democracia-ituzaingo-homenajeo-a-raul-alfonsin\\\/\"]}]},{\"@type\":\"ImageObject\",\"inLanguage\":\"es\",\"@id\":\"https:\\\/\\\/infopba247.com.ar\\\/index.php\\\/2023\\\/11\\\/02\\\/a-40-anos-de-democracia-ituzaingo-homenajeo-a-raul-alfonsin\\\/#primaryimage\",\"url\":\"https:\\\/\\\/infopba247.com.ar\\\/wp-content\\\/uploads\\\/2023\\\/11\\\/Homenaje-a-Raul-Alfonsin-2.jpeg\",\"contentUrl\":\"https:\\\/\\\/infopba247.com.ar\\\/wp-content\\\/uploads\\\/2023\\\/11\\\/Homenaje-a-Raul-Alfonsin-2.jpeg\",\"width\":1600,\"height\":1066},{\"@type\":\"BreadcrumbList\",\"@id\":\"https:\\\/\\\/infopba247.com.ar\\\/index.php\\\/2023\\\/11\\\/02\\\/a-40-anos-de-democracia-ituzaingo-homenajeo-a-raul-alfonsin\\\/#breadcrumb\",\"itemListElement\":[{\"@type\":\"ListItem\",\"position\":1,\"name\":\"Portada\",\"item\":\"https:\\\/\\\/infopba247.com.ar\\\/\"},{\"@type\":\"ListItem\",\"position\":2,\"name\":\"A 40 a\u00f1os de democracia, Ituzaing\u00f3 homenaje\u00f3 a Ra\u00fal Alfons\u00edn\"}]},{\"@type\":\"WebSite\",\"@id\":\"https:\\\/\\\/infopba247.com.ar\\\/#website\",\"url\":\"https:\\\/\\\/infopba247.com.ar\\\/\",\"name\":\"InfoPBA247\",\"description\":\"Toda la actualidad bonaerense\",\"publisher\":{\"@id\":\"https:\\\/\\\/infopba247.com.ar\\\/#organization\"},\"potentialAction\":[{\"@type\":\"SearchAction\",\"target\":{\"@type\":\"EntryPoint\",\"urlTemplate\":\"https:\\\/\\\/infopba247.com.ar\\\/?s={search_term_string}\"},\"query-input\":{\"@type\":\"PropertyValueSpecification\",\"valueRequired\":true,\"valueName\":\"search_term_string\"}}],\"inLanguage\":\"es\"},{\"@type\":\"Organization\",\"@id\":\"https:\\\/\\\/infopba247.com.ar\\\/#organization\",\"name\":\"InfoPBA247\",\"url\":\"https:\\\/\\\/infopba247.com.ar\\\/\",\"logo\":{\"@type\":\"ImageObject\",\"inLanguage\":\"es\",\"@id\":\"https:\\\/\\\/infopba247.com.ar\\\/#\\\/schema\\\/logo\\\/image\\\/\",\"url\":\"https:\\\/\\\/infopba247.com.ar\\\/wp-content\\\/uploads\\\/2022\\\/03\\\/cropped-InfoPBA247-1.png\",\"contentUrl\":\"https:\\\/\\\/infopba247.com.ar\\\/wp-content\\\/uploads\\\/2022\\\/03\\\/cropped-InfoPBA247-1.png\",\"width\":500,\"height\":122,\"caption\":\"InfoPBA247\"},\"image\":{\"@id\":\"https:\\\/\\\/infopba247.com.ar\\\/#\\\/schema\\\/logo\\\/image\\\/\"},\"sameAs\":[\"https:\\\/\\\/www.facebook.com\\\/InfoPBA\"]},{\"@type\":\"Person\",\"@id\":\"https:\\\/\\\/infopba247.com.ar\\\/#\\\/schema\\\/person\\\/4975f1343a413e57bf839b3eed0099f2\",\"name\":\"Editor\",\"image\":{\"@type\":\"ImageObject\",\"inLanguage\":\"es\",\"@id\":\"https:\\\/\\\/secure.gravatar.com\\\/avatar\\\/d27fe9520667ca53441d36627a1d6b0fa4a813571ec4803687a7a3a7744685ac?s=96&d=mm&r=g\",\"url\":\"https:\\\/\\\/secure.gravatar.com\\\/avatar\\\/d27fe9520667ca53441d36627a1d6b0fa4a813571ec4803687a7a3a7744685ac?s=96&d=mm&r=g\",\"contentUrl\":\"https:\\\/\\\/secure.gravatar.com\\\/avatar\\\/d27fe9520667ca53441d36627a1d6b0fa4a813571ec4803687a7a3a7744685ac?s=96&d=mm&r=g\",\"caption\":\"Editor\"},\"url\":\"https:\\\/\\\/infopba247.com.ar\\\/index.php\\\/author\\\/editor\\\/\"}]}<\/script>\n<!-- \/ Yoast SEO plugin. -->","yoast_head_json":{"title":"A 40 a\u00f1os de democracia, Ituzaing\u00f3 homenaje\u00f3 a Ra\u00fal Alfons\u00edn - InfoPBA247","robots":{"index":"index","follow":"follow","max-snippet":"max-snippet:-1","max-image-preview":"max-image-preview:large","max-video-preview":"max-video-preview:-1"},"canonical":"https:\/\/infopba247.com.ar\/index.php\/2023\/11\/02\/a-40-anos-de-democracia-ituzaingo-homenajeo-a-raul-alfonsin\/","og_locale":"es_ES","og_type":"article","og_title":"A 40 a\u00f1os de democracia, Ituzaing\u00f3 homenaje\u00f3 a Ra\u00fal Alfons\u00edn - InfoPBA247","og_description":"En el marco de las celebraciones por el 40\u00b0 aniversario de las elecciones de 1983, que consagraron a Ra\u00fal Alfons\u00edn","og_url":"https:\/\/infopba247.com.ar\/index.php\/2023\/11\/02\/a-40-anos-de-democracia-ituzaingo-homenajeo-a-raul-alfonsin\/","og_site_name":"InfoPBA247","article_publisher":"https:\/\/www.facebook.com\/InfoPBA","article_published_time":"2023-11-02T12:53:00+00:00","article_modified_time":"2023-11-02T14:55:01+00:00","og_image":[{"width":1600,"height":1066,"url":"https:\/\/infopba247.com.ar\/wp-content\/uploads\/2023\/11\/Homenaje-a-Raul-Alfonsin-2.jpeg","type":"image\/jpeg"}],"author":"Editor","twitter_card":"summary_large_image","twitter_misc":{"Escrito por":"Editor","Tiempo de lectura":"3 minutos"},"schema":{"@context":"https:\/\/schema.org","@graph":[{"@type":"Article","@id":"https:\/\/infopba247.com.ar\/index.php\/2023\/11\/02\/a-40-anos-de-democracia-ituzaingo-homenajeo-a-raul-alfonsin\/#article","isPartOf":{"@id":"https:\/\/infopba247.com.ar\/index.php\/2023\/11\/02\/a-40-anos-de-democracia-ituzaingo-homenajeo-a-raul-alfonsin\/"},"author":{"name":"Editor","@id":"https:\/\/infopba247.com.ar\/#\/schema\/person\/4975f1343a413e57bf839b3eed0099f2"},"headline":"A 40 a\u00f1os de democracia, Ituzaing\u00f3 homenaje\u00f3 a Ra\u00fal Alfons\u00edn","datePublished":"2023-11-02T12:53:00+00:00","dateModified":"2023-11-02T14:55:01+00:00","mainEntityOfPage":{"@id":"https:\/\/infopba247.com.ar\/index.php\/2023\/11\/02\/a-40-anos-de-democracia-ituzaingo-homenajeo-a-raul-alfonsin\/"},"wordCount":568,"publisher":{"@id":"https:\/\/infopba247.com.ar\/#organization"},"image":{"@id":"https:\/\/infopba247.com.ar\/index.php\/2023\/11\/02\/a-40-anos-de-democracia-ituzaingo-homenajeo-a-raul-alfonsin\/#primaryimage"},"thumbnailUrl":"https:\/\/infopba247.com.ar\/wp-content\/uploads\/2023\/11\/Homenaje-a-Raul-Alfonsin-2.jpeg","articleSection":["1ra Secci\u00f3n","Destacadas","Pol\u00edtica"],"inLanguage":"es"},{"@type":"WebPage","@id":"https:\/\/infopba247.com.ar\/index.php\/2023\/11\/02\/a-40-anos-de-democracia-ituzaingo-homenajeo-a-raul-alfonsin\/","url":"https:\/\/infopba247.com.ar\/index.php\/2023\/11\/02\/a-40-anos-de-democracia-ituzaingo-homenajeo-a-raul-alfonsin\/","name":"A 40 a\u00f1os de democracia, Ituzaing\u00f3 homenaje\u00f3 a Ra\u00fal Alfons\u00edn - InfoPBA247","isPartOf":{"@id":"https:\/\/infopba247.com.ar\/#website"},"primaryImageOfPage":{"@id":"https:\/\/infopba247.com.ar\/index.php\/2023\/11\/02\/a-40-anos-de-democracia-ituzaingo-homenajeo-a-raul-alfonsin\/#primaryimage"},"image":{"@id":"https:\/\/infopba247.com.ar\/index.php\/2023\/11\/02\/a-40-anos-de-democracia-ituzaingo-homenajeo-a-raul-alfonsin\/#primaryimage"},"thumbnailUrl":"https:\/\/infopba247.com.ar\/wp-content\/uploads\/2023\/11\/Homenaje-a-Raul-Alfonsin-2.jpeg","datePublished":"2023-11-02T12:53:00+00:00","dateModified":"2023-11-02T14:55:01+00:00","breadcrumb":{"@id":"https:\/\/infopba247.com.ar\/index.php\/2023\/11\/02\/a-40-anos-de-democracia-ituzaingo-homenajeo-a-raul-alfonsin\/#breadcrumb"},"inLanguage":"es","potentialAction":[{"@type":"ReadAction","target":["https:\/\/infopba247.com.ar\/index.php\/2023\/11\/02\/a-40-anos-de-democracia-ituzaingo-homenajeo-a-raul-alfonsin\/"]}]},{"@type":"ImageObject","inLanguage":"es","@id":"https:\/\/infopba247.com.ar\/index.php\/2023\/11\/02\/a-40-anos-de-democracia-ituzaingo-homenajeo-a-raul-alfonsin\/#primaryimage","url":"https:\/\/infopba247.com.ar\/wp-content\/uploads\/2023\/11\/Homenaje-a-Raul-Alfonsin-2.jpeg","contentUrl":"https:\/\/infopba247.com.ar\/wp-content\/uploads\/2023\/11\/Homenaje-a-Raul-Alfonsin-2.jpeg","width":1600,"height":1066},{"@type":"BreadcrumbList","@id":"https:\/\/infopba247.com.ar\/index.php\/2023\/11\/02\/a-40-anos-de-democracia-ituzaingo-homenajeo-a-raul-alfonsin\/#breadcrumb","itemListElement":[{"@type":"ListItem","position":1,"name":"Portada","item":"https:\/\/infopba247.com.ar\/"},{"@type":"ListItem","position":2,"name":"A 40 a\u00f1os de democracia, Ituzaing\u00f3 homenaje\u00f3 a Ra\u00fal Alfons\u00edn"}]},{"@type":"WebSite","@id":"https:\/\/infopba247.com.ar\/#website","url":"https:\/\/infopba247.com.ar\/","name":"InfoPBA247","description":"Toda la actualidad bonaerense","publisher":{"@id":"https:\/\/infopba247.com.ar\/#organization"},"potentialAction":[{"@type":"SearchAction","target":{"@type":"EntryPoint","urlTemplate":"https:\/\/infopba247.com.ar\/?s={search_term_string}"},"query-input":{"@type":"PropertyValueSpecification","valueRequired":true,"valueName":"search_term_string"}}],"inLanguage":"es"},{"@type":"Organization","@id":"https:\/\/infopba247.com.ar\/#organization","name":"InfoPBA247","url":"https:\/\/infopba247.com.ar\/","logo":{"@type":"ImageObject","inLanguage":"es","@id":"https:\/\/infopba247.com.ar\/#\/schema\/logo\/image\/","url":"https:\/\/infopba247.com.ar\/wp-content\/uploads\/2022\/03\/cropped-InfoPBA247-1.png","contentUrl":"https:\/\/infopba247.com.ar\/wp-content\/uploads\/2022\/03\/cropped-InfoPBA247-1.png","width":500,"height":122,"caption":"InfoPBA247"},"image":{"@id":"https:\/\/infopba247.com.ar\/#\/schema\/logo\/image\/"},"sameAs":["https:\/\/www.facebook.com\/InfoPBA"]},{"@type":"Person","@id":"https:\/\/infopba247.com.ar\/#\/schema\/person\/4975f1343a413e57bf839b3eed0099f2","name":"Editor","image":{"@type":"ImageObject","inLanguage":"es","@id":"https:\/\/secure.gravatar.com\/avatar\/d27fe9520667ca53441d36627a1d6b0fa4a813571ec4803687a7a3a7744685ac?s=96&d=mm&r=g","url":"https:\/\/secure.gravatar.com\/avatar\/d27fe9520667ca53441d36627a1d6b0fa4a813571ec4803687a7a3a7744685ac?s=96&d=mm&r=g","contentUrl":"https:\/\/secure.gravatar.com\/avatar\/d27fe9520667ca53441d36627a1d6b0fa4a813571ec4803687a7a3a7744685ac?s=96&d=mm&r=g","caption":"Editor"},"url":"https:\/\/infopba247.com.ar\/index.php\/author\/editor\/"}]}},"_links":{"self":[{"href":"https:\/\/infopba247.com.ar\/index.php\/wp-json\/wp\/v2\/posts\/2715","targetHints":{"allow":["GET"]}}],"collection":[{"href":"https:\/\/infopba247.com.ar\/index.php\/wp-json\/wp\/v2\/posts"}],"about":[{"href":"https:\/\/infopba247.com.ar\/index.php\/wp-json\/wp\/v2\/types\/post"}],"author":[{"embeddable":true,"href":"https:\/\/infopba247.com.ar\/index.php\/wp-json\/wp\/v2\/users\/3"}],"replies":[{"embeddable":true,"href":"https:\/\/infopba247.com.ar\/index.php\/wp-json\/wp\/v2\/comments?post=2715"}],"version-history":[{"count":1,"href":"https:\/\/infopba247.com.ar\/index.php\/wp-json\/wp\/v2\/posts\/2715\/revisions"}],"predecessor-version":[{"id":2717,"href":"https:\/\/infopba247.com.ar\/index.php\/wp-json\/wp\/v2\/posts\/2715\/revisions\/2717"}],"wp:featuredmedia":[{"embeddable":true,"href":"https:\/\/infopba247.com.ar\/index.php\/wp-json\/wp\/v2\/media\/2716"}],"wp:attachment":[{"href":"https:\/\/infopba247.com.ar\/index.php\/wp-json\/wp\/v2\/media?parent=2715"}],"wp:term":[{"taxonomy":"category","embeddable":true,"href":"https:\/\/infopba247.com.ar\/index.php\/wp-json\/wp\/v2\/categories?post=2715"},{"taxonomy":"post_tag","embeddable":true,"href":"https:\/\/infopba247.com.ar\/index.php\/wp-json\/wp\/v2\/tags?post=2715"}],"curies":[{"name":"wp","href":"https:\/\/api.w.org\/{rel}","templated":true}]}}