{"id":2682,"date":"2023-10-31T11:44:13","date_gmt":"2023-10-31T14:44:13","guid":{"rendered":"https:\/\/infopba247.com.ar\/?p=2682"},"modified":"2023-10-31T11:44:14","modified_gmt":"2023-10-31T14:44:14","slug":"la-secundaria-n1-fue-sede-de-distintas-actividades-en-el-marco-de-un-nuevo-ano-de-democracia","status":"publish","type":"post","link":"https:\/\/infopba247.com.ar\/index.php\/2023\/10\/31\/la-secundaria-n1-fue-sede-de-distintas-actividades-en-el-marco-de-un-nuevo-ano-de-democracia\/","title":{"rendered":"La Secundaria N\u00b01 fue sede de distintas actividades en el marco de un nuevo a\u00f1o de democracia"},"content":{"rendered":"\n<p>El Jefe Comunal Marcos Fern\u00e1ndez, junto al secretario de Gobierno e intendente electo, Hern\u00e1n Arranz, autoridades educativas locales y de la regi\u00f3n, se hicieron presentes en la Escuela Secundaria N\u00b01 en el marco de los 40 a\u00f1os de democracia en nuestro pa\u00eds.<\/p>\n\n\n\n<p>Entre las actividades organizadas se llev\u00f3 a cabo un streaming con producciones de las 25 regiones educativas de la Provincia de Buenos Aires y con los alumnos de radio escolar local; la jornada continu\u00f3 con la pintada de un muro en la que se representan los valores de nuestra democracia y finalizar\u00e1 esta tarde con una caminata.<\/p>\n\n\n\n<p>En este marco, el Intendente expres\u00f3 \u201cnosotros tuvimos el beneficio en estos 40 a\u00f1os de vivir intensamente este proceso democr\u00e1tico muy esperado que nos permiti\u00f3 consolidar la vida en libertad de los argentinos; un cambio radical de la situaci\u00f3n para vivir en democracia\u201d.<\/p>\n\n\n\n<p>En referencia a los j\u00f3venes en el marco de la dictadura en comparaci\u00f3n con la actualidad, Fern\u00e1ndez concluy\u00f3 que \u201choy ustedes tienen la posibilidad de debatir abiertamente con profesores, alumnos y Centros de Estudiantes, adem\u00e1s de expresarse en distintos \u00e1mbitos, y eso hay que valorarlo\u201d.<\/p>\n\n\n\n<p>Por su parte, Hern\u00e1n Arranz destac\u00f3 que \u201cpersonalmente me toc\u00f3 de chico ir viviendo como la sociedad se acostumbraba a la libertad en un nuevo proceso; hoy agradezco y celebro, por ejemplo, que las escuelas tengan un sistema educativo totalmente democr\u00e1tico y con mucha participaci\u00f3n\u201d.<\/p>\n","protected":false},"excerpt":{"rendered":"<p>El Jefe Comunal Marcos Fern\u00e1ndez, junto al secretario de Gobierno e intendente electo, Hern\u00e1n Arranz, autoridades educativas locales y de<\/p>\n","protected":false},"author":3,"featured_media":2677,"comment_status":"closed","ping_status":"closed","sticky":false,"template":"","format":"standard","meta":{"colormag_page_container_layout":"default_layout","colormag_page_sidebar_layout":"default_layout","footnotes":""},"categories":[10,1,14],"tags":[],"class_list":["post-2682","post","type-post","status-publish","format-standard","has-post-thumbnail","hentry","category-6ta-seccion","category-destacadas","category-politica"],"yoast_head":"<!-- This site is optimized with the Yoast SEO plugin v27.5 - https:\/\/yoast.com\/product\/yoast-seo-wordpress\/ -->\n<title>La Secundaria N\u00b01 fue sede de distintas actividades en el marco de un nuevo a\u00f1o de democracia - InfoPBA247<\/title>\n<meta name=\"robots\" content=\"index, follow, max-snippet:-1, max-image-preview:large, max-video-preview:-1\" \/>\n<link rel=\"canonical\" href=\"https:\/\/infopba247.com.ar\/index.php\/2023\/10\/31\/la-secundaria-n1-fue-sede-de-distintas-actividades-en-el-marco-de-un-nuevo-ano-de-democracia\/\" \/>\n<meta property=\"og:locale\" content=\"es_ES\" \/>\n<meta property=\"og:type\" content=\"article\" \/>\n<meta property=\"og:title\" content=\"La Secundaria N\u00b01 fue sede de distintas actividades en el marco de un nuevo a\u00f1o de democracia - InfoPBA247\" \/>\n<meta property=\"og:description\" content=\"El Jefe Comunal Marcos Fern\u00e1ndez, junto al secretario de Gobierno e intendente electo, Hern\u00e1n Arranz, autoridades educativas locales y de\" \/>\n<meta property=\"og:url\" content=\"https:\/\/infopba247.com.ar\/index.php\/2023\/10\/31\/la-secundaria-n1-fue-sede-de-distintas-actividades-en-el-marco-de-un-nuevo-ano-de-democracia\/\" \/>\n<meta property=\"og:site_name\" content=\"InfoPBA247\" \/>\n<meta property=\"article:publisher\" content=\"https:\/\/www.facebook.com\/InfoPBA\" \/>\n<meta property=\"article:published_time\" content=\"2023-10-31T14:44:13+00:00\" \/>\n<meta property=\"article:modified_time\" content=\"2023-10-31T14:44:14+00:00\" \/>\n<meta property=\"og:image\" content=\"https:\/\/infopba247.com.ar\/wp-content\/uploads\/2023\/10\/40anosdemocracia3.jpeg\" \/>\n\t<meta property=\"og:image:width\" content=\"1600\" \/>\n\t<meta property=\"og:image:height\" content=\"1066\" \/>\n\t<meta property=\"og:image:type\" content=\"image\/jpeg\" \/>\n<meta name=\"author\" content=\"Editor\" \/>\n<meta name=\"twitter:card\" content=\"summary_large_image\" \/>\n<meta name=\"twitter:label1\" content=\"Escrito por\" \/>\n\t<meta name=\"twitter:data1\" content=\"Editor\" \/>\n\t<meta name=\"twitter:label2\" content=\"Tiempo de lectura\" \/>\n\t<meta name=\"twitter:data2\" content=\"2 minutos\" \/>\n<script type=\"application\/ld+json\" class=\"yoast-schema-graph\">{\"@context\":\"https:\\\/\\\/schema.org\",\"@graph\":[{\"@type\":\"Article\",\"@id\":\"https:\\\/\\\/infopba247.com.ar\\\/index.php\\\/2023\\\/10\\\/31\\\/la-secundaria-n1-fue-sede-de-distintas-actividades-en-el-marco-de-un-nuevo-ano-de-democracia\\\/#article\",\"isPartOf\":{\"@id\":\"https:\\\/\\\/infopba247.com.ar\\\/index.php\\\/2023\\\/10\\\/31\\\/la-secundaria-n1-fue-sede-de-distintas-actividades-en-el-marco-de-un-nuevo-ano-de-democracia\\\/\"},\"author\":{\"name\":\"Editor\",\"@id\":\"https:\\\/\\\/infopba247.com.ar\\\/#\\\/schema\\\/person\\\/4975f1343a413e57bf839b3eed0099f2\"},\"headline\":\"La Secundaria N\u00b01 fue sede de distintas actividades en el marco de un nuevo a\u00f1o de democracia\",\"datePublished\":\"2023-10-31T14:44:13+00:00\",\"dateModified\":\"2023-10-31T14:44:14+00:00\",\"mainEntityOfPage\":{\"@id\":\"https:\\\/\\\/infopba247.com.ar\\\/index.php\\\/2023\\\/10\\\/31\\\/la-secundaria-n1-fue-sede-de-distintas-actividades-en-el-marco-de-un-nuevo-ano-de-democracia\\\/\"},\"wordCount\":262,\"publisher\":{\"@id\":\"https:\\\/\\\/infopba247.com.ar\\\/#organization\"},\"image\":{\"@id\":\"https:\\\/\\\/infopba247.com.ar\\\/index.php\\\/2023\\\/10\\\/31\\\/la-secundaria-n1-fue-sede-de-distintas-actividades-en-el-marco-de-un-nuevo-ano-de-democracia\\\/#primaryimage\"},\"thumbnailUrl\":\"https:\\\/\\\/infopba247.com.ar\\\/wp-content\\\/uploads\\\/2023\\\/10\\\/40anosdemocracia3.jpeg\",\"articleSection\":[\"6ta Secci\u00f3n\",\"Destacadas\",\"Pol\u00edtica\"],\"inLanguage\":\"es\"},{\"@type\":\"WebPage\",\"@id\":\"https:\\\/\\\/infopba247.com.ar\\\/index.php\\\/2023\\\/10\\\/31\\\/la-secundaria-n1-fue-sede-de-distintas-actividades-en-el-marco-de-un-nuevo-ano-de-democracia\\\/\",\"url\":\"https:\\\/\\\/infopba247.com.ar\\\/index.php\\\/2023\\\/10\\\/31\\\/la-secundaria-n1-fue-sede-de-distintas-actividades-en-el-marco-de-un-nuevo-ano-de-democracia\\\/\",\"name\":\"La Secundaria N\u00b01 fue sede de distintas actividades en el marco de un nuevo a\u00f1o de democracia - InfoPBA247\",\"isPartOf\":{\"@id\":\"https:\\\/\\\/infopba247.com.ar\\\/#website\"},\"primaryImageOfPage\":{\"@id\":\"https:\\\/\\\/infopba247.com.ar\\\/index.php\\\/2023\\\/10\\\/31\\\/la-secundaria-n1-fue-sede-de-distintas-actividades-en-el-marco-de-un-nuevo-ano-de-democracia\\\/#primaryimage\"},\"image\":{\"@id\":\"https:\\\/\\\/infopba247.com.ar\\\/index.php\\\/2023\\\/10\\\/31\\\/la-secundaria-n1-fue-sede-de-distintas-actividades-en-el-marco-de-un-nuevo-ano-de-democracia\\\/#primaryimage\"},\"thumbnailUrl\":\"https:\\\/\\\/infopba247.com.ar\\\/wp-content\\\/uploads\\\/2023\\\/10\\\/40anosdemocracia3.jpeg\",\"datePublished\":\"2023-10-31T14:44:13+00:00\",\"dateModified\":\"2023-10-31T14:44:14+00:00\",\"breadcrumb\":{\"@id\":\"https:\\\/\\\/infopba247.com.ar\\\/index.php\\\/2023\\\/10\\\/31\\\/la-secundaria-n1-fue-sede-de-distintas-actividades-en-el-marco-de-un-nuevo-ano-de-democracia\\\/#breadcrumb\"},\"inLanguage\":\"es\",\"potentialAction\":[{\"@type\":\"ReadAction\",\"target\":[\"https:\\\/\\\/infopba247.com.ar\\\/index.php\\\/2023\\\/10\\\/31\\\/la-secundaria-n1-fue-sede-de-distintas-actividades-en-el-marco-de-un-nuevo-ano-de-democracia\\\/\"]}]},{\"@type\":\"ImageObject\",\"inLanguage\":\"es\",\"@id\":\"https:\\\/\\\/infopba247.com.ar\\\/index.php\\\/2023\\\/10\\\/31\\\/la-secundaria-n1-fue-sede-de-distintas-actividades-en-el-marco-de-un-nuevo-ano-de-democracia\\\/#primaryimage\",\"url\":\"https:\\\/\\\/infopba247.com.ar\\\/wp-content\\\/uploads\\\/2023\\\/10\\\/40anosdemocracia3.jpeg\",\"contentUrl\":\"https:\\\/\\\/infopba247.com.ar\\\/wp-content\\\/uploads\\\/2023\\\/10\\\/40anosdemocracia3.jpeg\",\"width\":1600,\"height\":1066},{\"@type\":\"BreadcrumbList\",\"@id\":\"https:\\\/\\\/infopba247.com.ar\\\/index.php\\\/2023\\\/10\\\/31\\\/la-secundaria-n1-fue-sede-de-distintas-actividades-en-el-marco-de-un-nuevo-ano-de-democracia\\\/#breadcrumb\",\"itemListElement\":[{\"@type\":\"ListItem\",\"position\":1,\"name\":\"Portada\",\"item\":\"https:\\\/\\\/infopba247.com.ar\\\/\"},{\"@type\":\"ListItem\",\"position\":2,\"name\":\"La Secundaria N\u00b01 fue sede de distintas actividades en el marco de un nuevo a\u00f1o de democracia\"}]},{\"@type\":\"WebSite\",\"@id\":\"https:\\\/\\\/infopba247.com.ar\\\/#website\",\"url\":\"https:\\\/\\\/infopba247.com.ar\\\/\",\"name\":\"InfoPBA247\",\"description\":\"Toda la actualidad bonaerense\",\"publisher\":{\"@id\":\"https:\\\/\\\/infopba247.com.ar\\\/#organization\"},\"potentialAction\":[{\"@type\":\"SearchAction\",\"target\":{\"@type\":\"EntryPoint\",\"urlTemplate\":\"https:\\\/\\\/infopba247.com.ar\\\/?s={search_term_string}\"},\"query-input\":{\"@type\":\"PropertyValueSpecification\",\"valueRequired\":true,\"valueName\":\"search_term_string\"}}],\"inLanguage\":\"es\"},{\"@type\":\"Organization\",\"@id\":\"https:\\\/\\\/infopba247.com.ar\\\/#organization\",\"name\":\"InfoPBA247\",\"url\":\"https:\\\/\\\/infopba247.com.ar\\\/\",\"logo\":{\"@type\":\"ImageObject\",\"inLanguage\":\"es\",\"@id\":\"https:\\\/\\\/infopba247.com.ar\\\/#\\\/schema\\\/logo\\\/image\\\/\",\"url\":\"https:\\\/\\\/infopba247.com.ar\\\/wp-content\\\/uploads\\\/2022\\\/03\\\/cropped-InfoPBA247-1.png\",\"contentUrl\":\"https:\\\/\\\/infopba247.com.ar\\\/wp-content\\\/uploads\\\/2022\\\/03\\\/cropped-InfoPBA247-1.png\",\"width\":500,\"height\":122,\"caption\":\"InfoPBA247\"},\"image\":{\"@id\":\"https:\\\/\\\/infopba247.com.ar\\\/#\\\/schema\\\/logo\\\/image\\\/\"},\"sameAs\":[\"https:\\\/\\\/www.facebook.com\\\/InfoPBA\"]},{\"@type\":\"Person\",\"@id\":\"https:\\\/\\\/infopba247.com.ar\\\/#\\\/schema\\\/person\\\/4975f1343a413e57bf839b3eed0099f2\",\"name\":\"Editor\",\"image\":{\"@type\":\"ImageObject\",\"inLanguage\":\"es\",\"@id\":\"https:\\\/\\\/secure.gravatar.com\\\/avatar\\\/d27fe9520667ca53441d36627a1d6b0fa4a813571ec4803687a7a3a7744685ac?s=96&d=mm&r=g\",\"url\":\"https:\\\/\\\/secure.gravatar.com\\\/avatar\\\/d27fe9520667ca53441d36627a1d6b0fa4a813571ec4803687a7a3a7744685ac?s=96&d=mm&r=g\",\"contentUrl\":\"https:\\\/\\\/secure.gravatar.com\\\/avatar\\\/d27fe9520667ca53441d36627a1d6b0fa4a813571ec4803687a7a3a7744685ac?s=96&d=mm&r=g\",\"caption\":\"Editor\"},\"url\":\"https:\\\/\\\/infopba247.com.ar\\\/index.php\\\/author\\\/editor\\\/\"}]}<\/script>\n<!-- \/ Yoast SEO plugin. -->","yoast_head_json":{"title":"La Secundaria N\u00b01 fue sede de distintas actividades en el marco de un nuevo a\u00f1o de democracia - InfoPBA247","robots":{"index":"index","follow":"follow","max-snippet":"max-snippet:-1","max-image-preview":"max-image-preview:large","max-video-preview":"max-video-preview:-1"},"canonical":"https:\/\/infopba247.com.ar\/index.php\/2023\/10\/31\/la-secundaria-n1-fue-sede-de-distintas-actividades-en-el-marco-de-un-nuevo-ano-de-democracia\/","og_locale":"es_ES","og_type":"article","og_title":"La Secundaria N\u00b01 fue sede de distintas actividades en el marco de un nuevo a\u00f1o de democracia - InfoPBA247","og_description":"El Jefe Comunal Marcos Fern\u00e1ndez, junto al secretario de Gobierno e intendente electo, Hern\u00e1n Arranz, autoridades educativas locales y de","og_url":"https:\/\/infopba247.com.ar\/index.php\/2023\/10\/31\/la-secundaria-n1-fue-sede-de-distintas-actividades-en-el-marco-de-un-nuevo-ano-de-democracia\/","og_site_name":"InfoPBA247","article_publisher":"https:\/\/www.facebook.com\/InfoPBA","article_published_time":"2023-10-31T14:44:13+00:00","article_modified_time":"2023-10-31T14:44:14+00:00","og_image":[{"width":1600,"height":1066,"url":"https:\/\/infopba247.com.ar\/wp-content\/uploads\/2023\/10\/40anosdemocracia3.jpeg","type":"image\/jpeg"}],"author":"Editor","twitter_card":"summary_large_image","twitter_misc":{"Escrito por":"Editor","Tiempo de lectura":"2 minutos"},"schema":{"@context":"https:\/\/schema.org","@graph":[{"@type":"Article","@id":"https:\/\/infopba247.com.ar\/index.php\/2023\/10\/31\/la-secundaria-n1-fue-sede-de-distintas-actividades-en-el-marco-de-un-nuevo-ano-de-democracia\/#article","isPartOf":{"@id":"https:\/\/infopba247.com.ar\/index.php\/2023\/10\/31\/la-secundaria-n1-fue-sede-de-distintas-actividades-en-el-marco-de-un-nuevo-ano-de-democracia\/"},"author":{"name":"Editor","@id":"https:\/\/infopba247.com.ar\/#\/schema\/person\/4975f1343a413e57bf839b3eed0099f2"},"headline":"La Secundaria N\u00b01 fue sede de distintas actividades en el marco de un nuevo a\u00f1o de democracia","datePublished":"2023-10-31T14:44:13+00:00","dateModified":"2023-10-31T14:44:14+00:00","mainEntityOfPage":{"@id":"https:\/\/infopba247.com.ar\/index.php\/2023\/10\/31\/la-secundaria-n1-fue-sede-de-distintas-actividades-en-el-marco-de-un-nuevo-ano-de-democracia\/"},"wordCount":262,"publisher":{"@id":"https:\/\/infopba247.com.ar\/#organization"},"image":{"@id":"https:\/\/infopba247.com.ar\/index.php\/2023\/10\/31\/la-secundaria-n1-fue-sede-de-distintas-actividades-en-el-marco-de-un-nuevo-ano-de-democracia\/#primaryimage"},"thumbnailUrl":"https:\/\/infopba247.com.ar\/wp-content\/uploads\/2023\/10\/40anosdemocracia3.jpeg","articleSection":["6ta Secci\u00f3n","Destacadas","Pol\u00edtica"],"inLanguage":"es"},{"@type":"WebPage","@id":"https:\/\/infopba247.com.ar\/index.php\/2023\/10\/31\/la-secundaria-n1-fue-sede-de-distintas-actividades-en-el-marco-de-un-nuevo-ano-de-democracia\/","url":"https:\/\/infopba247.com.ar\/index.php\/2023\/10\/31\/la-secundaria-n1-fue-sede-de-distintas-actividades-en-el-marco-de-un-nuevo-ano-de-democracia\/","name":"La Secundaria N\u00b01 fue sede de distintas actividades en el marco de un nuevo a\u00f1o de democracia - InfoPBA247","isPartOf":{"@id":"https:\/\/infopba247.com.ar\/#website"},"primaryImageOfPage":{"@id":"https:\/\/infopba247.com.ar\/index.php\/2023\/10\/31\/la-secundaria-n1-fue-sede-de-distintas-actividades-en-el-marco-de-un-nuevo-ano-de-democracia\/#primaryimage"},"image":{"@id":"https:\/\/infopba247.com.ar\/index.php\/2023\/10\/31\/la-secundaria-n1-fue-sede-de-distintas-actividades-en-el-marco-de-un-nuevo-ano-de-democracia\/#primaryimage"},"thumbnailUrl":"https:\/\/infopba247.com.ar\/wp-content\/uploads\/2023\/10\/40anosdemocracia3.jpeg","datePublished":"2023-10-31T14:44:13+00:00","dateModified":"2023-10-31T14:44:14+00:00","breadcrumb":{"@id":"https:\/\/infopba247.com.ar\/index.php\/2023\/10\/31\/la-secundaria-n1-fue-sede-de-distintas-actividades-en-el-marco-de-un-nuevo-ano-de-democracia\/#breadcrumb"},"inLanguage":"es","potentialAction":[{"@type":"ReadAction","target":["https:\/\/infopba247.com.ar\/index.php\/2023\/10\/31\/la-secundaria-n1-fue-sede-de-distintas-actividades-en-el-marco-de-un-nuevo-ano-de-democracia\/"]}]},{"@type":"ImageObject","inLanguage":"es","@id":"https:\/\/infopba247.com.ar\/index.php\/2023\/10\/31\/la-secundaria-n1-fue-sede-de-distintas-actividades-en-el-marco-de-un-nuevo-ano-de-democracia\/#primaryimage","url":"https:\/\/infopba247.com.ar\/wp-content\/uploads\/2023\/10\/40anosdemocracia3.jpeg","contentUrl":"https:\/\/infopba247.com.ar\/wp-content\/uploads\/2023\/10\/40anosdemocracia3.jpeg","width":1600,"height":1066},{"@type":"BreadcrumbList","@id":"https:\/\/infopba247.com.ar\/index.php\/2023\/10\/31\/la-secundaria-n1-fue-sede-de-distintas-actividades-en-el-marco-de-un-nuevo-ano-de-democracia\/#breadcrumb","itemListElement":[{"@type":"ListItem","position":1,"name":"Portada","item":"https:\/\/infopba247.com.ar\/"},{"@type":"ListItem","position":2,"name":"La Secundaria N\u00b01 fue sede de distintas actividades en el marco de un nuevo a\u00f1o de democracia"}]},{"@type":"WebSite","@id":"https:\/\/infopba247.com.ar\/#website","url":"https:\/\/infopba247.com.ar\/","name":"InfoPBA247","description":"Toda la actualidad bonaerense","publisher":{"@id":"https:\/\/infopba247.com.ar\/#organization"},"potentialAction":[{"@type":"SearchAction","target":{"@type":"EntryPoint","urlTemplate":"https:\/\/infopba247.com.ar\/?s={search_term_string}"},"query-input":{"@type":"PropertyValueSpecification","valueRequired":true,"valueName":"search_term_string"}}],"inLanguage":"es"},{"@type":"Organization","@id":"https:\/\/infopba247.com.ar\/#organization","name":"InfoPBA247","url":"https:\/\/infopba247.com.ar\/","logo":{"@type":"ImageObject","inLanguage":"es","@id":"https:\/\/infopba247.com.ar\/#\/schema\/logo\/image\/","url":"https:\/\/infopba247.com.ar\/wp-content\/uploads\/2022\/03\/cropped-InfoPBA247-1.png","contentUrl":"https:\/\/infopba247.com.ar\/wp-content\/uploads\/2022\/03\/cropped-InfoPBA247-1.png","width":500,"height":122,"caption":"InfoPBA247"},"image":{"@id":"https:\/\/infopba247.com.ar\/#\/schema\/logo\/image\/"},"sameAs":["https:\/\/www.facebook.com\/InfoPBA"]},{"@type":"Person","@id":"https:\/\/infopba247.com.ar\/#\/schema\/person\/4975f1343a413e57bf839b3eed0099f2","name":"Editor","image":{"@type":"ImageObject","inLanguage":"es","@id":"https:\/\/secure.gravatar.com\/avatar\/d27fe9520667ca53441d36627a1d6b0fa4a813571ec4803687a7a3a7744685ac?s=96&d=mm&r=g","url":"https:\/\/secure.gravatar.com\/avatar\/d27fe9520667ca53441d36627a1d6b0fa4a813571ec4803687a7a3a7744685ac?s=96&d=mm&r=g","contentUrl":"https:\/\/secure.gravatar.com\/avatar\/d27fe9520667ca53441d36627a1d6b0fa4a813571ec4803687a7a3a7744685ac?s=96&d=mm&r=g","caption":"Editor"},"url":"https:\/\/infopba247.com.ar\/index.php\/author\/editor\/"}]}},"_links":{"self":[{"href":"https:\/\/infopba247.com.ar\/index.php\/wp-json\/wp\/v2\/posts\/2682","targetHints":{"allow":["GET"]}}],"collection":[{"href":"https:\/\/infopba247.com.ar\/index.php\/wp-json\/wp\/v2\/posts"}],"about":[{"href":"https:\/\/infopba247.com.ar\/index.php\/wp-json\/wp\/v2\/types\/post"}],"author":[{"embeddable":true,"href":"https:\/\/infopba247.com.ar\/index.php\/wp-json\/wp\/v2\/users\/3"}],"replies":[{"embeddable":true,"href":"https:\/\/infopba247.com.ar\/index.php\/wp-json\/wp\/v2\/comments?post=2682"}],"version-history":[{"count":1,"href":"https:\/\/infopba247.com.ar\/index.php\/wp-json\/wp\/v2\/posts\/2682\/revisions"}],"predecessor-version":[{"id":2683,"href":"https:\/\/infopba247.com.ar\/index.php\/wp-json\/wp\/v2\/posts\/2682\/revisions\/2683"}],"wp:featuredmedia":[{"embeddable":true,"href":"https:\/\/infopba247.com.ar\/index.php\/wp-json\/wp\/v2\/media\/2677"}],"wp:attachment":[{"href":"https:\/\/infopba247.com.ar\/index.php\/wp-json\/wp\/v2\/media?parent=2682"}],"wp:term":[{"taxonomy":"category","embeddable":true,"href":"https:\/\/infopba247.com.ar\/index.php\/wp-json\/wp\/v2\/categories?post=2682"},{"taxonomy":"post_tag","embeddable":true,"href":"https:\/\/infopba247.com.ar\/index.php\/wp-json\/wp\/v2\/tags?post=2682"}],"curies":[{"name":"wp","href":"https:\/\/api.w.org\/{rel}","templated":true}]}}