{"id":2641,"date":"2023-10-26T10:26:53","date_gmt":"2023-10-26T13:26:53","guid":{"rendered":"https:\/\/infopba247.com.ar\/?p=2641"},"modified":"2023-10-26T10:26:53","modified_gmt":"2023-10-26T13:26:53","slug":"el-gobierno-promulgo-la-legislacion-que-incorpora-la-violencia-digital-como-violencia-de-genero","status":"publish","type":"post","link":"https:\/\/infopba247.com.ar\/index.php\/2023\/10\/26\/el-gobierno-promulgo-la-legislacion-que-incorpora-la-violencia-digital-como-violencia-de-genero\/","title":{"rendered":"El Gobierno promulg\u00f3 la legislaci\u00f3n que incorpora la violencia digital como violencia de g\u00e9nero"},"content":{"rendered":"\n<p>Se public\u00f3 en el Bolet\u00edn Oficial Ley Olimpia que aborda los delitos que violen la intimidad sexual de las personas a trav\u00e9s de medios digitales y la difusi\u00f3n sin consentimiento de cualquier contenido privado, adem\u00e1s de incluir los discursos de odio, contenidos sexistas, acoso y espionaje, entre otros.<\/p>\n\n\n\n<p>En este sentido, protege los derechos y bienes digitales, as\u00ed como el acceso, permanencia y desenvolvimiento en el \u00e1mbito digital.<\/p>\n\n\n\n<p>A trav\u00e9s del Decreto 542\/2023, que lleva las firmas del presidente Alberto Fern\u00e1ndez; el jefe de Gabinete, Agust\u00edn Rossi; y la ministra de las Mujeres, G\u00e9neros y Diversidad, Ayel\u00e9n Mazzina; el Gobierno promulg\u00f3 la Ley 27.736, llamada \u201cLey Olimpia\u201d, que incorpora la violencia contra mujeres en entornos digitales a la Ley 26.485 como una modalidad de violencia de g\u00e9nero. Asimismo, la legislaci\u00f3n prev\u00e9 una serie de medidas cautelares de protecci\u00f3n que puede dictar la Justicia, entre ellas, ordenar que las plataformas digitales quiten los contenidos que generan la violencia.<\/p>\n\n\n\n<p>La Ley Olimpia incluye a la violencia digital entre las modalidades de violencia contra las mujeres de la Ley 26.485 e incorpora como objeto de la ley el respeto de la \u201cdignidad, reputaci\u00f3n e identidad, incluso en los espacios digitales\u201d.<\/p>\n\n\n\n<p>La definici\u00f3n de la norma establece que se entiende por violencia digital o telem\u00e1tica \u201ctoda conducta, acci\u00f3n u omisi\u00f3n en contra de las mujeres basada en su g\u00e9nero que sea cometida, instigada o agravada, en parte o en su totalidad, con la asistencia, utilizaci\u00f3n y\/o apropiaci\u00f3n de las tecnolog\u00edas de la informaci\u00f3n y la comunicaci\u00f3n, con el objeto de causar da\u00f1os f\u00edsicos, psicol\u00f3gicos, econ\u00f3micos, sexuales o morales tanto en el \u00e1mbito privado como en el p\u00fablico a ellas o su grupo familiar\u201d.<\/p>\n\n\n\n<p>Seg\u00fan la ley, constituyen violencia digital las siguientes conductas:<\/p>\n\n\n\n<p>-que atenten contra su integridad, dignidad, identidad, reputaci\u00f3n, libertad, y contra el acceso, permanencia y desenvolvimiento en el espacio digital;<\/p>\n\n\n\n<p>-o que impliquen la obtenci\u00f3n, reproducci\u00f3n y difusi\u00f3n, sin consentimiento de material digital real o editado, intimo o de desnudez, que se le atribuya a las mujeres;<\/p>\n\n\n\n<p>-o la reproducci\u00f3n en el espacio digital de discursos de odio mis\u00f3ginos y patrones estereotipados sexistas;<\/p>\n\n\n\n<p>o situaciones de acoso, amenaza, extorsi\u00f3n, control o espionaje de la actividad virtual, accesos no autorizados a dispositivos electr\u00f3nicos o cuentas en l\u00ednea;<\/p>\n\n\n\n<p>-robo y difusi\u00f3n no consentida de datos personales en la medida en que no sean conductas permitidas por la ley 25.326 y\/o la que en el futuro la reemplace;<\/p>\n\n\n\n<p>-o acciones que atenten contra la integridad sexual de las mujeres a trav\u00e9s de las tecnolog\u00edas de la informaci\u00f3n y la comunicaci\u00f3n;<\/p>\n\n\n\n<p>-o cualquier ciberataque que pueda surgir a futuro y que afecte los derechos protegidos en la presente ley.<\/p>\n\n\n\n<p>En los pr\u00f3ximos d\u00edas, el Ministerio de las Mujeres, G\u00e9neros y Diversidad de la Naci\u00f3n publicar\u00e1 una gu\u00eda para la prevenci\u00f3n de las violencias de g\u00e9nero en entornos digitales. Este material se comenz\u00f3 a elaborar antes de la sanci\u00f3n de la ley y se enmarca en los Planes Nacionales de Acci\u00f3n Contra las Violencias por Motivos de G\u00e9nero (PNA) 2020- 2022 y 2022-2024, donde quedan contempladas un conjunto de pol\u00edticas p\u00fablicas con el objetivo de generar cambios culturales en pr\u00e1cticas, h\u00e1bitos y discursividades inherentes en nuestra sociedad, y que generan o pueden generar violencias de g\u00e9nero.<\/p>\n","protected":false},"excerpt":{"rendered":"<p>Se public\u00f3 en el Bolet\u00edn Oficial Ley Olimpia que aborda los delitos que violen la intimidad sexual de las personas<\/p>\n","protected":false},"author":3,"featured_media":2642,"comment_status":"closed","ping_status":"closed","sticky":false,"template":"","format":"standard","meta":{"colormag_page_container_layout":"default_layout","colormag_page_sidebar_layout":"default_layout","footnotes":""},"categories":[1,14],"tags":[],"class_list":["post-2641","post","type-post","status-publish","format-standard","has-post-thumbnail","hentry","category-destacadas","category-politica"],"yoast_head":"<!-- This site is optimized with the Yoast SEO plugin v27.5 - https:\/\/yoast.com\/product\/yoast-seo-wordpress\/ -->\n<title>El Gobierno promulg\u00f3 la legislaci\u00f3n que incorpora la violencia digital como violencia de g\u00e9nero - InfoPBA247<\/title>\n<meta name=\"robots\" content=\"index, follow, max-snippet:-1, max-image-preview:large, max-video-preview:-1\" \/>\n<link rel=\"canonical\" href=\"https:\/\/infopba247.com.ar\/index.php\/2023\/10\/26\/el-gobierno-promulgo-la-legislacion-que-incorpora-la-violencia-digital-como-violencia-de-genero\/\" \/>\n<meta property=\"og:locale\" content=\"es_ES\" \/>\n<meta property=\"og:type\" content=\"article\" \/>\n<meta property=\"og:title\" content=\"El Gobierno promulg\u00f3 la legislaci\u00f3n que incorpora la violencia digital como violencia de g\u00e9nero - InfoPBA247\" \/>\n<meta property=\"og:description\" content=\"Se public\u00f3 en el Bolet\u00edn Oficial Ley Olimpia que aborda los delitos que violen la intimidad sexual de las personas\" \/>\n<meta property=\"og:url\" content=\"https:\/\/infopba247.com.ar\/index.php\/2023\/10\/26\/el-gobierno-promulgo-la-legislacion-que-incorpora-la-violencia-digital-como-violencia-de-genero\/\" \/>\n<meta property=\"og:site_name\" content=\"InfoPBA247\" \/>\n<meta property=\"article:publisher\" content=\"https:\/\/www.facebook.com\/InfoPBA\" \/>\n<meta property=\"article:published_time\" content=\"2023-10-26T13:26:53+00:00\" \/>\n<meta property=\"og:image\" content=\"https:\/\/infopba247.com.ar\/wp-content\/uploads\/2023\/10\/unnamed-38.jpg\" \/>\n\t<meta property=\"og:image:width\" content=\"692\" \/>\n\t<meta property=\"og:image:height\" content=\"535\" \/>\n\t<meta property=\"og:image:type\" content=\"image\/jpeg\" \/>\n<meta name=\"author\" content=\"Editor\" \/>\n<meta name=\"twitter:card\" content=\"summary_large_image\" \/>\n<meta name=\"twitter:label1\" content=\"Escrito por\" \/>\n\t<meta name=\"twitter:data1\" content=\"Editor\" \/>\n\t<meta name=\"twitter:label2\" content=\"Tiempo de lectura\" \/>\n\t<meta name=\"twitter:data2\" content=\"3 minutos\" \/>\n<script type=\"application\/ld+json\" class=\"yoast-schema-graph\">{\"@context\":\"https:\\\/\\\/schema.org\",\"@graph\":[{\"@type\":\"Article\",\"@id\":\"https:\\\/\\\/infopba247.com.ar\\\/index.php\\\/2023\\\/10\\\/26\\\/el-gobierno-promulgo-la-legislacion-que-incorpora-la-violencia-digital-como-violencia-de-genero\\\/#article\",\"isPartOf\":{\"@id\":\"https:\\\/\\\/infopba247.com.ar\\\/index.php\\\/2023\\\/10\\\/26\\\/el-gobierno-promulgo-la-legislacion-que-incorpora-la-violencia-digital-como-violencia-de-genero\\\/\"},\"author\":{\"name\":\"Editor\",\"@id\":\"https:\\\/\\\/infopba247.com.ar\\\/#\\\/schema\\\/person\\\/4975f1343a413e57bf839b3eed0099f2\"},\"headline\":\"El Gobierno promulg\u00f3 la legislaci\u00f3n que incorpora la violencia digital como violencia de g\u00e9nero\",\"datePublished\":\"2023-10-26T13:26:53+00:00\",\"mainEntityOfPage\":{\"@id\":\"https:\\\/\\\/infopba247.com.ar\\\/index.php\\\/2023\\\/10\\\/26\\\/el-gobierno-promulgo-la-legislacion-que-incorpora-la-violencia-digital-como-violencia-de-genero\\\/\"},\"wordCount\":609,\"publisher\":{\"@id\":\"https:\\\/\\\/infopba247.com.ar\\\/#organization\"},\"image\":{\"@id\":\"https:\\\/\\\/infopba247.com.ar\\\/index.php\\\/2023\\\/10\\\/26\\\/el-gobierno-promulgo-la-legislacion-que-incorpora-la-violencia-digital-como-violencia-de-genero\\\/#primaryimage\"},\"thumbnailUrl\":\"https:\\\/\\\/infopba247.com.ar\\\/wp-content\\\/uploads\\\/2023\\\/10\\\/unnamed-38.jpg\",\"articleSection\":[\"Destacadas\",\"Pol\u00edtica\"],\"inLanguage\":\"es\"},{\"@type\":\"WebPage\",\"@id\":\"https:\\\/\\\/infopba247.com.ar\\\/index.php\\\/2023\\\/10\\\/26\\\/el-gobierno-promulgo-la-legislacion-que-incorpora-la-violencia-digital-como-violencia-de-genero\\\/\",\"url\":\"https:\\\/\\\/infopba247.com.ar\\\/index.php\\\/2023\\\/10\\\/26\\\/el-gobierno-promulgo-la-legislacion-que-incorpora-la-violencia-digital-como-violencia-de-genero\\\/\",\"name\":\"El Gobierno promulg\u00f3 la legislaci\u00f3n que incorpora la violencia digital como violencia de g\u00e9nero - InfoPBA247\",\"isPartOf\":{\"@id\":\"https:\\\/\\\/infopba247.com.ar\\\/#website\"},\"primaryImageOfPage\":{\"@id\":\"https:\\\/\\\/infopba247.com.ar\\\/index.php\\\/2023\\\/10\\\/26\\\/el-gobierno-promulgo-la-legislacion-que-incorpora-la-violencia-digital-como-violencia-de-genero\\\/#primaryimage\"},\"image\":{\"@id\":\"https:\\\/\\\/infopba247.com.ar\\\/index.php\\\/2023\\\/10\\\/26\\\/el-gobierno-promulgo-la-legislacion-que-incorpora-la-violencia-digital-como-violencia-de-genero\\\/#primaryimage\"},\"thumbnailUrl\":\"https:\\\/\\\/infopba247.com.ar\\\/wp-content\\\/uploads\\\/2023\\\/10\\\/unnamed-38.jpg\",\"datePublished\":\"2023-10-26T13:26:53+00:00\",\"breadcrumb\":{\"@id\":\"https:\\\/\\\/infopba247.com.ar\\\/index.php\\\/2023\\\/10\\\/26\\\/el-gobierno-promulgo-la-legislacion-que-incorpora-la-violencia-digital-como-violencia-de-genero\\\/#breadcrumb\"},\"inLanguage\":\"es\",\"potentialAction\":[{\"@type\":\"ReadAction\",\"target\":[\"https:\\\/\\\/infopba247.com.ar\\\/index.php\\\/2023\\\/10\\\/26\\\/el-gobierno-promulgo-la-legislacion-que-incorpora-la-violencia-digital-como-violencia-de-genero\\\/\"]}]},{\"@type\":\"ImageObject\",\"inLanguage\":\"es\",\"@id\":\"https:\\\/\\\/infopba247.com.ar\\\/index.php\\\/2023\\\/10\\\/26\\\/el-gobierno-promulgo-la-legislacion-que-incorpora-la-violencia-digital-como-violencia-de-genero\\\/#primaryimage\",\"url\":\"https:\\\/\\\/infopba247.com.ar\\\/wp-content\\\/uploads\\\/2023\\\/10\\\/unnamed-38.jpg\",\"contentUrl\":\"https:\\\/\\\/infopba247.com.ar\\\/wp-content\\\/uploads\\\/2023\\\/10\\\/unnamed-38.jpg\",\"width\":692,\"height\":535},{\"@type\":\"BreadcrumbList\",\"@id\":\"https:\\\/\\\/infopba247.com.ar\\\/index.php\\\/2023\\\/10\\\/26\\\/el-gobierno-promulgo-la-legislacion-que-incorpora-la-violencia-digital-como-violencia-de-genero\\\/#breadcrumb\",\"itemListElement\":[{\"@type\":\"ListItem\",\"position\":1,\"name\":\"Portada\",\"item\":\"https:\\\/\\\/infopba247.com.ar\\\/\"},{\"@type\":\"ListItem\",\"position\":2,\"name\":\"El Gobierno promulg\u00f3 la legislaci\u00f3n que incorpora la violencia digital como violencia de g\u00e9nero\"}]},{\"@type\":\"WebSite\",\"@id\":\"https:\\\/\\\/infopba247.com.ar\\\/#website\",\"url\":\"https:\\\/\\\/infopba247.com.ar\\\/\",\"name\":\"InfoPBA247\",\"description\":\"Toda la actualidad bonaerense\",\"publisher\":{\"@id\":\"https:\\\/\\\/infopba247.com.ar\\\/#organization\"},\"potentialAction\":[{\"@type\":\"SearchAction\",\"target\":{\"@type\":\"EntryPoint\",\"urlTemplate\":\"https:\\\/\\\/infopba247.com.ar\\\/?s={search_term_string}\"},\"query-input\":{\"@type\":\"PropertyValueSpecification\",\"valueRequired\":true,\"valueName\":\"search_term_string\"}}],\"inLanguage\":\"es\"},{\"@type\":\"Organization\",\"@id\":\"https:\\\/\\\/infopba247.com.ar\\\/#organization\",\"name\":\"InfoPBA247\",\"url\":\"https:\\\/\\\/infopba247.com.ar\\\/\",\"logo\":{\"@type\":\"ImageObject\",\"inLanguage\":\"es\",\"@id\":\"https:\\\/\\\/infopba247.com.ar\\\/#\\\/schema\\\/logo\\\/image\\\/\",\"url\":\"https:\\\/\\\/infopba247.com.ar\\\/wp-content\\\/uploads\\\/2022\\\/03\\\/cropped-InfoPBA247-1.png\",\"contentUrl\":\"https:\\\/\\\/infopba247.com.ar\\\/wp-content\\\/uploads\\\/2022\\\/03\\\/cropped-InfoPBA247-1.png\",\"width\":500,\"height\":122,\"caption\":\"InfoPBA247\"},\"image\":{\"@id\":\"https:\\\/\\\/infopba247.com.ar\\\/#\\\/schema\\\/logo\\\/image\\\/\"},\"sameAs\":[\"https:\\\/\\\/www.facebook.com\\\/InfoPBA\"]},{\"@type\":\"Person\",\"@id\":\"https:\\\/\\\/infopba247.com.ar\\\/#\\\/schema\\\/person\\\/4975f1343a413e57bf839b3eed0099f2\",\"name\":\"Editor\",\"image\":{\"@type\":\"ImageObject\",\"inLanguage\":\"es\",\"@id\":\"https:\\\/\\\/secure.gravatar.com\\\/avatar\\\/d27fe9520667ca53441d36627a1d6b0fa4a813571ec4803687a7a3a7744685ac?s=96&d=mm&r=g\",\"url\":\"https:\\\/\\\/secure.gravatar.com\\\/avatar\\\/d27fe9520667ca53441d36627a1d6b0fa4a813571ec4803687a7a3a7744685ac?s=96&d=mm&r=g\",\"contentUrl\":\"https:\\\/\\\/secure.gravatar.com\\\/avatar\\\/d27fe9520667ca53441d36627a1d6b0fa4a813571ec4803687a7a3a7744685ac?s=96&d=mm&r=g\",\"caption\":\"Editor\"},\"url\":\"https:\\\/\\\/infopba247.com.ar\\\/index.php\\\/author\\\/editor\\\/\"}]}<\/script>\n<!-- \/ Yoast SEO plugin. -->","yoast_head_json":{"title":"El Gobierno promulg\u00f3 la legislaci\u00f3n que incorpora la violencia digital como violencia de g\u00e9nero - InfoPBA247","robots":{"index":"index","follow":"follow","max-snippet":"max-snippet:-1","max-image-preview":"max-image-preview:large","max-video-preview":"max-video-preview:-1"},"canonical":"https:\/\/infopba247.com.ar\/index.php\/2023\/10\/26\/el-gobierno-promulgo-la-legislacion-que-incorpora-la-violencia-digital-como-violencia-de-genero\/","og_locale":"es_ES","og_type":"article","og_title":"El Gobierno promulg\u00f3 la legislaci\u00f3n que incorpora la violencia digital como violencia de g\u00e9nero - InfoPBA247","og_description":"Se public\u00f3 en el Bolet\u00edn Oficial Ley Olimpia que aborda los delitos que violen la intimidad sexual de las personas","og_url":"https:\/\/infopba247.com.ar\/index.php\/2023\/10\/26\/el-gobierno-promulgo-la-legislacion-que-incorpora-la-violencia-digital-como-violencia-de-genero\/","og_site_name":"InfoPBA247","article_publisher":"https:\/\/www.facebook.com\/InfoPBA","article_published_time":"2023-10-26T13:26:53+00:00","og_image":[{"width":692,"height":535,"url":"https:\/\/infopba247.com.ar\/wp-content\/uploads\/2023\/10\/unnamed-38.jpg","type":"image\/jpeg"}],"author":"Editor","twitter_card":"summary_large_image","twitter_misc":{"Escrito por":"Editor","Tiempo de lectura":"3 minutos"},"schema":{"@context":"https:\/\/schema.org","@graph":[{"@type":"Article","@id":"https:\/\/infopba247.com.ar\/index.php\/2023\/10\/26\/el-gobierno-promulgo-la-legislacion-que-incorpora-la-violencia-digital-como-violencia-de-genero\/#article","isPartOf":{"@id":"https:\/\/infopba247.com.ar\/index.php\/2023\/10\/26\/el-gobierno-promulgo-la-legislacion-que-incorpora-la-violencia-digital-como-violencia-de-genero\/"},"author":{"name":"Editor","@id":"https:\/\/infopba247.com.ar\/#\/schema\/person\/4975f1343a413e57bf839b3eed0099f2"},"headline":"El Gobierno promulg\u00f3 la legislaci\u00f3n que incorpora la violencia digital como violencia de g\u00e9nero","datePublished":"2023-10-26T13:26:53+00:00","mainEntityOfPage":{"@id":"https:\/\/infopba247.com.ar\/index.php\/2023\/10\/26\/el-gobierno-promulgo-la-legislacion-que-incorpora-la-violencia-digital-como-violencia-de-genero\/"},"wordCount":609,"publisher":{"@id":"https:\/\/infopba247.com.ar\/#organization"},"image":{"@id":"https:\/\/infopba247.com.ar\/index.php\/2023\/10\/26\/el-gobierno-promulgo-la-legislacion-que-incorpora-la-violencia-digital-como-violencia-de-genero\/#primaryimage"},"thumbnailUrl":"https:\/\/infopba247.com.ar\/wp-content\/uploads\/2023\/10\/unnamed-38.jpg","articleSection":["Destacadas","Pol\u00edtica"],"inLanguage":"es"},{"@type":"WebPage","@id":"https:\/\/infopba247.com.ar\/index.php\/2023\/10\/26\/el-gobierno-promulgo-la-legislacion-que-incorpora-la-violencia-digital-como-violencia-de-genero\/","url":"https:\/\/infopba247.com.ar\/index.php\/2023\/10\/26\/el-gobierno-promulgo-la-legislacion-que-incorpora-la-violencia-digital-como-violencia-de-genero\/","name":"El Gobierno promulg\u00f3 la legislaci\u00f3n que incorpora la violencia digital como violencia de g\u00e9nero - InfoPBA247","isPartOf":{"@id":"https:\/\/infopba247.com.ar\/#website"},"primaryImageOfPage":{"@id":"https:\/\/infopba247.com.ar\/index.php\/2023\/10\/26\/el-gobierno-promulgo-la-legislacion-que-incorpora-la-violencia-digital-como-violencia-de-genero\/#primaryimage"},"image":{"@id":"https:\/\/infopba247.com.ar\/index.php\/2023\/10\/26\/el-gobierno-promulgo-la-legislacion-que-incorpora-la-violencia-digital-como-violencia-de-genero\/#primaryimage"},"thumbnailUrl":"https:\/\/infopba247.com.ar\/wp-content\/uploads\/2023\/10\/unnamed-38.jpg","datePublished":"2023-10-26T13:26:53+00:00","breadcrumb":{"@id":"https:\/\/infopba247.com.ar\/index.php\/2023\/10\/26\/el-gobierno-promulgo-la-legislacion-que-incorpora-la-violencia-digital-como-violencia-de-genero\/#breadcrumb"},"inLanguage":"es","potentialAction":[{"@type":"ReadAction","target":["https:\/\/infopba247.com.ar\/index.php\/2023\/10\/26\/el-gobierno-promulgo-la-legislacion-que-incorpora-la-violencia-digital-como-violencia-de-genero\/"]}]},{"@type":"ImageObject","inLanguage":"es","@id":"https:\/\/infopba247.com.ar\/index.php\/2023\/10\/26\/el-gobierno-promulgo-la-legislacion-que-incorpora-la-violencia-digital-como-violencia-de-genero\/#primaryimage","url":"https:\/\/infopba247.com.ar\/wp-content\/uploads\/2023\/10\/unnamed-38.jpg","contentUrl":"https:\/\/infopba247.com.ar\/wp-content\/uploads\/2023\/10\/unnamed-38.jpg","width":692,"height":535},{"@type":"BreadcrumbList","@id":"https:\/\/infopba247.com.ar\/index.php\/2023\/10\/26\/el-gobierno-promulgo-la-legislacion-que-incorpora-la-violencia-digital-como-violencia-de-genero\/#breadcrumb","itemListElement":[{"@type":"ListItem","position":1,"name":"Portada","item":"https:\/\/infopba247.com.ar\/"},{"@type":"ListItem","position":2,"name":"El Gobierno promulg\u00f3 la legislaci\u00f3n que incorpora la violencia digital como violencia de g\u00e9nero"}]},{"@type":"WebSite","@id":"https:\/\/infopba247.com.ar\/#website","url":"https:\/\/infopba247.com.ar\/","name":"InfoPBA247","description":"Toda la actualidad bonaerense","publisher":{"@id":"https:\/\/infopba247.com.ar\/#organization"},"potentialAction":[{"@type":"SearchAction","target":{"@type":"EntryPoint","urlTemplate":"https:\/\/infopba247.com.ar\/?s={search_term_string}"},"query-input":{"@type":"PropertyValueSpecification","valueRequired":true,"valueName":"search_term_string"}}],"inLanguage":"es"},{"@type":"Organization","@id":"https:\/\/infopba247.com.ar\/#organization","name":"InfoPBA247","url":"https:\/\/infopba247.com.ar\/","logo":{"@type":"ImageObject","inLanguage":"es","@id":"https:\/\/infopba247.com.ar\/#\/schema\/logo\/image\/","url":"https:\/\/infopba247.com.ar\/wp-content\/uploads\/2022\/03\/cropped-InfoPBA247-1.png","contentUrl":"https:\/\/infopba247.com.ar\/wp-content\/uploads\/2022\/03\/cropped-InfoPBA247-1.png","width":500,"height":122,"caption":"InfoPBA247"},"image":{"@id":"https:\/\/infopba247.com.ar\/#\/schema\/logo\/image\/"},"sameAs":["https:\/\/www.facebook.com\/InfoPBA"]},{"@type":"Person","@id":"https:\/\/infopba247.com.ar\/#\/schema\/person\/4975f1343a413e57bf839b3eed0099f2","name":"Editor","image":{"@type":"ImageObject","inLanguage":"es","@id":"https:\/\/secure.gravatar.com\/avatar\/d27fe9520667ca53441d36627a1d6b0fa4a813571ec4803687a7a3a7744685ac?s=96&d=mm&r=g","url":"https:\/\/secure.gravatar.com\/avatar\/d27fe9520667ca53441d36627a1d6b0fa4a813571ec4803687a7a3a7744685ac?s=96&d=mm&r=g","contentUrl":"https:\/\/secure.gravatar.com\/avatar\/d27fe9520667ca53441d36627a1d6b0fa4a813571ec4803687a7a3a7744685ac?s=96&d=mm&r=g","caption":"Editor"},"url":"https:\/\/infopba247.com.ar\/index.php\/author\/editor\/"}]}},"_links":{"self":[{"href":"https:\/\/infopba247.com.ar\/index.php\/wp-json\/wp\/v2\/posts\/2641","targetHints":{"allow":["GET"]}}],"collection":[{"href":"https:\/\/infopba247.com.ar\/index.php\/wp-json\/wp\/v2\/posts"}],"about":[{"href":"https:\/\/infopba247.com.ar\/index.php\/wp-json\/wp\/v2\/types\/post"}],"author":[{"embeddable":true,"href":"https:\/\/infopba247.com.ar\/index.php\/wp-json\/wp\/v2\/users\/3"}],"replies":[{"embeddable":true,"href":"https:\/\/infopba247.com.ar\/index.php\/wp-json\/wp\/v2\/comments?post=2641"}],"version-history":[{"count":1,"href":"https:\/\/infopba247.com.ar\/index.php\/wp-json\/wp\/v2\/posts\/2641\/revisions"}],"predecessor-version":[{"id":2643,"href":"https:\/\/infopba247.com.ar\/index.php\/wp-json\/wp\/v2\/posts\/2641\/revisions\/2643"}],"wp:featuredmedia":[{"embeddable":true,"href":"https:\/\/infopba247.com.ar\/index.php\/wp-json\/wp\/v2\/media\/2642"}],"wp:attachment":[{"href":"https:\/\/infopba247.com.ar\/index.php\/wp-json\/wp\/v2\/media?parent=2641"}],"wp:term":[{"taxonomy":"category","embeddable":true,"href":"https:\/\/infopba247.com.ar\/index.php\/wp-json\/wp\/v2\/categories?post=2641"},{"taxonomy":"post_tag","embeddable":true,"href":"https:\/\/infopba247.com.ar\/index.php\/wp-json\/wp\/v2\/tags?post=2641"}],"curies":[{"name":"wp","href":"https:\/\/api.w.org\/{rel}","templated":true}]}}