{"id":2606,"date":"2023-10-24T09:51:34","date_gmt":"2023-10-24T12:51:34","guid":{"rendered":"https:\/\/infopba247.com.ar\/?p=2606"},"modified":"2023-10-24T09:52:32","modified_gmt":"2023-10-24T12:52:32","slug":"los-platenses-eligieron-poner-fin-a-la-decadencia-e-iniciar-un-rumbo-de-desarrollo","status":"publish","type":"post","link":"https:\/\/infopba247.com.ar\/index.php\/2023\/10\/24\/los-platenses-eligieron-poner-fin-a-la-decadencia-e-iniciar-un-rumbo-de-desarrollo\/","title":{"rendered":"\u201cLos platenses eligieron poner fin a la decadencia e iniciar un rumbo de desarrollo\u201d"},"content":{"rendered":"\n<p>&nbsp;El ministro de Justicia y Derechos Humanos bonaerense, Julio Alak, agradeci\u00f3 hoy \u201cel respaldo que la ciudadan\u00eda nos dio en las urnas, y el apoyo que siempre recibimos del gobernador Axel Kicillof para poder comprometernos con los vecinos a llevar adelante un cambio hist\u00f3rico y transformador en La Plata\u201d.<\/p>\n\n\n\n<p>Alak reiter\u00f3 que \u00ablos datos de nuestro centro de c\u00f3mputos, habiendo sido escrutado el 99,4% del total de las mesas, confirma que estamos ganando la elecci\u00f3n a intendente de La Plata por 1.700 votos. Y adem\u00e1s el Correo Argentino tambi\u00e9n convalid\u00f3 nuestro triunfo.<\/p>\n\n\n\n<p>\u201cQuiero agradecer profundamente a la militancia pol\u00edtica y social de Uni\u00f3n por la Patria el esfuerzo realizado para construir una gran alternativa electoral para nuestra ciudad, y a los miles de vecinos y vecinas que nos acompa\u00f1aron con su voto\u201d, dijo.<\/p>\n\n\n\n<p>Alak tambi\u00e9n felicit\u00f3 a \u201cnuestro querido gobernador Axel Kicillof por el inmenso respaldo que ha recibido del pueblo bonaerense, debido a sus valores morales y su enorme capacidad de gesti\u00f3n. Debo decir que se trata de un respaldo muy bien ganado, porque personalmente he sido testigo del esfuerzo y el inmenso compromiso, la dedicaci\u00f3n y el empe\u00f1o con el que el gobernador se dispuso a administrar esta Provincia desde el primer d\u00eda que asumi\u00f3\u201d.<\/p>\n\n\n\n<p>El funcionario provincial, que ser\u00e1 el nuevo intendente de La Plata desde el pr\u00f3ximo 10 de diciembre, dijo que \u201cesta elecci\u00f3n nos deja una gran ense\u00f1anza, que es la de haber sido capaces de construir colectivamente una propuesta que fue interpretada por cada vecino como la oportunidad para recuperar esa ciudad que alguna vez hicimos, y que la desidia y la irresponsabilidad de distintas gestiones hicieron retroceder gravemente\u201d.<\/p>\n\n\n\n<p>\u201cHemos logrado lo que hasta hace poco parec\u00eda imposible: que los ciudadanos vuelvan a creer que otra ciudad es posible, y que nosotros podemos ser esa alternativa que estaban esperando para sentir que alguien por fin piensa en ellos, en cada barrio, en cada localidad\u201d, subray\u00f3.<\/p>\n\n\n\n<p>Finalmente, exhort\u00f3 a los militantes a \u201ctrabajar intensamente para que el 19 de noviembre -d\u00eda del aniversario de nuestra ciudad- Sergio Massa sea consagrado presidente de todos los argentinos, porque estamos convencidos de que es la \u00fanica y la mejor alternativa para el pa\u00eds y los argentinos, y porque tiene lo que hay que tener para construir una naci\u00f3n justa, libre y soberana\u201d, concluy\u00f3.<\/p>\n\n\n\n<p>Alak, que logr\u00f3 unificar al peronismo en la capital bonaerense, desarroll\u00f3 una campa\u00f1a local que aglutin\u00f3 a organizaciones sociales, sindicatos, sociedades de fomento y profesionales, y se centr\u00f3 en la planificaci\u00f3n y recuperaci\u00f3n de los espacios.<\/p>\n\n\n\n<p>Con el 97,56% de las mesas escrutadas oficialmente, la Direcci\u00f3n Nacional Electoral (DINE) tambi\u00e9n dio como ganador al Ministro de Justicia y Derechos Humanos de la administraci\u00f3n del gobernador Axel Kicillof. La participaci\u00f3n ciudadana en los comicios platenses fue del 75,63%, casi dos puntos por encima de la marca obtenida a nivel nacional. Seg\u00fan los datos oficiales hubo 34.335 votos en blanco, que representan el 7,43%, mientras que tambi\u00e9n hubo 3.067 nulos y 1.018 recurridos o impugnados.<\/p>\n","protected":false},"excerpt":{"rendered":"<p>&nbsp;El ministro de Justicia y Derechos Humanos bonaerense, Julio Alak, agradeci\u00f3 hoy \u201cel respaldo que la ciudadan\u00eda nos dio en<\/p>\n","protected":false},"author":3,"featured_media":2608,"comment_status":"closed","ping_status":"closed","sticky":false,"template":"","format":"standard","meta":{"colormag_page_container_layout":"default_layout","colormag_page_sidebar_layout":"default_layout","footnotes":""},"categories":[12,1,14],"tags":[32],"class_list":["post-2606","post","type-post","status-publish","format-standard","has-post-thumbnail","hentry","category-8va-seccion","category-destacadas","category-politica","tag-municipalidad-de-la-plata"],"yoast_head":"<!-- This site is optimized with the Yoast SEO plugin v27.5 - https:\/\/yoast.com\/product\/yoast-seo-wordpress\/ -->\n<title>\u201cLos platenses eligieron poner fin a la decadencia e iniciar un rumbo de desarrollo\u201d - InfoPBA247<\/title>\n<meta name=\"robots\" content=\"index, follow, max-snippet:-1, max-image-preview:large, max-video-preview:-1\" \/>\n<link rel=\"canonical\" href=\"https:\/\/infopba247.com.ar\/index.php\/2023\/10\/24\/los-platenses-eligieron-poner-fin-a-la-decadencia-e-iniciar-un-rumbo-de-desarrollo\/\" \/>\n<meta property=\"og:locale\" content=\"es_ES\" \/>\n<meta property=\"og:type\" content=\"article\" \/>\n<meta property=\"og:title\" content=\"\u201cLos platenses eligieron poner fin a la decadencia e iniciar un rumbo de desarrollo\u201d - InfoPBA247\" \/>\n<meta property=\"og:description\" content=\"&nbsp;El ministro de Justicia y Derechos Humanos bonaerense, Julio Alak, agradeci\u00f3 hoy \u201cel respaldo que la ciudadan\u00eda nos dio en\" \/>\n<meta property=\"og:url\" content=\"https:\/\/infopba247.com.ar\/index.php\/2023\/10\/24\/los-platenses-eligieron-poner-fin-a-la-decadencia-e-iniciar-un-rumbo-de-desarrollo\/\" \/>\n<meta property=\"og:site_name\" content=\"InfoPBA247\" \/>\n<meta property=\"article:publisher\" content=\"https:\/\/www.facebook.com\/InfoPBA\" \/>\n<meta property=\"article:published_time\" content=\"2023-10-24T12:51:34+00:00\" \/>\n<meta property=\"article:modified_time\" content=\"2023-10-24T12:52:32+00:00\" \/>\n<meta property=\"og:image\" content=\"https:\/\/infopba247.com.ar\/wp-content\/uploads\/2023\/10\/Foto-Alak-.jpeg\" \/>\n\t<meta property=\"og:image:width\" content=\"1280\" \/>\n\t<meta property=\"og:image:height\" content=\"852\" \/>\n\t<meta property=\"og:image:type\" content=\"image\/jpeg\" \/>\n<meta name=\"author\" content=\"Editor\" \/>\n<meta name=\"twitter:card\" content=\"summary_large_image\" \/>\n<meta name=\"twitter:label1\" content=\"Escrito por\" \/>\n\t<meta name=\"twitter:data1\" content=\"Editor\" \/>\n\t<meta name=\"twitter:label2\" content=\"Tiempo de lectura\" \/>\n\t<meta name=\"twitter:data2\" content=\"3 minutos\" \/>\n<script type=\"application\/ld+json\" class=\"yoast-schema-graph\">{\"@context\":\"https:\\\/\\\/schema.org\",\"@graph\":[{\"@type\":\"Article\",\"@id\":\"https:\\\/\\\/infopba247.com.ar\\\/index.php\\\/2023\\\/10\\\/24\\\/los-platenses-eligieron-poner-fin-a-la-decadencia-e-iniciar-un-rumbo-de-desarrollo\\\/#article\",\"isPartOf\":{\"@id\":\"https:\\\/\\\/infopba247.com.ar\\\/index.php\\\/2023\\\/10\\\/24\\\/los-platenses-eligieron-poner-fin-a-la-decadencia-e-iniciar-un-rumbo-de-desarrollo\\\/\"},\"author\":{\"name\":\"Editor\",\"@id\":\"https:\\\/\\\/infopba247.com.ar\\\/#\\\/schema\\\/person\\\/4975f1343a413e57bf839b3eed0099f2\"},\"headline\":\"\u201cLos platenses eligieron poner fin a la decadencia e iniciar un rumbo de desarrollo\u201d\",\"datePublished\":\"2023-10-24T12:51:34+00:00\",\"dateModified\":\"2023-10-24T12:52:32+00:00\",\"mainEntityOfPage\":{\"@id\":\"https:\\\/\\\/infopba247.com.ar\\\/index.php\\\/2023\\\/10\\\/24\\\/los-platenses-eligieron-poner-fin-a-la-decadencia-e-iniciar-un-rumbo-de-desarrollo\\\/\"},\"wordCount\":533,\"publisher\":{\"@id\":\"https:\\\/\\\/infopba247.com.ar\\\/#organization\"},\"image\":{\"@id\":\"https:\\\/\\\/infopba247.com.ar\\\/index.php\\\/2023\\\/10\\\/24\\\/los-platenses-eligieron-poner-fin-a-la-decadencia-e-iniciar-un-rumbo-de-desarrollo\\\/#primaryimage\"},\"thumbnailUrl\":\"https:\\\/\\\/infopba247.com.ar\\\/wp-content\\\/uploads\\\/2023\\\/10\\\/Foto-Alak-.jpeg\",\"keywords\":[\"Municipalidad de La Plata\"],\"articleSection\":[\"8va Secci\u00f3n\",\"Destacadas\",\"Pol\u00edtica\"],\"inLanguage\":\"es\"},{\"@type\":\"WebPage\",\"@id\":\"https:\\\/\\\/infopba247.com.ar\\\/index.php\\\/2023\\\/10\\\/24\\\/los-platenses-eligieron-poner-fin-a-la-decadencia-e-iniciar-un-rumbo-de-desarrollo\\\/\",\"url\":\"https:\\\/\\\/infopba247.com.ar\\\/index.php\\\/2023\\\/10\\\/24\\\/los-platenses-eligieron-poner-fin-a-la-decadencia-e-iniciar-un-rumbo-de-desarrollo\\\/\",\"name\":\"\u201cLos platenses eligieron poner fin a la decadencia e iniciar un rumbo de desarrollo\u201d - InfoPBA247\",\"isPartOf\":{\"@id\":\"https:\\\/\\\/infopba247.com.ar\\\/#website\"},\"primaryImageOfPage\":{\"@id\":\"https:\\\/\\\/infopba247.com.ar\\\/index.php\\\/2023\\\/10\\\/24\\\/los-platenses-eligieron-poner-fin-a-la-decadencia-e-iniciar-un-rumbo-de-desarrollo\\\/#primaryimage\"},\"image\":{\"@id\":\"https:\\\/\\\/infopba247.com.ar\\\/index.php\\\/2023\\\/10\\\/24\\\/los-platenses-eligieron-poner-fin-a-la-decadencia-e-iniciar-un-rumbo-de-desarrollo\\\/#primaryimage\"},\"thumbnailUrl\":\"https:\\\/\\\/infopba247.com.ar\\\/wp-content\\\/uploads\\\/2023\\\/10\\\/Foto-Alak-.jpeg\",\"datePublished\":\"2023-10-24T12:51:34+00:00\",\"dateModified\":\"2023-10-24T12:52:32+00:00\",\"breadcrumb\":{\"@id\":\"https:\\\/\\\/infopba247.com.ar\\\/index.php\\\/2023\\\/10\\\/24\\\/los-platenses-eligieron-poner-fin-a-la-decadencia-e-iniciar-un-rumbo-de-desarrollo\\\/#breadcrumb\"},\"inLanguage\":\"es\",\"potentialAction\":[{\"@type\":\"ReadAction\",\"target\":[\"https:\\\/\\\/infopba247.com.ar\\\/index.php\\\/2023\\\/10\\\/24\\\/los-platenses-eligieron-poner-fin-a-la-decadencia-e-iniciar-un-rumbo-de-desarrollo\\\/\"]}]},{\"@type\":\"ImageObject\",\"inLanguage\":\"es\",\"@id\":\"https:\\\/\\\/infopba247.com.ar\\\/index.php\\\/2023\\\/10\\\/24\\\/los-platenses-eligieron-poner-fin-a-la-decadencia-e-iniciar-un-rumbo-de-desarrollo\\\/#primaryimage\",\"url\":\"https:\\\/\\\/infopba247.com.ar\\\/wp-content\\\/uploads\\\/2023\\\/10\\\/Foto-Alak-.jpeg\",\"contentUrl\":\"https:\\\/\\\/infopba247.com.ar\\\/wp-content\\\/uploads\\\/2023\\\/10\\\/Foto-Alak-.jpeg\",\"width\":1280,\"height\":852},{\"@type\":\"BreadcrumbList\",\"@id\":\"https:\\\/\\\/infopba247.com.ar\\\/index.php\\\/2023\\\/10\\\/24\\\/los-platenses-eligieron-poner-fin-a-la-decadencia-e-iniciar-un-rumbo-de-desarrollo\\\/#breadcrumb\",\"itemListElement\":[{\"@type\":\"ListItem\",\"position\":1,\"name\":\"Portada\",\"item\":\"https:\\\/\\\/infopba247.com.ar\\\/\"},{\"@type\":\"ListItem\",\"position\":2,\"name\":\"\u201cLos platenses eligieron poner fin a la decadencia e iniciar un rumbo de desarrollo\u201d\"}]},{\"@type\":\"WebSite\",\"@id\":\"https:\\\/\\\/infopba247.com.ar\\\/#website\",\"url\":\"https:\\\/\\\/infopba247.com.ar\\\/\",\"name\":\"InfoPBA247\",\"description\":\"Toda la actualidad bonaerense\",\"publisher\":{\"@id\":\"https:\\\/\\\/infopba247.com.ar\\\/#organization\"},\"potentialAction\":[{\"@type\":\"SearchAction\",\"target\":{\"@type\":\"EntryPoint\",\"urlTemplate\":\"https:\\\/\\\/infopba247.com.ar\\\/?s={search_term_string}\"},\"query-input\":{\"@type\":\"PropertyValueSpecification\",\"valueRequired\":true,\"valueName\":\"search_term_string\"}}],\"inLanguage\":\"es\"},{\"@type\":\"Organization\",\"@id\":\"https:\\\/\\\/infopba247.com.ar\\\/#organization\",\"name\":\"InfoPBA247\",\"url\":\"https:\\\/\\\/infopba247.com.ar\\\/\",\"logo\":{\"@type\":\"ImageObject\",\"inLanguage\":\"es\",\"@id\":\"https:\\\/\\\/infopba247.com.ar\\\/#\\\/schema\\\/logo\\\/image\\\/\",\"url\":\"https:\\\/\\\/infopba247.com.ar\\\/wp-content\\\/uploads\\\/2022\\\/03\\\/cropped-InfoPBA247-1.png\",\"contentUrl\":\"https:\\\/\\\/infopba247.com.ar\\\/wp-content\\\/uploads\\\/2022\\\/03\\\/cropped-InfoPBA247-1.png\",\"width\":500,\"height\":122,\"caption\":\"InfoPBA247\"},\"image\":{\"@id\":\"https:\\\/\\\/infopba247.com.ar\\\/#\\\/schema\\\/logo\\\/image\\\/\"},\"sameAs\":[\"https:\\\/\\\/www.facebook.com\\\/InfoPBA\"]},{\"@type\":\"Person\",\"@id\":\"https:\\\/\\\/infopba247.com.ar\\\/#\\\/schema\\\/person\\\/4975f1343a413e57bf839b3eed0099f2\",\"name\":\"Editor\",\"image\":{\"@type\":\"ImageObject\",\"inLanguage\":\"es\",\"@id\":\"https:\\\/\\\/secure.gravatar.com\\\/avatar\\\/d27fe9520667ca53441d36627a1d6b0fa4a813571ec4803687a7a3a7744685ac?s=96&d=mm&r=g\",\"url\":\"https:\\\/\\\/secure.gravatar.com\\\/avatar\\\/d27fe9520667ca53441d36627a1d6b0fa4a813571ec4803687a7a3a7744685ac?s=96&d=mm&r=g\",\"contentUrl\":\"https:\\\/\\\/secure.gravatar.com\\\/avatar\\\/d27fe9520667ca53441d36627a1d6b0fa4a813571ec4803687a7a3a7744685ac?s=96&d=mm&r=g\",\"caption\":\"Editor\"},\"url\":\"https:\\\/\\\/infopba247.com.ar\\\/index.php\\\/author\\\/editor\\\/\"}]}<\/script>\n<!-- \/ Yoast SEO plugin. -->","yoast_head_json":{"title":"\u201cLos platenses eligieron poner fin a la decadencia e iniciar un rumbo de desarrollo\u201d - InfoPBA247","robots":{"index":"index","follow":"follow","max-snippet":"max-snippet:-1","max-image-preview":"max-image-preview:large","max-video-preview":"max-video-preview:-1"},"canonical":"https:\/\/infopba247.com.ar\/index.php\/2023\/10\/24\/los-platenses-eligieron-poner-fin-a-la-decadencia-e-iniciar-un-rumbo-de-desarrollo\/","og_locale":"es_ES","og_type":"article","og_title":"\u201cLos platenses eligieron poner fin a la decadencia e iniciar un rumbo de desarrollo\u201d - InfoPBA247","og_description":"&nbsp;El ministro de Justicia y Derechos Humanos bonaerense, Julio Alak, agradeci\u00f3 hoy \u201cel respaldo que la ciudadan\u00eda nos dio en","og_url":"https:\/\/infopba247.com.ar\/index.php\/2023\/10\/24\/los-platenses-eligieron-poner-fin-a-la-decadencia-e-iniciar-un-rumbo-de-desarrollo\/","og_site_name":"InfoPBA247","article_publisher":"https:\/\/www.facebook.com\/InfoPBA","article_published_time":"2023-10-24T12:51:34+00:00","article_modified_time":"2023-10-24T12:52:32+00:00","og_image":[{"width":1280,"height":852,"url":"https:\/\/infopba247.com.ar\/wp-content\/uploads\/2023\/10\/Foto-Alak-.jpeg","type":"image\/jpeg"}],"author":"Editor","twitter_card":"summary_large_image","twitter_misc":{"Escrito por":"Editor","Tiempo de lectura":"3 minutos"},"schema":{"@context":"https:\/\/schema.org","@graph":[{"@type":"Article","@id":"https:\/\/infopba247.com.ar\/index.php\/2023\/10\/24\/los-platenses-eligieron-poner-fin-a-la-decadencia-e-iniciar-un-rumbo-de-desarrollo\/#article","isPartOf":{"@id":"https:\/\/infopba247.com.ar\/index.php\/2023\/10\/24\/los-platenses-eligieron-poner-fin-a-la-decadencia-e-iniciar-un-rumbo-de-desarrollo\/"},"author":{"name":"Editor","@id":"https:\/\/infopba247.com.ar\/#\/schema\/person\/4975f1343a413e57bf839b3eed0099f2"},"headline":"\u201cLos platenses eligieron poner fin a la decadencia e iniciar un rumbo de desarrollo\u201d","datePublished":"2023-10-24T12:51:34+00:00","dateModified":"2023-10-24T12:52:32+00:00","mainEntityOfPage":{"@id":"https:\/\/infopba247.com.ar\/index.php\/2023\/10\/24\/los-platenses-eligieron-poner-fin-a-la-decadencia-e-iniciar-un-rumbo-de-desarrollo\/"},"wordCount":533,"publisher":{"@id":"https:\/\/infopba247.com.ar\/#organization"},"image":{"@id":"https:\/\/infopba247.com.ar\/index.php\/2023\/10\/24\/los-platenses-eligieron-poner-fin-a-la-decadencia-e-iniciar-un-rumbo-de-desarrollo\/#primaryimage"},"thumbnailUrl":"https:\/\/infopba247.com.ar\/wp-content\/uploads\/2023\/10\/Foto-Alak-.jpeg","keywords":["Municipalidad de La Plata"],"articleSection":["8va Secci\u00f3n","Destacadas","Pol\u00edtica"],"inLanguage":"es"},{"@type":"WebPage","@id":"https:\/\/infopba247.com.ar\/index.php\/2023\/10\/24\/los-platenses-eligieron-poner-fin-a-la-decadencia-e-iniciar-un-rumbo-de-desarrollo\/","url":"https:\/\/infopba247.com.ar\/index.php\/2023\/10\/24\/los-platenses-eligieron-poner-fin-a-la-decadencia-e-iniciar-un-rumbo-de-desarrollo\/","name":"\u201cLos platenses eligieron poner fin a la decadencia e iniciar un rumbo de desarrollo\u201d - InfoPBA247","isPartOf":{"@id":"https:\/\/infopba247.com.ar\/#website"},"primaryImageOfPage":{"@id":"https:\/\/infopba247.com.ar\/index.php\/2023\/10\/24\/los-platenses-eligieron-poner-fin-a-la-decadencia-e-iniciar-un-rumbo-de-desarrollo\/#primaryimage"},"image":{"@id":"https:\/\/infopba247.com.ar\/index.php\/2023\/10\/24\/los-platenses-eligieron-poner-fin-a-la-decadencia-e-iniciar-un-rumbo-de-desarrollo\/#primaryimage"},"thumbnailUrl":"https:\/\/infopba247.com.ar\/wp-content\/uploads\/2023\/10\/Foto-Alak-.jpeg","datePublished":"2023-10-24T12:51:34+00:00","dateModified":"2023-10-24T12:52:32+00:00","breadcrumb":{"@id":"https:\/\/infopba247.com.ar\/index.php\/2023\/10\/24\/los-platenses-eligieron-poner-fin-a-la-decadencia-e-iniciar-un-rumbo-de-desarrollo\/#breadcrumb"},"inLanguage":"es","potentialAction":[{"@type":"ReadAction","target":["https:\/\/infopba247.com.ar\/index.php\/2023\/10\/24\/los-platenses-eligieron-poner-fin-a-la-decadencia-e-iniciar-un-rumbo-de-desarrollo\/"]}]},{"@type":"ImageObject","inLanguage":"es","@id":"https:\/\/infopba247.com.ar\/index.php\/2023\/10\/24\/los-platenses-eligieron-poner-fin-a-la-decadencia-e-iniciar-un-rumbo-de-desarrollo\/#primaryimage","url":"https:\/\/infopba247.com.ar\/wp-content\/uploads\/2023\/10\/Foto-Alak-.jpeg","contentUrl":"https:\/\/infopba247.com.ar\/wp-content\/uploads\/2023\/10\/Foto-Alak-.jpeg","width":1280,"height":852},{"@type":"BreadcrumbList","@id":"https:\/\/infopba247.com.ar\/index.php\/2023\/10\/24\/los-platenses-eligieron-poner-fin-a-la-decadencia-e-iniciar-un-rumbo-de-desarrollo\/#breadcrumb","itemListElement":[{"@type":"ListItem","position":1,"name":"Portada","item":"https:\/\/infopba247.com.ar\/"},{"@type":"ListItem","position":2,"name":"\u201cLos platenses eligieron poner fin a la decadencia e iniciar un rumbo de desarrollo\u201d"}]},{"@type":"WebSite","@id":"https:\/\/infopba247.com.ar\/#website","url":"https:\/\/infopba247.com.ar\/","name":"InfoPBA247","description":"Toda la actualidad bonaerense","publisher":{"@id":"https:\/\/infopba247.com.ar\/#organization"},"potentialAction":[{"@type":"SearchAction","target":{"@type":"EntryPoint","urlTemplate":"https:\/\/infopba247.com.ar\/?s={search_term_string}"},"query-input":{"@type":"PropertyValueSpecification","valueRequired":true,"valueName":"search_term_string"}}],"inLanguage":"es"},{"@type":"Organization","@id":"https:\/\/infopba247.com.ar\/#organization","name":"InfoPBA247","url":"https:\/\/infopba247.com.ar\/","logo":{"@type":"ImageObject","inLanguage":"es","@id":"https:\/\/infopba247.com.ar\/#\/schema\/logo\/image\/","url":"https:\/\/infopba247.com.ar\/wp-content\/uploads\/2022\/03\/cropped-InfoPBA247-1.png","contentUrl":"https:\/\/infopba247.com.ar\/wp-content\/uploads\/2022\/03\/cropped-InfoPBA247-1.png","width":500,"height":122,"caption":"InfoPBA247"},"image":{"@id":"https:\/\/infopba247.com.ar\/#\/schema\/logo\/image\/"},"sameAs":["https:\/\/www.facebook.com\/InfoPBA"]},{"@type":"Person","@id":"https:\/\/infopba247.com.ar\/#\/schema\/person\/4975f1343a413e57bf839b3eed0099f2","name":"Editor","image":{"@type":"ImageObject","inLanguage":"es","@id":"https:\/\/secure.gravatar.com\/avatar\/d27fe9520667ca53441d36627a1d6b0fa4a813571ec4803687a7a3a7744685ac?s=96&d=mm&r=g","url":"https:\/\/secure.gravatar.com\/avatar\/d27fe9520667ca53441d36627a1d6b0fa4a813571ec4803687a7a3a7744685ac?s=96&d=mm&r=g","contentUrl":"https:\/\/secure.gravatar.com\/avatar\/d27fe9520667ca53441d36627a1d6b0fa4a813571ec4803687a7a3a7744685ac?s=96&d=mm&r=g","caption":"Editor"},"url":"https:\/\/infopba247.com.ar\/index.php\/author\/editor\/"}]}},"_links":{"self":[{"href":"https:\/\/infopba247.com.ar\/index.php\/wp-json\/wp\/v2\/posts\/2606","targetHints":{"allow":["GET"]}}],"collection":[{"href":"https:\/\/infopba247.com.ar\/index.php\/wp-json\/wp\/v2\/posts"}],"about":[{"href":"https:\/\/infopba247.com.ar\/index.php\/wp-json\/wp\/v2\/types\/post"}],"author":[{"embeddable":true,"href":"https:\/\/infopba247.com.ar\/index.php\/wp-json\/wp\/v2\/users\/3"}],"replies":[{"embeddable":true,"href":"https:\/\/infopba247.com.ar\/index.php\/wp-json\/wp\/v2\/comments?post=2606"}],"version-history":[{"count":2,"href":"https:\/\/infopba247.com.ar\/index.php\/wp-json\/wp\/v2\/posts\/2606\/revisions"}],"predecessor-version":[{"id":2609,"href":"https:\/\/infopba247.com.ar\/index.php\/wp-json\/wp\/v2\/posts\/2606\/revisions\/2609"}],"wp:featuredmedia":[{"embeddable":true,"href":"https:\/\/infopba247.com.ar\/index.php\/wp-json\/wp\/v2\/media\/2608"}],"wp:attachment":[{"href":"https:\/\/infopba247.com.ar\/index.php\/wp-json\/wp\/v2\/media?parent=2606"}],"wp:term":[{"taxonomy":"category","embeddable":true,"href":"https:\/\/infopba247.com.ar\/index.php\/wp-json\/wp\/v2\/categories?post=2606"},{"taxonomy":"post_tag","embeddable":true,"href":"https:\/\/infopba247.com.ar\/index.php\/wp-json\/wp\/v2\/tags?post=2606"}],"curies":[{"name":"wp","href":"https:\/\/api.w.org\/{rel}","templated":true}]}}