{"id":2583,"date":"2023-10-18T10:59:00","date_gmt":"2023-10-18T13:59:00","guid":{"rendered":"https:\/\/infopba247.com.ar\/?p=2583"},"modified":"2023-10-18T16:59:45","modified_gmt":"2023-10-18T19:59:45","slug":"olavarria-tendra-un-rol-protagonico-en-el-proyecto-de-pais-de-sergio-massa","status":"publish","type":"post","link":"https:\/\/infopba247.com.ar\/index.php\/2023\/10\/18\/olavarria-tendra-un-rol-protagonico-en-el-proyecto-de-pais-de-sergio-massa\/","title":{"rendered":"\u201cOlavarr\u00eda tendr\u00e1 un rol protag\u00f3nico en el proyecto de pa\u00eds de Sergio Massa\u201d"},"content":{"rendered":"\n<p>As\u00ed lo afirm\u00f3 el referente del Foro Olavarr\u00eda a d\u00edas de las elecciones generales del 22 de octubre.<\/p>\n\n\n\n<p>A tan solo cuatro d\u00edas de las elecciones generales de este domingo, el referente de Foro Olavarr\u00eda, Eduardo Rodr\u00edguez, se refiri\u00f3 al papel que tendr\u00e1 Olavarr\u00eda en caso de que el candidato a presidente de Argentina de Uni\u00f3n por la Patria, Sergio Massa, gane las elecciones.<\/p>\n\n\n\n<p>\u201cOlavarr\u00eda tendr\u00e1 un rol protag\u00f3nico en el proyecto de pa\u00eds de Sergio Massa. Nuestra industria, nuestro campo, nuestro comercio, nuestra educaci\u00f3n p\u00fablica, nuestros investigadores, nuestros trabajadores y trabajadoras ser\u00e1n pilares para construir una Argentina con desarrollo\u201d, indic\u00f3 Eduardo Rodr\u00edguez.<\/p>\n\n\n\n<p>Las palabras del referente del massismo a nivel local se produjeron luego de que el candidato a presidente dijo, en un acto de cierre de campa\u00f1a en San Luis, que buscar\u00e1 construir una \u201cpatria\u201d segura, con educaci\u00f3n, trabajo, \u201cproducci\u00f3n y federalismo\u201d.<\/p>\n","protected":false},"excerpt":{"rendered":"<p>As\u00ed lo afirm\u00f3 el referente del Foro Olavarr\u00eda a d\u00edas de las elecciones generales del 22 de octubre. A tan<\/p>\n","protected":false},"author":3,"featured_media":2584,"comment_status":"closed","ping_status":"closed","sticky":false,"template":"","format":"standard","meta":{"colormag_page_container_layout":"default_layout","colormag_page_sidebar_layout":"default_layout","footnotes":""},"categories":[11,1,14],"tags":[],"class_list":["post-2583","post","type-post","status-publish","format-standard","has-post-thumbnail","hentry","category-7ma-seccion","category-destacadas","category-politica"],"yoast_head":"<!-- This site is optimized with the Yoast SEO plugin v27.5 - https:\/\/yoast.com\/product\/yoast-seo-wordpress\/ -->\n<title>\u201cOlavarr\u00eda tendr\u00e1 un rol protag\u00f3nico en el proyecto de pa\u00eds de Sergio Massa\u201d - InfoPBA247<\/title>\n<meta name=\"robots\" content=\"index, follow, max-snippet:-1, max-image-preview:large, max-video-preview:-1\" \/>\n<link rel=\"canonical\" href=\"https:\/\/infopba247.com.ar\/index.php\/2023\/10\/18\/olavarria-tendra-un-rol-protagonico-en-el-proyecto-de-pais-de-sergio-massa\/\" \/>\n<meta property=\"og:locale\" content=\"es_ES\" \/>\n<meta property=\"og:type\" content=\"article\" \/>\n<meta property=\"og:title\" content=\"\u201cOlavarr\u00eda tendr\u00e1 un rol protag\u00f3nico en el proyecto de pa\u00eds de Sergio Massa\u201d - InfoPBA247\" \/>\n<meta property=\"og:description\" content=\"As\u00ed lo afirm\u00f3 el referente del Foro Olavarr\u00eda a d\u00edas de las elecciones generales del 22 de octubre. A tan\" \/>\n<meta property=\"og:url\" content=\"https:\/\/infopba247.com.ar\/index.php\/2023\/10\/18\/olavarria-tendra-un-rol-protagonico-en-el-proyecto-de-pais-de-sergio-massa\/\" \/>\n<meta property=\"og:site_name\" content=\"InfoPBA247\" \/>\n<meta property=\"article:publisher\" content=\"https:\/\/www.facebook.com\/InfoPBA\" \/>\n<meta property=\"article:published_time\" content=\"2023-10-18T13:59:00+00:00\" \/>\n<meta property=\"article:modified_time\" content=\"2023-10-18T19:59:45+00:00\" \/>\n<meta property=\"og:image\" content=\"https:\/\/infopba247.com.ar\/wp-content\/uploads\/2023\/10\/Olavarria-elecciones.jpg\" \/>\n\t<meta property=\"og:image:width\" content=\"1140\" \/>\n\t<meta property=\"og:image:height\" content=\"648\" \/>\n\t<meta property=\"og:image:type\" content=\"image\/jpeg\" \/>\n<meta name=\"author\" content=\"Editor\" \/>\n<meta name=\"twitter:card\" content=\"summary_large_image\" \/>\n<meta name=\"twitter:label1\" content=\"Escrito por\" \/>\n\t<meta name=\"twitter:data1\" content=\"Editor\" \/>\n\t<meta name=\"twitter:label2\" content=\"Tiempo de lectura\" \/>\n\t<meta name=\"twitter:data2\" content=\"1 minuto\" \/>\n<script type=\"application\/ld+json\" class=\"yoast-schema-graph\">{\"@context\":\"https:\\\/\\\/schema.org\",\"@graph\":[{\"@type\":\"Article\",\"@id\":\"https:\\\/\\\/infopba247.com.ar\\\/index.php\\\/2023\\\/10\\\/18\\\/olavarria-tendra-un-rol-protagonico-en-el-proyecto-de-pais-de-sergio-massa\\\/#article\",\"isPartOf\":{\"@id\":\"https:\\\/\\\/infopba247.com.ar\\\/index.php\\\/2023\\\/10\\\/18\\\/olavarria-tendra-un-rol-protagonico-en-el-proyecto-de-pais-de-sergio-massa\\\/\"},\"author\":{\"name\":\"Editor\",\"@id\":\"https:\\\/\\\/infopba247.com.ar\\\/#\\\/schema\\\/person\\\/4975f1343a413e57bf839b3eed0099f2\"},\"headline\":\"\u201cOlavarr\u00eda tendr\u00e1 un rol protag\u00f3nico en el proyecto de pa\u00eds de Sergio Massa\u201d\",\"datePublished\":\"2023-10-18T13:59:00+00:00\",\"dateModified\":\"2023-10-18T19:59:45+00:00\",\"mainEntityOfPage\":{\"@id\":\"https:\\\/\\\/infopba247.com.ar\\\/index.php\\\/2023\\\/10\\\/18\\\/olavarria-tendra-un-rol-protagonico-en-el-proyecto-de-pais-de-sergio-massa\\\/\"},\"wordCount\":176,\"publisher\":{\"@id\":\"https:\\\/\\\/infopba247.com.ar\\\/#organization\"},\"image\":{\"@id\":\"https:\\\/\\\/infopba247.com.ar\\\/index.php\\\/2023\\\/10\\\/18\\\/olavarria-tendra-un-rol-protagonico-en-el-proyecto-de-pais-de-sergio-massa\\\/#primaryimage\"},\"thumbnailUrl\":\"https:\\\/\\\/infopba247.com.ar\\\/wp-content\\\/uploads\\\/2023\\\/10\\\/Olavarria-elecciones.jpg\",\"articleSection\":[\"7ma Secci\u00f3n\",\"Destacadas\",\"Pol\u00edtica\"],\"inLanguage\":\"es\"},{\"@type\":\"WebPage\",\"@id\":\"https:\\\/\\\/infopba247.com.ar\\\/index.php\\\/2023\\\/10\\\/18\\\/olavarria-tendra-un-rol-protagonico-en-el-proyecto-de-pais-de-sergio-massa\\\/\",\"url\":\"https:\\\/\\\/infopba247.com.ar\\\/index.php\\\/2023\\\/10\\\/18\\\/olavarria-tendra-un-rol-protagonico-en-el-proyecto-de-pais-de-sergio-massa\\\/\",\"name\":\"\u201cOlavarr\u00eda tendr\u00e1 un rol protag\u00f3nico en el proyecto de pa\u00eds de Sergio Massa\u201d - InfoPBA247\",\"isPartOf\":{\"@id\":\"https:\\\/\\\/infopba247.com.ar\\\/#website\"},\"primaryImageOfPage\":{\"@id\":\"https:\\\/\\\/infopba247.com.ar\\\/index.php\\\/2023\\\/10\\\/18\\\/olavarria-tendra-un-rol-protagonico-en-el-proyecto-de-pais-de-sergio-massa\\\/#primaryimage\"},\"image\":{\"@id\":\"https:\\\/\\\/infopba247.com.ar\\\/index.php\\\/2023\\\/10\\\/18\\\/olavarria-tendra-un-rol-protagonico-en-el-proyecto-de-pais-de-sergio-massa\\\/#primaryimage\"},\"thumbnailUrl\":\"https:\\\/\\\/infopba247.com.ar\\\/wp-content\\\/uploads\\\/2023\\\/10\\\/Olavarria-elecciones.jpg\",\"datePublished\":\"2023-10-18T13:59:00+00:00\",\"dateModified\":\"2023-10-18T19:59:45+00:00\",\"breadcrumb\":{\"@id\":\"https:\\\/\\\/infopba247.com.ar\\\/index.php\\\/2023\\\/10\\\/18\\\/olavarria-tendra-un-rol-protagonico-en-el-proyecto-de-pais-de-sergio-massa\\\/#breadcrumb\"},\"inLanguage\":\"es\",\"potentialAction\":[{\"@type\":\"ReadAction\",\"target\":[\"https:\\\/\\\/infopba247.com.ar\\\/index.php\\\/2023\\\/10\\\/18\\\/olavarria-tendra-un-rol-protagonico-en-el-proyecto-de-pais-de-sergio-massa\\\/\"]}]},{\"@type\":\"ImageObject\",\"inLanguage\":\"es\",\"@id\":\"https:\\\/\\\/infopba247.com.ar\\\/index.php\\\/2023\\\/10\\\/18\\\/olavarria-tendra-un-rol-protagonico-en-el-proyecto-de-pais-de-sergio-massa\\\/#primaryimage\",\"url\":\"https:\\\/\\\/infopba247.com.ar\\\/wp-content\\\/uploads\\\/2023\\\/10\\\/Olavarria-elecciones.jpg\",\"contentUrl\":\"https:\\\/\\\/infopba247.com.ar\\\/wp-content\\\/uploads\\\/2023\\\/10\\\/Olavarria-elecciones.jpg\",\"width\":1140,\"height\":648},{\"@type\":\"BreadcrumbList\",\"@id\":\"https:\\\/\\\/infopba247.com.ar\\\/index.php\\\/2023\\\/10\\\/18\\\/olavarria-tendra-un-rol-protagonico-en-el-proyecto-de-pais-de-sergio-massa\\\/#breadcrumb\",\"itemListElement\":[{\"@type\":\"ListItem\",\"position\":1,\"name\":\"Portada\",\"item\":\"https:\\\/\\\/infopba247.com.ar\\\/\"},{\"@type\":\"ListItem\",\"position\":2,\"name\":\"\u201cOlavarr\u00eda tendr\u00e1 un rol protag\u00f3nico en el proyecto de pa\u00eds de Sergio Massa\u201d\"}]},{\"@type\":\"WebSite\",\"@id\":\"https:\\\/\\\/infopba247.com.ar\\\/#website\",\"url\":\"https:\\\/\\\/infopba247.com.ar\\\/\",\"name\":\"InfoPBA247\",\"description\":\"Toda la actualidad bonaerense\",\"publisher\":{\"@id\":\"https:\\\/\\\/infopba247.com.ar\\\/#organization\"},\"potentialAction\":[{\"@type\":\"SearchAction\",\"target\":{\"@type\":\"EntryPoint\",\"urlTemplate\":\"https:\\\/\\\/infopba247.com.ar\\\/?s={search_term_string}\"},\"query-input\":{\"@type\":\"PropertyValueSpecification\",\"valueRequired\":true,\"valueName\":\"search_term_string\"}}],\"inLanguage\":\"es\"},{\"@type\":\"Organization\",\"@id\":\"https:\\\/\\\/infopba247.com.ar\\\/#organization\",\"name\":\"InfoPBA247\",\"url\":\"https:\\\/\\\/infopba247.com.ar\\\/\",\"logo\":{\"@type\":\"ImageObject\",\"inLanguage\":\"es\",\"@id\":\"https:\\\/\\\/infopba247.com.ar\\\/#\\\/schema\\\/logo\\\/image\\\/\",\"url\":\"https:\\\/\\\/infopba247.com.ar\\\/wp-content\\\/uploads\\\/2022\\\/03\\\/cropped-InfoPBA247-1.png\",\"contentUrl\":\"https:\\\/\\\/infopba247.com.ar\\\/wp-content\\\/uploads\\\/2022\\\/03\\\/cropped-InfoPBA247-1.png\",\"width\":500,\"height\":122,\"caption\":\"InfoPBA247\"},\"image\":{\"@id\":\"https:\\\/\\\/infopba247.com.ar\\\/#\\\/schema\\\/logo\\\/image\\\/\"},\"sameAs\":[\"https:\\\/\\\/www.facebook.com\\\/InfoPBA\"]},{\"@type\":\"Person\",\"@id\":\"https:\\\/\\\/infopba247.com.ar\\\/#\\\/schema\\\/person\\\/4975f1343a413e57bf839b3eed0099f2\",\"name\":\"Editor\",\"image\":{\"@type\":\"ImageObject\",\"inLanguage\":\"es\",\"@id\":\"https:\\\/\\\/secure.gravatar.com\\\/avatar\\\/d27fe9520667ca53441d36627a1d6b0fa4a813571ec4803687a7a3a7744685ac?s=96&d=mm&r=g\",\"url\":\"https:\\\/\\\/secure.gravatar.com\\\/avatar\\\/d27fe9520667ca53441d36627a1d6b0fa4a813571ec4803687a7a3a7744685ac?s=96&d=mm&r=g\",\"contentUrl\":\"https:\\\/\\\/secure.gravatar.com\\\/avatar\\\/d27fe9520667ca53441d36627a1d6b0fa4a813571ec4803687a7a3a7744685ac?s=96&d=mm&r=g\",\"caption\":\"Editor\"},\"url\":\"https:\\\/\\\/infopba247.com.ar\\\/index.php\\\/author\\\/editor\\\/\"}]}<\/script>\n<!-- \/ Yoast SEO plugin. -->","yoast_head_json":{"title":"\u201cOlavarr\u00eda tendr\u00e1 un rol protag\u00f3nico en el proyecto de pa\u00eds de Sergio Massa\u201d - InfoPBA247","robots":{"index":"index","follow":"follow","max-snippet":"max-snippet:-1","max-image-preview":"max-image-preview:large","max-video-preview":"max-video-preview:-1"},"canonical":"https:\/\/infopba247.com.ar\/index.php\/2023\/10\/18\/olavarria-tendra-un-rol-protagonico-en-el-proyecto-de-pais-de-sergio-massa\/","og_locale":"es_ES","og_type":"article","og_title":"\u201cOlavarr\u00eda tendr\u00e1 un rol protag\u00f3nico en el proyecto de pa\u00eds de Sergio Massa\u201d - InfoPBA247","og_description":"As\u00ed lo afirm\u00f3 el referente del Foro Olavarr\u00eda a d\u00edas de las elecciones generales del 22 de octubre. A tan","og_url":"https:\/\/infopba247.com.ar\/index.php\/2023\/10\/18\/olavarria-tendra-un-rol-protagonico-en-el-proyecto-de-pais-de-sergio-massa\/","og_site_name":"InfoPBA247","article_publisher":"https:\/\/www.facebook.com\/InfoPBA","article_published_time":"2023-10-18T13:59:00+00:00","article_modified_time":"2023-10-18T19:59:45+00:00","og_image":[{"width":1140,"height":648,"url":"https:\/\/infopba247.com.ar\/wp-content\/uploads\/2023\/10\/Olavarria-elecciones.jpg","type":"image\/jpeg"}],"author":"Editor","twitter_card":"summary_large_image","twitter_misc":{"Escrito por":"Editor","Tiempo de lectura":"1 minuto"},"schema":{"@context":"https:\/\/schema.org","@graph":[{"@type":"Article","@id":"https:\/\/infopba247.com.ar\/index.php\/2023\/10\/18\/olavarria-tendra-un-rol-protagonico-en-el-proyecto-de-pais-de-sergio-massa\/#article","isPartOf":{"@id":"https:\/\/infopba247.com.ar\/index.php\/2023\/10\/18\/olavarria-tendra-un-rol-protagonico-en-el-proyecto-de-pais-de-sergio-massa\/"},"author":{"name":"Editor","@id":"https:\/\/infopba247.com.ar\/#\/schema\/person\/4975f1343a413e57bf839b3eed0099f2"},"headline":"\u201cOlavarr\u00eda tendr\u00e1 un rol protag\u00f3nico en el proyecto de pa\u00eds de Sergio Massa\u201d","datePublished":"2023-10-18T13:59:00+00:00","dateModified":"2023-10-18T19:59:45+00:00","mainEntityOfPage":{"@id":"https:\/\/infopba247.com.ar\/index.php\/2023\/10\/18\/olavarria-tendra-un-rol-protagonico-en-el-proyecto-de-pais-de-sergio-massa\/"},"wordCount":176,"publisher":{"@id":"https:\/\/infopba247.com.ar\/#organization"},"image":{"@id":"https:\/\/infopba247.com.ar\/index.php\/2023\/10\/18\/olavarria-tendra-un-rol-protagonico-en-el-proyecto-de-pais-de-sergio-massa\/#primaryimage"},"thumbnailUrl":"https:\/\/infopba247.com.ar\/wp-content\/uploads\/2023\/10\/Olavarria-elecciones.jpg","articleSection":["7ma Secci\u00f3n","Destacadas","Pol\u00edtica"],"inLanguage":"es"},{"@type":"WebPage","@id":"https:\/\/infopba247.com.ar\/index.php\/2023\/10\/18\/olavarria-tendra-un-rol-protagonico-en-el-proyecto-de-pais-de-sergio-massa\/","url":"https:\/\/infopba247.com.ar\/index.php\/2023\/10\/18\/olavarria-tendra-un-rol-protagonico-en-el-proyecto-de-pais-de-sergio-massa\/","name":"\u201cOlavarr\u00eda tendr\u00e1 un rol protag\u00f3nico en el proyecto de pa\u00eds de Sergio Massa\u201d - InfoPBA247","isPartOf":{"@id":"https:\/\/infopba247.com.ar\/#website"},"primaryImageOfPage":{"@id":"https:\/\/infopba247.com.ar\/index.php\/2023\/10\/18\/olavarria-tendra-un-rol-protagonico-en-el-proyecto-de-pais-de-sergio-massa\/#primaryimage"},"image":{"@id":"https:\/\/infopba247.com.ar\/index.php\/2023\/10\/18\/olavarria-tendra-un-rol-protagonico-en-el-proyecto-de-pais-de-sergio-massa\/#primaryimage"},"thumbnailUrl":"https:\/\/infopba247.com.ar\/wp-content\/uploads\/2023\/10\/Olavarria-elecciones.jpg","datePublished":"2023-10-18T13:59:00+00:00","dateModified":"2023-10-18T19:59:45+00:00","breadcrumb":{"@id":"https:\/\/infopba247.com.ar\/index.php\/2023\/10\/18\/olavarria-tendra-un-rol-protagonico-en-el-proyecto-de-pais-de-sergio-massa\/#breadcrumb"},"inLanguage":"es","potentialAction":[{"@type":"ReadAction","target":["https:\/\/infopba247.com.ar\/index.php\/2023\/10\/18\/olavarria-tendra-un-rol-protagonico-en-el-proyecto-de-pais-de-sergio-massa\/"]}]},{"@type":"ImageObject","inLanguage":"es","@id":"https:\/\/infopba247.com.ar\/index.php\/2023\/10\/18\/olavarria-tendra-un-rol-protagonico-en-el-proyecto-de-pais-de-sergio-massa\/#primaryimage","url":"https:\/\/infopba247.com.ar\/wp-content\/uploads\/2023\/10\/Olavarria-elecciones.jpg","contentUrl":"https:\/\/infopba247.com.ar\/wp-content\/uploads\/2023\/10\/Olavarria-elecciones.jpg","width":1140,"height":648},{"@type":"BreadcrumbList","@id":"https:\/\/infopba247.com.ar\/index.php\/2023\/10\/18\/olavarria-tendra-un-rol-protagonico-en-el-proyecto-de-pais-de-sergio-massa\/#breadcrumb","itemListElement":[{"@type":"ListItem","position":1,"name":"Portada","item":"https:\/\/infopba247.com.ar\/"},{"@type":"ListItem","position":2,"name":"\u201cOlavarr\u00eda tendr\u00e1 un rol protag\u00f3nico en el proyecto de pa\u00eds de Sergio Massa\u201d"}]},{"@type":"WebSite","@id":"https:\/\/infopba247.com.ar\/#website","url":"https:\/\/infopba247.com.ar\/","name":"InfoPBA247","description":"Toda la actualidad bonaerense","publisher":{"@id":"https:\/\/infopba247.com.ar\/#organization"},"potentialAction":[{"@type":"SearchAction","target":{"@type":"EntryPoint","urlTemplate":"https:\/\/infopba247.com.ar\/?s={search_term_string}"},"query-input":{"@type":"PropertyValueSpecification","valueRequired":true,"valueName":"search_term_string"}}],"inLanguage":"es"},{"@type":"Organization","@id":"https:\/\/infopba247.com.ar\/#organization","name":"InfoPBA247","url":"https:\/\/infopba247.com.ar\/","logo":{"@type":"ImageObject","inLanguage":"es","@id":"https:\/\/infopba247.com.ar\/#\/schema\/logo\/image\/","url":"https:\/\/infopba247.com.ar\/wp-content\/uploads\/2022\/03\/cropped-InfoPBA247-1.png","contentUrl":"https:\/\/infopba247.com.ar\/wp-content\/uploads\/2022\/03\/cropped-InfoPBA247-1.png","width":500,"height":122,"caption":"InfoPBA247"},"image":{"@id":"https:\/\/infopba247.com.ar\/#\/schema\/logo\/image\/"},"sameAs":["https:\/\/www.facebook.com\/InfoPBA"]},{"@type":"Person","@id":"https:\/\/infopba247.com.ar\/#\/schema\/person\/4975f1343a413e57bf839b3eed0099f2","name":"Editor","image":{"@type":"ImageObject","inLanguage":"es","@id":"https:\/\/secure.gravatar.com\/avatar\/d27fe9520667ca53441d36627a1d6b0fa4a813571ec4803687a7a3a7744685ac?s=96&d=mm&r=g","url":"https:\/\/secure.gravatar.com\/avatar\/d27fe9520667ca53441d36627a1d6b0fa4a813571ec4803687a7a3a7744685ac?s=96&d=mm&r=g","contentUrl":"https:\/\/secure.gravatar.com\/avatar\/d27fe9520667ca53441d36627a1d6b0fa4a813571ec4803687a7a3a7744685ac?s=96&d=mm&r=g","caption":"Editor"},"url":"https:\/\/infopba247.com.ar\/index.php\/author\/editor\/"}]}},"_links":{"self":[{"href":"https:\/\/infopba247.com.ar\/index.php\/wp-json\/wp\/v2\/posts\/2583","targetHints":{"allow":["GET"]}}],"collection":[{"href":"https:\/\/infopba247.com.ar\/index.php\/wp-json\/wp\/v2\/posts"}],"about":[{"href":"https:\/\/infopba247.com.ar\/index.php\/wp-json\/wp\/v2\/types\/post"}],"author":[{"embeddable":true,"href":"https:\/\/infopba247.com.ar\/index.php\/wp-json\/wp\/v2\/users\/3"}],"replies":[{"embeddable":true,"href":"https:\/\/infopba247.com.ar\/index.php\/wp-json\/wp\/v2\/comments?post=2583"}],"version-history":[{"count":1,"href":"https:\/\/infopba247.com.ar\/index.php\/wp-json\/wp\/v2\/posts\/2583\/revisions"}],"predecessor-version":[{"id":2585,"href":"https:\/\/infopba247.com.ar\/index.php\/wp-json\/wp\/v2\/posts\/2583\/revisions\/2585"}],"wp:featuredmedia":[{"embeddable":true,"href":"https:\/\/infopba247.com.ar\/index.php\/wp-json\/wp\/v2\/media\/2584"}],"wp:attachment":[{"href":"https:\/\/infopba247.com.ar\/index.php\/wp-json\/wp\/v2\/media?parent=2583"}],"wp:term":[{"taxonomy":"category","embeddable":true,"href":"https:\/\/infopba247.com.ar\/index.php\/wp-json\/wp\/v2\/categories?post=2583"},{"taxonomy":"post_tag","embeddable":true,"href":"https:\/\/infopba247.com.ar\/index.php\/wp-json\/wp\/v2\/tags?post=2583"}],"curies":[{"name":"wp","href":"https:\/\/api.w.org\/{rel}","templated":true}]}}