{"id":2564,"date":"2023-10-17T16:33:00","date_gmt":"2023-10-17T19:33:00","guid":{"rendered":"https:\/\/infopba247.com.ar\/?p=2564"},"modified":"2023-10-18T16:38:25","modified_gmt":"2023-10-18T19:38:25","slug":"nuestro-pueblo-debe-tomar-dimension-de-los-riesgos-de-una-derecha-que-viene-por-los-derechos-conquistados-y-el-futuro","status":"publish","type":"post","link":"https:\/\/infopba247.com.ar\/index.php\/2023\/10\/17\/nuestro-pueblo-debe-tomar-dimension-de-los-riesgos-de-una-derecha-que-viene-por-los-derechos-conquistados-y-el-futuro\/","title":{"rendered":"\u201cNuestro pueblo debe tomar dimensi\u00f3n de los riesgos de una derecha que viene por los derechos conquistados y el futuro\u201d"},"content":{"rendered":"\n<p><\/p>\n\n\n\n<p>\u201cFaltan pocos d\u00edas para la elecci\u00f3n y nuestra obligaci\u00f3n es conseguir que todo el pueblo de la provincia de Buenos Aires tome dimensi\u00f3n de lo que est\u00e1 en juego: no solo est\u00e1n en riesgo los derechos conquistados luego de tantos a\u00f1os de lucha, sino tambi\u00e9n las peleas que tenemos que seguir dando en los pr\u00f3ximos a\u00f1os\u201d, afirm\u00f3 este s\u00e1bado el gobernador Axel Kicillof al encabezar un acto en el Club Deportivo Mor\u00f3n junto al intendente Lucas Ghi y el presidente de ACUMAR, Mart\u00edn Sabbatella.<\/p>\n\n\n\n<p>\u201cAqu\u00ed en Mor\u00f3n conocen muy bien las ideas de la derecha: con las empresas de Mauricio Macri detr\u00e1s, quisieron cobrarles a todos los vecinos y vecinas por el derecho a los servicios de saneamiento\u201d, se\u00f1al\u00f3 el Gobernador y agreg\u00f3: \u201cCuando ese esc\u00e1ndalo se termin\u00f3, lleg\u00f3 a este municipio un gobierno que tiene como \u00fanico destinatario de sus pol\u00edticas al pueblo que representa: fue un honor para m\u00ed acompa\u00f1arlos en esta etapa en la que pudimos garantizar el 100% de cloacas en el distrito, gratis y sin negocios ocultos\u201d.<\/p>\n\n\n\n<p>Asimismo, Ghi remarc\u00f3 que \u201cnadie trabaj\u00f3 tanto por los intereses y los anhelos de nuestros vecinos y vecinas, ni interpret\u00f3 mejor las ansias de vivir dignamente en Mor\u00f3n que el gobernador Axel Kicillof\u201d. \u201cEn base a todas las obras que hicimos es que podemos decir que vamos por lo que falta. Tenemos que salir a convencer, a movilizar, porque estamos ante una elecci\u00f3n decisiva: enfrente hay propuestas que atrasan y que le pueden resultar muy caras al pueblo argentino\u201d, dijo.<\/p>\n\n\n\n<p>\u201cLa oposici\u00f3n no nos conoce si piensa que nos vamos a asustar y a esconder, nosotros vamos a seguir recorriendo todos los barrios de la provincia de Buenos Aires\u201d, remarc\u00f3 Kicillof y concluy\u00f3: \u201cla etapa que se viene ser\u00e1 con Lucas Ghi en Mor\u00f3n y con Sergio Massa como el presidente de la Naci\u00f3n que se plante ante el FMI y los poderosos para cuidar, proteger y defender a nuestro pueblo\u201d.<\/p>\n\n\n\n<p>Participaron el ministro de Obras P\u00fablicas de la Naci\u00f3n, Gabriel Katodopis; la presidenta de la C\u00e1mara de Diputados de la Naci\u00f3n, Cecilia Moreau; la senadora nacional Juliana di Tullio; la diputada M\u00f3nica Macha; las y los candidatos a concejales Diego Spina, Lorena Acevedo, Claudio Rom\u00e1n y Vanina Moro; la concejala Paula Majdanski.<\/p>\n\n\n\n<p>Tambi\u00e9n estuvieron presentes el jefe de Asesores del Gobernador, Carlos Bianco; la ministra de Gobierno, Cristina \u00c1lvarez Rodr\u00edguez; el ministro de Salud, Nicol\u00e1s Kreplak; el presidente del Banco Provincia, Juan Cuattromo; el asesor general de Gobierno, Santiago P\u00e9rez Teruel; y el subsecretario de Desarrollo Comercial y Promoci\u00f3n de Inversiones, Ariel Aguilar.<\/p>\n","protected":false},"excerpt":{"rendered":"<p>\u201cFaltan pocos d\u00edas para la elecci\u00f3n y nuestra obligaci\u00f3n es conseguir que todo el pueblo de la provincia de Buenos<\/p>\n","protected":false},"author":3,"featured_media":2556,"comment_status":"open","ping_status":"open","sticky":false,"template":"","format":"standard","meta":{"colormag_page_container_layout":"default_layout","colormag_page_sidebar_layout":"default_layout","footnotes":""},"categories":[5,1,14],"tags":[],"class_list":["post-2564","post","type-post","status-publish","format-standard","has-post-thumbnail","hentry","category-1ra-seccion","category-destacadas","category-politica"],"yoast_head":"<!-- This site is optimized with the Yoast SEO plugin v27.4 - https:\/\/yoast.com\/product\/yoast-seo-wordpress\/ -->\n<title>\u201cNuestro pueblo debe tomar dimensi\u00f3n de los riesgos de una derecha que viene por los derechos conquistados y el futuro\u201d - InfoPBA247<\/title>\n<meta name=\"robots\" content=\"index, follow, max-snippet:-1, max-image-preview:large, max-video-preview:-1\" \/>\n<link rel=\"canonical\" href=\"https:\/\/infopba247.com.ar\/index.php\/2023\/10\/17\/nuestro-pueblo-debe-tomar-dimension-de-los-riesgos-de-una-derecha-que-viene-por-los-derechos-conquistados-y-el-futuro\/\" \/>\n<meta property=\"og:locale\" content=\"es_ES\" \/>\n<meta property=\"og:type\" content=\"article\" \/>\n<meta property=\"og:title\" content=\"\u201cNuestro pueblo debe tomar dimensi\u00f3n de los riesgos de una derecha que viene por los derechos conquistados y el futuro\u201d - InfoPBA247\" \/>\n<meta property=\"og:description\" content=\"\u201cFaltan pocos d\u00edas para la elecci\u00f3n y nuestra obligaci\u00f3n es conseguir que todo el pueblo de la provincia de Buenos\" \/>\n<meta property=\"og:url\" content=\"https:\/\/infopba247.com.ar\/index.php\/2023\/10\/17\/nuestro-pueblo-debe-tomar-dimension-de-los-riesgos-de-una-derecha-que-viene-por-los-derechos-conquistados-y-el-futuro\/\" \/>\n<meta property=\"og:site_name\" content=\"InfoPBA247\" \/>\n<meta property=\"article:publisher\" content=\"https:\/\/www.facebook.com\/InfoPBA\" \/>\n<meta property=\"article:published_time\" content=\"2023-10-17T19:33:00+00:00\" \/>\n<meta property=\"article:modified_time\" content=\"2023-10-18T19:38:25+00:00\" \/>\n<meta property=\"og:image\" content=\"https:\/\/infopba247.com.ar\/wp-content\/uploads\/2023\/10\/20231014154925_177A11622-scaled.jpg\" \/>\n\t<meta property=\"og:image:width\" content=\"2560\" \/>\n\t<meta property=\"og:image:height\" content=\"1707\" \/>\n\t<meta property=\"og:image:type\" content=\"image\/jpeg\" \/>\n<meta name=\"author\" content=\"Editor\" \/>\n<meta name=\"twitter:card\" content=\"summary_large_image\" \/>\n<meta name=\"twitter:label1\" content=\"Escrito por\" \/>\n\t<meta name=\"twitter:data1\" content=\"Editor\" \/>\n\t<meta name=\"twitter:label2\" content=\"Tiempo de lectura\" \/>\n\t<meta name=\"twitter:data2\" content=\"2 minutos\" \/>\n<script type=\"application\/ld+json\" class=\"yoast-schema-graph\">{\"@context\":\"https:\\\/\\\/schema.org\",\"@graph\":[{\"@type\":\"Article\",\"@id\":\"https:\\\/\\\/infopba247.com.ar\\\/index.php\\\/2023\\\/10\\\/17\\\/nuestro-pueblo-debe-tomar-dimension-de-los-riesgos-de-una-derecha-que-viene-por-los-derechos-conquistados-y-el-futuro\\\/#article\",\"isPartOf\":{\"@id\":\"https:\\\/\\\/infopba247.com.ar\\\/index.php\\\/2023\\\/10\\\/17\\\/nuestro-pueblo-debe-tomar-dimension-de-los-riesgos-de-una-derecha-que-viene-por-los-derechos-conquistados-y-el-futuro\\\/\"},\"author\":{\"name\":\"Editor\",\"@id\":\"https:\\\/\\\/infopba247.com.ar\\\/#\\\/schema\\\/person\\\/4975f1343a413e57bf839b3eed0099f2\"},\"headline\":\"\u201cNuestro pueblo debe tomar dimensi\u00f3n de los riesgos de una derecha que viene por los derechos conquistados y el futuro\u201d\",\"datePublished\":\"2023-10-17T19:33:00+00:00\",\"dateModified\":\"2023-10-18T19:38:25+00:00\",\"mainEntityOfPage\":{\"@id\":\"https:\\\/\\\/infopba247.com.ar\\\/index.php\\\/2023\\\/10\\\/17\\\/nuestro-pueblo-debe-tomar-dimension-de-los-riesgos-de-una-derecha-que-viene-por-los-derechos-conquistados-y-el-futuro\\\/\"},\"wordCount\":480,\"commentCount\":0,\"publisher\":{\"@id\":\"https:\\\/\\\/infopba247.com.ar\\\/#organization\"},\"image\":{\"@id\":\"https:\\\/\\\/infopba247.com.ar\\\/index.php\\\/2023\\\/10\\\/17\\\/nuestro-pueblo-debe-tomar-dimension-de-los-riesgos-de-una-derecha-que-viene-por-los-derechos-conquistados-y-el-futuro\\\/#primaryimage\"},\"thumbnailUrl\":\"https:\\\/\\\/infopba247.com.ar\\\/wp-content\\\/uploads\\\/2023\\\/10\\\/20231014154925_177A11622-scaled.jpg\",\"articleSection\":[\"1ra Secci\u00f3n\",\"Destacadas\",\"Pol\u00edtica\"],\"inLanguage\":\"es\",\"potentialAction\":[{\"@type\":\"CommentAction\",\"name\":\"Comment\",\"target\":[\"https:\\\/\\\/infopba247.com.ar\\\/index.php\\\/2023\\\/10\\\/17\\\/nuestro-pueblo-debe-tomar-dimension-de-los-riesgos-de-una-derecha-que-viene-por-los-derechos-conquistados-y-el-futuro\\\/#respond\"]}]},{\"@type\":\"WebPage\",\"@id\":\"https:\\\/\\\/infopba247.com.ar\\\/index.php\\\/2023\\\/10\\\/17\\\/nuestro-pueblo-debe-tomar-dimension-de-los-riesgos-de-una-derecha-que-viene-por-los-derechos-conquistados-y-el-futuro\\\/\",\"url\":\"https:\\\/\\\/infopba247.com.ar\\\/index.php\\\/2023\\\/10\\\/17\\\/nuestro-pueblo-debe-tomar-dimension-de-los-riesgos-de-una-derecha-que-viene-por-los-derechos-conquistados-y-el-futuro\\\/\",\"name\":\"\u201cNuestro pueblo debe tomar dimensi\u00f3n de los riesgos de una derecha que viene por los derechos conquistados y el futuro\u201d - InfoPBA247\",\"isPartOf\":{\"@id\":\"https:\\\/\\\/infopba247.com.ar\\\/#website\"},\"primaryImageOfPage\":{\"@id\":\"https:\\\/\\\/infopba247.com.ar\\\/index.php\\\/2023\\\/10\\\/17\\\/nuestro-pueblo-debe-tomar-dimension-de-los-riesgos-de-una-derecha-que-viene-por-los-derechos-conquistados-y-el-futuro\\\/#primaryimage\"},\"image\":{\"@id\":\"https:\\\/\\\/infopba247.com.ar\\\/index.php\\\/2023\\\/10\\\/17\\\/nuestro-pueblo-debe-tomar-dimension-de-los-riesgos-de-una-derecha-que-viene-por-los-derechos-conquistados-y-el-futuro\\\/#primaryimage\"},\"thumbnailUrl\":\"https:\\\/\\\/infopba247.com.ar\\\/wp-content\\\/uploads\\\/2023\\\/10\\\/20231014154925_177A11622-scaled.jpg\",\"datePublished\":\"2023-10-17T19:33:00+00:00\",\"dateModified\":\"2023-10-18T19:38:25+00:00\",\"breadcrumb\":{\"@id\":\"https:\\\/\\\/infopba247.com.ar\\\/index.php\\\/2023\\\/10\\\/17\\\/nuestro-pueblo-debe-tomar-dimension-de-los-riesgos-de-una-derecha-que-viene-por-los-derechos-conquistados-y-el-futuro\\\/#breadcrumb\"},\"inLanguage\":\"es\",\"potentialAction\":[{\"@type\":\"ReadAction\",\"target\":[\"https:\\\/\\\/infopba247.com.ar\\\/index.php\\\/2023\\\/10\\\/17\\\/nuestro-pueblo-debe-tomar-dimension-de-los-riesgos-de-una-derecha-que-viene-por-los-derechos-conquistados-y-el-futuro\\\/\"]}]},{\"@type\":\"ImageObject\",\"inLanguage\":\"es\",\"@id\":\"https:\\\/\\\/infopba247.com.ar\\\/index.php\\\/2023\\\/10\\\/17\\\/nuestro-pueblo-debe-tomar-dimension-de-los-riesgos-de-una-derecha-que-viene-por-los-derechos-conquistados-y-el-futuro\\\/#primaryimage\",\"url\":\"https:\\\/\\\/infopba247.com.ar\\\/wp-content\\\/uploads\\\/2023\\\/10\\\/20231014154925_177A11622-scaled.jpg\",\"contentUrl\":\"https:\\\/\\\/infopba247.com.ar\\\/wp-content\\\/uploads\\\/2023\\\/10\\\/20231014154925_177A11622-scaled.jpg\",\"width\":2560,\"height\":1707},{\"@type\":\"BreadcrumbList\",\"@id\":\"https:\\\/\\\/infopba247.com.ar\\\/index.php\\\/2023\\\/10\\\/17\\\/nuestro-pueblo-debe-tomar-dimension-de-los-riesgos-de-una-derecha-que-viene-por-los-derechos-conquistados-y-el-futuro\\\/#breadcrumb\",\"itemListElement\":[{\"@type\":\"ListItem\",\"position\":1,\"name\":\"Portada\",\"item\":\"https:\\\/\\\/infopba247.com.ar\\\/\"},{\"@type\":\"ListItem\",\"position\":2,\"name\":\"\u201cNuestro pueblo debe tomar dimensi\u00f3n de los riesgos de una derecha que viene por los derechos conquistados y el futuro\u201d\"}]},{\"@type\":\"WebSite\",\"@id\":\"https:\\\/\\\/infopba247.com.ar\\\/#website\",\"url\":\"https:\\\/\\\/infopba247.com.ar\\\/\",\"name\":\"InfoPBA247\",\"description\":\"Toda la actualidad bonaerense\",\"publisher\":{\"@id\":\"https:\\\/\\\/infopba247.com.ar\\\/#organization\"},\"potentialAction\":[{\"@type\":\"SearchAction\",\"target\":{\"@type\":\"EntryPoint\",\"urlTemplate\":\"https:\\\/\\\/infopba247.com.ar\\\/?s={search_term_string}\"},\"query-input\":{\"@type\":\"PropertyValueSpecification\",\"valueRequired\":true,\"valueName\":\"search_term_string\"}}],\"inLanguage\":\"es\"},{\"@type\":\"Organization\",\"@id\":\"https:\\\/\\\/infopba247.com.ar\\\/#organization\",\"name\":\"InfoPBA247\",\"url\":\"https:\\\/\\\/infopba247.com.ar\\\/\",\"logo\":{\"@type\":\"ImageObject\",\"inLanguage\":\"es\",\"@id\":\"https:\\\/\\\/infopba247.com.ar\\\/#\\\/schema\\\/logo\\\/image\\\/\",\"url\":\"https:\\\/\\\/infopba247.com.ar\\\/wp-content\\\/uploads\\\/2022\\\/03\\\/cropped-InfoPBA247-1.png\",\"contentUrl\":\"https:\\\/\\\/infopba247.com.ar\\\/wp-content\\\/uploads\\\/2022\\\/03\\\/cropped-InfoPBA247-1.png\",\"width\":500,\"height\":122,\"caption\":\"InfoPBA247\"},\"image\":{\"@id\":\"https:\\\/\\\/infopba247.com.ar\\\/#\\\/schema\\\/logo\\\/image\\\/\"},\"sameAs\":[\"https:\\\/\\\/www.facebook.com\\\/InfoPBA\"]},{\"@type\":\"Person\",\"@id\":\"https:\\\/\\\/infopba247.com.ar\\\/#\\\/schema\\\/person\\\/4975f1343a413e57bf839b3eed0099f2\",\"name\":\"Editor\",\"image\":{\"@type\":\"ImageObject\",\"inLanguage\":\"es\",\"@id\":\"https:\\\/\\\/secure.gravatar.com\\\/avatar\\\/d27fe9520667ca53441d36627a1d6b0fa4a813571ec4803687a7a3a7744685ac?s=96&d=mm&r=g\",\"url\":\"https:\\\/\\\/secure.gravatar.com\\\/avatar\\\/d27fe9520667ca53441d36627a1d6b0fa4a813571ec4803687a7a3a7744685ac?s=96&d=mm&r=g\",\"contentUrl\":\"https:\\\/\\\/secure.gravatar.com\\\/avatar\\\/d27fe9520667ca53441d36627a1d6b0fa4a813571ec4803687a7a3a7744685ac?s=96&d=mm&r=g\",\"caption\":\"Editor\"},\"url\":\"https:\\\/\\\/infopba247.com.ar\\\/index.php\\\/author\\\/editor\\\/\"}]}<\/script>\n<!-- \/ Yoast SEO plugin. -->","yoast_head_json":{"title":"\u201cNuestro pueblo debe tomar dimensi\u00f3n de los riesgos de una derecha que viene por los derechos conquistados y el futuro\u201d - InfoPBA247","robots":{"index":"index","follow":"follow","max-snippet":"max-snippet:-1","max-image-preview":"max-image-preview:large","max-video-preview":"max-video-preview:-1"},"canonical":"https:\/\/infopba247.com.ar\/index.php\/2023\/10\/17\/nuestro-pueblo-debe-tomar-dimension-de-los-riesgos-de-una-derecha-que-viene-por-los-derechos-conquistados-y-el-futuro\/","og_locale":"es_ES","og_type":"article","og_title":"\u201cNuestro pueblo debe tomar dimensi\u00f3n de los riesgos de una derecha que viene por los derechos conquistados y el futuro\u201d - InfoPBA247","og_description":"\u201cFaltan pocos d\u00edas para la elecci\u00f3n y nuestra obligaci\u00f3n es conseguir que todo el pueblo de la provincia de Buenos","og_url":"https:\/\/infopba247.com.ar\/index.php\/2023\/10\/17\/nuestro-pueblo-debe-tomar-dimension-de-los-riesgos-de-una-derecha-que-viene-por-los-derechos-conquistados-y-el-futuro\/","og_site_name":"InfoPBA247","article_publisher":"https:\/\/www.facebook.com\/InfoPBA","article_published_time":"2023-10-17T19:33:00+00:00","article_modified_time":"2023-10-18T19:38:25+00:00","og_image":[{"width":2560,"height":1707,"url":"https:\/\/infopba247.com.ar\/wp-content\/uploads\/2023\/10\/20231014154925_177A11622-scaled.jpg","type":"image\/jpeg"}],"author":"Editor","twitter_card":"summary_large_image","twitter_misc":{"Escrito por":"Editor","Tiempo de lectura":"2 minutos"},"schema":{"@context":"https:\/\/schema.org","@graph":[{"@type":"Article","@id":"https:\/\/infopba247.com.ar\/index.php\/2023\/10\/17\/nuestro-pueblo-debe-tomar-dimension-de-los-riesgos-de-una-derecha-que-viene-por-los-derechos-conquistados-y-el-futuro\/#article","isPartOf":{"@id":"https:\/\/infopba247.com.ar\/index.php\/2023\/10\/17\/nuestro-pueblo-debe-tomar-dimension-de-los-riesgos-de-una-derecha-que-viene-por-los-derechos-conquistados-y-el-futuro\/"},"author":{"name":"Editor","@id":"https:\/\/infopba247.com.ar\/#\/schema\/person\/4975f1343a413e57bf839b3eed0099f2"},"headline":"\u201cNuestro pueblo debe tomar dimensi\u00f3n de los riesgos de una derecha que viene por los derechos conquistados y el futuro\u201d","datePublished":"2023-10-17T19:33:00+00:00","dateModified":"2023-10-18T19:38:25+00:00","mainEntityOfPage":{"@id":"https:\/\/infopba247.com.ar\/index.php\/2023\/10\/17\/nuestro-pueblo-debe-tomar-dimension-de-los-riesgos-de-una-derecha-que-viene-por-los-derechos-conquistados-y-el-futuro\/"},"wordCount":480,"commentCount":0,"publisher":{"@id":"https:\/\/infopba247.com.ar\/#organization"},"image":{"@id":"https:\/\/infopba247.com.ar\/index.php\/2023\/10\/17\/nuestro-pueblo-debe-tomar-dimension-de-los-riesgos-de-una-derecha-que-viene-por-los-derechos-conquistados-y-el-futuro\/#primaryimage"},"thumbnailUrl":"https:\/\/infopba247.com.ar\/wp-content\/uploads\/2023\/10\/20231014154925_177A11622-scaled.jpg","articleSection":["1ra Secci\u00f3n","Destacadas","Pol\u00edtica"],"inLanguage":"es","potentialAction":[{"@type":"CommentAction","name":"Comment","target":["https:\/\/infopba247.com.ar\/index.php\/2023\/10\/17\/nuestro-pueblo-debe-tomar-dimension-de-los-riesgos-de-una-derecha-que-viene-por-los-derechos-conquistados-y-el-futuro\/#respond"]}]},{"@type":"WebPage","@id":"https:\/\/infopba247.com.ar\/index.php\/2023\/10\/17\/nuestro-pueblo-debe-tomar-dimension-de-los-riesgos-de-una-derecha-que-viene-por-los-derechos-conquistados-y-el-futuro\/","url":"https:\/\/infopba247.com.ar\/index.php\/2023\/10\/17\/nuestro-pueblo-debe-tomar-dimension-de-los-riesgos-de-una-derecha-que-viene-por-los-derechos-conquistados-y-el-futuro\/","name":"\u201cNuestro pueblo debe tomar dimensi\u00f3n de los riesgos de una derecha que viene por los derechos conquistados y el futuro\u201d - InfoPBA247","isPartOf":{"@id":"https:\/\/infopba247.com.ar\/#website"},"primaryImageOfPage":{"@id":"https:\/\/infopba247.com.ar\/index.php\/2023\/10\/17\/nuestro-pueblo-debe-tomar-dimension-de-los-riesgos-de-una-derecha-que-viene-por-los-derechos-conquistados-y-el-futuro\/#primaryimage"},"image":{"@id":"https:\/\/infopba247.com.ar\/index.php\/2023\/10\/17\/nuestro-pueblo-debe-tomar-dimension-de-los-riesgos-de-una-derecha-que-viene-por-los-derechos-conquistados-y-el-futuro\/#primaryimage"},"thumbnailUrl":"https:\/\/infopba247.com.ar\/wp-content\/uploads\/2023\/10\/20231014154925_177A11622-scaled.jpg","datePublished":"2023-10-17T19:33:00+00:00","dateModified":"2023-10-18T19:38:25+00:00","breadcrumb":{"@id":"https:\/\/infopba247.com.ar\/index.php\/2023\/10\/17\/nuestro-pueblo-debe-tomar-dimension-de-los-riesgos-de-una-derecha-que-viene-por-los-derechos-conquistados-y-el-futuro\/#breadcrumb"},"inLanguage":"es","potentialAction":[{"@type":"ReadAction","target":["https:\/\/infopba247.com.ar\/index.php\/2023\/10\/17\/nuestro-pueblo-debe-tomar-dimension-de-los-riesgos-de-una-derecha-que-viene-por-los-derechos-conquistados-y-el-futuro\/"]}]},{"@type":"ImageObject","inLanguage":"es","@id":"https:\/\/infopba247.com.ar\/index.php\/2023\/10\/17\/nuestro-pueblo-debe-tomar-dimension-de-los-riesgos-de-una-derecha-que-viene-por-los-derechos-conquistados-y-el-futuro\/#primaryimage","url":"https:\/\/infopba247.com.ar\/wp-content\/uploads\/2023\/10\/20231014154925_177A11622-scaled.jpg","contentUrl":"https:\/\/infopba247.com.ar\/wp-content\/uploads\/2023\/10\/20231014154925_177A11622-scaled.jpg","width":2560,"height":1707},{"@type":"BreadcrumbList","@id":"https:\/\/infopba247.com.ar\/index.php\/2023\/10\/17\/nuestro-pueblo-debe-tomar-dimension-de-los-riesgos-de-una-derecha-que-viene-por-los-derechos-conquistados-y-el-futuro\/#breadcrumb","itemListElement":[{"@type":"ListItem","position":1,"name":"Portada","item":"https:\/\/infopba247.com.ar\/"},{"@type":"ListItem","position":2,"name":"\u201cNuestro pueblo debe tomar dimensi\u00f3n de los riesgos de una derecha que viene por los derechos conquistados y el futuro\u201d"}]},{"@type":"WebSite","@id":"https:\/\/infopba247.com.ar\/#website","url":"https:\/\/infopba247.com.ar\/","name":"InfoPBA247","description":"Toda la actualidad bonaerense","publisher":{"@id":"https:\/\/infopba247.com.ar\/#organization"},"potentialAction":[{"@type":"SearchAction","target":{"@type":"EntryPoint","urlTemplate":"https:\/\/infopba247.com.ar\/?s={search_term_string}"},"query-input":{"@type":"PropertyValueSpecification","valueRequired":true,"valueName":"search_term_string"}}],"inLanguage":"es"},{"@type":"Organization","@id":"https:\/\/infopba247.com.ar\/#organization","name":"InfoPBA247","url":"https:\/\/infopba247.com.ar\/","logo":{"@type":"ImageObject","inLanguage":"es","@id":"https:\/\/infopba247.com.ar\/#\/schema\/logo\/image\/","url":"https:\/\/infopba247.com.ar\/wp-content\/uploads\/2022\/03\/cropped-InfoPBA247-1.png","contentUrl":"https:\/\/infopba247.com.ar\/wp-content\/uploads\/2022\/03\/cropped-InfoPBA247-1.png","width":500,"height":122,"caption":"InfoPBA247"},"image":{"@id":"https:\/\/infopba247.com.ar\/#\/schema\/logo\/image\/"},"sameAs":["https:\/\/www.facebook.com\/InfoPBA"]},{"@type":"Person","@id":"https:\/\/infopba247.com.ar\/#\/schema\/person\/4975f1343a413e57bf839b3eed0099f2","name":"Editor","image":{"@type":"ImageObject","inLanguage":"es","@id":"https:\/\/secure.gravatar.com\/avatar\/d27fe9520667ca53441d36627a1d6b0fa4a813571ec4803687a7a3a7744685ac?s=96&d=mm&r=g","url":"https:\/\/secure.gravatar.com\/avatar\/d27fe9520667ca53441d36627a1d6b0fa4a813571ec4803687a7a3a7744685ac?s=96&d=mm&r=g","contentUrl":"https:\/\/secure.gravatar.com\/avatar\/d27fe9520667ca53441d36627a1d6b0fa4a813571ec4803687a7a3a7744685ac?s=96&d=mm&r=g","caption":"Editor"},"url":"https:\/\/infopba247.com.ar\/index.php\/author\/editor\/"}]}},"_links":{"self":[{"href":"https:\/\/infopba247.com.ar\/index.php\/wp-json\/wp\/v2\/posts\/2564","targetHints":{"allow":["GET"]}}],"collection":[{"href":"https:\/\/infopba247.com.ar\/index.php\/wp-json\/wp\/v2\/posts"}],"about":[{"href":"https:\/\/infopba247.com.ar\/index.php\/wp-json\/wp\/v2\/types\/post"}],"author":[{"embeddable":true,"href":"https:\/\/infopba247.com.ar\/index.php\/wp-json\/wp\/v2\/users\/3"}],"replies":[{"embeddable":true,"href":"https:\/\/infopba247.com.ar\/index.php\/wp-json\/wp\/v2\/comments?post=2564"}],"version-history":[{"count":1,"href":"https:\/\/infopba247.com.ar\/index.php\/wp-json\/wp\/v2\/posts\/2564\/revisions"}],"predecessor-version":[{"id":2565,"href":"https:\/\/infopba247.com.ar\/index.php\/wp-json\/wp\/v2\/posts\/2564\/revisions\/2565"}],"wp:featuredmedia":[{"embeddable":true,"href":"https:\/\/infopba247.com.ar\/index.php\/wp-json\/wp\/v2\/media\/2556"}],"wp:attachment":[{"href":"https:\/\/infopba247.com.ar\/index.php\/wp-json\/wp\/v2\/media?parent=2564"}],"wp:term":[{"taxonomy":"category","embeddable":true,"href":"https:\/\/infopba247.com.ar\/index.php\/wp-json\/wp\/v2\/categories?post=2564"},{"taxonomy":"post_tag","embeddable":true,"href":"https:\/\/infopba247.com.ar\/index.php\/wp-json\/wp\/v2\/tags?post=2564"}],"curies":[{"name":"wp","href":"https:\/\/api.w.org\/{rel}","templated":true}]}}