{"id":2540,"date":"2023-10-12T20:25:00","date_gmt":"2023-10-12T23:25:00","guid":{"rendered":"https:\/\/infopba247.com.ar\/?p=2540"},"modified":"2023-10-18T16:21:55","modified_gmt":"2023-10-18T19:21:55","slug":"debido-a-las-denuncias-contra-andrea-vera-javier-milei-suspenderia-el-acto-de-este-lunes-en-moreno","status":"publish","type":"post","link":"https:\/\/infopba247.com.ar\/index.php\/2023\/10\/12\/debido-a-las-denuncias-contra-andrea-vera-javier-milei-suspenderia-el-acto-de-este-lunes-en-moreno\/","title":{"rendered":"Debido a las denuncias contra Andrea Vera, Javier Milei suspender\u00eda el acto de este lunes en Moreno"},"content":{"rendered":"\n<p>El candidato Javier Milei ten\u00eda previsto hacer su acto de cierre de campa\u00f1a en la ciudad de Moreno este pr\u00f3ximo lunes 16 de octubre, pero luego de las escandalosas denuncias por ejercicio ilegal de la medicina y la usurpaci\u00f3n de t\u00edtulos u honores (N\u00b0 IPP: PP1900-26969-2300) contra la candidata de La Libertad Avanza en el distrito, Andrea Vera, y los actos de violencia en la puerta de la universidad por parte de militantes de su espacio, el candidato a presidente habr\u00eda decidido suspender el acto.<\/p>\n\n\n\n<p>Esto no es todo, ya que no solo no realizar\u00eda el cierre de campa\u00f1a en Moreno, sino que tambi\u00e9n se bajar\u00eda la lista de Andrea Vera, qui\u00e9n la semana pasada se hizo conocida en los medios nacionales como la \u201cfalsa doctora\u201d o \u201cdoctora trucha\u201d, luego de que salieran denuncias en su contra por ejercer ilegalmente la medicina y generar serios problemas de salud a pacientes que se hab\u00edan acercado a sus operativos.<\/p>\n\n\n\n<p>Estas denuncias, sumadas al ataque contra la educaci\u00f3n p\u00fablica por parte de militantes de Milei en la puerta de la Universidad Nacional de Moreno, donde colocaron un cartel que dec\u00eda: \u201cPagate vos la universidad, par\u00e1sito\u201d son un claro ataque contra toda la comunidad educativa, y habr\u00edan perjudicado enormemente la imagen de la candidata a intendenta Andrea Vera<\/p>\n\n\n\n<p>La lista de La Libertad Avanza en Moreno no para de retroceder mientras se empieza a hacer visible que la mayor\u00eda de sus candidatos carga con un prontuario peligroso lleno de denuncias, tanto por corrupci\u00f3n, entraderas, abuso sexual y ahora ejercicio ilegal de la medicina de parte de su principal candidata.<\/p>\n\n\n\n<p>A principios de octubre, una grave denuncia sacudi\u00f3 la pol\u00edtica local del distrito de Moreno y gener\u00f3 indignaci\u00f3n entre vecinos. Andrea Vera, la candidata de LLA e hija del ya conocido Ram\u00f3n Vera, quien difunde continuamente en sus redes operativos de salud que ella misma coordina, no ser\u00eda m\u00e9dica y estar\u00eda enga\u00f1ando a los vecinos que, de buena fe, se acercan a esos operativos. Varios de ellos sufrieron consecuencias en su salud luego de ser atendidos por Vera.<\/p>\n\n\n\n<p>La pregunta es si luego de tan escandalosa denuncia, la candidata a gobernadora por esa misma fuerza, Carolina P\u00edparo, y el mismo Javier Milei, seguir\u00e1n sosteniendo la candidatura de la m\u00e9dica trucha, bajar\u00e1n la lista del distrito o se expondr\u00e1n una posible denuncia de inhabilitaci\u00f3n en la Justicia Nacional Electoral.<\/p>\n\n\n\n<p>Dentro de la lista que representa a la fuerza de Javier Milei en Moreno, no solo Andrea Vera y su padre, quien tiene una denuncia en la justicia por vender pollo podrido a escuelas e intoxicar estudiantes, cargan con denuncias en su contra. Otro de los candidatos, Marcelo Garc\u00eda, presidente del Concejo Deliberante en la gesti\u00f3n Festa, tiene una denuncia y fue destituido por abuso sexual; Andrea Villareal fue expulsada del municipio por causas de robo, ya que les cobraba impuestos a los vecinos a su propio CBU; Marcelo Genou, exsecretario de Mariano West y otro de los candidatos de la lista de Andrea Vera, estuvo pr\u00f3fugo en Brasil por haber organizado entraderas y volvi\u00f3 al pa\u00eds cuando la causa prescribi\u00f3; y Pol Almada se encuentra actualmente en juicio y prisi\u00f3n en suspenso por la explosi\u00f3n de la escuela donde murieron Sandra y Rub\u00e9n.<\/p>\n\n\n\n<ul class=\"wp-block-list\">\n<li><\/li>\n<\/ul>\n","protected":false},"excerpt":{"rendered":"<p>El candidato Javier Milei ten\u00eda previsto hacer su acto de cierre de campa\u00f1a en la ciudad de Moreno este pr\u00f3ximo<\/p>\n","protected":false},"author":3,"featured_media":2541,"comment_status":"closed","ping_status":"closed","sticky":false,"template":"","format":"standard","meta":{"colormag_page_container_layout":"default_layout","colormag_page_sidebar_layout":"default_layout","footnotes":""},"categories":[5,1,14],"tags":[50],"class_list":["post-2540","post","type-post","status-publish","format-standard","has-post-thumbnail","hentry","category-1ra-seccion","category-destacadas","category-politica","tag-municipalidad-de-moreno"],"yoast_head":"<!-- This site is optimized with the Yoast SEO plugin v27.4 - https:\/\/yoast.com\/product\/yoast-seo-wordpress\/ -->\n<title>Debido a las denuncias contra Andrea Vera, Javier Milei suspender\u00eda el acto de este lunes en Moreno - InfoPBA247<\/title>\n<meta name=\"robots\" content=\"index, follow, max-snippet:-1, max-image-preview:large, max-video-preview:-1\" \/>\n<link rel=\"canonical\" href=\"https:\/\/infopba247.com.ar\/index.php\/2023\/10\/12\/debido-a-las-denuncias-contra-andrea-vera-javier-milei-suspenderia-el-acto-de-este-lunes-en-moreno\/\" \/>\n<meta property=\"og:locale\" content=\"es_ES\" \/>\n<meta property=\"og:type\" content=\"article\" \/>\n<meta property=\"og:title\" content=\"Debido a las denuncias contra Andrea Vera, Javier Milei suspender\u00eda el acto de este lunes en Moreno - InfoPBA247\" \/>\n<meta property=\"og:description\" content=\"El candidato Javier Milei ten\u00eda previsto hacer su acto de cierre de campa\u00f1a en la ciudad de Moreno este pr\u00f3ximo\" \/>\n<meta property=\"og:url\" content=\"https:\/\/infopba247.com.ar\/index.php\/2023\/10\/12\/debido-a-las-denuncias-contra-andrea-vera-javier-milei-suspenderia-el-acto-de-este-lunes-en-moreno\/\" \/>\n<meta property=\"og:site_name\" content=\"InfoPBA247\" \/>\n<meta property=\"article:publisher\" content=\"https:\/\/www.facebook.com\/InfoPBA\" \/>\n<meta property=\"article:published_time\" content=\"2023-10-12T23:25:00+00:00\" \/>\n<meta property=\"article:modified_time\" content=\"2023-10-18T19:21:55+00:00\" \/>\n<meta property=\"og:image\" content=\"https:\/\/infopba247.com.ar\/wp-content\/uploads\/2023\/10\/WhatsApp-Image-2023-10-11-at-09.05.48-2-1.jpeg\" \/>\n\t<meta property=\"og:image:width\" content=\"1284\" \/>\n\t<meta property=\"og:image:height\" content=\"868\" \/>\n\t<meta property=\"og:image:type\" content=\"image\/jpeg\" \/>\n<meta name=\"author\" content=\"Editor\" \/>\n<meta name=\"twitter:card\" content=\"summary_large_image\" \/>\n<meta name=\"twitter:label1\" content=\"Escrito por\" \/>\n\t<meta name=\"twitter:data1\" content=\"Editor\" \/>\n\t<meta name=\"twitter:label2\" content=\"Tiempo de lectura\" \/>\n\t<meta name=\"twitter:data2\" content=\"3 minutos\" \/>\n<script type=\"application\/ld+json\" class=\"yoast-schema-graph\">{\"@context\":\"https:\\\/\\\/schema.org\",\"@graph\":[{\"@type\":\"Article\",\"@id\":\"https:\\\/\\\/infopba247.com.ar\\\/index.php\\\/2023\\\/10\\\/12\\\/debido-a-las-denuncias-contra-andrea-vera-javier-milei-suspenderia-el-acto-de-este-lunes-en-moreno\\\/#article\",\"isPartOf\":{\"@id\":\"https:\\\/\\\/infopba247.com.ar\\\/index.php\\\/2023\\\/10\\\/12\\\/debido-a-las-denuncias-contra-andrea-vera-javier-milei-suspenderia-el-acto-de-este-lunes-en-moreno\\\/\"},\"author\":{\"name\":\"Editor\",\"@id\":\"https:\\\/\\\/infopba247.com.ar\\\/#\\\/schema\\\/person\\\/4975f1343a413e57bf839b3eed0099f2\"},\"headline\":\"Debido a las denuncias contra Andrea Vera, Javier Milei suspender\u00eda el acto de este lunes en Moreno\",\"datePublished\":\"2023-10-12T23:25:00+00:00\",\"dateModified\":\"2023-10-18T19:21:55+00:00\",\"mainEntityOfPage\":{\"@id\":\"https:\\\/\\\/infopba247.com.ar\\\/index.php\\\/2023\\\/10\\\/12\\\/debido-a-las-denuncias-contra-andrea-vera-javier-milei-suspenderia-el-acto-de-este-lunes-en-moreno\\\/\"},\"wordCount\":595,\"publisher\":{\"@id\":\"https:\\\/\\\/infopba247.com.ar\\\/#organization\"},\"image\":{\"@id\":\"https:\\\/\\\/infopba247.com.ar\\\/index.php\\\/2023\\\/10\\\/12\\\/debido-a-las-denuncias-contra-andrea-vera-javier-milei-suspenderia-el-acto-de-este-lunes-en-moreno\\\/#primaryimage\"},\"thumbnailUrl\":\"https:\\\/\\\/infopba247.com.ar\\\/wp-content\\\/uploads\\\/2023\\\/10\\\/WhatsApp-Image-2023-10-11-at-09.05.48-2-1.jpeg\",\"keywords\":[\"Municipalidad de Moreno\"],\"articleSection\":[\"1ra Secci\u00f3n\",\"Destacadas\",\"Pol\u00edtica\"],\"inLanguage\":\"es\"},{\"@type\":\"WebPage\",\"@id\":\"https:\\\/\\\/infopba247.com.ar\\\/index.php\\\/2023\\\/10\\\/12\\\/debido-a-las-denuncias-contra-andrea-vera-javier-milei-suspenderia-el-acto-de-este-lunes-en-moreno\\\/\",\"url\":\"https:\\\/\\\/infopba247.com.ar\\\/index.php\\\/2023\\\/10\\\/12\\\/debido-a-las-denuncias-contra-andrea-vera-javier-milei-suspenderia-el-acto-de-este-lunes-en-moreno\\\/\",\"name\":\"Debido a las denuncias contra Andrea Vera, Javier Milei suspender\u00eda el acto de este lunes en Moreno - InfoPBA247\",\"isPartOf\":{\"@id\":\"https:\\\/\\\/infopba247.com.ar\\\/#website\"},\"primaryImageOfPage\":{\"@id\":\"https:\\\/\\\/infopba247.com.ar\\\/index.php\\\/2023\\\/10\\\/12\\\/debido-a-las-denuncias-contra-andrea-vera-javier-milei-suspenderia-el-acto-de-este-lunes-en-moreno\\\/#primaryimage\"},\"image\":{\"@id\":\"https:\\\/\\\/infopba247.com.ar\\\/index.php\\\/2023\\\/10\\\/12\\\/debido-a-las-denuncias-contra-andrea-vera-javier-milei-suspenderia-el-acto-de-este-lunes-en-moreno\\\/#primaryimage\"},\"thumbnailUrl\":\"https:\\\/\\\/infopba247.com.ar\\\/wp-content\\\/uploads\\\/2023\\\/10\\\/WhatsApp-Image-2023-10-11-at-09.05.48-2-1.jpeg\",\"datePublished\":\"2023-10-12T23:25:00+00:00\",\"dateModified\":\"2023-10-18T19:21:55+00:00\",\"breadcrumb\":{\"@id\":\"https:\\\/\\\/infopba247.com.ar\\\/index.php\\\/2023\\\/10\\\/12\\\/debido-a-las-denuncias-contra-andrea-vera-javier-milei-suspenderia-el-acto-de-este-lunes-en-moreno\\\/#breadcrumb\"},\"inLanguage\":\"es\",\"potentialAction\":[{\"@type\":\"ReadAction\",\"target\":[\"https:\\\/\\\/infopba247.com.ar\\\/index.php\\\/2023\\\/10\\\/12\\\/debido-a-las-denuncias-contra-andrea-vera-javier-milei-suspenderia-el-acto-de-este-lunes-en-moreno\\\/\"]}]},{\"@type\":\"ImageObject\",\"inLanguage\":\"es\",\"@id\":\"https:\\\/\\\/infopba247.com.ar\\\/index.php\\\/2023\\\/10\\\/12\\\/debido-a-las-denuncias-contra-andrea-vera-javier-milei-suspenderia-el-acto-de-este-lunes-en-moreno\\\/#primaryimage\",\"url\":\"https:\\\/\\\/infopba247.com.ar\\\/wp-content\\\/uploads\\\/2023\\\/10\\\/WhatsApp-Image-2023-10-11-at-09.05.48-2-1.jpeg\",\"contentUrl\":\"https:\\\/\\\/infopba247.com.ar\\\/wp-content\\\/uploads\\\/2023\\\/10\\\/WhatsApp-Image-2023-10-11-at-09.05.48-2-1.jpeg\",\"width\":1284,\"height\":868},{\"@type\":\"BreadcrumbList\",\"@id\":\"https:\\\/\\\/infopba247.com.ar\\\/index.php\\\/2023\\\/10\\\/12\\\/debido-a-las-denuncias-contra-andrea-vera-javier-milei-suspenderia-el-acto-de-este-lunes-en-moreno\\\/#breadcrumb\",\"itemListElement\":[{\"@type\":\"ListItem\",\"position\":1,\"name\":\"Portada\",\"item\":\"https:\\\/\\\/infopba247.com.ar\\\/\"},{\"@type\":\"ListItem\",\"position\":2,\"name\":\"Debido a las denuncias contra Andrea Vera, Javier Milei suspender\u00eda el acto de este lunes en Moreno\"}]},{\"@type\":\"WebSite\",\"@id\":\"https:\\\/\\\/infopba247.com.ar\\\/#website\",\"url\":\"https:\\\/\\\/infopba247.com.ar\\\/\",\"name\":\"InfoPBA247\",\"description\":\"Toda la actualidad bonaerense\",\"publisher\":{\"@id\":\"https:\\\/\\\/infopba247.com.ar\\\/#organization\"},\"potentialAction\":[{\"@type\":\"SearchAction\",\"target\":{\"@type\":\"EntryPoint\",\"urlTemplate\":\"https:\\\/\\\/infopba247.com.ar\\\/?s={search_term_string}\"},\"query-input\":{\"@type\":\"PropertyValueSpecification\",\"valueRequired\":true,\"valueName\":\"search_term_string\"}}],\"inLanguage\":\"es\"},{\"@type\":\"Organization\",\"@id\":\"https:\\\/\\\/infopba247.com.ar\\\/#organization\",\"name\":\"InfoPBA247\",\"url\":\"https:\\\/\\\/infopba247.com.ar\\\/\",\"logo\":{\"@type\":\"ImageObject\",\"inLanguage\":\"es\",\"@id\":\"https:\\\/\\\/infopba247.com.ar\\\/#\\\/schema\\\/logo\\\/image\\\/\",\"url\":\"https:\\\/\\\/infopba247.com.ar\\\/wp-content\\\/uploads\\\/2022\\\/03\\\/cropped-InfoPBA247-1.png\",\"contentUrl\":\"https:\\\/\\\/infopba247.com.ar\\\/wp-content\\\/uploads\\\/2022\\\/03\\\/cropped-InfoPBA247-1.png\",\"width\":500,\"height\":122,\"caption\":\"InfoPBA247\"},\"image\":{\"@id\":\"https:\\\/\\\/infopba247.com.ar\\\/#\\\/schema\\\/logo\\\/image\\\/\"},\"sameAs\":[\"https:\\\/\\\/www.facebook.com\\\/InfoPBA\"]},{\"@type\":\"Person\",\"@id\":\"https:\\\/\\\/infopba247.com.ar\\\/#\\\/schema\\\/person\\\/4975f1343a413e57bf839b3eed0099f2\",\"name\":\"Editor\",\"image\":{\"@type\":\"ImageObject\",\"inLanguage\":\"es\",\"@id\":\"https:\\\/\\\/secure.gravatar.com\\\/avatar\\\/d27fe9520667ca53441d36627a1d6b0fa4a813571ec4803687a7a3a7744685ac?s=96&d=mm&r=g\",\"url\":\"https:\\\/\\\/secure.gravatar.com\\\/avatar\\\/d27fe9520667ca53441d36627a1d6b0fa4a813571ec4803687a7a3a7744685ac?s=96&d=mm&r=g\",\"contentUrl\":\"https:\\\/\\\/secure.gravatar.com\\\/avatar\\\/d27fe9520667ca53441d36627a1d6b0fa4a813571ec4803687a7a3a7744685ac?s=96&d=mm&r=g\",\"caption\":\"Editor\"},\"url\":\"https:\\\/\\\/infopba247.com.ar\\\/index.php\\\/author\\\/editor\\\/\"}]}<\/script>\n<!-- \/ Yoast SEO plugin. -->","yoast_head_json":{"title":"Debido a las denuncias contra Andrea Vera, Javier Milei suspender\u00eda el acto de este lunes en Moreno - InfoPBA247","robots":{"index":"index","follow":"follow","max-snippet":"max-snippet:-1","max-image-preview":"max-image-preview:large","max-video-preview":"max-video-preview:-1"},"canonical":"https:\/\/infopba247.com.ar\/index.php\/2023\/10\/12\/debido-a-las-denuncias-contra-andrea-vera-javier-milei-suspenderia-el-acto-de-este-lunes-en-moreno\/","og_locale":"es_ES","og_type":"article","og_title":"Debido a las denuncias contra Andrea Vera, Javier Milei suspender\u00eda el acto de este lunes en Moreno - InfoPBA247","og_description":"El candidato Javier Milei ten\u00eda previsto hacer su acto de cierre de campa\u00f1a en la ciudad de Moreno este pr\u00f3ximo","og_url":"https:\/\/infopba247.com.ar\/index.php\/2023\/10\/12\/debido-a-las-denuncias-contra-andrea-vera-javier-milei-suspenderia-el-acto-de-este-lunes-en-moreno\/","og_site_name":"InfoPBA247","article_publisher":"https:\/\/www.facebook.com\/InfoPBA","article_published_time":"2023-10-12T23:25:00+00:00","article_modified_time":"2023-10-18T19:21:55+00:00","og_image":[{"width":1284,"height":868,"url":"https:\/\/infopba247.com.ar\/wp-content\/uploads\/2023\/10\/WhatsApp-Image-2023-10-11-at-09.05.48-2-1.jpeg","type":"image\/jpeg"}],"author":"Editor","twitter_card":"summary_large_image","twitter_misc":{"Escrito por":"Editor","Tiempo de lectura":"3 minutos"},"schema":{"@context":"https:\/\/schema.org","@graph":[{"@type":"Article","@id":"https:\/\/infopba247.com.ar\/index.php\/2023\/10\/12\/debido-a-las-denuncias-contra-andrea-vera-javier-milei-suspenderia-el-acto-de-este-lunes-en-moreno\/#article","isPartOf":{"@id":"https:\/\/infopba247.com.ar\/index.php\/2023\/10\/12\/debido-a-las-denuncias-contra-andrea-vera-javier-milei-suspenderia-el-acto-de-este-lunes-en-moreno\/"},"author":{"name":"Editor","@id":"https:\/\/infopba247.com.ar\/#\/schema\/person\/4975f1343a413e57bf839b3eed0099f2"},"headline":"Debido a las denuncias contra Andrea Vera, Javier Milei suspender\u00eda el acto de este lunes en Moreno","datePublished":"2023-10-12T23:25:00+00:00","dateModified":"2023-10-18T19:21:55+00:00","mainEntityOfPage":{"@id":"https:\/\/infopba247.com.ar\/index.php\/2023\/10\/12\/debido-a-las-denuncias-contra-andrea-vera-javier-milei-suspenderia-el-acto-de-este-lunes-en-moreno\/"},"wordCount":595,"publisher":{"@id":"https:\/\/infopba247.com.ar\/#organization"},"image":{"@id":"https:\/\/infopba247.com.ar\/index.php\/2023\/10\/12\/debido-a-las-denuncias-contra-andrea-vera-javier-milei-suspenderia-el-acto-de-este-lunes-en-moreno\/#primaryimage"},"thumbnailUrl":"https:\/\/infopba247.com.ar\/wp-content\/uploads\/2023\/10\/WhatsApp-Image-2023-10-11-at-09.05.48-2-1.jpeg","keywords":["Municipalidad de Moreno"],"articleSection":["1ra Secci\u00f3n","Destacadas","Pol\u00edtica"],"inLanguage":"es"},{"@type":"WebPage","@id":"https:\/\/infopba247.com.ar\/index.php\/2023\/10\/12\/debido-a-las-denuncias-contra-andrea-vera-javier-milei-suspenderia-el-acto-de-este-lunes-en-moreno\/","url":"https:\/\/infopba247.com.ar\/index.php\/2023\/10\/12\/debido-a-las-denuncias-contra-andrea-vera-javier-milei-suspenderia-el-acto-de-este-lunes-en-moreno\/","name":"Debido a las denuncias contra Andrea Vera, Javier Milei suspender\u00eda el acto de este lunes en Moreno - InfoPBA247","isPartOf":{"@id":"https:\/\/infopba247.com.ar\/#website"},"primaryImageOfPage":{"@id":"https:\/\/infopba247.com.ar\/index.php\/2023\/10\/12\/debido-a-las-denuncias-contra-andrea-vera-javier-milei-suspenderia-el-acto-de-este-lunes-en-moreno\/#primaryimage"},"image":{"@id":"https:\/\/infopba247.com.ar\/index.php\/2023\/10\/12\/debido-a-las-denuncias-contra-andrea-vera-javier-milei-suspenderia-el-acto-de-este-lunes-en-moreno\/#primaryimage"},"thumbnailUrl":"https:\/\/infopba247.com.ar\/wp-content\/uploads\/2023\/10\/WhatsApp-Image-2023-10-11-at-09.05.48-2-1.jpeg","datePublished":"2023-10-12T23:25:00+00:00","dateModified":"2023-10-18T19:21:55+00:00","breadcrumb":{"@id":"https:\/\/infopba247.com.ar\/index.php\/2023\/10\/12\/debido-a-las-denuncias-contra-andrea-vera-javier-milei-suspenderia-el-acto-de-este-lunes-en-moreno\/#breadcrumb"},"inLanguage":"es","potentialAction":[{"@type":"ReadAction","target":["https:\/\/infopba247.com.ar\/index.php\/2023\/10\/12\/debido-a-las-denuncias-contra-andrea-vera-javier-milei-suspenderia-el-acto-de-este-lunes-en-moreno\/"]}]},{"@type":"ImageObject","inLanguage":"es","@id":"https:\/\/infopba247.com.ar\/index.php\/2023\/10\/12\/debido-a-las-denuncias-contra-andrea-vera-javier-milei-suspenderia-el-acto-de-este-lunes-en-moreno\/#primaryimage","url":"https:\/\/infopba247.com.ar\/wp-content\/uploads\/2023\/10\/WhatsApp-Image-2023-10-11-at-09.05.48-2-1.jpeg","contentUrl":"https:\/\/infopba247.com.ar\/wp-content\/uploads\/2023\/10\/WhatsApp-Image-2023-10-11-at-09.05.48-2-1.jpeg","width":1284,"height":868},{"@type":"BreadcrumbList","@id":"https:\/\/infopba247.com.ar\/index.php\/2023\/10\/12\/debido-a-las-denuncias-contra-andrea-vera-javier-milei-suspenderia-el-acto-de-este-lunes-en-moreno\/#breadcrumb","itemListElement":[{"@type":"ListItem","position":1,"name":"Portada","item":"https:\/\/infopba247.com.ar\/"},{"@type":"ListItem","position":2,"name":"Debido a las denuncias contra Andrea Vera, Javier Milei suspender\u00eda el acto de este lunes en Moreno"}]},{"@type":"WebSite","@id":"https:\/\/infopba247.com.ar\/#website","url":"https:\/\/infopba247.com.ar\/","name":"InfoPBA247","description":"Toda la actualidad bonaerense","publisher":{"@id":"https:\/\/infopba247.com.ar\/#organization"},"potentialAction":[{"@type":"SearchAction","target":{"@type":"EntryPoint","urlTemplate":"https:\/\/infopba247.com.ar\/?s={search_term_string}"},"query-input":{"@type":"PropertyValueSpecification","valueRequired":true,"valueName":"search_term_string"}}],"inLanguage":"es"},{"@type":"Organization","@id":"https:\/\/infopba247.com.ar\/#organization","name":"InfoPBA247","url":"https:\/\/infopba247.com.ar\/","logo":{"@type":"ImageObject","inLanguage":"es","@id":"https:\/\/infopba247.com.ar\/#\/schema\/logo\/image\/","url":"https:\/\/infopba247.com.ar\/wp-content\/uploads\/2022\/03\/cropped-InfoPBA247-1.png","contentUrl":"https:\/\/infopba247.com.ar\/wp-content\/uploads\/2022\/03\/cropped-InfoPBA247-1.png","width":500,"height":122,"caption":"InfoPBA247"},"image":{"@id":"https:\/\/infopba247.com.ar\/#\/schema\/logo\/image\/"},"sameAs":["https:\/\/www.facebook.com\/InfoPBA"]},{"@type":"Person","@id":"https:\/\/infopba247.com.ar\/#\/schema\/person\/4975f1343a413e57bf839b3eed0099f2","name":"Editor","image":{"@type":"ImageObject","inLanguage":"es","@id":"https:\/\/secure.gravatar.com\/avatar\/d27fe9520667ca53441d36627a1d6b0fa4a813571ec4803687a7a3a7744685ac?s=96&d=mm&r=g","url":"https:\/\/secure.gravatar.com\/avatar\/d27fe9520667ca53441d36627a1d6b0fa4a813571ec4803687a7a3a7744685ac?s=96&d=mm&r=g","contentUrl":"https:\/\/secure.gravatar.com\/avatar\/d27fe9520667ca53441d36627a1d6b0fa4a813571ec4803687a7a3a7744685ac?s=96&d=mm&r=g","caption":"Editor"},"url":"https:\/\/infopba247.com.ar\/index.php\/author\/editor\/"}]}},"_links":{"self":[{"href":"https:\/\/infopba247.com.ar\/index.php\/wp-json\/wp\/v2\/posts\/2540","targetHints":{"allow":["GET"]}}],"collection":[{"href":"https:\/\/infopba247.com.ar\/index.php\/wp-json\/wp\/v2\/posts"}],"about":[{"href":"https:\/\/infopba247.com.ar\/index.php\/wp-json\/wp\/v2\/types\/post"}],"author":[{"embeddable":true,"href":"https:\/\/infopba247.com.ar\/index.php\/wp-json\/wp\/v2\/users\/3"}],"replies":[{"embeddable":true,"href":"https:\/\/infopba247.com.ar\/index.php\/wp-json\/wp\/v2\/comments?post=2540"}],"version-history":[{"count":1,"href":"https:\/\/infopba247.com.ar\/index.php\/wp-json\/wp\/v2\/posts\/2540\/revisions"}],"predecessor-version":[{"id":2542,"href":"https:\/\/infopba247.com.ar\/index.php\/wp-json\/wp\/v2\/posts\/2540\/revisions\/2542"}],"wp:featuredmedia":[{"embeddable":true,"href":"https:\/\/infopba247.com.ar\/index.php\/wp-json\/wp\/v2\/media\/2541"}],"wp:attachment":[{"href":"https:\/\/infopba247.com.ar\/index.php\/wp-json\/wp\/v2\/media?parent=2540"}],"wp:term":[{"taxonomy":"category","embeddable":true,"href":"https:\/\/infopba247.com.ar\/index.php\/wp-json\/wp\/v2\/categories?post=2540"},{"taxonomy":"post_tag","embeddable":true,"href":"https:\/\/infopba247.com.ar\/index.php\/wp-json\/wp\/v2\/tags?post=2540"}],"curies":[{"name":"wp","href":"https:\/\/api.w.org\/{rel}","templated":true}]}}