{"id":2461,"date":"2023-10-03T08:14:03","date_gmt":"2023-10-03T11:14:03","guid":{"rendered":"https:\/\/infopba247.com.ar\/?p=2461"},"modified":"2023-10-17T13:42:24","modified_gmt":"2023-10-17T16:42:24","slug":"obras-y-programas-que-benefician-a-5-000-ninos-y-ninas-que-asisten-a-jardines-comunitarios","status":"publish","type":"post","link":"https:\/\/infopba247.com.ar\/index.php\/2023\/10\/03\/obras-y-programas-que-benefician-a-5-000-ninos-y-ninas-que-asisten-a-jardines-comunitarios\/","title":{"rendered":"Obras y programas que benefician a 5.000 ni\u00f1os y ni\u00f1as que asisten a jardines comunitarios"},"content":{"rendered":"\n<p>El presente ciclo lectivo inici\u00f3 con la inauguraci\u00f3n de la obra del Jard\u00edn Comunitario \u201cVilla Mandarina\u201d. En septiembre, se sumaron las obras de \u201cLos Horneritos\u201d, \u201cPoyi Cardenas\u201d y \u201cMi peque\u00f1o Aroiris\u201d. Adem\u00e1s, se entregaron mobiliarios a los 34 jardines comunitarios del distrito, y se garantiza el derecho a la alimentaci\u00f3n de manera igualitaria y saludable, a trav\u00e9s de diversos programas.<\/p>\n\n\n\n<p>\u201cEl gobierno municipal apuesta a fortalecer los espacios y el trabajo de las educadoras, desarrollando y gestionando pol\u00edticas p\u00fablicas para garantizar el derecho de las y los m\u00e1s peque\u00f1os de la educaci\u00f3n\u201d, expresa la directora de Educaci\u00f3n Comunitaria y Popular, Silvina Sanchez.&nbsp;<\/p>\n\n\n\n<p>Los jardines comunitarios dan cuenta del esfuerzo comunitario para construir y llevar adelante espacios de primera infancia. Lo hacen de forma autogestiva, y, por ende, atraviesan serias dificultades, como la necesidad de mejoras edilicias o artefactos que permitan acceder a necesidades b\u00e1sicas.&nbsp; Silvina S\u00e1nchez, directora de Educaci\u00f3n Comunitaria y Popular inform\u00f3 a Moreno Primero que \u201cen nuestro distrito existen 34 jardines comunitarios, todos con historias muy particulares y con mucha organizaci\u00f3n en los barrios, que ha resuelto cuestiones que el Estado no ha podido resolver, y es ah\u00ed donde aparecen mujeres que abren las puertas de sus hogares o en espacios cedidos por la iglesia para hacerse cargo de la alimentaci\u00f3n, el cuidado y la educaci\u00f3n de los ni\u00f1os y ni\u00f1as de sus barrios para que mujeres como ellas puedan salir a trabajar\u201d.&nbsp;<\/p>\n\n\n\n<p>Una pol\u00edtica presente en la gesti\u00f3n actual que conduce Mariel Fern\u00e1ndez es transformar las experiencias comunitarias de gran importancia en pol\u00edticas p\u00fablicas, y los jardines comunitarios son parte de ello. \u201cEl gobierno municipal pone en valor este trabajo y apuesta a fortalecer los espacios y el trabajo de las educadoras, desarrollando y gestionando pol\u00edticas p\u00fablicas para garantizar el derecho de las y los m\u00e1s peque\u00f1os de la educaci\u00f3n\u201d, asever\u00f3. Esto da cuenta que \u201choy contamos con un municipio presente, que asume con responsabilidad y compromiso brindar lo mejor a los jardines comunitarios, que son quienes hace m\u00e1s de 30 a\u00f1os acompa\u00f1an a miles de familias de Moreno\u201d.<\/p>\n\n\n\n<p>La inversi\u00f3n por parte del Estado local, en articulaci\u00f3n con Provincia y Naci\u00f3n es notoria, est\u00e1 a la vista. El jard\u00edn comunitario \u201cVilla Mandarina\u201d recibi\u00f3 el inicio del ciclo lectivo 2023 con un espacio propio, aulas nuevas, ba\u00f1os y un SUM, junto a la renovaci\u00f3n integral de la cocina. Hace pocos d\u00edas, la jefa comunal inaugur\u00f3 la refuncionalizaci\u00f3n del Sal\u00f3n de Usos M\u00faltiples del barrio Los Hornos, en la localidad de Cuartel V, que ahora es el Jard\u00edn Comunitario \u201cLos Horneritos\u201d. Lo mismo hizo con la obra de ampliaci\u00f3n y refacci\u00f3n del Jard\u00edn Comunitario \u201cPoyi C\u00e1rdenas\u201d, y el Centro de Desarrollo Infantil \u201cMi peque\u00f1o arco\u00edris\u201d, este \u00faltimo en Moreno Sur. Adem\u00e1s, entreg\u00f3 equipamiento recreativo y educativo a diferentes jardines de la localidad, beneficiando a 5 mil ni\u00f1os y ni\u00f1as morenenses.&nbsp;<\/p>\n\n\n\n<p>\u201cObras de esta magnitud son muy esperadas por la comunidad educativa, los vecinos y vecinas de los barrios est\u00e1n muy contentos y agradecidos con la llegada de estos espacios que atienden a ni\u00f1os y ni\u00f1as de 45 d\u00edas a 4 a\u00f1os\u201d, cont\u00f3 Silvina, y explic\u00f3 que \u201cen su mayor\u00eda los jardines maternales son de car\u00e1cter privado y no todos tienen la posibilidad econ\u00f3mica de dejar a sus hijos en est\u00e1s instituciones, quedando as\u00ed en muchos casos al cuidado de un familiar o hermano mayor\u201d. Es por eso que en cada inauguraci\u00f3n se encuentran con mam\u00e1s que se acercan y hacen llegar el agradecimiento. \u201cEn Casasco, donde hace unos d\u00edas inauguramos un nuevo CDI, una mam\u00e1 nos comentaba que estaba feliz con la llegada de este espacio, porque ah\u00ed pod\u00eda dejar a su bebe y ella poder ir trabajar\u201d, ejemplifica la directora de Educaci\u00f3n Popular y Comunitaria.&nbsp;<\/p>\n\n\n\n<p>Las obras de infraestructura son tan importantes y necesarias para el Estado local, como lo es garantizar el derecho a la alimentaci\u00f3n de manera igualitaria y saludable a las y los ni\u00f1os que asisten a estos jardines comunitarios. Esto se explicita en 2 pol\u00edticas concretas. \u201cDesde el Municipio hemos logrado que los 34 Jardines cuenten con el programa \u201cUn vaso de leche por d\u00eda\u201d. Todos los meses reciben leche por el total de matr\u00edcula de estos 34 jardines, que en su mayor\u00eda est\u00e1n registrados dentro del circuito de merenderos y comedores que pertenece a la Secretar\u00eda de Desarrollo de la Comunidad, donde adem\u00e1s de leche reciben alimentos secos\u201d, indic\u00f3. Adem\u00e1s, \u201cse realiz\u00f3 un encuentro con cocineras de los jardines sobre manipulaci\u00f3n de alimentos, llevados a cabo por una Nutricionista de la Secretar\u00eda de Cultura, educaci\u00f3n y deportes\u201d.<\/p>\n\n\n\n<p>La otra pol\u00edtica llevada a cabo en ese marco es el convenio firmado con el Programa Unidad de Desarrollo Infantil (UDI), del Ministerio de Desarrollo de la Comunidad de la Provincia de Buenos Aires, \u201ccon 11 espacios que no contaban con ning\u00fan tipo de recurso econ\u00f3mico del Estado\u201d lo que permite \u201cla compra mensual de alimentos secos, frutas, verduras y equipamiento de acuerdo a las necesidades de cada espacio\u201d. Quien se encarga de ejecutar dichos fondos es la \u201cDirecci\u00f3n General de Educaci\u00f3n Comunitaria y Popular, \u201csiendo muy cautelosa con la calidad de los productos, porque nuestros ni\u00f1os\/as merecen comer rico y sano\u201d. Tambi\u00e9n, agrega que, desde la direcci\u00f3n, acompa\u00f1an a las educadoras en su formaci\u00f3n, \u201cpara poder llevar a cabo la tarea pedag\u00f3gica\u201d, y esto, \u201cporque creemos que, al cuidar, estamos educando\u201d.&nbsp;<\/p>\n\n\n\n<p>Con todo, Silvina S\u00e1nchez enfatiza: \u201ces importante que el Estado pueda proveer y acompa\u00f1ar el desarrollo pleno de estos espacios, teniendo en cuenta sus or\u00edgenes\u201d, y la gesti\u00f3n que encabeza Mariel Fern\u00e1ndez, \u00abpone en valor el trabajo que llevan adelante estos jardines, apuesta y agradece a cada mujer que resolvi\u00f3 la alimentaci\u00f3n y educaci\u00f3n de las ni\u00f1eces de nuestros barrios\u201d.&nbsp; M\u00e1s A\u00fan, \u201clas obras y los programas llegan a lugares donde existen muchas necesidades, y, sobre todo, una gran demanda de matr\u00edcula entonces es responsabilidad del Estado hacerse cargo de resolver ese tipo de necesidades\u201d.<\/p>\n\n\n\n<p>\u201cEn los discursos de Mariel resuena una hermosa frase de Eva Per\u00f3n -para los humildes lo mejor- y es lo que hacemos como municipio todos los d\u00edas, trabajar para darle lo mejor a nuestro pueblo de Moreno porque vivimos ac\u00e1 y merecemos lugares bellos y dignos\u201d concluye.<\/p>\n","protected":false},"excerpt":{"rendered":"<p>El presente ciclo lectivo inici\u00f3 con la inauguraci\u00f3n de la obra del Jard\u00edn Comunitario \u201cVilla Mandarina\u201d. En septiembre, se sumaron<\/p>\n","protected":false},"author":3,"featured_media":2446,"comment_status":"closed","ping_status":"closed","sticky":false,"template":"","format":"standard","meta":{"colormag_page_container_layout":"default_layout","colormag_page_sidebar_layout":"default_layout","footnotes":""},"categories":[5,1,14],"tags":[50],"class_list":["post-2461","post","type-post","status-publish","format-standard","has-post-thumbnail","hentry","category-1ra-seccion","category-destacadas","category-politica","tag-municipalidad-de-moreno"],"yoast_head":"<!-- This site is optimized with the Yoast SEO plugin v27.4 - https:\/\/yoast.com\/product\/yoast-seo-wordpress\/ -->\n<title>Obras y programas que benefician a 5.000 ni\u00f1os y ni\u00f1as que asisten a jardines comunitarios - InfoPBA247<\/title>\n<meta name=\"robots\" content=\"index, follow, max-snippet:-1, max-image-preview:large, max-video-preview:-1\" \/>\n<link rel=\"canonical\" href=\"https:\/\/infopba247.com.ar\/index.php\/2023\/10\/03\/obras-y-programas-que-benefician-a-5-000-ninos-y-ninas-que-asisten-a-jardines-comunitarios\/\" \/>\n<meta property=\"og:locale\" content=\"es_ES\" \/>\n<meta property=\"og:type\" content=\"article\" \/>\n<meta property=\"og:title\" content=\"Obras y programas que benefician a 5.000 ni\u00f1os y ni\u00f1as que asisten a jardines comunitarios - InfoPBA247\" \/>\n<meta property=\"og:description\" content=\"El presente ciclo lectivo inici\u00f3 con la inauguraci\u00f3n de la obra del Jard\u00edn Comunitario \u201cVilla Mandarina\u201d. En septiembre, se sumaron\" \/>\n<meta property=\"og:url\" content=\"https:\/\/infopba247.com.ar\/index.php\/2023\/10\/03\/obras-y-programas-que-benefician-a-5-000-ninos-y-ninas-que-asisten-a-jardines-comunitarios\/\" \/>\n<meta property=\"og:site_name\" content=\"InfoPBA247\" \/>\n<meta property=\"article:publisher\" content=\"https:\/\/www.facebook.com\/InfoPBA\" \/>\n<meta property=\"article:published_time\" content=\"2023-10-03T11:14:03+00:00\" \/>\n<meta property=\"article:modified_time\" content=\"2023-10-17T16:42:24+00:00\" \/>\n<meta property=\"og:image\" content=\"https:\/\/infopba247.com.ar\/wp-content\/uploads\/2023\/10\/image-47-800x445-1.png\" \/>\n\t<meta property=\"og:image:width\" content=\"800\" \/>\n\t<meta property=\"og:image:height\" content=\"445\" \/>\n\t<meta property=\"og:image:type\" content=\"image\/png\" \/>\n<meta name=\"author\" content=\"Editor\" \/>\n<meta name=\"twitter:card\" content=\"summary_large_image\" \/>\n<meta name=\"twitter:label1\" content=\"Escrito por\" \/>\n\t<meta name=\"twitter:data1\" content=\"Editor\" \/>\n\t<meta name=\"twitter:label2\" content=\"Tiempo de lectura\" \/>\n\t<meta name=\"twitter:data2\" content=\"6 minutos\" \/>\n<script type=\"application\/ld+json\" class=\"yoast-schema-graph\">{\"@context\":\"https:\\\/\\\/schema.org\",\"@graph\":[{\"@type\":\"Article\",\"@id\":\"https:\\\/\\\/infopba247.com.ar\\\/index.php\\\/2023\\\/10\\\/03\\\/obras-y-programas-que-benefician-a-5-000-ninos-y-ninas-que-asisten-a-jardines-comunitarios\\\/#article\",\"isPartOf\":{\"@id\":\"https:\\\/\\\/infopba247.com.ar\\\/index.php\\\/2023\\\/10\\\/03\\\/obras-y-programas-que-benefician-a-5-000-ninos-y-ninas-que-asisten-a-jardines-comunitarios\\\/\"},\"author\":{\"name\":\"Editor\",\"@id\":\"https:\\\/\\\/infopba247.com.ar\\\/#\\\/schema\\\/person\\\/4975f1343a413e57bf839b3eed0099f2\"},\"headline\":\"Obras y programas que benefician a 5.000 ni\u00f1os y ni\u00f1as que asisten a jardines comunitarios\",\"datePublished\":\"2023-10-03T11:14:03+00:00\",\"dateModified\":\"2023-10-17T16:42:24+00:00\",\"mainEntityOfPage\":{\"@id\":\"https:\\\/\\\/infopba247.com.ar\\\/index.php\\\/2023\\\/10\\\/03\\\/obras-y-programas-que-benefician-a-5-000-ninos-y-ninas-que-asisten-a-jardines-comunitarios\\\/\"},\"wordCount\":1146,\"publisher\":{\"@id\":\"https:\\\/\\\/infopba247.com.ar\\\/#organization\"},\"image\":{\"@id\":\"https:\\\/\\\/infopba247.com.ar\\\/index.php\\\/2023\\\/10\\\/03\\\/obras-y-programas-que-benefician-a-5-000-ninos-y-ninas-que-asisten-a-jardines-comunitarios\\\/#primaryimage\"},\"thumbnailUrl\":\"https:\\\/\\\/infopba247.com.ar\\\/wp-content\\\/uploads\\\/2023\\\/10\\\/image-47-800x445-1.png\",\"keywords\":[\"Municipalidad de Moreno\"],\"articleSection\":[\"1ra Secci\u00f3n\",\"Destacadas\",\"Pol\u00edtica\"],\"inLanguage\":\"es\"},{\"@type\":\"WebPage\",\"@id\":\"https:\\\/\\\/infopba247.com.ar\\\/index.php\\\/2023\\\/10\\\/03\\\/obras-y-programas-que-benefician-a-5-000-ninos-y-ninas-que-asisten-a-jardines-comunitarios\\\/\",\"url\":\"https:\\\/\\\/infopba247.com.ar\\\/index.php\\\/2023\\\/10\\\/03\\\/obras-y-programas-que-benefician-a-5-000-ninos-y-ninas-que-asisten-a-jardines-comunitarios\\\/\",\"name\":\"Obras y programas que benefician a 5.000 ni\u00f1os y ni\u00f1as que asisten a jardines comunitarios - InfoPBA247\",\"isPartOf\":{\"@id\":\"https:\\\/\\\/infopba247.com.ar\\\/#website\"},\"primaryImageOfPage\":{\"@id\":\"https:\\\/\\\/infopba247.com.ar\\\/index.php\\\/2023\\\/10\\\/03\\\/obras-y-programas-que-benefician-a-5-000-ninos-y-ninas-que-asisten-a-jardines-comunitarios\\\/#primaryimage\"},\"image\":{\"@id\":\"https:\\\/\\\/infopba247.com.ar\\\/index.php\\\/2023\\\/10\\\/03\\\/obras-y-programas-que-benefician-a-5-000-ninos-y-ninas-que-asisten-a-jardines-comunitarios\\\/#primaryimage\"},\"thumbnailUrl\":\"https:\\\/\\\/infopba247.com.ar\\\/wp-content\\\/uploads\\\/2023\\\/10\\\/image-47-800x445-1.png\",\"datePublished\":\"2023-10-03T11:14:03+00:00\",\"dateModified\":\"2023-10-17T16:42:24+00:00\",\"breadcrumb\":{\"@id\":\"https:\\\/\\\/infopba247.com.ar\\\/index.php\\\/2023\\\/10\\\/03\\\/obras-y-programas-que-benefician-a-5-000-ninos-y-ninas-que-asisten-a-jardines-comunitarios\\\/#breadcrumb\"},\"inLanguage\":\"es\",\"potentialAction\":[{\"@type\":\"ReadAction\",\"target\":[\"https:\\\/\\\/infopba247.com.ar\\\/index.php\\\/2023\\\/10\\\/03\\\/obras-y-programas-que-benefician-a-5-000-ninos-y-ninas-que-asisten-a-jardines-comunitarios\\\/\"]}]},{\"@type\":\"ImageObject\",\"inLanguage\":\"es\",\"@id\":\"https:\\\/\\\/infopba247.com.ar\\\/index.php\\\/2023\\\/10\\\/03\\\/obras-y-programas-que-benefician-a-5-000-ninos-y-ninas-que-asisten-a-jardines-comunitarios\\\/#primaryimage\",\"url\":\"https:\\\/\\\/infopba247.com.ar\\\/wp-content\\\/uploads\\\/2023\\\/10\\\/image-47-800x445-1.png\",\"contentUrl\":\"https:\\\/\\\/infopba247.com.ar\\\/wp-content\\\/uploads\\\/2023\\\/10\\\/image-47-800x445-1.png\",\"width\":800,\"height\":445},{\"@type\":\"BreadcrumbList\",\"@id\":\"https:\\\/\\\/infopba247.com.ar\\\/index.php\\\/2023\\\/10\\\/03\\\/obras-y-programas-que-benefician-a-5-000-ninos-y-ninas-que-asisten-a-jardines-comunitarios\\\/#breadcrumb\",\"itemListElement\":[{\"@type\":\"ListItem\",\"position\":1,\"name\":\"Portada\",\"item\":\"https:\\\/\\\/infopba247.com.ar\\\/\"},{\"@type\":\"ListItem\",\"position\":2,\"name\":\"Obras y programas que benefician a 5.000 ni\u00f1os y ni\u00f1as que asisten a jardines comunitarios\"}]},{\"@type\":\"WebSite\",\"@id\":\"https:\\\/\\\/infopba247.com.ar\\\/#website\",\"url\":\"https:\\\/\\\/infopba247.com.ar\\\/\",\"name\":\"InfoPBA247\",\"description\":\"Toda la actualidad bonaerense\",\"publisher\":{\"@id\":\"https:\\\/\\\/infopba247.com.ar\\\/#organization\"},\"potentialAction\":[{\"@type\":\"SearchAction\",\"target\":{\"@type\":\"EntryPoint\",\"urlTemplate\":\"https:\\\/\\\/infopba247.com.ar\\\/?s={search_term_string}\"},\"query-input\":{\"@type\":\"PropertyValueSpecification\",\"valueRequired\":true,\"valueName\":\"search_term_string\"}}],\"inLanguage\":\"es\"},{\"@type\":\"Organization\",\"@id\":\"https:\\\/\\\/infopba247.com.ar\\\/#organization\",\"name\":\"InfoPBA247\",\"url\":\"https:\\\/\\\/infopba247.com.ar\\\/\",\"logo\":{\"@type\":\"ImageObject\",\"inLanguage\":\"es\",\"@id\":\"https:\\\/\\\/infopba247.com.ar\\\/#\\\/schema\\\/logo\\\/image\\\/\",\"url\":\"https:\\\/\\\/infopba247.com.ar\\\/wp-content\\\/uploads\\\/2022\\\/03\\\/cropped-InfoPBA247-1.png\",\"contentUrl\":\"https:\\\/\\\/infopba247.com.ar\\\/wp-content\\\/uploads\\\/2022\\\/03\\\/cropped-InfoPBA247-1.png\",\"width\":500,\"height\":122,\"caption\":\"InfoPBA247\"},\"image\":{\"@id\":\"https:\\\/\\\/infopba247.com.ar\\\/#\\\/schema\\\/logo\\\/image\\\/\"},\"sameAs\":[\"https:\\\/\\\/www.facebook.com\\\/InfoPBA\"]},{\"@type\":\"Person\",\"@id\":\"https:\\\/\\\/infopba247.com.ar\\\/#\\\/schema\\\/person\\\/4975f1343a413e57bf839b3eed0099f2\",\"name\":\"Editor\",\"image\":{\"@type\":\"ImageObject\",\"inLanguage\":\"es\",\"@id\":\"https:\\\/\\\/secure.gravatar.com\\\/avatar\\\/d27fe9520667ca53441d36627a1d6b0fa4a813571ec4803687a7a3a7744685ac?s=96&d=mm&r=g\",\"url\":\"https:\\\/\\\/secure.gravatar.com\\\/avatar\\\/d27fe9520667ca53441d36627a1d6b0fa4a813571ec4803687a7a3a7744685ac?s=96&d=mm&r=g\",\"contentUrl\":\"https:\\\/\\\/secure.gravatar.com\\\/avatar\\\/d27fe9520667ca53441d36627a1d6b0fa4a813571ec4803687a7a3a7744685ac?s=96&d=mm&r=g\",\"caption\":\"Editor\"},\"url\":\"https:\\\/\\\/infopba247.com.ar\\\/index.php\\\/author\\\/editor\\\/\"}]}<\/script>\n<!-- \/ Yoast SEO plugin. -->","yoast_head_json":{"title":"Obras y programas que benefician a 5.000 ni\u00f1os y ni\u00f1as que asisten a jardines comunitarios - InfoPBA247","robots":{"index":"index","follow":"follow","max-snippet":"max-snippet:-1","max-image-preview":"max-image-preview:large","max-video-preview":"max-video-preview:-1"},"canonical":"https:\/\/infopba247.com.ar\/index.php\/2023\/10\/03\/obras-y-programas-que-benefician-a-5-000-ninos-y-ninas-que-asisten-a-jardines-comunitarios\/","og_locale":"es_ES","og_type":"article","og_title":"Obras y programas que benefician a 5.000 ni\u00f1os y ni\u00f1as que asisten a jardines comunitarios - InfoPBA247","og_description":"El presente ciclo lectivo inici\u00f3 con la inauguraci\u00f3n de la obra del Jard\u00edn Comunitario \u201cVilla Mandarina\u201d. En septiembre, se sumaron","og_url":"https:\/\/infopba247.com.ar\/index.php\/2023\/10\/03\/obras-y-programas-que-benefician-a-5-000-ninos-y-ninas-que-asisten-a-jardines-comunitarios\/","og_site_name":"InfoPBA247","article_publisher":"https:\/\/www.facebook.com\/InfoPBA","article_published_time":"2023-10-03T11:14:03+00:00","article_modified_time":"2023-10-17T16:42:24+00:00","og_image":[{"width":800,"height":445,"url":"https:\/\/infopba247.com.ar\/wp-content\/uploads\/2023\/10\/image-47-800x445-1.png","type":"image\/png"}],"author":"Editor","twitter_card":"summary_large_image","twitter_misc":{"Escrito por":"Editor","Tiempo de lectura":"6 minutos"},"schema":{"@context":"https:\/\/schema.org","@graph":[{"@type":"Article","@id":"https:\/\/infopba247.com.ar\/index.php\/2023\/10\/03\/obras-y-programas-que-benefician-a-5-000-ninos-y-ninas-que-asisten-a-jardines-comunitarios\/#article","isPartOf":{"@id":"https:\/\/infopba247.com.ar\/index.php\/2023\/10\/03\/obras-y-programas-que-benefician-a-5-000-ninos-y-ninas-que-asisten-a-jardines-comunitarios\/"},"author":{"name":"Editor","@id":"https:\/\/infopba247.com.ar\/#\/schema\/person\/4975f1343a413e57bf839b3eed0099f2"},"headline":"Obras y programas que benefician a 5.000 ni\u00f1os y ni\u00f1as que asisten a jardines comunitarios","datePublished":"2023-10-03T11:14:03+00:00","dateModified":"2023-10-17T16:42:24+00:00","mainEntityOfPage":{"@id":"https:\/\/infopba247.com.ar\/index.php\/2023\/10\/03\/obras-y-programas-que-benefician-a-5-000-ninos-y-ninas-que-asisten-a-jardines-comunitarios\/"},"wordCount":1146,"publisher":{"@id":"https:\/\/infopba247.com.ar\/#organization"},"image":{"@id":"https:\/\/infopba247.com.ar\/index.php\/2023\/10\/03\/obras-y-programas-que-benefician-a-5-000-ninos-y-ninas-que-asisten-a-jardines-comunitarios\/#primaryimage"},"thumbnailUrl":"https:\/\/infopba247.com.ar\/wp-content\/uploads\/2023\/10\/image-47-800x445-1.png","keywords":["Municipalidad de Moreno"],"articleSection":["1ra Secci\u00f3n","Destacadas","Pol\u00edtica"],"inLanguage":"es"},{"@type":"WebPage","@id":"https:\/\/infopba247.com.ar\/index.php\/2023\/10\/03\/obras-y-programas-que-benefician-a-5-000-ninos-y-ninas-que-asisten-a-jardines-comunitarios\/","url":"https:\/\/infopba247.com.ar\/index.php\/2023\/10\/03\/obras-y-programas-que-benefician-a-5-000-ninos-y-ninas-que-asisten-a-jardines-comunitarios\/","name":"Obras y programas que benefician a 5.000 ni\u00f1os y ni\u00f1as que asisten a jardines comunitarios - InfoPBA247","isPartOf":{"@id":"https:\/\/infopba247.com.ar\/#website"},"primaryImageOfPage":{"@id":"https:\/\/infopba247.com.ar\/index.php\/2023\/10\/03\/obras-y-programas-que-benefician-a-5-000-ninos-y-ninas-que-asisten-a-jardines-comunitarios\/#primaryimage"},"image":{"@id":"https:\/\/infopba247.com.ar\/index.php\/2023\/10\/03\/obras-y-programas-que-benefician-a-5-000-ninos-y-ninas-que-asisten-a-jardines-comunitarios\/#primaryimage"},"thumbnailUrl":"https:\/\/infopba247.com.ar\/wp-content\/uploads\/2023\/10\/image-47-800x445-1.png","datePublished":"2023-10-03T11:14:03+00:00","dateModified":"2023-10-17T16:42:24+00:00","breadcrumb":{"@id":"https:\/\/infopba247.com.ar\/index.php\/2023\/10\/03\/obras-y-programas-que-benefician-a-5-000-ninos-y-ninas-que-asisten-a-jardines-comunitarios\/#breadcrumb"},"inLanguage":"es","potentialAction":[{"@type":"ReadAction","target":["https:\/\/infopba247.com.ar\/index.php\/2023\/10\/03\/obras-y-programas-que-benefician-a-5-000-ninos-y-ninas-que-asisten-a-jardines-comunitarios\/"]}]},{"@type":"ImageObject","inLanguage":"es","@id":"https:\/\/infopba247.com.ar\/index.php\/2023\/10\/03\/obras-y-programas-que-benefician-a-5-000-ninos-y-ninas-que-asisten-a-jardines-comunitarios\/#primaryimage","url":"https:\/\/infopba247.com.ar\/wp-content\/uploads\/2023\/10\/image-47-800x445-1.png","contentUrl":"https:\/\/infopba247.com.ar\/wp-content\/uploads\/2023\/10\/image-47-800x445-1.png","width":800,"height":445},{"@type":"BreadcrumbList","@id":"https:\/\/infopba247.com.ar\/index.php\/2023\/10\/03\/obras-y-programas-que-benefician-a-5-000-ninos-y-ninas-que-asisten-a-jardines-comunitarios\/#breadcrumb","itemListElement":[{"@type":"ListItem","position":1,"name":"Portada","item":"https:\/\/infopba247.com.ar\/"},{"@type":"ListItem","position":2,"name":"Obras y programas que benefician a 5.000 ni\u00f1os y ni\u00f1as que asisten a jardines comunitarios"}]},{"@type":"WebSite","@id":"https:\/\/infopba247.com.ar\/#website","url":"https:\/\/infopba247.com.ar\/","name":"InfoPBA247","description":"Toda la actualidad bonaerense","publisher":{"@id":"https:\/\/infopba247.com.ar\/#organization"},"potentialAction":[{"@type":"SearchAction","target":{"@type":"EntryPoint","urlTemplate":"https:\/\/infopba247.com.ar\/?s={search_term_string}"},"query-input":{"@type":"PropertyValueSpecification","valueRequired":true,"valueName":"search_term_string"}}],"inLanguage":"es"},{"@type":"Organization","@id":"https:\/\/infopba247.com.ar\/#organization","name":"InfoPBA247","url":"https:\/\/infopba247.com.ar\/","logo":{"@type":"ImageObject","inLanguage":"es","@id":"https:\/\/infopba247.com.ar\/#\/schema\/logo\/image\/","url":"https:\/\/infopba247.com.ar\/wp-content\/uploads\/2022\/03\/cropped-InfoPBA247-1.png","contentUrl":"https:\/\/infopba247.com.ar\/wp-content\/uploads\/2022\/03\/cropped-InfoPBA247-1.png","width":500,"height":122,"caption":"InfoPBA247"},"image":{"@id":"https:\/\/infopba247.com.ar\/#\/schema\/logo\/image\/"},"sameAs":["https:\/\/www.facebook.com\/InfoPBA"]},{"@type":"Person","@id":"https:\/\/infopba247.com.ar\/#\/schema\/person\/4975f1343a413e57bf839b3eed0099f2","name":"Editor","image":{"@type":"ImageObject","inLanguage":"es","@id":"https:\/\/secure.gravatar.com\/avatar\/d27fe9520667ca53441d36627a1d6b0fa4a813571ec4803687a7a3a7744685ac?s=96&d=mm&r=g","url":"https:\/\/secure.gravatar.com\/avatar\/d27fe9520667ca53441d36627a1d6b0fa4a813571ec4803687a7a3a7744685ac?s=96&d=mm&r=g","contentUrl":"https:\/\/secure.gravatar.com\/avatar\/d27fe9520667ca53441d36627a1d6b0fa4a813571ec4803687a7a3a7744685ac?s=96&d=mm&r=g","caption":"Editor"},"url":"https:\/\/infopba247.com.ar\/index.php\/author\/editor\/"}]}},"_links":{"self":[{"href":"https:\/\/infopba247.com.ar\/index.php\/wp-json\/wp\/v2\/posts\/2461","targetHints":{"allow":["GET"]}}],"collection":[{"href":"https:\/\/infopba247.com.ar\/index.php\/wp-json\/wp\/v2\/posts"}],"about":[{"href":"https:\/\/infopba247.com.ar\/index.php\/wp-json\/wp\/v2\/types\/post"}],"author":[{"embeddable":true,"href":"https:\/\/infopba247.com.ar\/index.php\/wp-json\/wp\/v2\/users\/3"}],"replies":[{"embeddable":true,"href":"https:\/\/infopba247.com.ar\/index.php\/wp-json\/wp\/v2\/comments?post=2461"}],"version-history":[{"count":1,"href":"https:\/\/infopba247.com.ar\/index.php\/wp-json\/wp\/v2\/posts\/2461\/revisions"}],"predecessor-version":[{"id":2462,"href":"https:\/\/infopba247.com.ar\/index.php\/wp-json\/wp\/v2\/posts\/2461\/revisions\/2462"}],"wp:featuredmedia":[{"embeddable":true,"href":"https:\/\/infopba247.com.ar\/index.php\/wp-json\/wp\/v2\/media\/2446"}],"wp:attachment":[{"href":"https:\/\/infopba247.com.ar\/index.php\/wp-json\/wp\/v2\/media?parent=2461"}],"wp:term":[{"taxonomy":"category","embeddable":true,"href":"https:\/\/infopba247.com.ar\/index.php\/wp-json\/wp\/v2\/categories?post=2461"},{"taxonomy":"post_tag","embeddable":true,"href":"https:\/\/infopba247.com.ar\/index.php\/wp-json\/wp\/v2\/tags?post=2461"}],"curies":[{"name":"wp","href":"https:\/\/api.w.org\/{rel}","templated":true}]}}