{"id":2452,"date":"2023-10-02T08:08:00","date_gmt":"2023-10-02T11:08:00","guid":{"rendered":"https:\/\/infopba247.com.ar\/?p=2452"},"modified":"2023-10-03T08:08:20","modified_gmt":"2023-10-03T11:08:20","slug":"fernandez-junto-a-contreras-y-correa-visitaron-el-tren-museo-que-llego-a-francisco-alvarez","status":"publish","type":"post","link":"https:\/\/infopba247.com.ar\/index.php\/2023\/10\/02\/fernandez-junto-a-contreras-y-correa-visitaron-el-tren-museo-que-llego-a-francisco-alvarez\/","title":{"rendered":"Fern\u00e1ndez, junto a Contreras y Correa visitaron el Tren Museo que lleg\u00f3 a Francisco \u00c1lvarez"},"content":{"rendered":"\n<p>La intendenta de Moreno, Mariel Fern\u00e1ndez, recorri\u00f3 el Tren Museo Itinerante que estuvo en la estaci\u00f3n de Francisco \u00c1lvarez los d\u00edas viernes 29, domingo 1 y lunes 2 de octubre, de 10 a 13 horas y de 14 a 18 horas.<\/p>\n\n\n\n<p>La m\u00e1xima mandataria local estuvo acompa\u00f1ada por Dami\u00e1n Contreras, presidente de Trenes Argentinos Capital Humano; Walter Correa, ministro de Trabajo de la Provincia de Buenos Aires; Araceli Bellota, Presidenta del Honorable Concejo Deliberante, y&nbsp; Noem\u00ed Aguilera, concejala<\/p>\n\n\n\n<p>Esta iniciativa que lleva adelante Trenes Argentinos Capital Humano, junto a Radio y Televisi\u00f3n Argentina y el Gobierno de la Provincia de Buenos Aires, a trav\u00e9s del Instituto Cultural y el Ministerio de Producci\u00f3n, Ciencia e Innovaci\u00f3n Tecnol\u00f3gica; Ministerio de Ambiente y Desarrollo Sostenible y el Instituto Nacional de Cine y Artes Visuales, est\u00e1 integrado por nueve veh\u00edculos que constituyen una muestra representativa tanto de los diferentes coches de pasajeros utilizados en los principales trenes hist\u00f3ricos del pa\u00eds, como de las costumbres de pasajeros y empleados del ferrocarril.<\/p>\n\n\n\n<p>Entre los coches restaurados se destacan el coche Presidencial, utilizado por Juan Pablo II, un coche Sal\u00f3n Bar y un coche Cine, as\u00ed como tambi\u00e9n el CT 1517 MATERFER, adaptado espec\u00edficamente para exponer parte del acervo de Museo Nacional Ferroviario.<\/p>\n\n\n\n<p>Se trata de una propuesta libre y gratuita para toda la familia, que recorre la provincia con actividades art\u00edsticas, l\u00fadicas y culturales para la promoci\u00f3n cultural y tur\u00edstica.<\/p>\n","protected":false},"excerpt":{"rendered":"<p>La intendenta de Moreno, Mariel Fern\u00e1ndez, recorri\u00f3 el Tren Museo Itinerante que estuvo en la estaci\u00f3n de Francisco \u00c1lvarez los<\/p>\n","protected":false},"author":3,"featured_media":2448,"comment_status":"closed","ping_status":"closed","sticky":false,"template":"","format":"standard","meta":{"colormag_page_container_layout":"default_layout","colormag_page_sidebar_layout":"default_layout","footnotes":""},"categories":[5,1,14],"tags":[50],"class_list":["post-2452","post","type-post","status-publish","format-standard","has-post-thumbnail","hentry","category-1ra-seccion","category-destacadas","category-politica","tag-municipalidad-de-moreno"],"yoast_head":"<!-- This site is optimized with the Yoast SEO plugin v27.4 - https:\/\/yoast.com\/product\/yoast-seo-wordpress\/ -->\n<title>Fern\u00e1ndez, junto a Contreras y Correa visitaron el Tren Museo que lleg\u00f3 a Francisco \u00c1lvarez - InfoPBA247<\/title>\n<meta name=\"robots\" content=\"index, follow, max-snippet:-1, max-image-preview:large, max-video-preview:-1\" \/>\n<link rel=\"canonical\" href=\"https:\/\/infopba247.com.ar\/index.php\/2023\/10\/02\/fernandez-junto-a-contreras-y-correa-visitaron-el-tren-museo-que-llego-a-francisco-alvarez\/\" \/>\n<meta property=\"og:locale\" content=\"es_ES\" \/>\n<meta property=\"og:type\" content=\"article\" \/>\n<meta property=\"og:title\" content=\"Fern\u00e1ndez, junto a Contreras y Correa visitaron el Tren Museo que lleg\u00f3 a Francisco \u00c1lvarez - InfoPBA247\" \/>\n<meta property=\"og:description\" content=\"La intendenta de Moreno, Mariel Fern\u00e1ndez, recorri\u00f3 el Tren Museo Itinerante que estuvo en la estaci\u00f3n de Francisco \u00c1lvarez los\" \/>\n<meta property=\"og:url\" content=\"https:\/\/infopba247.com.ar\/index.php\/2023\/10\/02\/fernandez-junto-a-contreras-y-correa-visitaron-el-tren-museo-que-llego-a-francisco-alvarez\/\" \/>\n<meta property=\"og:site_name\" content=\"InfoPBA247\" \/>\n<meta property=\"article:publisher\" content=\"https:\/\/www.facebook.com\/InfoPBA\" \/>\n<meta property=\"article:published_time\" content=\"2023-10-02T11:08:00+00:00\" \/>\n<meta property=\"article:modified_time\" content=\"2023-10-03T11:08:20+00:00\" \/>\n<meta property=\"og:image\" content=\"https:\/\/infopba247.com.ar\/wp-content\/uploads\/2023\/10\/MUSEO-FERROVIARIO-047-1-scaled.jpg\" \/>\n\t<meta property=\"og:image:width\" content=\"2560\" \/>\n\t<meta property=\"og:image:height\" content=\"1708\" \/>\n\t<meta property=\"og:image:type\" content=\"image\/jpeg\" \/>\n<meta name=\"author\" content=\"Editor\" \/>\n<meta name=\"twitter:card\" content=\"summary_large_image\" \/>\n<meta name=\"twitter:label1\" content=\"Escrito por\" \/>\n\t<meta name=\"twitter:data1\" content=\"Editor\" \/>\n\t<meta name=\"twitter:label2\" content=\"Tiempo de lectura\" \/>\n\t<meta name=\"twitter:data2\" content=\"1 minuto\" \/>\n<script type=\"application\/ld+json\" class=\"yoast-schema-graph\">{\"@context\":\"https:\\\/\\\/schema.org\",\"@graph\":[{\"@type\":\"Article\",\"@id\":\"https:\\\/\\\/infopba247.com.ar\\\/index.php\\\/2023\\\/10\\\/02\\\/fernandez-junto-a-contreras-y-correa-visitaron-el-tren-museo-que-llego-a-francisco-alvarez\\\/#article\",\"isPartOf\":{\"@id\":\"https:\\\/\\\/infopba247.com.ar\\\/index.php\\\/2023\\\/10\\\/02\\\/fernandez-junto-a-contreras-y-correa-visitaron-el-tren-museo-que-llego-a-francisco-alvarez\\\/\"},\"author\":{\"name\":\"Editor\",\"@id\":\"https:\\\/\\\/infopba247.com.ar\\\/#\\\/schema\\\/person\\\/4975f1343a413e57bf839b3eed0099f2\"},\"headline\":\"Fern\u00e1ndez, junto a Contreras y Correa visitaron el Tren Museo que lleg\u00f3 a Francisco \u00c1lvarez\",\"datePublished\":\"2023-10-02T11:08:00+00:00\",\"dateModified\":\"2023-10-03T11:08:20+00:00\",\"mainEntityOfPage\":{\"@id\":\"https:\\\/\\\/infopba247.com.ar\\\/index.php\\\/2023\\\/10\\\/02\\\/fernandez-junto-a-contreras-y-correa-visitaron-el-tren-museo-que-llego-a-francisco-alvarez\\\/\"},\"wordCount\":264,\"publisher\":{\"@id\":\"https:\\\/\\\/infopba247.com.ar\\\/#organization\"},\"image\":{\"@id\":\"https:\\\/\\\/infopba247.com.ar\\\/index.php\\\/2023\\\/10\\\/02\\\/fernandez-junto-a-contreras-y-correa-visitaron-el-tren-museo-que-llego-a-francisco-alvarez\\\/#primaryimage\"},\"thumbnailUrl\":\"https:\\\/\\\/infopba247.com.ar\\\/wp-content\\\/uploads\\\/2023\\\/10\\\/MUSEO-FERROVIARIO-047-1-scaled.jpg\",\"keywords\":[\"Municipalidad de Moreno\"],\"articleSection\":[\"1ra Secci\u00f3n\",\"Destacadas\",\"Pol\u00edtica\"],\"inLanguage\":\"es\"},{\"@type\":\"WebPage\",\"@id\":\"https:\\\/\\\/infopba247.com.ar\\\/index.php\\\/2023\\\/10\\\/02\\\/fernandez-junto-a-contreras-y-correa-visitaron-el-tren-museo-que-llego-a-francisco-alvarez\\\/\",\"url\":\"https:\\\/\\\/infopba247.com.ar\\\/index.php\\\/2023\\\/10\\\/02\\\/fernandez-junto-a-contreras-y-correa-visitaron-el-tren-museo-que-llego-a-francisco-alvarez\\\/\",\"name\":\"Fern\u00e1ndez, junto a Contreras y Correa visitaron el Tren Museo que lleg\u00f3 a Francisco \u00c1lvarez - InfoPBA247\",\"isPartOf\":{\"@id\":\"https:\\\/\\\/infopba247.com.ar\\\/#website\"},\"primaryImageOfPage\":{\"@id\":\"https:\\\/\\\/infopba247.com.ar\\\/index.php\\\/2023\\\/10\\\/02\\\/fernandez-junto-a-contreras-y-correa-visitaron-el-tren-museo-que-llego-a-francisco-alvarez\\\/#primaryimage\"},\"image\":{\"@id\":\"https:\\\/\\\/infopba247.com.ar\\\/index.php\\\/2023\\\/10\\\/02\\\/fernandez-junto-a-contreras-y-correa-visitaron-el-tren-museo-que-llego-a-francisco-alvarez\\\/#primaryimage\"},\"thumbnailUrl\":\"https:\\\/\\\/infopba247.com.ar\\\/wp-content\\\/uploads\\\/2023\\\/10\\\/MUSEO-FERROVIARIO-047-1-scaled.jpg\",\"datePublished\":\"2023-10-02T11:08:00+00:00\",\"dateModified\":\"2023-10-03T11:08:20+00:00\",\"breadcrumb\":{\"@id\":\"https:\\\/\\\/infopba247.com.ar\\\/index.php\\\/2023\\\/10\\\/02\\\/fernandez-junto-a-contreras-y-correa-visitaron-el-tren-museo-que-llego-a-francisco-alvarez\\\/#breadcrumb\"},\"inLanguage\":\"es\",\"potentialAction\":[{\"@type\":\"ReadAction\",\"target\":[\"https:\\\/\\\/infopba247.com.ar\\\/index.php\\\/2023\\\/10\\\/02\\\/fernandez-junto-a-contreras-y-correa-visitaron-el-tren-museo-que-llego-a-francisco-alvarez\\\/\"]}]},{\"@type\":\"ImageObject\",\"inLanguage\":\"es\",\"@id\":\"https:\\\/\\\/infopba247.com.ar\\\/index.php\\\/2023\\\/10\\\/02\\\/fernandez-junto-a-contreras-y-correa-visitaron-el-tren-museo-que-llego-a-francisco-alvarez\\\/#primaryimage\",\"url\":\"https:\\\/\\\/infopba247.com.ar\\\/wp-content\\\/uploads\\\/2023\\\/10\\\/MUSEO-FERROVIARIO-047-1-scaled.jpg\",\"contentUrl\":\"https:\\\/\\\/infopba247.com.ar\\\/wp-content\\\/uploads\\\/2023\\\/10\\\/MUSEO-FERROVIARIO-047-1-scaled.jpg\",\"width\":2560,\"height\":1708},{\"@type\":\"BreadcrumbList\",\"@id\":\"https:\\\/\\\/infopba247.com.ar\\\/index.php\\\/2023\\\/10\\\/02\\\/fernandez-junto-a-contreras-y-correa-visitaron-el-tren-museo-que-llego-a-francisco-alvarez\\\/#breadcrumb\",\"itemListElement\":[{\"@type\":\"ListItem\",\"position\":1,\"name\":\"Portada\",\"item\":\"https:\\\/\\\/infopba247.com.ar\\\/\"},{\"@type\":\"ListItem\",\"position\":2,\"name\":\"Fern\u00e1ndez, junto a Contreras y Correa visitaron el Tren Museo que lleg\u00f3 a Francisco \u00c1lvarez\"}]},{\"@type\":\"WebSite\",\"@id\":\"https:\\\/\\\/infopba247.com.ar\\\/#website\",\"url\":\"https:\\\/\\\/infopba247.com.ar\\\/\",\"name\":\"InfoPBA247\",\"description\":\"Toda la actualidad bonaerense\",\"publisher\":{\"@id\":\"https:\\\/\\\/infopba247.com.ar\\\/#organization\"},\"potentialAction\":[{\"@type\":\"SearchAction\",\"target\":{\"@type\":\"EntryPoint\",\"urlTemplate\":\"https:\\\/\\\/infopba247.com.ar\\\/?s={search_term_string}\"},\"query-input\":{\"@type\":\"PropertyValueSpecification\",\"valueRequired\":true,\"valueName\":\"search_term_string\"}}],\"inLanguage\":\"es\"},{\"@type\":\"Organization\",\"@id\":\"https:\\\/\\\/infopba247.com.ar\\\/#organization\",\"name\":\"InfoPBA247\",\"url\":\"https:\\\/\\\/infopba247.com.ar\\\/\",\"logo\":{\"@type\":\"ImageObject\",\"inLanguage\":\"es\",\"@id\":\"https:\\\/\\\/infopba247.com.ar\\\/#\\\/schema\\\/logo\\\/image\\\/\",\"url\":\"https:\\\/\\\/infopba247.com.ar\\\/wp-content\\\/uploads\\\/2022\\\/03\\\/cropped-InfoPBA247-1.png\",\"contentUrl\":\"https:\\\/\\\/infopba247.com.ar\\\/wp-content\\\/uploads\\\/2022\\\/03\\\/cropped-InfoPBA247-1.png\",\"width\":500,\"height\":122,\"caption\":\"InfoPBA247\"},\"image\":{\"@id\":\"https:\\\/\\\/infopba247.com.ar\\\/#\\\/schema\\\/logo\\\/image\\\/\"},\"sameAs\":[\"https:\\\/\\\/www.facebook.com\\\/InfoPBA\"]},{\"@type\":\"Person\",\"@id\":\"https:\\\/\\\/infopba247.com.ar\\\/#\\\/schema\\\/person\\\/4975f1343a413e57bf839b3eed0099f2\",\"name\":\"Editor\",\"image\":{\"@type\":\"ImageObject\",\"inLanguage\":\"es\",\"@id\":\"https:\\\/\\\/secure.gravatar.com\\\/avatar\\\/d27fe9520667ca53441d36627a1d6b0fa4a813571ec4803687a7a3a7744685ac?s=96&d=mm&r=g\",\"url\":\"https:\\\/\\\/secure.gravatar.com\\\/avatar\\\/d27fe9520667ca53441d36627a1d6b0fa4a813571ec4803687a7a3a7744685ac?s=96&d=mm&r=g\",\"contentUrl\":\"https:\\\/\\\/secure.gravatar.com\\\/avatar\\\/d27fe9520667ca53441d36627a1d6b0fa4a813571ec4803687a7a3a7744685ac?s=96&d=mm&r=g\",\"caption\":\"Editor\"},\"url\":\"https:\\\/\\\/infopba247.com.ar\\\/index.php\\\/author\\\/editor\\\/\"}]}<\/script>\n<!-- \/ Yoast SEO plugin. -->","yoast_head_json":{"title":"Fern\u00e1ndez, junto a Contreras y Correa visitaron el Tren Museo que lleg\u00f3 a Francisco \u00c1lvarez - InfoPBA247","robots":{"index":"index","follow":"follow","max-snippet":"max-snippet:-1","max-image-preview":"max-image-preview:large","max-video-preview":"max-video-preview:-1"},"canonical":"https:\/\/infopba247.com.ar\/index.php\/2023\/10\/02\/fernandez-junto-a-contreras-y-correa-visitaron-el-tren-museo-que-llego-a-francisco-alvarez\/","og_locale":"es_ES","og_type":"article","og_title":"Fern\u00e1ndez, junto a Contreras y Correa visitaron el Tren Museo que lleg\u00f3 a Francisco \u00c1lvarez - InfoPBA247","og_description":"La intendenta de Moreno, Mariel Fern\u00e1ndez, recorri\u00f3 el Tren Museo Itinerante que estuvo en la estaci\u00f3n de Francisco \u00c1lvarez los","og_url":"https:\/\/infopba247.com.ar\/index.php\/2023\/10\/02\/fernandez-junto-a-contreras-y-correa-visitaron-el-tren-museo-que-llego-a-francisco-alvarez\/","og_site_name":"InfoPBA247","article_publisher":"https:\/\/www.facebook.com\/InfoPBA","article_published_time":"2023-10-02T11:08:00+00:00","article_modified_time":"2023-10-03T11:08:20+00:00","og_image":[{"width":2560,"height":1708,"url":"https:\/\/infopba247.com.ar\/wp-content\/uploads\/2023\/10\/MUSEO-FERROVIARIO-047-1-scaled.jpg","type":"image\/jpeg"}],"author":"Editor","twitter_card":"summary_large_image","twitter_misc":{"Escrito por":"Editor","Tiempo de lectura":"1 minuto"},"schema":{"@context":"https:\/\/schema.org","@graph":[{"@type":"Article","@id":"https:\/\/infopba247.com.ar\/index.php\/2023\/10\/02\/fernandez-junto-a-contreras-y-correa-visitaron-el-tren-museo-que-llego-a-francisco-alvarez\/#article","isPartOf":{"@id":"https:\/\/infopba247.com.ar\/index.php\/2023\/10\/02\/fernandez-junto-a-contreras-y-correa-visitaron-el-tren-museo-que-llego-a-francisco-alvarez\/"},"author":{"name":"Editor","@id":"https:\/\/infopba247.com.ar\/#\/schema\/person\/4975f1343a413e57bf839b3eed0099f2"},"headline":"Fern\u00e1ndez, junto a Contreras y Correa visitaron el Tren Museo que lleg\u00f3 a Francisco \u00c1lvarez","datePublished":"2023-10-02T11:08:00+00:00","dateModified":"2023-10-03T11:08:20+00:00","mainEntityOfPage":{"@id":"https:\/\/infopba247.com.ar\/index.php\/2023\/10\/02\/fernandez-junto-a-contreras-y-correa-visitaron-el-tren-museo-que-llego-a-francisco-alvarez\/"},"wordCount":264,"publisher":{"@id":"https:\/\/infopba247.com.ar\/#organization"},"image":{"@id":"https:\/\/infopba247.com.ar\/index.php\/2023\/10\/02\/fernandez-junto-a-contreras-y-correa-visitaron-el-tren-museo-que-llego-a-francisco-alvarez\/#primaryimage"},"thumbnailUrl":"https:\/\/infopba247.com.ar\/wp-content\/uploads\/2023\/10\/MUSEO-FERROVIARIO-047-1-scaled.jpg","keywords":["Municipalidad de Moreno"],"articleSection":["1ra Secci\u00f3n","Destacadas","Pol\u00edtica"],"inLanguage":"es"},{"@type":"WebPage","@id":"https:\/\/infopba247.com.ar\/index.php\/2023\/10\/02\/fernandez-junto-a-contreras-y-correa-visitaron-el-tren-museo-que-llego-a-francisco-alvarez\/","url":"https:\/\/infopba247.com.ar\/index.php\/2023\/10\/02\/fernandez-junto-a-contreras-y-correa-visitaron-el-tren-museo-que-llego-a-francisco-alvarez\/","name":"Fern\u00e1ndez, junto a Contreras y Correa visitaron el Tren Museo que lleg\u00f3 a Francisco \u00c1lvarez - InfoPBA247","isPartOf":{"@id":"https:\/\/infopba247.com.ar\/#website"},"primaryImageOfPage":{"@id":"https:\/\/infopba247.com.ar\/index.php\/2023\/10\/02\/fernandez-junto-a-contreras-y-correa-visitaron-el-tren-museo-que-llego-a-francisco-alvarez\/#primaryimage"},"image":{"@id":"https:\/\/infopba247.com.ar\/index.php\/2023\/10\/02\/fernandez-junto-a-contreras-y-correa-visitaron-el-tren-museo-que-llego-a-francisco-alvarez\/#primaryimage"},"thumbnailUrl":"https:\/\/infopba247.com.ar\/wp-content\/uploads\/2023\/10\/MUSEO-FERROVIARIO-047-1-scaled.jpg","datePublished":"2023-10-02T11:08:00+00:00","dateModified":"2023-10-03T11:08:20+00:00","breadcrumb":{"@id":"https:\/\/infopba247.com.ar\/index.php\/2023\/10\/02\/fernandez-junto-a-contreras-y-correa-visitaron-el-tren-museo-que-llego-a-francisco-alvarez\/#breadcrumb"},"inLanguage":"es","potentialAction":[{"@type":"ReadAction","target":["https:\/\/infopba247.com.ar\/index.php\/2023\/10\/02\/fernandez-junto-a-contreras-y-correa-visitaron-el-tren-museo-que-llego-a-francisco-alvarez\/"]}]},{"@type":"ImageObject","inLanguage":"es","@id":"https:\/\/infopba247.com.ar\/index.php\/2023\/10\/02\/fernandez-junto-a-contreras-y-correa-visitaron-el-tren-museo-que-llego-a-francisco-alvarez\/#primaryimage","url":"https:\/\/infopba247.com.ar\/wp-content\/uploads\/2023\/10\/MUSEO-FERROVIARIO-047-1-scaled.jpg","contentUrl":"https:\/\/infopba247.com.ar\/wp-content\/uploads\/2023\/10\/MUSEO-FERROVIARIO-047-1-scaled.jpg","width":2560,"height":1708},{"@type":"BreadcrumbList","@id":"https:\/\/infopba247.com.ar\/index.php\/2023\/10\/02\/fernandez-junto-a-contreras-y-correa-visitaron-el-tren-museo-que-llego-a-francisco-alvarez\/#breadcrumb","itemListElement":[{"@type":"ListItem","position":1,"name":"Portada","item":"https:\/\/infopba247.com.ar\/"},{"@type":"ListItem","position":2,"name":"Fern\u00e1ndez, junto a Contreras y Correa visitaron el Tren Museo que lleg\u00f3 a Francisco \u00c1lvarez"}]},{"@type":"WebSite","@id":"https:\/\/infopba247.com.ar\/#website","url":"https:\/\/infopba247.com.ar\/","name":"InfoPBA247","description":"Toda la actualidad bonaerense","publisher":{"@id":"https:\/\/infopba247.com.ar\/#organization"},"potentialAction":[{"@type":"SearchAction","target":{"@type":"EntryPoint","urlTemplate":"https:\/\/infopba247.com.ar\/?s={search_term_string}"},"query-input":{"@type":"PropertyValueSpecification","valueRequired":true,"valueName":"search_term_string"}}],"inLanguage":"es"},{"@type":"Organization","@id":"https:\/\/infopba247.com.ar\/#organization","name":"InfoPBA247","url":"https:\/\/infopba247.com.ar\/","logo":{"@type":"ImageObject","inLanguage":"es","@id":"https:\/\/infopba247.com.ar\/#\/schema\/logo\/image\/","url":"https:\/\/infopba247.com.ar\/wp-content\/uploads\/2022\/03\/cropped-InfoPBA247-1.png","contentUrl":"https:\/\/infopba247.com.ar\/wp-content\/uploads\/2022\/03\/cropped-InfoPBA247-1.png","width":500,"height":122,"caption":"InfoPBA247"},"image":{"@id":"https:\/\/infopba247.com.ar\/#\/schema\/logo\/image\/"},"sameAs":["https:\/\/www.facebook.com\/InfoPBA"]},{"@type":"Person","@id":"https:\/\/infopba247.com.ar\/#\/schema\/person\/4975f1343a413e57bf839b3eed0099f2","name":"Editor","image":{"@type":"ImageObject","inLanguage":"es","@id":"https:\/\/secure.gravatar.com\/avatar\/d27fe9520667ca53441d36627a1d6b0fa4a813571ec4803687a7a3a7744685ac?s=96&d=mm&r=g","url":"https:\/\/secure.gravatar.com\/avatar\/d27fe9520667ca53441d36627a1d6b0fa4a813571ec4803687a7a3a7744685ac?s=96&d=mm&r=g","contentUrl":"https:\/\/secure.gravatar.com\/avatar\/d27fe9520667ca53441d36627a1d6b0fa4a813571ec4803687a7a3a7744685ac?s=96&d=mm&r=g","caption":"Editor"},"url":"https:\/\/infopba247.com.ar\/index.php\/author\/editor\/"}]}},"_links":{"self":[{"href":"https:\/\/infopba247.com.ar\/index.php\/wp-json\/wp\/v2\/posts\/2452","targetHints":{"allow":["GET"]}}],"collection":[{"href":"https:\/\/infopba247.com.ar\/index.php\/wp-json\/wp\/v2\/posts"}],"about":[{"href":"https:\/\/infopba247.com.ar\/index.php\/wp-json\/wp\/v2\/types\/post"}],"author":[{"embeddable":true,"href":"https:\/\/infopba247.com.ar\/index.php\/wp-json\/wp\/v2\/users\/3"}],"replies":[{"embeddable":true,"href":"https:\/\/infopba247.com.ar\/index.php\/wp-json\/wp\/v2\/comments?post=2452"}],"version-history":[{"count":1,"href":"https:\/\/infopba247.com.ar\/index.php\/wp-json\/wp\/v2\/posts\/2452\/revisions"}],"predecessor-version":[{"id":2453,"href":"https:\/\/infopba247.com.ar\/index.php\/wp-json\/wp\/v2\/posts\/2452\/revisions\/2453"}],"wp:featuredmedia":[{"embeddable":true,"href":"https:\/\/infopba247.com.ar\/index.php\/wp-json\/wp\/v2\/media\/2448"}],"wp:attachment":[{"href":"https:\/\/infopba247.com.ar\/index.php\/wp-json\/wp\/v2\/media?parent=2452"}],"wp:term":[{"taxonomy":"category","embeddable":true,"href":"https:\/\/infopba247.com.ar\/index.php\/wp-json\/wp\/v2\/categories?post=2452"},{"taxonomy":"post_tag","embeddable":true,"href":"https:\/\/infopba247.com.ar\/index.php\/wp-json\/wp\/v2\/tags?post=2452"}],"curies":[{"name":"wp","href":"https:\/\/api.w.org\/{rel}","templated":true}]}}