{"id":2441,"date":"2023-09-29T11:10:00","date_gmt":"2023-09-29T14:10:00","guid":{"rendered":"https:\/\/infopba247.com.ar\/?p=2441"},"modified":"2023-10-02T11:10:59","modified_gmt":"2023-10-02T14:10:59","slug":"se-presento-oficialmente-la-11-edicion-del-enduro-monte-hermoso","status":"publish","type":"post","link":"https:\/\/infopba247.com.ar\/index.php\/2023\/09\/29\/se-presento-oficialmente-la-11-edicion-del-enduro-monte-hermoso\/","title":{"rendered":"Se present\u00f3 oficialmente la 11\u00b0 edici\u00f3n del Enduro Monte Hermoso"},"content":{"rendered":"\n<p>En el marco de la Fiesta Nacional de la Primavera tambi\u00e9n se lanz\u00f3, como todos los a\u00f1os, el 11\u00b0 Enduro de Monte Hermoso en una conferencia de prensa realizada en el Centro de Convenciones donde se brindaron detalles de este evento que se podr\u00e1 disfrutar del 13 al 15 de octubre, de manera libre y gratuita.<\/p>\n\n\n\n<p>La conferencia cont\u00f3 con la participaci\u00f3n de los secretarios de Turismo, Cultura y Deporte, Franco Gentili y de Gobierno, Hern\u00e1n Arranz; del organizador e integrante de la Asociaci\u00f3n Enduro del Sur, Martin Dermit y pilotos participantes entre los que se destac\u00f3 la presencia de los montehermose\u00f1os Emiliano Fern\u00e1ndez y Jano Bracklo.<\/p>\n\n\n\n<p>La apertura estuvo a cargo de Dermit quien manifest\u00f3 estar \u201ccontento porque a pesar del duro a\u00f1o que atravesamos estamos teniendo una gran convocatoria\u201d y destac\u00f3 \u201cel esfuerzo del municipio ya que sin su aporte ser\u00eda imposible\u201d.<\/p>\n\n\n\n<p>Adem\u00e1s mencion\u00f3 que \u201ca pesar de haber cambiado en esta edici\u00f3n el circuito, ubicado en el mismo sector de las \u00faltimas ediciones y denominado la Olla, los competidores se lo han tomado de forma positiva; tambi\u00e9n cambiamos el reabastecimiento que va a resultar m\u00e1s c\u00f3modo para todos\u201d asegur\u00f3.<\/p>\n\n\n\n<p>Por su parte, Franco Gentili remarc\u00f3 \u201csiempre es una alegr\u00eda poder presentar una edici\u00f3n del Enduro; sin dudas desde lo tur\u00edstico, uno de los eventos m\u00e1s importantes que tenemos\u201d.<\/p>\n\n\n\n<p>\u201cSon tres d\u00edas de p\u00fablico tur\u00edstico y competidores que vienen a disfrutar de la competencia y la ciudad\u201d.<\/p>\n\n\n\n<p>\u201cSer\u00e1 un fin de semana XXL que nos viene bien para cortar la estacionalidad, diversificar la oferta y aumentar la demanda de turismo durante el a\u00f1o y este es uno de los pilares de nuestra pol\u00edtica tur\u00edstica que desarrollamos ac\u00e1 en Monte\u201d.<\/p>\n\n\n\n<p>Arranz subray\u00f3 que desde lo pol\u00edtico \u201csomos un Estado que financia todo con el acompa\u00f1amiento de ADEPROTUR lo que nos permite que hoy tengamos este abultado calendario a lo largo de todo el a\u00f1o\u201d.<\/p>\n","protected":false},"excerpt":{"rendered":"<p>En el marco de la Fiesta Nacional de la Primavera tambi\u00e9n se lanz\u00f3, como todos los a\u00f1os, el 11\u00b0 Enduro<\/p>\n","protected":false},"author":3,"featured_media":2442,"comment_status":"closed","ping_status":"closed","sticky":false,"template":"","format":"standard","meta":{"colormag_page_container_layout":"default_layout","colormag_page_sidebar_layout":"default_layout","footnotes":""},"categories":[15],"tags":[44],"class_list":["post-2441","post","type-post","status-publish","format-standard","has-post-thumbnail","hentry","category-turismo-y-cultura","tag-municipalidad-de-monte-hermoso"],"yoast_head":"<!-- This site is optimized with the Yoast SEO plugin v27.4 - https:\/\/yoast.com\/product\/yoast-seo-wordpress\/ -->\n<title>Se present\u00f3 oficialmente la 11\u00b0 edici\u00f3n del Enduro Monte Hermoso - InfoPBA247<\/title>\n<meta name=\"robots\" content=\"index, follow, max-snippet:-1, max-image-preview:large, max-video-preview:-1\" \/>\n<link rel=\"canonical\" href=\"https:\/\/infopba247.com.ar\/index.php\/2023\/09\/29\/se-presento-oficialmente-la-11-edicion-del-enduro-monte-hermoso\/\" \/>\n<meta property=\"og:locale\" content=\"es_ES\" \/>\n<meta property=\"og:type\" content=\"article\" \/>\n<meta property=\"og:title\" content=\"Se present\u00f3 oficialmente la 11\u00b0 edici\u00f3n del Enduro Monte Hermoso - InfoPBA247\" \/>\n<meta property=\"og:description\" content=\"En el marco de la Fiesta Nacional de la Primavera tambi\u00e9n se lanz\u00f3, como todos los a\u00f1os, el 11\u00b0 Enduro\" \/>\n<meta property=\"og:url\" content=\"https:\/\/infopba247.com.ar\/index.php\/2023\/09\/29\/se-presento-oficialmente-la-11-edicion-del-enduro-monte-hermoso\/\" \/>\n<meta property=\"og:site_name\" content=\"InfoPBA247\" \/>\n<meta property=\"article:publisher\" content=\"https:\/\/www.facebook.com\/InfoPBA\" \/>\n<meta property=\"article:published_time\" content=\"2023-09-29T14:10:00+00:00\" \/>\n<meta property=\"article:modified_time\" content=\"2023-10-02T14:10:59+00:00\" \/>\n<meta property=\"og:image\" content=\"https:\/\/infopba247.com.ar\/wp-content\/uploads\/2023\/10\/WhatsApp-Image-2023-09-27-at-12.51.26-2-1024x682-1.jpeg\" \/>\n\t<meta property=\"og:image:width\" content=\"1024\" \/>\n\t<meta property=\"og:image:height\" content=\"682\" \/>\n\t<meta property=\"og:image:type\" content=\"image\/jpeg\" \/>\n<meta name=\"author\" content=\"Editor\" \/>\n<meta name=\"twitter:card\" content=\"summary_large_image\" \/>\n<meta name=\"twitter:label1\" content=\"Escrito por\" \/>\n\t<meta name=\"twitter:data1\" content=\"Editor\" \/>\n\t<meta name=\"twitter:label2\" content=\"Tiempo de lectura\" \/>\n\t<meta name=\"twitter:data2\" content=\"2 minutos\" \/>\n<script type=\"application\/ld+json\" class=\"yoast-schema-graph\">{\"@context\":\"https:\\\/\\\/schema.org\",\"@graph\":[{\"@type\":\"Article\",\"@id\":\"https:\\\/\\\/infopba247.com.ar\\\/index.php\\\/2023\\\/09\\\/29\\\/se-presento-oficialmente-la-11-edicion-del-enduro-monte-hermoso\\\/#article\",\"isPartOf\":{\"@id\":\"https:\\\/\\\/infopba247.com.ar\\\/index.php\\\/2023\\\/09\\\/29\\\/se-presento-oficialmente-la-11-edicion-del-enduro-monte-hermoso\\\/\"},\"author\":{\"name\":\"Editor\",\"@id\":\"https:\\\/\\\/infopba247.com.ar\\\/#\\\/schema\\\/person\\\/4975f1343a413e57bf839b3eed0099f2\"},\"headline\":\"Se present\u00f3 oficialmente la 11\u00b0 edici\u00f3n del Enduro Monte Hermoso\",\"datePublished\":\"2023-09-29T14:10:00+00:00\",\"dateModified\":\"2023-10-02T14:10:59+00:00\",\"mainEntityOfPage\":{\"@id\":\"https:\\\/\\\/infopba247.com.ar\\\/index.php\\\/2023\\\/09\\\/29\\\/se-presento-oficialmente-la-11-edicion-del-enduro-monte-hermoso\\\/\"},\"wordCount\":349,\"publisher\":{\"@id\":\"https:\\\/\\\/infopba247.com.ar\\\/#organization\"},\"image\":{\"@id\":\"https:\\\/\\\/infopba247.com.ar\\\/index.php\\\/2023\\\/09\\\/29\\\/se-presento-oficialmente-la-11-edicion-del-enduro-monte-hermoso\\\/#primaryimage\"},\"thumbnailUrl\":\"https:\\\/\\\/infopba247.com.ar\\\/wp-content\\\/uploads\\\/2023\\\/10\\\/WhatsApp-Image-2023-09-27-at-12.51.26-2-1024x682-1.jpeg\",\"keywords\":[\"Municipalidad de Monte Hermoso\"],\"articleSection\":[\"Turismo y Cultura\"],\"inLanguage\":\"es\"},{\"@type\":\"WebPage\",\"@id\":\"https:\\\/\\\/infopba247.com.ar\\\/index.php\\\/2023\\\/09\\\/29\\\/se-presento-oficialmente-la-11-edicion-del-enduro-monte-hermoso\\\/\",\"url\":\"https:\\\/\\\/infopba247.com.ar\\\/index.php\\\/2023\\\/09\\\/29\\\/se-presento-oficialmente-la-11-edicion-del-enduro-monte-hermoso\\\/\",\"name\":\"Se present\u00f3 oficialmente la 11\u00b0 edici\u00f3n del Enduro Monte Hermoso - InfoPBA247\",\"isPartOf\":{\"@id\":\"https:\\\/\\\/infopba247.com.ar\\\/#website\"},\"primaryImageOfPage\":{\"@id\":\"https:\\\/\\\/infopba247.com.ar\\\/index.php\\\/2023\\\/09\\\/29\\\/se-presento-oficialmente-la-11-edicion-del-enduro-monte-hermoso\\\/#primaryimage\"},\"image\":{\"@id\":\"https:\\\/\\\/infopba247.com.ar\\\/index.php\\\/2023\\\/09\\\/29\\\/se-presento-oficialmente-la-11-edicion-del-enduro-monte-hermoso\\\/#primaryimage\"},\"thumbnailUrl\":\"https:\\\/\\\/infopba247.com.ar\\\/wp-content\\\/uploads\\\/2023\\\/10\\\/WhatsApp-Image-2023-09-27-at-12.51.26-2-1024x682-1.jpeg\",\"datePublished\":\"2023-09-29T14:10:00+00:00\",\"dateModified\":\"2023-10-02T14:10:59+00:00\",\"breadcrumb\":{\"@id\":\"https:\\\/\\\/infopba247.com.ar\\\/index.php\\\/2023\\\/09\\\/29\\\/se-presento-oficialmente-la-11-edicion-del-enduro-monte-hermoso\\\/#breadcrumb\"},\"inLanguage\":\"es\",\"potentialAction\":[{\"@type\":\"ReadAction\",\"target\":[\"https:\\\/\\\/infopba247.com.ar\\\/index.php\\\/2023\\\/09\\\/29\\\/se-presento-oficialmente-la-11-edicion-del-enduro-monte-hermoso\\\/\"]}]},{\"@type\":\"ImageObject\",\"inLanguage\":\"es\",\"@id\":\"https:\\\/\\\/infopba247.com.ar\\\/index.php\\\/2023\\\/09\\\/29\\\/se-presento-oficialmente-la-11-edicion-del-enduro-monte-hermoso\\\/#primaryimage\",\"url\":\"https:\\\/\\\/infopba247.com.ar\\\/wp-content\\\/uploads\\\/2023\\\/10\\\/WhatsApp-Image-2023-09-27-at-12.51.26-2-1024x682-1.jpeg\",\"contentUrl\":\"https:\\\/\\\/infopba247.com.ar\\\/wp-content\\\/uploads\\\/2023\\\/10\\\/WhatsApp-Image-2023-09-27-at-12.51.26-2-1024x682-1.jpeg\",\"width\":1024,\"height\":682},{\"@type\":\"BreadcrumbList\",\"@id\":\"https:\\\/\\\/infopba247.com.ar\\\/index.php\\\/2023\\\/09\\\/29\\\/se-presento-oficialmente-la-11-edicion-del-enduro-monte-hermoso\\\/#breadcrumb\",\"itemListElement\":[{\"@type\":\"ListItem\",\"position\":1,\"name\":\"Portada\",\"item\":\"https:\\\/\\\/infopba247.com.ar\\\/\"},{\"@type\":\"ListItem\",\"position\":2,\"name\":\"Se present\u00f3 oficialmente la 11\u00b0 edici\u00f3n del Enduro Monte Hermoso\"}]},{\"@type\":\"WebSite\",\"@id\":\"https:\\\/\\\/infopba247.com.ar\\\/#website\",\"url\":\"https:\\\/\\\/infopba247.com.ar\\\/\",\"name\":\"InfoPBA247\",\"description\":\"Toda la actualidad bonaerense\",\"publisher\":{\"@id\":\"https:\\\/\\\/infopba247.com.ar\\\/#organization\"},\"potentialAction\":[{\"@type\":\"SearchAction\",\"target\":{\"@type\":\"EntryPoint\",\"urlTemplate\":\"https:\\\/\\\/infopba247.com.ar\\\/?s={search_term_string}\"},\"query-input\":{\"@type\":\"PropertyValueSpecification\",\"valueRequired\":true,\"valueName\":\"search_term_string\"}}],\"inLanguage\":\"es\"},{\"@type\":\"Organization\",\"@id\":\"https:\\\/\\\/infopba247.com.ar\\\/#organization\",\"name\":\"InfoPBA247\",\"url\":\"https:\\\/\\\/infopba247.com.ar\\\/\",\"logo\":{\"@type\":\"ImageObject\",\"inLanguage\":\"es\",\"@id\":\"https:\\\/\\\/infopba247.com.ar\\\/#\\\/schema\\\/logo\\\/image\\\/\",\"url\":\"https:\\\/\\\/infopba247.com.ar\\\/wp-content\\\/uploads\\\/2022\\\/03\\\/cropped-InfoPBA247-1.png\",\"contentUrl\":\"https:\\\/\\\/infopba247.com.ar\\\/wp-content\\\/uploads\\\/2022\\\/03\\\/cropped-InfoPBA247-1.png\",\"width\":500,\"height\":122,\"caption\":\"InfoPBA247\"},\"image\":{\"@id\":\"https:\\\/\\\/infopba247.com.ar\\\/#\\\/schema\\\/logo\\\/image\\\/\"},\"sameAs\":[\"https:\\\/\\\/www.facebook.com\\\/InfoPBA\"]},{\"@type\":\"Person\",\"@id\":\"https:\\\/\\\/infopba247.com.ar\\\/#\\\/schema\\\/person\\\/4975f1343a413e57bf839b3eed0099f2\",\"name\":\"Editor\",\"image\":{\"@type\":\"ImageObject\",\"inLanguage\":\"es\",\"@id\":\"https:\\\/\\\/secure.gravatar.com\\\/avatar\\\/d27fe9520667ca53441d36627a1d6b0fa4a813571ec4803687a7a3a7744685ac?s=96&d=mm&r=g\",\"url\":\"https:\\\/\\\/secure.gravatar.com\\\/avatar\\\/d27fe9520667ca53441d36627a1d6b0fa4a813571ec4803687a7a3a7744685ac?s=96&d=mm&r=g\",\"contentUrl\":\"https:\\\/\\\/secure.gravatar.com\\\/avatar\\\/d27fe9520667ca53441d36627a1d6b0fa4a813571ec4803687a7a3a7744685ac?s=96&d=mm&r=g\",\"caption\":\"Editor\"},\"url\":\"https:\\\/\\\/infopba247.com.ar\\\/index.php\\\/author\\\/editor\\\/\"}]}<\/script>\n<!-- \/ Yoast SEO plugin. -->","yoast_head_json":{"title":"Se present\u00f3 oficialmente la 11\u00b0 edici\u00f3n del Enduro Monte Hermoso - InfoPBA247","robots":{"index":"index","follow":"follow","max-snippet":"max-snippet:-1","max-image-preview":"max-image-preview:large","max-video-preview":"max-video-preview:-1"},"canonical":"https:\/\/infopba247.com.ar\/index.php\/2023\/09\/29\/se-presento-oficialmente-la-11-edicion-del-enduro-monte-hermoso\/","og_locale":"es_ES","og_type":"article","og_title":"Se present\u00f3 oficialmente la 11\u00b0 edici\u00f3n del Enduro Monte Hermoso - InfoPBA247","og_description":"En el marco de la Fiesta Nacional de la Primavera tambi\u00e9n se lanz\u00f3, como todos los a\u00f1os, el 11\u00b0 Enduro","og_url":"https:\/\/infopba247.com.ar\/index.php\/2023\/09\/29\/se-presento-oficialmente-la-11-edicion-del-enduro-monte-hermoso\/","og_site_name":"InfoPBA247","article_publisher":"https:\/\/www.facebook.com\/InfoPBA","article_published_time":"2023-09-29T14:10:00+00:00","article_modified_time":"2023-10-02T14:10:59+00:00","og_image":[{"width":1024,"height":682,"url":"https:\/\/infopba247.com.ar\/wp-content\/uploads\/2023\/10\/WhatsApp-Image-2023-09-27-at-12.51.26-2-1024x682-1.jpeg","type":"image\/jpeg"}],"author":"Editor","twitter_card":"summary_large_image","twitter_misc":{"Escrito por":"Editor","Tiempo de lectura":"2 minutos"},"schema":{"@context":"https:\/\/schema.org","@graph":[{"@type":"Article","@id":"https:\/\/infopba247.com.ar\/index.php\/2023\/09\/29\/se-presento-oficialmente-la-11-edicion-del-enduro-monte-hermoso\/#article","isPartOf":{"@id":"https:\/\/infopba247.com.ar\/index.php\/2023\/09\/29\/se-presento-oficialmente-la-11-edicion-del-enduro-monte-hermoso\/"},"author":{"name":"Editor","@id":"https:\/\/infopba247.com.ar\/#\/schema\/person\/4975f1343a413e57bf839b3eed0099f2"},"headline":"Se present\u00f3 oficialmente la 11\u00b0 edici\u00f3n del Enduro Monte Hermoso","datePublished":"2023-09-29T14:10:00+00:00","dateModified":"2023-10-02T14:10:59+00:00","mainEntityOfPage":{"@id":"https:\/\/infopba247.com.ar\/index.php\/2023\/09\/29\/se-presento-oficialmente-la-11-edicion-del-enduro-monte-hermoso\/"},"wordCount":349,"publisher":{"@id":"https:\/\/infopba247.com.ar\/#organization"},"image":{"@id":"https:\/\/infopba247.com.ar\/index.php\/2023\/09\/29\/se-presento-oficialmente-la-11-edicion-del-enduro-monte-hermoso\/#primaryimage"},"thumbnailUrl":"https:\/\/infopba247.com.ar\/wp-content\/uploads\/2023\/10\/WhatsApp-Image-2023-09-27-at-12.51.26-2-1024x682-1.jpeg","keywords":["Municipalidad de Monte Hermoso"],"articleSection":["Turismo y Cultura"],"inLanguage":"es"},{"@type":"WebPage","@id":"https:\/\/infopba247.com.ar\/index.php\/2023\/09\/29\/se-presento-oficialmente-la-11-edicion-del-enduro-monte-hermoso\/","url":"https:\/\/infopba247.com.ar\/index.php\/2023\/09\/29\/se-presento-oficialmente-la-11-edicion-del-enduro-monte-hermoso\/","name":"Se present\u00f3 oficialmente la 11\u00b0 edici\u00f3n del Enduro Monte Hermoso - InfoPBA247","isPartOf":{"@id":"https:\/\/infopba247.com.ar\/#website"},"primaryImageOfPage":{"@id":"https:\/\/infopba247.com.ar\/index.php\/2023\/09\/29\/se-presento-oficialmente-la-11-edicion-del-enduro-monte-hermoso\/#primaryimage"},"image":{"@id":"https:\/\/infopba247.com.ar\/index.php\/2023\/09\/29\/se-presento-oficialmente-la-11-edicion-del-enduro-monte-hermoso\/#primaryimage"},"thumbnailUrl":"https:\/\/infopba247.com.ar\/wp-content\/uploads\/2023\/10\/WhatsApp-Image-2023-09-27-at-12.51.26-2-1024x682-1.jpeg","datePublished":"2023-09-29T14:10:00+00:00","dateModified":"2023-10-02T14:10:59+00:00","breadcrumb":{"@id":"https:\/\/infopba247.com.ar\/index.php\/2023\/09\/29\/se-presento-oficialmente-la-11-edicion-del-enduro-monte-hermoso\/#breadcrumb"},"inLanguage":"es","potentialAction":[{"@type":"ReadAction","target":["https:\/\/infopba247.com.ar\/index.php\/2023\/09\/29\/se-presento-oficialmente-la-11-edicion-del-enduro-monte-hermoso\/"]}]},{"@type":"ImageObject","inLanguage":"es","@id":"https:\/\/infopba247.com.ar\/index.php\/2023\/09\/29\/se-presento-oficialmente-la-11-edicion-del-enduro-monte-hermoso\/#primaryimage","url":"https:\/\/infopba247.com.ar\/wp-content\/uploads\/2023\/10\/WhatsApp-Image-2023-09-27-at-12.51.26-2-1024x682-1.jpeg","contentUrl":"https:\/\/infopba247.com.ar\/wp-content\/uploads\/2023\/10\/WhatsApp-Image-2023-09-27-at-12.51.26-2-1024x682-1.jpeg","width":1024,"height":682},{"@type":"BreadcrumbList","@id":"https:\/\/infopba247.com.ar\/index.php\/2023\/09\/29\/se-presento-oficialmente-la-11-edicion-del-enduro-monte-hermoso\/#breadcrumb","itemListElement":[{"@type":"ListItem","position":1,"name":"Portada","item":"https:\/\/infopba247.com.ar\/"},{"@type":"ListItem","position":2,"name":"Se present\u00f3 oficialmente la 11\u00b0 edici\u00f3n del Enduro Monte Hermoso"}]},{"@type":"WebSite","@id":"https:\/\/infopba247.com.ar\/#website","url":"https:\/\/infopba247.com.ar\/","name":"InfoPBA247","description":"Toda la actualidad bonaerense","publisher":{"@id":"https:\/\/infopba247.com.ar\/#organization"},"potentialAction":[{"@type":"SearchAction","target":{"@type":"EntryPoint","urlTemplate":"https:\/\/infopba247.com.ar\/?s={search_term_string}"},"query-input":{"@type":"PropertyValueSpecification","valueRequired":true,"valueName":"search_term_string"}}],"inLanguage":"es"},{"@type":"Organization","@id":"https:\/\/infopba247.com.ar\/#organization","name":"InfoPBA247","url":"https:\/\/infopba247.com.ar\/","logo":{"@type":"ImageObject","inLanguage":"es","@id":"https:\/\/infopba247.com.ar\/#\/schema\/logo\/image\/","url":"https:\/\/infopba247.com.ar\/wp-content\/uploads\/2022\/03\/cropped-InfoPBA247-1.png","contentUrl":"https:\/\/infopba247.com.ar\/wp-content\/uploads\/2022\/03\/cropped-InfoPBA247-1.png","width":500,"height":122,"caption":"InfoPBA247"},"image":{"@id":"https:\/\/infopba247.com.ar\/#\/schema\/logo\/image\/"},"sameAs":["https:\/\/www.facebook.com\/InfoPBA"]},{"@type":"Person","@id":"https:\/\/infopba247.com.ar\/#\/schema\/person\/4975f1343a413e57bf839b3eed0099f2","name":"Editor","image":{"@type":"ImageObject","inLanguage":"es","@id":"https:\/\/secure.gravatar.com\/avatar\/d27fe9520667ca53441d36627a1d6b0fa4a813571ec4803687a7a3a7744685ac?s=96&d=mm&r=g","url":"https:\/\/secure.gravatar.com\/avatar\/d27fe9520667ca53441d36627a1d6b0fa4a813571ec4803687a7a3a7744685ac?s=96&d=mm&r=g","contentUrl":"https:\/\/secure.gravatar.com\/avatar\/d27fe9520667ca53441d36627a1d6b0fa4a813571ec4803687a7a3a7744685ac?s=96&d=mm&r=g","caption":"Editor"},"url":"https:\/\/infopba247.com.ar\/index.php\/author\/editor\/"}]}},"_links":{"self":[{"href":"https:\/\/infopba247.com.ar\/index.php\/wp-json\/wp\/v2\/posts\/2441","targetHints":{"allow":["GET"]}}],"collection":[{"href":"https:\/\/infopba247.com.ar\/index.php\/wp-json\/wp\/v2\/posts"}],"about":[{"href":"https:\/\/infopba247.com.ar\/index.php\/wp-json\/wp\/v2\/types\/post"}],"author":[{"embeddable":true,"href":"https:\/\/infopba247.com.ar\/index.php\/wp-json\/wp\/v2\/users\/3"}],"replies":[{"embeddable":true,"href":"https:\/\/infopba247.com.ar\/index.php\/wp-json\/wp\/v2\/comments?post=2441"}],"version-history":[{"count":1,"href":"https:\/\/infopba247.com.ar\/index.php\/wp-json\/wp\/v2\/posts\/2441\/revisions"}],"predecessor-version":[{"id":2443,"href":"https:\/\/infopba247.com.ar\/index.php\/wp-json\/wp\/v2\/posts\/2441\/revisions\/2443"}],"wp:featuredmedia":[{"embeddable":true,"href":"https:\/\/infopba247.com.ar\/index.php\/wp-json\/wp\/v2\/media\/2442"}],"wp:attachment":[{"href":"https:\/\/infopba247.com.ar\/index.php\/wp-json\/wp\/v2\/media?parent=2441"}],"wp:term":[{"taxonomy":"category","embeddable":true,"href":"https:\/\/infopba247.com.ar\/index.php\/wp-json\/wp\/v2\/categories?post=2441"},{"taxonomy":"post_tag","embeddable":true,"href":"https:\/\/infopba247.com.ar\/index.php\/wp-json\/wp\/v2\/tags?post=2441"}],"curies":[{"name":"wp","href":"https:\/\/api.w.org\/{rel}","templated":true}]}}