{"id":2428,"date":"2023-09-28T10:51:00","date_gmt":"2023-09-28T13:51:00","guid":{"rendered":"https:\/\/infopba247.com.ar\/?p=2428"},"modified":"2023-10-02T10:52:32","modified_gmt":"2023-10-02T13:52:32","slug":"plan-de-ordenamiento-urbano-y-territorial-para-monte-hermoso-en-los-proximos-50-anos","status":"publish","type":"post","link":"https:\/\/infopba247.com.ar\/index.php\/2023\/09\/28\/plan-de-ordenamiento-urbano-y-territorial-para-monte-hermoso-en-los-proximos-50-anos\/","title":{"rendered":"Plan de ordenamiento urbano y territorial para Monte Hermoso en los pr\u00f3ximos 50 a\u00f1os"},"content":{"rendered":"\n<p>Por unanimidad, el Concejo Deliberante aprob\u00f3 ayer la planificaci\u00f3n para el desarrollo de las actividades humanas en el distrito montehermose\u00f1o proyectadas a corto, mediano y largo plazo \u201cgarantizando la preservaci\u00f3n de los recursos naturales y entre ellos la creaci\u00f3n de dos \u00e1reas protegidas, la cuenca del R\u00edo Sauce Grande y la del sector costero oeste del Partido\u201d.<\/p>\n\n\n\n<p>Impulsado y financiado por el Consejo Federal de Inversiones, este plan fue confeccionado en conjunto por el equipo t\u00e9cnico de la Secretar\u00eda de Planeamiento para el Desarrollo Sustentable Municipal, la Direcci\u00f3n Provincial de Ordenamiento Urbano y Territorial del Ministerio de Gobierno y la Direcci\u00f3n Provincial de Ordenamiento Ambiental de Territorio y Bienes Comunes del Ministerio de Ambiente.<\/p>\n\n\n\n<p>La nueva ordenanza bajo el N\u00b0 3246, sostiene la necesidad de reformular la norma existente \u201ccon m\u00e1s de 43 a\u00f1os de vigencia en virtud de la conformaci\u00f3n y el crecimiento poblacional, econ\u00f3mico, productivo, comercial, tur\u00edstico y servicios del partido\u201d y tiene como objetivo planificar el desarrollo de la ciudad con una visi\u00f3n a 50 a\u00f1os.<\/p>\n\n\n\n<p>Su planificaci\u00f3n se desarroll\u00f3 en tres fases denominadas \u201cDiagn\u00f3stico de la situaci\u00f3n actual\u201d, \u201cDesarrollo del modelo deseado de Partido\u201d y \u201cDesarrollo del C\u00f3digo de Ordenamiento y Zonificaci\u00f3n del Partido\u201d.<\/p>\n\n\n\n<p>A trav\u00e9s del mismo se buscar\u00e1 cumplir con lineamientos espec\u00edficos como \u201cla promoci\u00f3n del crecimiento urbano por expansi\u00f3n y completamiento con la creaci\u00f3n de nuevas Zonas Urbanas; la redefinici\u00f3n del \u00e1rea urbana existente; tipos, cantidad y l\u00edmites de zonas; densificaci\u00f3n\u201d.<\/p>\n\n\n\n<p>\u201cTambi\u00e9n se contemplan los perfiles urbanos y morfol\u00f3gicos; la generaci\u00f3n de acceso a la vivienda para habitantes permanentes y creaci\u00f3n de distritos especiales; mejoramiento, optimizaci\u00f3n y ampliaci\u00f3n de los servicios de infraestructura y equipamientos urbanos; consolidaci\u00f3n y mejoramiento del sistema de movilidad urbana e interurbana; promoci\u00f3n del ambiente natural y espacios verdes; desarrollo del componente tur\u00edstico del Partido; reestructuraci\u00f3n y desarrollo del frente costero y generaci\u00f3n de herramientas para la gobernanza territorial\u201d explic\u00f3 el secretario del \u00e1rea, Arq. Daniel Pedroni.<\/p>\n","protected":false},"excerpt":{"rendered":"<p>Por unanimidad, el Concejo Deliberante aprob\u00f3 ayer la planificaci\u00f3n para el desarrollo de las actividades humanas en el distrito montehermose\u00f1o<\/p>\n","protected":false},"author":3,"featured_media":2429,"comment_status":"closed","ping_status":"closed","sticky":false,"template":"","format":"standard","meta":{"colormag_page_container_layout":"default_layout","colormag_page_sidebar_layout":"default_layout","footnotes":""},"categories":[10,1,14],"tags":[44],"class_list":["post-2428","post","type-post","status-publish","format-standard","has-post-thumbnail","hentry","category-6ta-seccion","category-destacadas","category-politica","tag-municipalidad-de-monte-hermoso"],"yoast_head":"<!-- This site is optimized with the Yoast SEO plugin v27.4 - https:\/\/yoast.com\/product\/yoast-seo-wordpress\/ -->\n<title>Plan de ordenamiento urbano y territorial para Monte Hermoso en los pr\u00f3ximos 50 a\u00f1os - InfoPBA247<\/title>\n<meta name=\"robots\" content=\"index, follow, max-snippet:-1, max-image-preview:large, max-video-preview:-1\" \/>\n<link rel=\"canonical\" href=\"https:\/\/infopba247.com.ar\/index.php\/2023\/09\/28\/plan-de-ordenamiento-urbano-y-territorial-para-monte-hermoso-en-los-proximos-50-anos\/\" \/>\n<meta property=\"og:locale\" content=\"es_ES\" \/>\n<meta property=\"og:type\" content=\"article\" \/>\n<meta property=\"og:title\" content=\"Plan de ordenamiento urbano y territorial para Monte Hermoso en los pr\u00f3ximos 50 a\u00f1os - InfoPBA247\" \/>\n<meta property=\"og:description\" content=\"Por unanimidad, el Concejo Deliberante aprob\u00f3 ayer la planificaci\u00f3n para el desarrollo de las actividades humanas en el distrito montehermose\u00f1o\" \/>\n<meta property=\"og:url\" content=\"https:\/\/infopba247.com.ar\/index.php\/2023\/09\/28\/plan-de-ordenamiento-urbano-y-territorial-para-monte-hermoso-en-los-proximos-50-anos\/\" \/>\n<meta property=\"og:site_name\" content=\"InfoPBA247\" \/>\n<meta property=\"article:publisher\" content=\"https:\/\/www.facebook.com\/InfoPBA\" \/>\n<meta property=\"article:published_time\" content=\"2023-09-28T13:51:00+00:00\" \/>\n<meta property=\"article:modified_time\" content=\"2023-10-02T13:52:32+00:00\" \/>\n<meta property=\"og:image\" content=\"https:\/\/infopba247.com.ar\/wp-content\/uploads\/2023\/10\/382232449_734296155404739_4496661473007231244_n.jpg\" \/>\n\t<meta property=\"og:image:width\" content=\"1600\" \/>\n\t<meta property=\"og:image:height\" content=\"900\" \/>\n\t<meta property=\"og:image:type\" content=\"image\/jpeg\" \/>\n<meta name=\"author\" content=\"Editor\" \/>\n<meta name=\"twitter:card\" content=\"summary_large_image\" \/>\n<meta name=\"twitter:label1\" content=\"Escrito por\" \/>\n\t<meta name=\"twitter:data1\" content=\"Editor\" \/>\n\t<meta name=\"twitter:label2\" content=\"Tiempo de lectura\" \/>\n\t<meta name=\"twitter:data2\" content=\"2 minutos\" \/>\n<script type=\"application\/ld+json\" class=\"yoast-schema-graph\">{\"@context\":\"https:\\\/\\\/schema.org\",\"@graph\":[{\"@type\":\"Article\",\"@id\":\"https:\\\/\\\/infopba247.com.ar\\\/index.php\\\/2023\\\/09\\\/28\\\/plan-de-ordenamiento-urbano-y-territorial-para-monte-hermoso-en-los-proximos-50-anos\\\/#article\",\"isPartOf\":{\"@id\":\"https:\\\/\\\/infopba247.com.ar\\\/index.php\\\/2023\\\/09\\\/28\\\/plan-de-ordenamiento-urbano-y-territorial-para-monte-hermoso-en-los-proximos-50-anos\\\/\"},\"author\":{\"name\":\"Editor\",\"@id\":\"https:\\\/\\\/infopba247.com.ar\\\/#\\\/schema\\\/person\\\/4975f1343a413e57bf839b3eed0099f2\"},\"headline\":\"Plan de ordenamiento urbano y territorial para Monte Hermoso en los pr\u00f3ximos 50 a\u00f1os\",\"datePublished\":\"2023-09-28T13:51:00+00:00\",\"dateModified\":\"2023-10-02T13:52:32+00:00\",\"mainEntityOfPage\":{\"@id\":\"https:\\\/\\\/infopba247.com.ar\\\/index.php\\\/2023\\\/09\\\/28\\\/plan-de-ordenamiento-urbano-y-territorial-para-monte-hermoso-en-los-proximos-50-anos\\\/\"},\"wordCount\":370,\"publisher\":{\"@id\":\"https:\\\/\\\/infopba247.com.ar\\\/#organization\"},\"image\":{\"@id\":\"https:\\\/\\\/infopba247.com.ar\\\/index.php\\\/2023\\\/09\\\/28\\\/plan-de-ordenamiento-urbano-y-territorial-para-monte-hermoso-en-los-proximos-50-anos\\\/#primaryimage\"},\"thumbnailUrl\":\"https:\\\/\\\/infopba247.com.ar\\\/wp-content\\\/uploads\\\/2023\\\/10\\\/382232449_734296155404739_4496661473007231244_n.jpg\",\"keywords\":[\"Municipalidad de Monte Hermoso\"],\"articleSection\":[\"6ta Secci\u00f3n\",\"Destacadas\",\"Pol\u00edtica\"],\"inLanguage\":\"es\"},{\"@type\":\"WebPage\",\"@id\":\"https:\\\/\\\/infopba247.com.ar\\\/index.php\\\/2023\\\/09\\\/28\\\/plan-de-ordenamiento-urbano-y-territorial-para-monte-hermoso-en-los-proximos-50-anos\\\/\",\"url\":\"https:\\\/\\\/infopba247.com.ar\\\/index.php\\\/2023\\\/09\\\/28\\\/plan-de-ordenamiento-urbano-y-territorial-para-monte-hermoso-en-los-proximos-50-anos\\\/\",\"name\":\"Plan de ordenamiento urbano y territorial para Monte Hermoso en los pr\u00f3ximos 50 a\u00f1os - InfoPBA247\",\"isPartOf\":{\"@id\":\"https:\\\/\\\/infopba247.com.ar\\\/#website\"},\"primaryImageOfPage\":{\"@id\":\"https:\\\/\\\/infopba247.com.ar\\\/index.php\\\/2023\\\/09\\\/28\\\/plan-de-ordenamiento-urbano-y-territorial-para-monte-hermoso-en-los-proximos-50-anos\\\/#primaryimage\"},\"image\":{\"@id\":\"https:\\\/\\\/infopba247.com.ar\\\/index.php\\\/2023\\\/09\\\/28\\\/plan-de-ordenamiento-urbano-y-territorial-para-monte-hermoso-en-los-proximos-50-anos\\\/#primaryimage\"},\"thumbnailUrl\":\"https:\\\/\\\/infopba247.com.ar\\\/wp-content\\\/uploads\\\/2023\\\/10\\\/382232449_734296155404739_4496661473007231244_n.jpg\",\"datePublished\":\"2023-09-28T13:51:00+00:00\",\"dateModified\":\"2023-10-02T13:52:32+00:00\",\"breadcrumb\":{\"@id\":\"https:\\\/\\\/infopba247.com.ar\\\/index.php\\\/2023\\\/09\\\/28\\\/plan-de-ordenamiento-urbano-y-territorial-para-monte-hermoso-en-los-proximos-50-anos\\\/#breadcrumb\"},\"inLanguage\":\"es\",\"potentialAction\":[{\"@type\":\"ReadAction\",\"target\":[\"https:\\\/\\\/infopba247.com.ar\\\/index.php\\\/2023\\\/09\\\/28\\\/plan-de-ordenamiento-urbano-y-territorial-para-monte-hermoso-en-los-proximos-50-anos\\\/\"]}]},{\"@type\":\"ImageObject\",\"inLanguage\":\"es\",\"@id\":\"https:\\\/\\\/infopba247.com.ar\\\/index.php\\\/2023\\\/09\\\/28\\\/plan-de-ordenamiento-urbano-y-territorial-para-monte-hermoso-en-los-proximos-50-anos\\\/#primaryimage\",\"url\":\"https:\\\/\\\/infopba247.com.ar\\\/wp-content\\\/uploads\\\/2023\\\/10\\\/382232449_734296155404739_4496661473007231244_n.jpg\",\"contentUrl\":\"https:\\\/\\\/infopba247.com.ar\\\/wp-content\\\/uploads\\\/2023\\\/10\\\/382232449_734296155404739_4496661473007231244_n.jpg\",\"width\":1600,\"height\":900},{\"@type\":\"BreadcrumbList\",\"@id\":\"https:\\\/\\\/infopba247.com.ar\\\/index.php\\\/2023\\\/09\\\/28\\\/plan-de-ordenamiento-urbano-y-territorial-para-monte-hermoso-en-los-proximos-50-anos\\\/#breadcrumb\",\"itemListElement\":[{\"@type\":\"ListItem\",\"position\":1,\"name\":\"Portada\",\"item\":\"https:\\\/\\\/infopba247.com.ar\\\/\"},{\"@type\":\"ListItem\",\"position\":2,\"name\":\"Plan de ordenamiento urbano y territorial para Monte Hermoso en los pr\u00f3ximos 50 a\u00f1os\"}]},{\"@type\":\"WebSite\",\"@id\":\"https:\\\/\\\/infopba247.com.ar\\\/#website\",\"url\":\"https:\\\/\\\/infopba247.com.ar\\\/\",\"name\":\"InfoPBA247\",\"description\":\"Toda la actualidad bonaerense\",\"publisher\":{\"@id\":\"https:\\\/\\\/infopba247.com.ar\\\/#organization\"},\"potentialAction\":[{\"@type\":\"SearchAction\",\"target\":{\"@type\":\"EntryPoint\",\"urlTemplate\":\"https:\\\/\\\/infopba247.com.ar\\\/?s={search_term_string}\"},\"query-input\":{\"@type\":\"PropertyValueSpecification\",\"valueRequired\":true,\"valueName\":\"search_term_string\"}}],\"inLanguage\":\"es\"},{\"@type\":\"Organization\",\"@id\":\"https:\\\/\\\/infopba247.com.ar\\\/#organization\",\"name\":\"InfoPBA247\",\"url\":\"https:\\\/\\\/infopba247.com.ar\\\/\",\"logo\":{\"@type\":\"ImageObject\",\"inLanguage\":\"es\",\"@id\":\"https:\\\/\\\/infopba247.com.ar\\\/#\\\/schema\\\/logo\\\/image\\\/\",\"url\":\"https:\\\/\\\/infopba247.com.ar\\\/wp-content\\\/uploads\\\/2022\\\/03\\\/cropped-InfoPBA247-1.png\",\"contentUrl\":\"https:\\\/\\\/infopba247.com.ar\\\/wp-content\\\/uploads\\\/2022\\\/03\\\/cropped-InfoPBA247-1.png\",\"width\":500,\"height\":122,\"caption\":\"InfoPBA247\"},\"image\":{\"@id\":\"https:\\\/\\\/infopba247.com.ar\\\/#\\\/schema\\\/logo\\\/image\\\/\"},\"sameAs\":[\"https:\\\/\\\/www.facebook.com\\\/InfoPBA\"]},{\"@type\":\"Person\",\"@id\":\"https:\\\/\\\/infopba247.com.ar\\\/#\\\/schema\\\/person\\\/4975f1343a413e57bf839b3eed0099f2\",\"name\":\"Editor\",\"image\":{\"@type\":\"ImageObject\",\"inLanguage\":\"es\",\"@id\":\"https:\\\/\\\/secure.gravatar.com\\\/avatar\\\/d27fe9520667ca53441d36627a1d6b0fa4a813571ec4803687a7a3a7744685ac?s=96&d=mm&r=g\",\"url\":\"https:\\\/\\\/secure.gravatar.com\\\/avatar\\\/d27fe9520667ca53441d36627a1d6b0fa4a813571ec4803687a7a3a7744685ac?s=96&d=mm&r=g\",\"contentUrl\":\"https:\\\/\\\/secure.gravatar.com\\\/avatar\\\/d27fe9520667ca53441d36627a1d6b0fa4a813571ec4803687a7a3a7744685ac?s=96&d=mm&r=g\",\"caption\":\"Editor\"},\"url\":\"https:\\\/\\\/infopba247.com.ar\\\/index.php\\\/author\\\/editor\\\/\"}]}<\/script>\n<!-- \/ Yoast SEO plugin. -->","yoast_head_json":{"title":"Plan de ordenamiento urbano y territorial para Monte Hermoso en los pr\u00f3ximos 50 a\u00f1os - InfoPBA247","robots":{"index":"index","follow":"follow","max-snippet":"max-snippet:-1","max-image-preview":"max-image-preview:large","max-video-preview":"max-video-preview:-1"},"canonical":"https:\/\/infopba247.com.ar\/index.php\/2023\/09\/28\/plan-de-ordenamiento-urbano-y-territorial-para-monte-hermoso-en-los-proximos-50-anos\/","og_locale":"es_ES","og_type":"article","og_title":"Plan de ordenamiento urbano y territorial para Monte Hermoso en los pr\u00f3ximos 50 a\u00f1os - InfoPBA247","og_description":"Por unanimidad, el Concejo Deliberante aprob\u00f3 ayer la planificaci\u00f3n para el desarrollo de las actividades humanas en el distrito montehermose\u00f1o","og_url":"https:\/\/infopba247.com.ar\/index.php\/2023\/09\/28\/plan-de-ordenamiento-urbano-y-territorial-para-monte-hermoso-en-los-proximos-50-anos\/","og_site_name":"InfoPBA247","article_publisher":"https:\/\/www.facebook.com\/InfoPBA","article_published_time":"2023-09-28T13:51:00+00:00","article_modified_time":"2023-10-02T13:52:32+00:00","og_image":[{"width":1600,"height":900,"url":"https:\/\/infopba247.com.ar\/wp-content\/uploads\/2023\/10\/382232449_734296155404739_4496661473007231244_n.jpg","type":"image\/jpeg"}],"author":"Editor","twitter_card":"summary_large_image","twitter_misc":{"Escrito por":"Editor","Tiempo de lectura":"2 minutos"},"schema":{"@context":"https:\/\/schema.org","@graph":[{"@type":"Article","@id":"https:\/\/infopba247.com.ar\/index.php\/2023\/09\/28\/plan-de-ordenamiento-urbano-y-territorial-para-monte-hermoso-en-los-proximos-50-anos\/#article","isPartOf":{"@id":"https:\/\/infopba247.com.ar\/index.php\/2023\/09\/28\/plan-de-ordenamiento-urbano-y-territorial-para-monte-hermoso-en-los-proximos-50-anos\/"},"author":{"name":"Editor","@id":"https:\/\/infopba247.com.ar\/#\/schema\/person\/4975f1343a413e57bf839b3eed0099f2"},"headline":"Plan de ordenamiento urbano y territorial para Monte Hermoso en los pr\u00f3ximos 50 a\u00f1os","datePublished":"2023-09-28T13:51:00+00:00","dateModified":"2023-10-02T13:52:32+00:00","mainEntityOfPage":{"@id":"https:\/\/infopba247.com.ar\/index.php\/2023\/09\/28\/plan-de-ordenamiento-urbano-y-territorial-para-monte-hermoso-en-los-proximos-50-anos\/"},"wordCount":370,"publisher":{"@id":"https:\/\/infopba247.com.ar\/#organization"},"image":{"@id":"https:\/\/infopba247.com.ar\/index.php\/2023\/09\/28\/plan-de-ordenamiento-urbano-y-territorial-para-monte-hermoso-en-los-proximos-50-anos\/#primaryimage"},"thumbnailUrl":"https:\/\/infopba247.com.ar\/wp-content\/uploads\/2023\/10\/382232449_734296155404739_4496661473007231244_n.jpg","keywords":["Municipalidad de Monte Hermoso"],"articleSection":["6ta Secci\u00f3n","Destacadas","Pol\u00edtica"],"inLanguage":"es"},{"@type":"WebPage","@id":"https:\/\/infopba247.com.ar\/index.php\/2023\/09\/28\/plan-de-ordenamiento-urbano-y-territorial-para-monte-hermoso-en-los-proximos-50-anos\/","url":"https:\/\/infopba247.com.ar\/index.php\/2023\/09\/28\/plan-de-ordenamiento-urbano-y-territorial-para-monte-hermoso-en-los-proximos-50-anos\/","name":"Plan de ordenamiento urbano y territorial para Monte Hermoso en los pr\u00f3ximos 50 a\u00f1os - InfoPBA247","isPartOf":{"@id":"https:\/\/infopba247.com.ar\/#website"},"primaryImageOfPage":{"@id":"https:\/\/infopba247.com.ar\/index.php\/2023\/09\/28\/plan-de-ordenamiento-urbano-y-territorial-para-monte-hermoso-en-los-proximos-50-anos\/#primaryimage"},"image":{"@id":"https:\/\/infopba247.com.ar\/index.php\/2023\/09\/28\/plan-de-ordenamiento-urbano-y-territorial-para-monte-hermoso-en-los-proximos-50-anos\/#primaryimage"},"thumbnailUrl":"https:\/\/infopba247.com.ar\/wp-content\/uploads\/2023\/10\/382232449_734296155404739_4496661473007231244_n.jpg","datePublished":"2023-09-28T13:51:00+00:00","dateModified":"2023-10-02T13:52:32+00:00","breadcrumb":{"@id":"https:\/\/infopba247.com.ar\/index.php\/2023\/09\/28\/plan-de-ordenamiento-urbano-y-territorial-para-monte-hermoso-en-los-proximos-50-anos\/#breadcrumb"},"inLanguage":"es","potentialAction":[{"@type":"ReadAction","target":["https:\/\/infopba247.com.ar\/index.php\/2023\/09\/28\/plan-de-ordenamiento-urbano-y-territorial-para-monte-hermoso-en-los-proximos-50-anos\/"]}]},{"@type":"ImageObject","inLanguage":"es","@id":"https:\/\/infopba247.com.ar\/index.php\/2023\/09\/28\/plan-de-ordenamiento-urbano-y-territorial-para-monte-hermoso-en-los-proximos-50-anos\/#primaryimage","url":"https:\/\/infopba247.com.ar\/wp-content\/uploads\/2023\/10\/382232449_734296155404739_4496661473007231244_n.jpg","contentUrl":"https:\/\/infopba247.com.ar\/wp-content\/uploads\/2023\/10\/382232449_734296155404739_4496661473007231244_n.jpg","width":1600,"height":900},{"@type":"BreadcrumbList","@id":"https:\/\/infopba247.com.ar\/index.php\/2023\/09\/28\/plan-de-ordenamiento-urbano-y-territorial-para-monte-hermoso-en-los-proximos-50-anos\/#breadcrumb","itemListElement":[{"@type":"ListItem","position":1,"name":"Portada","item":"https:\/\/infopba247.com.ar\/"},{"@type":"ListItem","position":2,"name":"Plan de ordenamiento urbano y territorial para Monte Hermoso en los pr\u00f3ximos 50 a\u00f1os"}]},{"@type":"WebSite","@id":"https:\/\/infopba247.com.ar\/#website","url":"https:\/\/infopba247.com.ar\/","name":"InfoPBA247","description":"Toda la actualidad bonaerense","publisher":{"@id":"https:\/\/infopba247.com.ar\/#organization"},"potentialAction":[{"@type":"SearchAction","target":{"@type":"EntryPoint","urlTemplate":"https:\/\/infopba247.com.ar\/?s={search_term_string}"},"query-input":{"@type":"PropertyValueSpecification","valueRequired":true,"valueName":"search_term_string"}}],"inLanguage":"es"},{"@type":"Organization","@id":"https:\/\/infopba247.com.ar\/#organization","name":"InfoPBA247","url":"https:\/\/infopba247.com.ar\/","logo":{"@type":"ImageObject","inLanguage":"es","@id":"https:\/\/infopba247.com.ar\/#\/schema\/logo\/image\/","url":"https:\/\/infopba247.com.ar\/wp-content\/uploads\/2022\/03\/cropped-InfoPBA247-1.png","contentUrl":"https:\/\/infopba247.com.ar\/wp-content\/uploads\/2022\/03\/cropped-InfoPBA247-1.png","width":500,"height":122,"caption":"InfoPBA247"},"image":{"@id":"https:\/\/infopba247.com.ar\/#\/schema\/logo\/image\/"},"sameAs":["https:\/\/www.facebook.com\/InfoPBA"]},{"@type":"Person","@id":"https:\/\/infopba247.com.ar\/#\/schema\/person\/4975f1343a413e57bf839b3eed0099f2","name":"Editor","image":{"@type":"ImageObject","inLanguage":"es","@id":"https:\/\/secure.gravatar.com\/avatar\/d27fe9520667ca53441d36627a1d6b0fa4a813571ec4803687a7a3a7744685ac?s=96&d=mm&r=g","url":"https:\/\/secure.gravatar.com\/avatar\/d27fe9520667ca53441d36627a1d6b0fa4a813571ec4803687a7a3a7744685ac?s=96&d=mm&r=g","contentUrl":"https:\/\/secure.gravatar.com\/avatar\/d27fe9520667ca53441d36627a1d6b0fa4a813571ec4803687a7a3a7744685ac?s=96&d=mm&r=g","caption":"Editor"},"url":"https:\/\/infopba247.com.ar\/index.php\/author\/editor\/"}]}},"_links":{"self":[{"href":"https:\/\/infopba247.com.ar\/index.php\/wp-json\/wp\/v2\/posts\/2428","targetHints":{"allow":["GET"]}}],"collection":[{"href":"https:\/\/infopba247.com.ar\/index.php\/wp-json\/wp\/v2\/posts"}],"about":[{"href":"https:\/\/infopba247.com.ar\/index.php\/wp-json\/wp\/v2\/types\/post"}],"author":[{"embeddable":true,"href":"https:\/\/infopba247.com.ar\/index.php\/wp-json\/wp\/v2\/users\/3"}],"replies":[{"embeddable":true,"href":"https:\/\/infopba247.com.ar\/index.php\/wp-json\/wp\/v2\/comments?post=2428"}],"version-history":[{"count":1,"href":"https:\/\/infopba247.com.ar\/index.php\/wp-json\/wp\/v2\/posts\/2428\/revisions"}],"predecessor-version":[{"id":2430,"href":"https:\/\/infopba247.com.ar\/index.php\/wp-json\/wp\/v2\/posts\/2428\/revisions\/2430"}],"wp:featuredmedia":[{"embeddable":true,"href":"https:\/\/infopba247.com.ar\/index.php\/wp-json\/wp\/v2\/media\/2429"}],"wp:attachment":[{"href":"https:\/\/infopba247.com.ar\/index.php\/wp-json\/wp\/v2\/media?parent=2428"}],"wp:term":[{"taxonomy":"category","embeddable":true,"href":"https:\/\/infopba247.com.ar\/index.php\/wp-json\/wp\/v2\/categories?post=2428"},{"taxonomy":"post_tag","embeddable":true,"href":"https:\/\/infopba247.com.ar\/index.php\/wp-json\/wp\/v2\/tags?post=2428"}],"curies":[{"name":"wp","href":"https:\/\/api.w.org\/{rel}","templated":true}]}}