{"id":2372,"date":"2023-09-22T11:34:00","date_gmt":"2023-09-22T14:34:00","guid":{"rendered":"https:\/\/infopba247.com.ar\/?p=2372"},"modified":"2023-09-25T11:35:24","modified_gmt":"2023-09-25T14:35:24","slug":"plan-rector-el-intendente-participo-de-su-lanzamiento-en-la-utn-de-bahia-blanca","status":"publish","type":"post","link":"https:\/\/infopba247.com.ar\/index.php\/2023\/09\/22\/plan-rector-el-intendente-participo-de-su-lanzamiento-en-la-utn-de-bahia-blanca\/","title":{"rendered":"Plan Rector: el Intendente particip\u00f3 de su lanzamiento en la UTN de Bah\u00eda Blanca"},"content":{"rendered":"\n<p>El jefe comunal Marcos Fern\u00e1ndez particip\u00f3 ayer del encuentro organizado por autoridades del Puerto de Bah\u00eda Blanca y la Universidad Provincial del Sudoeste, donde se oficializ\u00f3 el denominado \u201cPlan Rector\u201d destinado a potenciar las inversiones portuarias para el desarrollo local y regional, con \u00e9nfasis en la\u00a0valorizaci\u00f3n e identificaci\u00f3n de la formaci\u00f3n profesional.<\/p>\n\n\n\n<p>Encabezado por el presidente del Consorcio de Gesti\u00f3n del Puerto de Bah\u00eda Blanca, Federico Susbielles, el objetivo es contar con un programa estrat\u00e9gico a largo plazo con el fin de potenciar las inversiones portuarias pr\u00f3ximas y cubrir las necesidades que acompa\u00f1en las obras, principalmente en lo vinculado con la capacitaci\u00f3n, infraestructura, formaci\u00f3n, entre otros aspectos.<\/p>\n\n\n\n<p>De la jornada tambi\u00e9n participaron gremios, instituciones regionales, sistemas de ciencias, tecnolog\u00eda y universidades.<\/p>\n\n\n\n<p>Durante la misma se present\u00f3 el mapa con la oferta formativa de oficios y competencias y la selecci\u00f3n definitiva de las cadenas de valor prioritarias para la regi\u00f3n.<\/p>\n\n\n\n<p>Susbielles manifest\u00f3 que \u00abestamos trabajando en un Plan Rector que permita, a trav\u00e9s de las inversiones venideras, generar una matriz de formaci\u00f3n que prepare a la gente para el empleo y trabaje en el fortalecimiento de nuestras PYMES articulado con un plan de infraestructura\u00bb.<\/p>\n\n\n\n<p>El Intendente montehermose\u00f1o por su parte celebr\u00f3 esta posibilidad y remarc\u00f3 que \u201cen Monte Hermoso ya se trabaja articuladamente entre las distintas instituciones y el Estado para reforzar la producci\u00f3n\u201d.<\/p>\n","protected":false},"excerpt":{"rendered":"<p>El jefe comunal Marcos Fern\u00e1ndez particip\u00f3 ayer del encuentro organizado por autoridades del Puerto de Bah\u00eda Blanca y la Universidad<\/p>\n","protected":false},"author":3,"featured_media":2366,"comment_status":"closed","ping_status":"closed","sticky":false,"template":"","format":"standard","meta":{"colormag_page_container_layout":"default_layout","colormag_page_sidebar_layout":"default_layout","footnotes":""},"categories":[10,1,14],"tags":[],"class_list":["post-2372","post","type-post","status-publish","format-standard","has-post-thumbnail","hentry","category-6ta-seccion","category-destacadas","category-politica"],"yoast_head":"<!-- This site is optimized with the Yoast SEO plugin v27.4 - https:\/\/yoast.com\/product\/yoast-seo-wordpress\/ -->\n<title>Plan Rector: el Intendente particip\u00f3 de su lanzamiento en la UTN de Bah\u00eda Blanca - InfoPBA247<\/title>\n<meta name=\"robots\" content=\"index, follow, max-snippet:-1, max-image-preview:large, max-video-preview:-1\" \/>\n<link rel=\"canonical\" href=\"https:\/\/infopba247.com.ar\/index.php\/2023\/09\/22\/plan-rector-el-intendente-participo-de-su-lanzamiento-en-la-utn-de-bahia-blanca\/\" \/>\n<meta property=\"og:locale\" content=\"es_ES\" \/>\n<meta property=\"og:type\" content=\"article\" \/>\n<meta property=\"og:title\" content=\"Plan Rector: el Intendente particip\u00f3 de su lanzamiento en la UTN de Bah\u00eda Blanca - InfoPBA247\" \/>\n<meta property=\"og:description\" content=\"El jefe comunal Marcos Fern\u00e1ndez particip\u00f3 ayer del encuentro organizado por autoridades del Puerto de Bah\u00eda Blanca y la Universidad\" \/>\n<meta property=\"og:url\" content=\"https:\/\/infopba247.com.ar\/index.php\/2023\/09\/22\/plan-rector-el-intendente-participo-de-su-lanzamiento-en-la-utn-de-bahia-blanca\/\" \/>\n<meta property=\"og:site_name\" content=\"InfoPBA247\" \/>\n<meta property=\"article:publisher\" content=\"https:\/\/www.facebook.com\/InfoPBA\" \/>\n<meta property=\"article:published_time\" content=\"2023-09-22T14:34:00+00:00\" \/>\n<meta property=\"article:modified_time\" content=\"2023-09-25T14:35:24+00:00\" \/>\n<meta property=\"og:image\" content=\"https:\/\/infopba247.com.ar\/wp-content\/uploads\/2023\/09\/380723035_729725339195154_2348483741863130890_n.jpg\" \/>\n\t<meta property=\"og:image:width\" content=\"1600\" \/>\n\t<meta property=\"og:image:height\" content=\"1200\" \/>\n\t<meta property=\"og:image:type\" content=\"image\/jpeg\" \/>\n<meta name=\"author\" content=\"Editor\" \/>\n<meta name=\"twitter:card\" content=\"summary_large_image\" \/>\n<meta name=\"twitter:label1\" content=\"Escrito por\" \/>\n\t<meta name=\"twitter:data1\" content=\"Editor\" \/>\n\t<meta name=\"twitter:label2\" content=\"Tiempo de lectura\" \/>\n\t<meta name=\"twitter:data2\" content=\"1 minuto\" \/>\n<script type=\"application\/ld+json\" class=\"yoast-schema-graph\">{\"@context\":\"https:\\\/\\\/schema.org\",\"@graph\":[{\"@type\":\"Article\",\"@id\":\"https:\\\/\\\/infopba247.com.ar\\\/index.php\\\/2023\\\/09\\\/22\\\/plan-rector-el-intendente-participo-de-su-lanzamiento-en-la-utn-de-bahia-blanca\\\/#article\",\"isPartOf\":{\"@id\":\"https:\\\/\\\/infopba247.com.ar\\\/index.php\\\/2023\\\/09\\\/22\\\/plan-rector-el-intendente-participo-de-su-lanzamiento-en-la-utn-de-bahia-blanca\\\/\"},\"author\":{\"name\":\"Editor\",\"@id\":\"https:\\\/\\\/infopba247.com.ar\\\/#\\\/schema\\\/person\\\/4975f1343a413e57bf839b3eed0099f2\"},\"headline\":\"Plan Rector: el Intendente particip\u00f3 de su lanzamiento en la UTN de Bah\u00eda Blanca\",\"datePublished\":\"2023-09-22T14:34:00+00:00\",\"dateModified\":\"2023-09-25T14:35:24+00:00\",\"mainEntityOfPage\":{\"@id\":\"https:\\\/\\\/infopba247.com.ar\\\/index.php\\\/2023\\\/09\\\/22\\\/plan-rector-el-intendente-participo-de-su-lanzamiento-en-la-utn-de-bahia-blanca\\\/\"},\"wordCount\":259,\"publisher\":{\"@id\":\"https:\\\/\\\/infopba247.com.ar\\\/#organization\"},\"image\":{\"@id\":\"https:\\\/\\\/infopba247.com.ar\\\/index.php\\\/2023\\\/09\\\/22\\\/plan-rector-el-intendente-participo-de-su-lanzamiento-en-la-utn-de-bahia-blanca\\\/#primaryimage\"},\"thumbnailUrl\":\"https:\\\/\\\/infopba247.com.ar\\\/wp-content\\\/uploads\\\/2023\\\/09\\\/380723035_729725339195154_2348483741863130890_n.jpg\",\"articleSection\":[\"6ta Secci\u00f3n\",\"Destacadas\",\"Pol\u00edtica\"],\"inLanguage\":\"es\"},{\"@type\":\"WebPage\",\"@id\":\"https:\\\/\\\/infopba247.com.ar\\\/index.php\\\/2023\\\/09\\\/22\\\/plan-rector-el-intendente-participo-de-su-lanzamiento-en-la-utn-de-bahia-blanca\\\/\",\"url\":\"https:\\\/\\\/infopba247.com.ar\\\/index.php\\\/2023\\\/09\\\/22\\\/plan-rector-el-intendente-participo-de-su-lanzamiento-en-la-utn-de-bahia-blanca\\\/\",\"name\":\"Plan Rector: el Intendente particip\u00f3 de su lanzamiento en la UTN de Bah\u00eda Blanca - InfoPBA247\",\"isPartOf\":{\"@id\":\"https:\\\/\\\/infopba247.com.ar\\\/#website\"},\"primaryImageOfPage\":{\"@id\":\"https:\\\/\\\/infopba247.com.ar\\\/index.php\\\/2023\\\/09\\\/22\\\/plan-rector-el-intendente-participo-de-su-lanzamiento-en-la-utn-de-bahia-blanca\\\/#primaryimage\"},\"image\":{\"@id\":\"https:\\\/\\\/infopba247.com.ar\\\/index.php\\\/2023\\\/09\\\/22\\\/plan-rector-el-intendente-participo-de-su-lanzamiento-en-la-utn-de-bahia-blanca\\\/#primaryimage\"},\"thumbnailUrl\":\"https:\\\/\\\/infopba247.com.ar\\\/wp-content\\\/uploads\\\/2023\\\/09\\\/380723035_729725339195154_2348483741863130890_n.jpg\",\"datePublished\":\"2023-09-22T14:34:00+00:00\",\"dateModified\":\"2023-09-25T14:35:24+00:00\",\"breadcrumb\":{\"@id\":\"https:\\\/\\\/infopba247.com.ar\\\/index.php\\\/2023\\\/09\\\/22\\\/plan-rector-el-intendente-participo-de-su-lanzamiento-en-la-utn-de-bahia-blanca\\\/#breadcrumb\"},\"inLanguage\":\"es\",\"potentialAction\":[{\"@type\":\"ReadAction\",\"target\":[\"https:\\\/\\\/infopba247.com.ar\\\/index.php\\\/2023\\\/09\\\/22\\\/plan-rector-el-intendente-participo-de-su-lanzamiento-en-la-utn-de-bahia-blanca\\\/\"]}]},{\"@type\":\"ImageObject\",\"inLanguage\":\"es\",\"@id\":\"https:\\\/\\\/infopba247.com.ar\\\/index.php\\\/2023\\\/09\\\/22\\\/plan-rector-el-intendente-participo-de-su-lanzamiento-en-la-utn-de-bahia-blanca\\\/#primaryimage\",\"url\":\"https:\\\/\\\/infopba247.com.ar\\\/wp-content\\\/uploads\\\/2023\\\/09\\\/380723035_729725339195154_2348483741863130890_n.jpg\",\"contentUrl\":\"https:\\\/\\\/infopba247.com.ar\\\/wp-content\\\/uploads\\\/2023\\\/09\\\/380723035_729725339195154_2348483741863130890_n.jpg\",\"width\":1600,\"height\":1200},{\"@type\":\"BreadcrumbList\",\"@id\":\"https:\\\/\\\/infopba247.com.ar\\\/index.php\\\/2023\\\/09\\\/22\\\/plan-rector-el-intendente-participo-de-su-lanzamiento-en-la-utn-de-bahia-blanca\\\/#breadcrumb\",\"itemListElement\":[{\"@type\":\"ListItem\",\"position\":1,\"name\":\"Portada\",\"item\":\"https:\\\/\\\/infopba247.com.ar\\\/\"},{\"@type\":\"ListItem\",\"position\":2,\"name\":\"Plan Rector: el Intendente particip\u00f3 de su lanzamiento en la UTN de Bah\u00eda Blanca\"}]},{\"@type\":\"WebSite\",\"@id\":\"https:\\\/\\\/infopba247.com.ar\\\/#website\",\"url\":\"https:\\\/\\\/infopba247.com.ar\\\/\",\"name\":\"InfoPBA247\",\"description\":\"Toda la actualidad bonaerense\",\"publisher\":{\"@id\":\"https:\\\/\\\/infopba247.com.ar\\\/#organization\"},\"potentialAction\":[{\"@type\":\"SearchAction\",\"target\":{\"@type\":\"EntryPoint\",\"urlTemplate\":\"https:\\\/\\\/infopba247.com.ar\\\/?s={search_term_string}\"},\"query-input\":{\"@type\":\"PropertyValueSpecification\",\"valueRequired\":true,\"valueName\":\"search_term_string\"}}],\"inLanguage\":\"es\"},{\"@type\":\"Organization\",\"@id\":\"https:\\\/\\\/infopba247.com.ar\\\/#organization\",\"name\":\"InfoPBA247\",\"url\":\"https:\\\/\\\/infopba247.com.ar\\\/\",\"logo\":{\"@type\":\"ImageObject\",\"inLanguage\":\"es\",\"@id\":\"https:\\\/\\\/infopba247.com.ar\\\/#\\\/schema\\\/logo\\\/image\\\/\",\"url\":\"https:\\\/\\\/infopba247.com.ar\\\/wp-content\\\/uploads\\\/2022\\\/03\\\/cropped-InfoPBA247-1.png\",\"contentUrl\":\"https:\\\/\\\/infopba247.com.ar\\\/wp-content\\\/uploads\\\/2022\\\/03\\\/cropped-InfoPBA247-1.png\",\"width\":500,\"height\":122,\"caption\":\"InfoPBA247\"},\"image\":{\"@id\":\"https:\\\/\\\/infopba247.com.ar\\\/#\\\/schema\\\/logo\\\/image\\\/\"},\"sameAs\":[\"https:\\\/\\\/www.facebook.com\\\/InfoPBA\"]},{\"@type\":\"Person\",\"@id\":\"https:\\\/\\\/infopba247.com.ar\\\/#\\\/schema\\\/person\\\/4975f1343a413e57bf839b3eed0099f2\",\"name\":\"Editor\",\"image\":{\"@type\":\"ImageObject\",\"inLanguage\":\"es\",\"@id\":\"https:\\\/\\\/secure.gravatar.com\\\/avatar\\\/d27fe9520667ca53441d36627a1d6b0fa4a813571ec4803687a7a3a7744685ac?s=96&d=mm&r=g\",\"url\":\"https:\\\/\\\/secure.gravatar.com\\\/avatar\\\/d27fe9520667ca53441d36627a1d6b0fa4a813571ec4803687a7a3a7744685ac?s=96&d=mm&r=g\",\"contentUrl\":\"https:\\\/\\\/secure.gravatar.com\\\/avatar\\\/d27fe9520667ca53441d36627a1d6b0fa4a813571ec4803687a7a3a7744685ac?s=96&d=mm&r=g\",\"caption\":\"Editor\"},\"url\":\"https:\\\/\\\/infopba247.com.ar\\\/index.php\\\/author\\\/editor\\\/\"}]}<\/script>\n<!-- \/ Yoast SEO plugin. -->","yoast_head_json":{"title":"Plan Rector: el Intendente particip\u00f3 de su lanzamiento en la UTN de Bah\u00eda Blanca - InfoPBA247","robots":{"index":"index","follow":"follow","max-snippet":"max-snippet:-1","max-image-preview":"max-image-preview:large","max-video-preview":"max-video-preview:-1"},"canonical":"https:\/\/infopba247.com.ar\/index.php\/2023\/09\/22\/plan-rector-el-intendente-participo-de-su-lanzamiento-en-la-utn-de-bahia-blanca\/","og_locale":"es_ES","og_type":"article","og_title":"Plan Rector: el Intendente particip\u00f3 de su lanzamiento en la UTN de Bah\u00eda Blanca - InfoPBA247","og_description":"El jefe comunal Marcos Fern\u00e1ndez particip\u00f3 ayer del encuentro organizado por autoridades del Puerto de Bah\u00eda Blanca y la Universidad","og_url":"https:\/\/infopba247.com.ar\/index.php\/2023\/09\/22\/plan-rector-el-intendente-participo-de-su-lanzamiento-en-la-utn-de-bahia-blanca\/","og_site_name":"InfoPBA247","article_publisher":"https:\/\/www.facebook.com\/InfoPBA","article_published_time":"2023-09-22T14:34:00+00:00","article_modified_time":"2023-09-25T14:35:24+00:00","og_image":[{"width":1600,"height":1200,"url":"https:\/\/infopba247.com.ar\/wp-content\/uploads\/2023\/09\/380723035_729725339195154_2348483741863130890_n.jpg","type":"image\/jpeg"}],"author":"Editor","twitter_card":"summary_large_image","twitter_misc":{"Escrito por":"Editor","Tiempo de lectura":"1 minuto"},"schema":{"@context":"https:\/\/schema.org","@graph":[{"@type":"Article","@id":"https:\/\/infopba247.com.ar\/index.php\/2023\/09\/22\/plan-rector-el-intendente-participo-de-su-lanzamiento-en-la-utn-de-bahia-blanca\/#article","isPartOf":{"@id":"https:\/\/infopba247.com.ar\/index.php\/2023\/09\/22\/plan-rector-el-intendente-participo-de-su-lanzamiento-en-la-utn-de-bahia-blanca\/"},"author":{"name":"Editor","@id":"https:\/\/infopba247.com.ar\/#\/schema\/person\/4975f1343a413e57bf839b3eed0099f2"},"headline":"Plan Rector: el Intendente particip\u00f3 de su lanzamiento en la UTN de Bah\u00eda Blanca","datePublished":"2023-09-22T14:34:00+00:00","dateModified":"2023-09-25T14:35:24+00:00","mainEntityOfPage":{"@id":"https:\/\/infopba247.com.ar\/index.php\/2023\/09\/22\/plan-rector-el-intendente-participo-de-su-lanzamiento-en-la-utn-de-bahia-blanca\/"},"wordCount":259,"publisher":{"@id":"https:\/\/infopba247.com.ar\/#organization"},"image":{"@id":"https:\/\/infopba247.com.ar\/index.php\/2023\/09\/22\/plan-rector-el-intendente-participo-de-su-lanzamiento-en-la-utn-de-bahia-blanca\/#primaryimage"},"thumbnailUrl":"https:\/\/infopba247.com.ar\/wp-content\/uploads\/2023\/09\/380723035_729725339195154_2348483741863130890_n.jpg","articleSection":["6ta Secci\u00f3n","Destacadas","Pol\u00edtica"],"inLanguage":"es"},{"@type":"WebPage","@id":"https:\/\/infopba247.com.ar\/index.php\/2023\/09\/22\/plan-rector-el-intendente-participo-de-su-lanzamiento-en-la-utn-de-bahia-blanca\/","url":"https:\/\/infopba247.com.ar\/index.php\/2023\/09\/22\/plan-rector-el-intendente-participo-de-su-lanzamiento-en-la-utn-de-bahia-blanca\/","name":"Plan Rector: el Intendente particip\u00f3 de su lanzamiento en la UTN de Bah\u00eda Blanca - InfoPBA247","isPartOf":{"@id":"https:\/\/infopba247.com.ar\/#website"},"primaryImageOfPage":{"@id":"https:\/\/infopba247.com.ar\/index.php\/2023\/09\/22\/plan-rector-el-intendente-participo-de-su-lanzamiento-en-la-utn-de-bahia-blanca\/#primaryimage"},"image":{"@id":"https:\/\/infopba247.com.ar\/index.php\/2023\/09\/22\/plan-rector-el-intendente-participo-de-su-lanzamiento-en-la-utn-de-bahia-blanca\/#primaryimage"},"thumbnailUrl":"https:\/\/infopba247.com.ar\/wp-content\/uploads\/2023\/09\/380723035_729725339195154_2348483741863130890_n.jpg","datePublished":"2023-09-22T14:34:00+00:00","dateModified":"2023-09-25T14:35:24+00:00","breadcrumb":{"@id":"https:\/\/infopba247.com.ar\/index.php\/2023\/09\/22\/plan-rector-el-intendente-participo-de-su-lanzamiento-en-la-utn-de-bahia-blanca\/#breadcrumb"},"inLanguage":"es","potentialAction":[{"@type":"ReadAction","target":["https:\/\/infopba247.com.ar\/index.php\/2023\/09\/22\/plan-rector-el-intendente-participo-de-su-lanzamiento-en-la-utn-de-bahia-blanca\/"]}]},{"@type":"ImageObject","inLanguage":"es","@id":"https:\/\/infopba247.com.ar\/index.php\/2023\/09\/22\/plan-rector-el-intendente-participo-de-su-lanzamiento-en-la-utn-de-bahia-blanca\/#primaryimage","url":"https:\/\/infopba247.com.ar\/wp-content\/uploads\/2023\/09\/380723035_729725339195154_2348483741863130890_n.jpg","contentUrl":"https:\/\/infopba247.com.ar\/wp-content\/uploads\/2023\/09\/380723035_729725339195154_2348483741863130890_n.jpg","width":1600,"height":1200},{"@type":"BreadcrumbList","@id":"https:\/\/infopba247.com.ar\/index.php\/2023\/09\/22\/plan-rector-el-intendente-participo-de-su-lanzamiento-en-la-utn-de-bahia-blanca\/#breadcrumb","itemListElement":[{"@type":"ListItem","position":1,"name":"Portada","item":"https:\/\/infopba247.com.ar\/"},{"@type":"ListItem","position":2,"name":"Plan Rector: el Intendente particip\u00f3 de su lanzamiento en la UTN de Bah\u00eda Blanca"}]},{"@type":"WebSite","@id":"https:\/\/infopba247.com.ar\/#website","url":"https:\/\/infopba247.com.ar\/","name":"InfoPBA247","description":"Toda la actualidad bonaerense","publisher":{"@id":"https:\/\/infopba247.com.ar\/#organization"},"potentialAction":[{"@type":"SearchAction","target":{"@type":"EntryPoint","urlTemplate":"https:\/\/infopba247.com.ar\/?s={search_term_string}"},"query-input":{"@type":"PropertyValueSpecification","valueRequired":true,"valueName":"search_term_string"}}],"inLanguage":"es"},{"@type":"Organization","@id":"https:\/\/infopba247.com.ar\/#organization","name":"InfoPBA247","url":"https:\/\/infopba247.com.ar\/","logo":{"@type":"ImageObject","inLanguage":"es","@id":"https:\/\/infopba247.com.ar\/#\/schema\/logo\/image\/","url":"https:\/\/infopba247.com.ar\/wp-content\/uploads\/2022\/03\/cropped-InfoPBA247-1.png","contentUrl":"https:\/\/infopba247.com.ar\/wp-content\/uploads\/2022\/03\/cropped-InfoPBA247-1.png","width":500,"height":122,"caption":"InfoPBA247"},"image":{"@id":"https:\/\/infopba247.com.ar\/#\/schema\/logo\/image\/"},"sameAs":["https:\/\/www.facebook.com\/InfoPBA"]},{"@type":"Person","@id":"https:\/\/infopba247.com.ar\/#\/schema\/person\/4975f1343a413e57bf839b3eed0099f2","name":"Editor","image":{"@type":"ImageObject","inLanguage":"es","@id":"https:\/\/secure.gravatar.com\/avatar\/d27fe9520667ca53441d36627a1d6b0fa4a813571ec4803687a7a3a7744685ac?s=96&d=mm&r=g","url":"https:\/\/secure.gravatar.com\/avatar\/d27fe9520667ca53441d36627a1d6b0fa4a813571ec4803687a7a3a7744685ac?s=96&d=mm&r=g","contentUrl":"https:\/\/secure.gravatar.com\/avatar\/d27fe9520667ca53441d36627a1d6b0fa4a813571ec4803687a7a3a7744685ac?s=96&d=mm&r=g","caption":"Editor"},"url":"https:\/\/infopba247.com.ar\/index.php\/author\/editor\/"}]}},"_links":{"self":[{"href":"https:\/\/infopba247.com.ar\/index.php\/wp-json\/wp\/v2\/posts\/2372","targetHints":{"allow":["GET"]}}],"collection":[{"href":"https:\/\/infopba247.com.ar\/index.php\/wp-json\/wp\/v2\/posts"}],"about":[{"href":"https:\/\/infopba247.com.ar\/index.php\/wp-json\/wp\/v2\/types\/post"}],"author":[{"embeddable":true,"href":"https:\/\/infopba247.com.ar\/index.php\/wp-json\/wp\/v2\/users\/3"}],"replies":[{"embeddable":true,"href":"https:\/\/infopba247.com.ar\/index.php\/wp-json\/wp\/v2\/comments?post=2372"}],"version-history":[{"count":1,"href":"https:\/\/infopba247.com.ar\/index.php\/wp-json\/wp\/v2\/posts\/2372\/revisions"}],"predecessor-version":[{"id":2373,"href":"https:\/\/infopba247.com.ar\/index.php\/wp-json\/wp\/v2\/posts\/2372\/revisions\/2373"}],"wp:featuredmedia":[{"embeddable":true,"href":"https:\/\/infopba247.com.ar\/index.php\/wp-json\/wp\/v2\/media\/2366"}],"wp:attachment":[{"href":"https:\/\/infopba247.com.ar\/index.php\/wp-json\/wp\/v2\/media?parent=2372"}],"wp:term":[{"taxonomy":"category","embeddable":true,"href":"https:\/\/infopba247.com.ar\/index.php\/wp-json\/wp\/v2\/categories?post=2372"},{"taxonomy":"post_tag","embeddable":true,"href":"https:\/\/infopba247.com.ar\/index.php\/wp-json\/wp\/v2\/tags?post=2372"}],"curies":[{"name":"wp","href":"https:\/\/api.w.org\/{rel}","templated":true}]}}