{"id":2355,"date":"2023-09-21T10:10:49","date_gmt":"2023-09-21T13:10:49","guid":{"rendered":"https:\/\/infopba247.com.ar\/?p=2355"},"modified":"2023-09-25T11:28:02","modified_gmt":"2023-09-25T14:28:02","slug":"mariel-fernandez-y-estela-diaz-entregaron-250-tablets-a-promotoras-territoriales-micaela-garcia","status":"publish","type":"post","link":"https:\/\/infopba247.com.ar\/index.php\/2023\/09\/21\/mariel-fernandez-y-estela-diaz-entregaron-250-tablets-a-promotoras-territoriales-micaela-garcia\/","title":{"rendered":"Mariel Fern\u00e1ndez y Estela D\u00edaz entregaron 250 tablets a promotoras territoriales \u201cMicaela Garc\u00eda\u201d"},"content":{"rendered":"\n<p>La intendenta de Moreno, Mariel Fern\u00e1ndez, junto a la Ministra de las Mujeres, Pol\u00edticas de G\u00e9nero y Diversidad Sexual de la Provincia de Buenos Aires, Estela D\u00edaz, entreg\u00f3 250 tablets a las promotoras territoriales \u201cMicaela Garc\u00eda\u201d, que se encargan de la promoci\u00f3n de derechos y trabajan en sus barrios para desnaturalizar la violencia de g\u00e9nero.<\/p>\n\n\n\n<p>Esta iniciativa forma parte de \u201cConectadas por la Democracia\u201d, una l\u00ednea de acci\u00f3n que tiene como objetivo fortalecer las tareas que realizan las promotoras territoriales de g\u00e9nero y diversidad inscriptas en el Registro Nacional \u201cTejiendo Matria\u201d.<\/p>\n\n\n\n<p>\u201cEste Gobierno municipal se apoya en su comunidad y as\u00ed gestiona junto a los barrios, junto a las mujeres, que son principalmente las que toman la iniciativa, las que resuelven todo el tiempo los problemas, los recepcionan y le ponen todo para mejorar la calidad de vida del barrio. Sabemos que siempre est\u00e1n pensando de manera integral en el territorio\u201d, expres\u00f3 la intendenta y agreg\u00f3: \u201cEsta entrega de tablets es muy importante, tanto para el desarrollo de cada una de ustedes, las promotoras, como para el desarrollo de los Puntos Violetas, para que a trav\u00e9s de la tecnolog\u00eda logremos mejorar la comunicaci\u00f3n y el trabajo en red que tanto necesitamos\u201d.<\/p>\n\n\n\n<p>Por su parte, Estela D\u00edaz afirm\u00f3: \u201cHoy se les reconoce a ustedes tambi\u00e9n el derecho al acceso a la conectividad, para promover y defender derechos, porque sabemos que se ponen al hombro esta estrategia territorial tan importante de los Puntos Violetas y, de esta forma permiten que el Estado sea cada vez m\u00e1s eficaz con la tarea que llevan adelante\u201d.<\/p>\n\n\n\n<p>Gracias a la implementaci\u00f3n de las tablets, las promotoras tendr\u00e1n mayores herramientas para facilitar la tarea de promoci\u00f3n de derechos, acceso a la informaci\u00f3n y ampliaci\u00f3n de la participaci\u00f3n social de las comunidades. As\u00ed mismo, recibir\u00e1n capacitaciones para aprender a aplicar las herramientas tecnol\u00f3gicas a cada uno de los procesos que lleven adelante.<\/p>\n\n\n\n<p>Una de las acciones m\u00e1s importantes, impulsadas por el Estado local en materia de prevenci\u00f3n de las violencias, son los espacios de primera escucha, contenci\u00f3n, orientaci\u00f3n y derivaci\u00f3n para prevenir las violencias de g\u00e9nero, denominados \u201cPuntos Violetas\u201d, a cargo de las promotoras territoriales de G\u00e9nero y Diversidad \u201cMicaela Garc\u00eda\u201d. De esta manera, las promotoras se convierten en eslabones claves de una estrategia de abordaje integral de las violencias por motivos de g\u00e9nero que tenga en cuenta la realidad de cada lugar. Adem\u00e1s, gracias a ellas el Estado puede llegar a parajes y barrios donde, de otro modo, no podr\u00eda llegar.<\/p>\n\n\n\n<p>Actualmente, el Municipio de Moreno cuenta con m\u00e1s de 60 Puntos Violetas distribuidos en distintas zonas del territorio y m\u00e1s de 1770 promotoras, formadas que brindan atenci\u00f3n, asesoramiento y contenci\u00f3n en cada uno de los espacios de primera escucha.<\/p>\n\n\n\n<p>Durante la jornada tambi\u00e9n estuvieron presentes la secretaria de Pol\u00edticas contra las Violencias por Razones de G\u00e9nero de la Naci\u00f3n, Josefina Kelly; la secretaria de Pol\u00edticas contra las Violencias por Razones de G\u00e9nero de la Provincia, Flavia Delmas; la secretaria de Mujeres, G\u00e9neros y Diversidades del Municipio, Gisele Coronel; la directora de Articulaci\u00f3n Territorial para la Asistencia y Atenci\u00f3n a las V\u00edctimas, Sibila Boti; la coordinadora del programa \u00abAcercar Derechos\u00bb, Roc\u00edo Di Bastiano; y autoridades municipales.<\/p>\n\n\n\n<p>Las personas que quieran realizar consultas o recibir asesoramiento con respecto a violencias de g\u00e9neros, puedan hacerlo enviando un mail al correo secmujeresgenerosdiversidad@moreno.gov.ar, acerc\u00e1ndose a la Subsecretar\u00eda de Asistencia y Protecci\u00f3n Integral, ubicada en Av. Hip\u00f3lito Yrigoyen 70, de lunes a viernes de 8 a 16 horas. Tambi\u00e9n a trav\u00e9s del tel\u00e9fono (0237) 466-6483 o el WhatsApp 237-410-5940.<\/p>\n","protected":false},"excerpt":{"rendered":"<p>La intendenta de Moreno, Mariel Fern\u00e1ndez, junto a la Ministra de las Mujeres, Pol\u00edticas de G\u00e9nero y Diversidad Sexual de<\/p>\n","protected":false},"author":3,"featured_media":2347,"comment_status":"closed","ping_status":"closed","sticky":false,"template":"","format":"standard","meta":{"colormag_page_container_layout":"default_layout","colormag_page_sidebar_layout":"default_layout","footnotes":""},"categories":[5,1,14],"tags":[50],"class_list":["post-2355","post","type-post","status-publish","format-standard","has-post-thumbnail","hentry","category-1ra-seccion","category-destacadas","category-politica","tag-municipalidad-de-moreno"],"yoast_head":"<!-- This site is optimized with the Yoast SEO plugin v27.4 - https:\/\/yoast.com\/product\/yoast-seo-wordpress\/ -->\n<title>Mariel Fern\u00e1ndez y Estela D\u00edaz entregaron 250 tablets a promotoras territoriales \u201cMicaela Garc\u00eda\u201d - InfoPBA247<\/title>\n<meta name=\"robots\" content=\"index, follow, max-snippet:-1, max-image-preview:large, max-video-preview:-1\" \/>\n<link rel=\"canonical\" href=\"https:\/\/infopba247.com.ar\/index.php\/2023\/09\/21\/mariel-fernandez-y-estela-diaz-entregaron-250-tablets-a-promotoras-territoriales-micaela-garcia\/\" \/>\n<meta property=\"og:locale\" content=\"es_ES\" \/>\n<meta property=\"og:type\" content=\"article\" \/>\n<meta property=\"og:title\" content=\"Mariel Fern\u00e1ndez y Estela D\u00edaz entregaron 250 tablets a promotoras territoriales \u201cMicaela Garc\u00eda\u201d - InfoPBA247\" \/>\n<meta property=\"og:description\" content=\"La intendenta de Moreno, Mariel Fern\u00e1ndez, junto a la Ministra de las Mujeres, Pol\u00edticas de G\u00e9nero y Diversidad Sexual de\" \/>\n<meta property=\"og:url\" content=\"https:\/\/infopba247.com.ar\/index.php\/2023\/09\/21\/mariel-fernandez-y-estela-diaz-entregaron-250-tablets-a-promotoras-territoriales-micaela-garcia\/\" \/>\n<meta property=\"og:site_name\" content=\"InfoPBA247\" \/>\n<meta property=\"article:publisher\" content=\"https:\/\/www.facebook.com\/InfoPBA\" \/>\n<meta property=\"article:published_time\" content=\"2023-09-21T13:10:49+00:00\" \/>\n<meta property=\"article:modified_time\" content=\"2023-09-25T14:28:02+00:00\" \/>\n<meta property=\"og:image\" content=\"https:\/\/infopba247.com.ar\/wp-content\/uploads\/2023\/09\/WhatsApp-Image-2023-09-19-at-11.50.17-AM.jpeg\" \/>\n\t<meta property=\"og:image:width\" content=\"1600\" \/>\n\t<meta property=\"og:image:height\" content=\"1069\" \/>\n\t<meta property=\"og:image:type\" content=\"image\/jpeg\" \/>\n<meta name=\"author\" content=\"Editor\" \/>\n<meta name=\"twitter:card\" content=\"summary_large_image\" \/>\n<meta name=\"twitter:label1\" content=\"Escrito por\" \/>\n\t<meta name=\"twitter:data1\" content=\"Editor\" \/>\n\t<meta name=\"twitter:label2\" content=\"Tiempo de lectura\" \/>\n\t<meta name=\"twitter:data2\" content=\"3 minutos\" \/>\n<script type=\"application\/ld+json\" class=\"yoast-schema-graph\">{\"@context\":\"https:\\\/\\\/schema.org\",\"@graph\":[{\"@type\":\"Article\",\"@id\":\"https:\\\/\\\/infopba247.com.ar\\\/index.php\\\/2023\\\/09\\\/21\\\/mariel-fernandez-y-estela-diaz-entregaron-250-tablets-a-promotoras-territoriales-micaela-garcia\\\/#article\",\"isPartOf\":{\"@id\":\"https:\\\/\\\/infopba247.com.ar\\\/index.php\\\/2023\\\/09\\\/21\\\/mariel-fernandez-y-estela-diaz-entregaron-250-tablets-a-promotoras-territoriales-micaela-garcia\\\/\"},\"author\":{\"name\":\"Editor\",\"@id\":\"https:\\\/\\\/infopba247.com.ar\\\/#\\\/schema\\\/person\\\/4975f1343a413e57bf839b3eed0099f2\"},\"headline\":\"Mariel Fern\u00e1ndez y Estela D\u00edaz entregaron 250 tablets a promotoras territoriales \u201cMicaela Garc\u00eda\u201d\",\"datePublished\":\"2023-09-21T13:10:49+00:00\",\"dateModified\":\"2023-09-25T14:28:02+00:00\",\"mainEntityOfPage\":{\"@id\":\"https:\\\/\\\/infopba247.com.ar\\\/index.php\\\/2023\\\/09\\\/21\\\/mariel-fernandez-y-estela-diaz-entregaron-250-tablets-a-promotoras-territoriales-micaela-garcia\\\/\"},\"wordCount\":658,\"publisher\":{\"@id\":\"https:\\\/\\\/infopba247.com.ar\\\/#organization\"},\"image\":{\"@id\":\"https:\\\/\\\/infopba247.com.ar\\\/index.php\\\/2023\\\/09\\\/21\\\/mariel-fernandez-y-estela-diaz-entregaron-250-tablets-a-promotoras-territoriales-micaela-garcia\\\/#primaryimage\"},\"thumbnailUrl\":\"https:\\\/\\\/infopba247.com.ar\\\/wp-content\\\/uploads\\\/2023\\\/09\\\/WhatsApp-Image-2023-09-19-at-11.50.17-AM.jpeg\",\"keywords\":[\"Municipalidad de Moreno\"],\"articleSection\":[\"1ra Secci\u00f3n\",\"Destacadas\",\"Pol\u00edtica\"],\"inLanguage\":\"es\"},{\"@type\":\"WebPage\",\"@id\":\"https:\\\/\\\/infopba247.com.ar\\\/index.php\\\/2023\\\/09\\\/21\\\/mariel-fernandez-y-estela-diaz-entregaron-250-tablets-a-promotoras-territoriales-micaela-garcia\\\/\",\"url\":\"https:\\\/\\\/infopba247.com.ar\\\/index.php\\\/2023\\\/09\\\/21\\\/mariel-fernandez-y-estela-diaz-entregaron-250-tablets-a-promotoras-territoriales-micaela-garcia\\\/\",\"name\":\"Mariel Fern\u00e1ndez y Estela D\u00edaz entregaron 250 tablets a promotoras territoriales \u201cMicaela Garc\u00eda\u201d - InfoPBA247\",\"isPartOf\":{\"@id\":\"https:\\\/\\\/infopba247.com.ar\\\/#website\"},\"primaryImageOfPage\":{\"@id\":\"https:\\\/\\\/infopba247.com.ar\\\/index.php\\\/2023\\\/09\\\/21\\\/mariel-fernandez-y-estela-diaz-entregaron-250-tablets-a-promotoras-territoriales-micaela-garcia\\\/#primaryimage\"},\"image\":{\"@id\":\"https:\\\/\\\/infopba247.com.ar\\\/index.php\\\/2023\\\/09\\\/21\\\/mariel-fernandez-y-estela-diaz-entregaron-250-tablets-a-promotoras-territoriales-micaela-garcia\\\/#primaryimage\"},\"thumbnailUrl\":\"https:\\\/\\\/infopba247.com.ar\\\/wp-content\\\/uploads\\\/2023\\\/09\\\/WhatsApp-Image-2023-09-19-at-11.50.17-AM.jpeg\",\"datePublished\":\"2023-09-21T13:10:49+00:00\",\"dateModified\":\"2023-09-25T14:28:02+00:00\",\"breadcrumb\":{\"@id\":\"https:\\\/\\\/infopba247.com.ar\\\/index.php\\\/2023\\\/09\\\/21\\\/mariel-fernandez-y-estela-diaz-entregaron-250-tablets-a-promotoras-territoriales-micaela-garcia\\\/#breadcrumb\"},\"inLanguage\":\"es\",\"potentialAction\":[{\"@type\":\"ReadAction\",\"target\":[\"https:\\\/\\\/infopba247.com.ar\\\/index.php\\\/2023\\\/09\\\/21\\\/mariel-fernandez-y-estela-diaz-entregaron-250-tablets-a-promotoras-territoriales-micaela-garcia\\\/\"]}]},{\"@type\":\"ImageObject\",\"inLanguage\":\"es\",\"@id\":\"https:\\\/\\\/infopba247.com.ar\\\/index.php\\\/2023\\\/09\\\/21\\\/mariel-fernandez-y-estela-diaz-entregaron-250-tablets-a-promotoras-territoriales-micaela-garcia\\\/#primaryimage\",\"url\":\"https:\\\/\\\/infopba247.com.ar\\\/wp-content\\\/uploads\\\/2023\\\/09\\\/WhatsApp-Image-2023-09-19-at-11.50.17-AM.jpeg\",\"contentUrl\":\"https:\\\/\\\/infopba247.com.ar\\\/wp-content\\\/uploads\\\/2023\\\/09\\\/WhatsApp-Image-2023-09-19-at-11.50.17-AM.jpeg\",\"width\":1600,\"height\":1069},{\"@type\":\"BreadcrumbList\",\"@id\":\"https:\\\/\\\/infopba247.com.ar\\\/index.php\\\/2023\\\/09\\\/21\\\/mariel-fernandez-y-estela-diaz-entregaron-250-tablets-a-promotoras-territoriales-micaela-garcia\\\/#breadcrumb\",\"itemListElement\":[{\"@type\":\"ListItem\",\"position\":1,\"name\":\"Portada\",\"item\":\"https:\\\/\\\/infopba247.com.ar\\\/\"},{\"@type\":\"ListItem\",\"position\":2,\"name\":\"Mariel Fern\u00e1ndez y Estela D\u00edaz entregaron 250 tablets a promotoras territoriales \u201cMicaela Garc\u00eda\u201d\"}]},{\"@type\":\"WebSite\",\"@id\":\"https:\\\/\\\/infopba247.com.ar\\\/#website\",\"url\":\"https:\\\/\\\/infopba247.com.ar\\\/\",\"name\":\"InfoPBA247\",\"description\":\"Toda la actualidad bonaerense\",\"publisher\":{\"@id\":\"https:\\\/\\\/infopba247.com.ar\\\/#organization\"},\"potentialAction\":[{\"@type\":\"SearchAction\",\"target\":{\"@type\":\"EntryPoint\",\"urlTemplate\":\"https:\\\/\\\/infopba247.com.ar\\\/?s={search_term_string}\"},\"query-input\":{\"@type\":\"PropertyValueSpecification\",\"valueRequired\":true,\"valueName\":\"search_term_string\"}}],\"inLanguage\":\"es\"},{\"@type\":\"Organization\",\"@id\":\"https:\\\/\\\/infopba247.com.ar\\\/#organization\",\"name\":\"InfoPBA247\",\"url\":\"https:\\\/\\\/infopba247.com.ar\\\/\",\"logo\":{\"@type\":\"ImageObject\",\"inLanguage\":\"es\",\"@id\":\"https:\\\/\\\/infopba247.com.ar\\\/#\\\/schema\\\/logo\\\/image\\\/\",\"url\":\"https:\\\/\\\/infopba247.com.ar\\\/wp-content\\\/uploads\\\/2022\\\/03\\\/cropped-InfoPBA247-1.png\",\"contentUrl\":\"https:\\\/\\\/infopba247.com.ar\\\/wp-content\\\/uploads\\\/2022\\\/03\\\/cropped-InfoPBA247-1.png\",\"width\":500,\"height\":122,\"caption\":\"InfoPBA247\"},\"image\":{\"@id\":\"https:\\\/\\\/infopba247.com.ar\\\/#\\\/schema\\\/logo\\\/image\\\/\"},\"sameAs\":[\"https:\\\/\\\/www.facebook.com\\\/InfoPBA\"]},{\"@type\":\"Person\",\"@id\":\"https:\\\/\\\/infopba247.com.ar\\\/#\\\/schema\\\/person\\\/4975f1343a413e57bf839b3eed0099f2\",\"name\":\"Editor\",\"image\":{\"@type\":\"ImageObject\",\"inLanguage\":\"es\",\"@id\":\"https:\\\/\\\/secure.gravatar.com\\\/avatar\\\/d27fe9520667ca53441d36627a1d6b0fa4a813571ec4803687a7a3a7744685ac?s=96&d=mm&r=g\",\"url\":\"https:\\\/\\\/secure.gravatar.com\\\/avatar\\\/d27fe9520667ca53441d36627a1d6b0fa4a813571ec4803687a7a3a7744685ac?s=96&d=mm&r=g\",\"contentUrl\":\"https:\\\/\\\/secure.gravatar.com\\\/avatar\\\/d27fe9520667ca53441d36627a1d6b0fa4a813571ec4803687a7a3a7744685ac?s=96&d=mm&r=g\",\"caption\":\"Editor\"},\"url\":\"https:\\\/\\\/infopba247.com.ar\\\/index.php\\\/author\\\/editor\\\/\"}]}<\/script>\n<!-- \/ Yoast SEO plugin. -->","yoast_head_json":{"title":"Mariel Fern\u00e1ndez y Estela D\u00edaz entregaron 250 tablets a promotoras territoriales \u201cMicaela Garc\u00eda\u201d - InfoPBA247","robots":{"index":"index","follow":"follow","max-snippet":"max-snippet:-1","max-image-preview":"max-image-preview:large","max-video-preview":"max-video-preview:-1"},"canonical":"https:\/\/infopba247.com.ar\/index.php\/2023\/09\/21\/mariel-fernandez-y-estela-diaz-entregaron-250-tablets-a-promotoras-territoriales-micaela-garcia\/","og_locale":"es_ES","og_type":"article","og_title":"Mariel Fern\u00e1ndez y Estela D\u00edaz entregaron 250 tablets a promotoras territoriales \u201cMicaela Garc\u00eda\u201d - InfoPBA247","og_description":"La intendenta de Moreno, Mariel Fern\u00e1ndez, junto a la Ministra de las Mujeres, Pol\u00edticas de G\u00e9nero y Diversidad Sexual de","og_url":"https:\/\/infopba247.com.ar\/index.php\/2023\/09\/21\/mariel-fernandez-y-estela-diaz-entregaron-250-tablets-a-promotoras-territoriales-micaela-garcia\/","og_site_name":"InfoPBA247","article_publisher":"https:\/\/www.facebook.com\/InfoPBA","article_published_time":"2023-09-21T13:10:49+00:00","article_modified_time":"2023-09-25T14:28:02+00:00","og_image":[{"width":1600,"height":1069,"url":"https:\/\/infopba247.com.ar\/wp-content\/uploads\/2023\/09\/WhatsApp-Image-2023-09-19-at-11.50.17-AM.jpeg","type":"image\/jpeg"}],"author":"Editor","twitter_card":"summary_large_image","twitter_misc":{"Escrito por":"Editor","Tiempo de lectura":"3 minutos"},"schema":{"@context":"https:\/\/schema.org","@graph":[{"@type":"Article","@id":"https:\/\/infopba247.com.ar\/index.php\/2023\/09\/21\/mariel-fernandez-y-estela-diaz-entregaron-250-tablets-a-promotoras-territoriales-micaela-garcia\/#article","isPartOf":{"@id":"https:\/\/infopba247.com.ar\/index.php\/2023\/09\/21\/mariel-fernandez-y-estela-diaz-entregaron-250-tablets-a-promotoras-territoriales-micaela-garcia\/"},"author":{"name":"Editor","@id":"https:\/\/infopba247.com.ar\/#\/schema\/person\/4975f1343a413e57bf839b3eed0099f2"},"headline":"Mariel Fern\u00e1ndez y Estela D\u00edaz entregaron 250 tablets a promotoras territoriales \u201cMicaela Garc\u00eda\u201d","datePublished":"2023-09-21T13:10:49+00:00","dateModified":"2023-09-25T14:28:02+00:00","mainEntityOfPage":{"@id":"https:\/\/infopba247.com.ar\/index.php\/2023\/09\/21\/mariel-fernandez-y-estela-diaz-entregaron-250-tablets-a-promotoras-territoriales-micaela-garcia\/"},"wordCount":658,"publisher":{"@id":"https:\/\/infopba247.com.ar\/#organization"},"image":{"@id":"https:\/\/infopba247.com.ar\/index.php\/2023\/09\/21\/mariel-fernandez-y-estela-diaz-entregaron-250-tablets-a-promotoras-territoriales-micaela-garcia\/#primaryimage"},"thumbnailUrl":"https:\/\/infopba247.com.ar\/wp-content\/uploads\/2023\/09\/WhatsApp-Image-2023-09-19-at-11.50.17-AM.jpeg","keywords":["Municipalidad de Moreno"],"articleSection":["1ra Secci\u00f3n","Destacadas","Pol\u00edtica"],"inLanguage":"es"},{"@type":"WebPage","@id":"https:\/\/infopba247.com.ar\/index.php\/2023\/09\/21\/mariel-fernandez-y-estela-diaz-entregaron-250-tablets-a-promotoras-territoriales-micaela-garcia\/","url":"https:\/\/infopba247.com.ar\/index.php\/2023\/09\/21\/mariel-fernandez-y-estela-diaz-entregaron-250-tablets-a-promotoras-territoriales-micaela-garcia\/","name":"Mariel Fern\u00e1ndez y Estela D\u00edaz entregaron 250 tablets a promotoras territoriales \u201cMicaela Garc\u00eda\u201d - InfoPBA247","isPartOf":{"@id":"https:\/\/infopba247.com.ar\/#website"},"primaryImageOfPage":{"@id":"https:\/\/infopba247.com.ar\/index.php\/2023\/09\/21\/mariel-fernandez-y-estela-diaz-entregaron-250-tablets-a-promotoras-territoriales-micaela-garcia\/#primaryimage"},"image":{"@id":"https:\/\/infopba247.com.ar\/index.php\/2023\/09\/21\/mariel-fernandez-y-estela-diaz-entregaron-250-tablets-a-promotoras-territoriales-micaela-garcia\/#primaryimage"},"thumbnailUrl":"https:\/\/infopba247.com.ar\/wp-content\/uploads\/2023\/09\/WhatsApp-Image-2023-09-19-at-11.50.17-AM.jpeg","datePublished":"2023-09-21T13:10:49+00:00","dateModified":"2023-09-25T14:28:02+00:00","breadcrumb":{"@id":"https:\/\/infopba247.com.ar\/index.php\/2023\/09\/21\/mariel-fernandez-y-estela-diaz-entregaron-250-tablets-a-promotoras-territoriales-micaela-garcia\/#breadcrumb"},"inLanguage":"es","potentialAction":[{"@type":"ReadAction","target":["https:\/\/infopba247.com.ar\/index.php\/2023\/09\/21\/mariel-fernandez-y-estela-diaz-entregaron-250-tablets-a-promotoras-territoriales-micaela-garcia\/"]}]},{"@type":"ImageObject","inLanguage":"es","@id":"https:\/\/infopba247.com.ar\/index.php\/2023\/09\/21\/mariel-fernandez-y-estela-diaz-entregaron-250-tablets-a-promotoras-territoriales-micaela-garcia\/#primaryimage","url":"https:\/\/infopba247.com.ar\/wp-content\/uploads\/2023\/09\/WhatsApp-Image-2023-09-19-at-11.50.17-AM.jpeg","contentUrl":"https:\/\/infopba247.com.ar\/wp-content\/uploads\/2023\/09\/WhatsApp-Image-2023-09-19-at-11.50.17-AM.jpeg","width":1600,"height":1069},{"@type":"BreadcrumbList","@id":"https:\/\/infopba247.com.ar\/index.php\/2023\/09\/21\/mariel-fernandez-y-estela-diaz-entregaron-250-tablets-a-promotoras-territoriales-micaela-garcia\/#breadcrumb","itemListElement":[{"@type":"ListItem","position":1,"name":"Portada","item":"https:\/\/infopba247.com.ar\/"},{"@type":"ListItem","position":2,"name":"Mariel Fern\u00e1ndez y Estela D\u00edaz entregaron 250 tablets a promotoras territoriales \u201cMicaela Garc\u00eda\u201d"}]},{"@type":"WebSite","@id":"https:\/\/infopba247.com.ar\/#website","url":"https:\/\/infopba247.com.ar\/","name":"InfoPBA247","description":"Toda la actualidad bonaerense","publisher":{"@id":"https:\/\/infopba247.com.ar\/#organization"},"potentialAction":[{"@type":"SearchAction","target":{"@type":"EntryPoint","urlTemplate":"https:\/\/infopba247.com.ar\/?s={search_term_string}"},"query-input":{"@type":"PropertyValueSpecification","valueRequired":true,"valueName":"search_term_string"}}],"inLanguage":"es"},{"@type":"Organization","@id":"https:\/\/infopba247.com.ar\/#organization","name":"InfoPBA247","url":"https:\/\/infopba247.com.ar\/","logo":{"@type":"ImageObject","inLanguage":"es","@id":"https:\/\/infopba247.com.ar\/#\/schema\/logo\/image\/","url":"https:\/\/infopba247.com.ar\/wp-content\/uploads\/2022\/03\/cropped-InfoPBA247-1.png","contentUrl":"https:\/\/infopba247.com.ar\/wp-content\/uploads\/2022\/03\/cropped-InfoPBA247-1.png","width":500,"height":122,"caption":"InfoPBA247"},"image":{"@id":"https:\/\/infopba247.com.ar\/#\/schema\/logo\/image\/"},"sameAs":["https:\/\/www.facebook.com\/InfoPBA"]},{"@type":"Person","@id":"https:\/\/infopba247.com.ar\/#\/schema\/person\/4975f1343a413e57bf839b3eed0099f2","name":"Editor","image":{"@type":"ImageObject","inLanguage":"es","@id":"https:\/\/secure.gravatar.com\/avatar\/d27fe9520667ca53441d36627a1d6b0fa4a813571ec4803687a7a3a7744685ac?s=96&d=mm&r=g","url":"https:\/\/secure.gravatar.com\/avatar\/d27fe9520667ca53441d36627a1d6b0fa4a813571ec4803687a7a3a7744685ac?s=96&d=mm&r=g","contentUrl":"https:\/\/secure.gravatar.com\/avatar\/d27fe9520667ca53441d36627a1d6b0fa4a813571ec4803687a7a3a7744685ac?s=96&d=mm&r=g","caption":"Editor"},"url":"https:\/\/infopba247.com.ar\/index.php\/author\/editor\/"}]}},"_links":{"self":[{"href":"https:\/\/infopba247.com.ar\/index.php\/wp-json\/wp\/v2\/posts\/2355","targetHints":{"allow":["GET"]}}],"collection":[{"href":"https:\/\/infopba247.com.ar\/index.php\/wp-json\/wp\/v2\/posts"}],"about":[{"href":"https:\/\/infopba247.com.ar\/index.php\/wp-json\/wp\/v2\/types\/post"}],"author":[{"embeddable":true,"href":"https:\/\/infopba247.com.ar\/index.php\/wp-json\/wp\/v2\/users\/3"}],"replies":[{"embeddable":true,"href":"https:\/\/infopba247.com.ar\/index.php\/wp-json\/wp\/v2\/comments?post=2355"}],"version-history":[{"count":2,"href":"https:\/\/infopba247.com.ar\/index.php\/wp-json\/wp\/v2\/posts\/2355\/revisions"}],"predecessor-version":[{"id":2360,"href":"https:\/\/infopba247.com.ar\/index.php\/wp-json\/wp\/v2\/posts\/2355\/revisions\/2360"}],"wp:featuredmedia":[{"embeddable":true,"href":"https:\/\/infopba247.com.ar\/index.php\/wp-json\/wp\/v2\/media\/2347"}],"wp:attachment":[{"href":"https:\/\/infopba247.com.ar\/index.php\/wp-json\/wp\/v2\/media?parent=2355"}],"wp:term":[{"taxonomy":"category","embeddable":true,"href":"https:\/\/infopba247.com.ar\/index.php\/wp-json\/wp\/v2\/categories?post=2355"},{"taxonomy":"post_tag","embeddable":true,"href":"https:\/\/infopba247.com.ar\/index.php\/wp-json\/wp\/v2\/tags?post=2355"}],"curies":[{"name":"wp","href":"https:\/\/api.w.org\/{rel}","templated":true}]}}