{"id":2343,"date":"2023-09-19T08:44:00","date_gmt":"2023-09-19T11:44:00","guid":{"rendered":"https:\/\/infopba247.com.ar\/?p=2343"},"modified":"2023-09-20T08:45:21","modified_gmt":"2023-09-20T11:45:21","slug":"el-municipio-prepara-un-festejo-imperdible-para-recibir-la-primavera-en-plaza-malvinas","status":"publish","type":"post","link":"https:\/\/infopba247.com.ar\/index.php\/2023\/09\/19\/el-municipio-prepara-un-festejo-imperdible-para-recibir-la-primavera-en-plaza-malvinas\/","title":{"rendered":"El Municipio prepara un festejo imperdible para recibir la primavera en Plaza Malvinas"},"content":{"rendered":"\n<p>La Municipalidad de La Plata program\u00f3 actividades culturales y recreativas para celebrar el D\u00eda de la Primavera. Habr\u00e1 m\u00fasica en vivo, DJ, talleres para la juventud, un paseo gastron\u00f3mico y m\u00e1s atracciones para toda la familia.<\/p>\n\n\n\n<p>La iniciativa tendr\u00e1 lugar este jueves 21 de septiembre desde las 14:00 en Plaza Malvinas, donde bandas y artistas locales de distintos estilos desplegar\u00e1n todo su talento y DJ musicalizar\u00e1n la jornada.<\/p>\n\n\n\n<p>\u201cComo todos los a\u00f1os, queremos que el D\u00eda de la Primavera sea un momento de encuentro entre familias, amigos, artistas y emprendedores de la ciudad\u201d, explic\u00f3 el secretario de Cultura y Educaci\u00f3n de la Comuna, Martiniano Ferrer Picado.<\/p>\n\n\n\n<p>Durante el evento, en el emblem\u00e1tico espacio verde de 20 y 50 tambi\u00e9n habr\u00e1 una competencia de freestyle y un completo paseo de comidas en el que los vecinos ser\u00e1n invitados a degustar deliciosos platos de la gastronom\u00eda platense.<\/p>\n\n\n\n<p>A su vez, se implementar\u00e1n talleres sobre diversas tem\u00e1ticas, pensados especialmente para los j\u00f3venes.<\/p>\n\n\n\n<p>Adem\u00e1s, los m\u00e1s chicos podr\u00e1n disfrutar del flamante patio de juegos que el Municipio inaugur\u00f3 el \u00faltimo mes, que cuenta con subibajas, escaladores, hamacas convencionales e integradoras y un imponente barco que replica al ARA Belgrano.<\/p>\n","protected":false},"excerpt":{"rendered":"<p>La Municipalidad de La Plata program\u00f3 actividades culturales y recreativas para celebrar el D\u00eda de la Primavera. Habr\u00e1 m\u00fasica en<\/p>\n","protected":false},"author":3,"featured_media":2344,"comment_status":"closed","ping_status":"closed","sticky":false,"template":"","format":"standard","meta":{"colormag_page_container_layout":"default_layout","colormag_page_sidebar_layout":"default_layout","footnotes":""},"categories":[12,1,14],"tags":[],"class_list":["post-2343","post","type-post","status-publish","format-standard","has-post-thumbnail","hentry","category-8va-seccion","category-destacadas","category-politica"],"yoast_head":"<!-- This site is optimized with the Yoast SEO plugin v27.4 - https:\/\/yoast.com\/product\/yoast-seo-wordpress\/ -->\n<title>El Municipio prepara un festejo imperdible para recibir la primavera en Plaza Malvinas - InfoPBA247<\/title>\n<meta name=\"robots\" content=\"index, follow, max-snippet:-1, max-image-preview:large, max-video-preview:-1\" \/>\n<link rel=\"canonical\" href=\"https:\/\/infopba247.com.ar\/index.php\/2023\/09\/19\/el-municipio-prepara-un-festejo-imperdible-para-recibir-la-primavera-en-plaza-malvinas\/\" \/>\n<meta property=\"og:locale\" content=\"es_ES\" \/>\n<meta property=\"og:type\" content=\"article\" \/>\n<meta property=\"og:title\" content=\"El Municipio prepara un festejo imperdible para recibir la primavera en Plaza Malvinas - InfoPBA247\" \/>\n<meta property=\"og:description\" content=\"La Municipalidad de La Plata program\u00f3 actividades culturales y recreativas para celebrar el D\u00eda de la Primavera. Habr\u00e1 m\u00fasica en\" \/>\n<meta property=\"og:url\" content=\"https:\/\/infopba247.com.ar\/index.php\/2023\/09\/19\/el-municipio-prepara-un-festejo-imperdible-para-recibir-la-primavera-en-plaza-malvinas\/\" \/>\n<meta property=\"og:site_name\" content=\"InfoPBA247\" \/>\n<meta property=\"article:publisher\" content=\"https:\/\/www.facebook.com\/InfoPBA\" \/>\n<meta property=\"article:published_time\" content=\"2023-09-19T11:44:00+00:00\" \/>\n<meta property=\"article:modified_time\" content=\"2023-09-20T11:45:21+00:00\" \/>\n<meta property=\"og:image\" content=\"https:\/\/infopba247.com.ar\/wp-content\/uploads\/2023\/09\/unnamed-1.png\" \/>\n\t<meta property=\"og:image:width\" content=\"1920\" \/>\n\t<meta property=\"og:image:height\" content=\"1080\" \/>\n\t<meta property=\"og:image:type\" content=\"image\/png\" \/>\n<meta name=\"author\" content=\"Editor\" \/>\n<meta name=\"twitter:card\" content=\"summary_large_image\" \/>\n<meta name=\"twitter:label1\" content=\"Escrito por\" \/>\n\t<meta name=\"twitter:data1\" content=\"Editor\" \/>\n\t<meta name=\"twitter:label2\" content=\"Tiempo de lectura\" \/>\n\t<meta name=\"twitter:data2\" content=\"1 minuto\" \/>\n<script type=\"application\/ld+json\" class=\"yoast-schema-graph\">{\"@context\":\"https:\\\/\\\/schema.org\",\"@graph\":[{\"@type\":\"Article\",\"@id\":\"https:\\\/\\\/infopba247.com.ar\\\/index.php\\\/2023\\\/09\\\/19\\\/el-municipio-prepara-un-festejo-imperdible-para-recibir-la-primavera-en-plaza-malvinas\\\/#article\",\"isPartOf\":{\"@id\":\"https:\\\/\\\/infopba247.com.ar\\\/index.php\\\/2023\\\/09\\\/19\\\/el-municipio-prepara-un-festejo-imperdible-para-recibir-la-primavera-en-plaza-malvinas\\\/\"},\"author\":{\"name\":\"Editor\",\"@id\":\"https:\\\/\\\/infopba247.com.ar\\\/#\\\/schema\\\/person\\\/4975f1343a413e57bf839b3eed0099f2\"},\"headline\":\"El Municipio prepara un festejo imperdible para recibir la primavera en Plaza Malvinas\",\"datePublished\":\"2023-09-19T11:44:00+00:00\",\"dateModified\":\"2023-09-20T11:45:21+00:00\",\"mainEntityOfPage\":{\"@id\":\"https:\\\/\\\/infopba247.com.ar\\\/index.php\\\/2023\\\/09\\\/19\\\/el-municipio-prepara-un-festejo-imperdible-para-recibir-la-primavera-en-plaza-malvinas\\\/\"},\"wordCount\":223,\"publisher\":{\"@id\":\"https:\\\/\\\/infopba247.com.ar\\\/#organization\"},\"image\":{\"@id\":\"https:\\\/\\\/infopba247.com.ar\\\/index.php\\\/2023\\\/09\\\/19\\\/el-municipio-prepara-un-festejo-imperdible-para-recibir-la-primavera-en-plaza-malvinas\\\/#primaryimage\"},\"thumbnailUrl\":\"https:\\\/\\\/infopba247.com.ar\\\/wp-content\\\/uploads\\\/2023\\\/09\\\/unnamed-1.png\",\"articleSection\":[\"8va Secci\u00f3n\",\"Destacadas\",\"Pol\u00edtica\"],\"inLanguage\":\"es\"},{\"@type\":\"WebPage\",\"@id\":\"https:\\\/\\\/infopba247.com.ar\\\/index.php\\\/2023\\\/09\\\/19\\\/el-municipio-prepara-un-festejo-imperdible-para-recibir-la-primavera-en-plaza-malvinas\\\/\",\"url\":\"https:\\\/\\\/infopba247.com.ar\\\/index.php\\\/2023\\\/09\\\/19\\\/el-municipio-prepara-un-festejo-imperdible-para-recibir-la-primavera-en-plaza-malvinas\\\/\",\"name\":\"El Municipio prepara un festejo imperdible para recibir la primavera en Plaza Malvinas - InfoPBA247\",\"isPartOf\":{\"@id\":\"https:\\\/\\\/infopba247.com.ar\\\/#website\"},\"primaryImageOfPage\":{\"@id\":\"https:\\\/\\\/infopba247.com.ar\\\/index.php\\\/2023\\\/09\\\/19\\\/el-municipio-prepara-un-festejo-imperdible-para-recibir-la-primavera-en-plaza-malvinas\\\/#primaryimage\"},\"image\":{\"@id\":\"https:\\\/\\\/infopba247.com.ar\\\/index.php\\\/2023\\\/09\\\/19\\\/el-municipio-prepara-un-festejo-imperdible-para-recibir-la-primavera-en-plaza-malvinas\\\/#primaryimage\"},\"thumbnailUrl\":\"https:\\\/\\\/infopba247.com.ar\\\/wp-content\\\/uploads\\\/2023\\\/09\\\/unnamed-1.png\",\"datePublished\":\"2023-09-19T11:44:00+00:00\",\"dateModified\":\"2023-09-20T11:45:21+00:00\",\"breadcrumb\":{\"@id\":\"https:\\\/\\\/infopba247.com.ar\\\/index.php\\\/2023\\\/09\\\/19\\\/el-municipio-prepara-un-festejo-imperdible-para-recibir-la-primavera-en-plaza-malvinas\\\/#breadcrumb\"},\"inLanguage\":\"es\",\"potentialAction\":[{\"@type\":\"ReadAction\",\"target\":[\"https:\\\/\\\/infopba247.com.ar\\\/index.php\\\/2023\\\/09\\\/19\\\/el-municipio-prepara-un-festejo-imperdible-para-recibir-la-primavera-en-plaza-malvinas\\\/\"]}]},{\"@type\":\"ImageObject\",\"inLanguage\":\"es\",\"@id\":\"https:\\\/\\\/infopba247.com.ar\\\/index.php\\\/2023\\\/09\\\/19\\\/el-municipio-prepara-un-festejo-imperdible-para-recibir-la-primavera-en-plaza-malvinas\\\/#primaryimage\",\"url\":\"https:\\\/\\\/infopba247.com.ar\\\/wp-content\\\/uploads\\\/2023\\\/09\\\/unnamed-1.png\",\"contentUrl\":\"https:\\\/\\\/infopba247.com.ar\\\/wp-content\\\/uploads\\\/2023\\\/09\\\/unnamed-1.png\",\"width\":1920,\"height\":1080},{\"@type\":\"BreadcrumbList\",\"@id\":\"https:\\\/\\\/infopba247.com.ar\\\/index.php\\\/2023\\\/09\\\/19\\\/el-municipio-prepara-un-festejo-imperdible-para-recibir-la-primavera-en-plaza-malvinas\\\/#breadcrumb\",\"itemListElement\":[{\"@type\":\"ListItem\",\"position\":1,\"name\":\"Portada\",\"item\":\"https:\\\/\\\/infopba247.com.ar\\\/\"},{\"@type\":\"ListItem\",\"position\":2,\"name\":\"El Municipio prepara un festejo imperdible para recibir la primavera en Plaza Malvinas\"}]},{\"@type\":\"WebSite\",\"@id\":\"https:\\\/\\\/infopba247.com.ar\\\/#website\",\"url\":\"https:\\\/\\\/infopba247.com.ar\\\/\",\"name\":\"InfoPBA247\",\"description\":\"Toda la actualidad bonaerense\",\"publisher\":{\"@id\":\"https:\\\/\\\/infopba247.com.ar\\\/#organization\"},\"potentialAction\":[{\"@type\":\"SearchAction\",\"target\":{\"@type\":\"EntryPoint\",\"urlTemplate\":\"https:\\\/\\\/infopba247.com.ar\\\/?s={search_term_string}\"},\"query-input\":{\"@type\":\"PropertyValueSpecification\",\"valueRequired\":true,\"valueName\":\"search_term_string\"}}],\"inLanguage\":\"es\"},{\"@type\":\"Organization\",\"@id\":\"https:\\\/\\\/infopba247.com.ar\\\/#organization\",\"name\":\"InfoPBA247\",\"url\":\"https:\\\/\\\/infopba247.com.ar\\\/\",\"logo\":{\"@type\":\"ImageObject\",\"inLanguage\":\"es\",\"@id\":\"https:\\\/\\\/infopba247.com.ar\\\/#\\\/schema\\\/logo\\\/image\\\/\",\"url\":\"https:\\\/\\\/infopba247.com.ar\\\/wp-content\\\/uploads\\\/2022\\\/03\\\/cropped-InfoPBA247-1.png\",\"contentUrl\":\"https:\\\/\\\/infopba247.com.ar\\\/wp-content\\\/uploads\\\/2022\\\/03\\\/cropped-InfoPBA247-1.png\",\"width\":500,\"height\":122,\"caption\":\"InfoPBA247\"},\"image\":{\"@id\":\"https:\\\/\\\/infopba247.com.ar\\\/#\\\/schema\\\/logo\\\/image\\\/\"},\"sameAs\":[\"https:\\\/\\\/www.facebook.com\\\/InfoPBA\"]},{\"@type\":\"Person\",\"@id\":\"https:\\\/\\\/infopba247.com.ar\\\/#\\\/schema\\\/person\\\/4975f1343a413e57bf839b3eed0099f2\",\"name\":\"Editor\",\"image\":{\"@type\":\"ImageObject\",\"inLanguage\":\"es\",\"@id\":\"https:\\\/\\\/secure.gravatar.com\\\/avatar\\\/d27fe9520667ca53441d36627a1d6b0fa4a813571ec4803687a7a3a7744685ac?s=96&d=mm&r=g\",\"url\":\"https:\\\/\\\/secure.gravatar.com\\\/avatar\\\/d27fe9520667ca53441d36627a1d6b0fa4a813571ec4803687a7a3a7744685ac?s=96&d=mm&r=g\",\"contentUrl\":\"https:\\\/\\\/secure.gravatar.com\\\/avatar\\\/d27fe9520667ca53441d36627a1d6b0fa4a813571ec4803687a7a3a7744685ac?s=96&d=mm&r=g\",\"caption\":\"Editor\"},\"url\":\"https:\\\/\\\/infopba247.com.ar\\\/index.php\\\/author\\\/editor\\\/\"}]}<\/script>\n<!-- \/ Yoast SEO plugin. -->","yoast_head_json":{"title":"El Municipio prepara un festejo imperdible para recibir la primavera en Plaza Malvinas - InfoPBA247","robots":{"index":"index","follow":"follow","max-snippet":"max-snippet:-1","max-image-preview":"max-image-preview:large","max-video-preview":"max-video-preview:-1"},"canonical":"https:\/\/infopba247.com.ar\/index.php\/2023\/09\/19\/el-municipio-prepara-un-festejo-imperdible-para-recibir-la-primavera-en-plaza-malvinas\/","og_locale":"es_ES","og_type":"article","og_title":"El Municipio prepara un festejo imperdible para recibir la primavera en Plaza Malvinas - InfoPBA247","og_description":"La Municipalidad de La Plata program\u00f3 actividades culturales y recreativas para celebrar el D\u00eda de la Primavera. Habr\u00e1 m\u00fasica en","og_url":"https:\/\/infopba247.com.ar\/index.php\/2023\/09\/19\/el-municipio-prepara-un-festejo-imperdible-para-recibir-la-primavera-en-plaza-malvinas\/","og_site_name":"InfoPBA247","article_publisher":"https:\/\/www.facebook.com\/InfoPBA","article_published_time":"2023-09-19T11:44:00+00:00","article_modified_time":"2023-09-20T11:45:21+00:00","og_image":[{"width":1920,"height":1080,"url":"https:\/\/infopba247.com.ar\/wp-content\/uploads\/2023\/09\/unnamed-1.png","type":"image\/png"}],"author":"Editor","twitter_card":"summary_large_image","twitter_misc":{"Escrito por":"Editor","Tiempo de lectura":"1 minuto"},"schema":{"@context":"https:\/\/schema.org","@graph":[{"@type":"Article","@id":"https:\/\/infopba247.com.ar\/index.php\/2023\/09\/19\/el-municipio-prepara-un-festejo-imperdible-para-recibir-la-primavera-en-plaza-malvinas\/#article","isPartOf":{"@id":"https:\/\/infopba247.com.ar\/index.php\/2023\/09\/19\/el-municipio-prepara-un-festejo-imperdible-para-recibir-la-primavera-en-plaza-malvinas\/"},"author":{"name":"Editor","@id":"https:\/\/infopba247.com.ar\/#\/schema\/person\/4975f1343a413e57bf839b3eed0099f2"},"headline":"El Municipio prepara un festejo imperdible para recibir la primavera en Plaza Malvinas","datePublished":"2023-09-19T11:44:00+00:00","dateModified":"2023-09-20T11:45:21+00:00","mainEntityOfPage":{"@id":"https:\/\/infopba247.com.ar\/index.php\/2023\/09\/19\/el-municipio-prepara-un-festejo-imperdible-para-recibir-la-primavera-en-plaza-malvinas\/"},"wordCount":223,"publisher":{"@id":"https:\/\/infopba247.com.ar\/#organization"},"image":{"@id":"https:\/\/infopba247.com.ar\/index.php\/2023\/09\/19\/el-municipio-prepara-un-festejo-imperdible-para-recibir-la-primavera-en-plaza-malvinas\/#primaryimage"},"thumbnailUrl":"https:\/\/infopba247.com.ar\/wp-content\/uploads\/2023\/09\/unnamed-1.png","articleSection":["8va Secci\u00f3n","Destacadas","Pol\u00edtica"],"inLanguage":"es"},{"@type":"WebPage","@id":"https:\/\/infopba247.com.ar\/index.php\/2023\/09\/19\/el-municipio-prepara-un-festejo-imperdible-para-recibir-la-primavera-en-plaza-malvinas\/","url":"https:\/\/infopba247.com.ar\/index.php\/2023\/09\/19\/el-municipio-prepara-un-festejo-imperdible-para-recibir-la-primavera-en-plaza-malvinas\/","name":"El Municipio prepara un festejo imperdible para recibir la primavera en Plaza Malvinas - InfoPBA247","isPartOf":{"@id":"https:\/\/infopba247.com.ar\/#website"},"primaryImageOfPage":{"@id":"https:\/\/infopba247.com.ar\/index.php\/2023\/09\/19\/el-municipio-prepara-un-festejo-imperdible-para-recibir-la-primavera-en-plaza-malvinas\/#primaryimage"},"image":{"@id":"https:\/\/infopba247.com.ar\/index.php\/2023\/09\/19\/el-municipio-prepara-un-festejo-imperdible-para-recibir-la-primavera-en-plaza-malvinas\/#primaryimage"},"thumbnailUrl":"https:\/\/infopba247.com.ar\/wp-content\/uploads\/2023\/09\/unnamed-1.png","datePublished":"2023-09-19T11:44:00+00:00","dateModified":"2023-09-20T11:45:21+00:00","breadcrumb":{"@id":"https:\/\/infopba247.com.ar\/index.php\/2023\/09\/19\/el-municipio-prepara-un-festejo-imperdible-para-recibir-la-primavera-en-plaza-malvinas\/#breadcrumb"},"inLanguage":"es","potentialAction":[{"@type":"ReadAction","target":["https:\/\/infopba247.com.ar\/index.php\/2023\/09\/19\/el-municipio-prepara-un-festejo-imperdible-para-recibir-la-primavera-en-plaza-malvinas\/"]}]},{"@type":"ImageObject","inLanguage":"es","@id":"https:\/\/infopba247.com.ar\/index.php\/2023\/09\/19\/el-municipio-prepara-un-festejo-imperdible-para-recibir-la-primavera-en-plaza-malvinas\/#primaryimage","url":"https:\/\/infopba247.com.ar\/wp-content\/uploads\/2023\/09\/unnamed-1.png","contentUrl":"https:\/\/infopba247.com.ar\/wp-content\/uploads\/2023\/09\/unnamed-1.png","width":1920,"height":1080},{"@type":"BreadcrumbList","@id":"https:\/\/infopba247.com.ar\/index.php\/2023\/09\/19\/el-municipio-prepara-un-festejo-imperdible-para-recibir-la-primavera-en-plaza-malvinas\/#breadcrumb","itemListElement":[{"@type":"ListItem","position":1,"name":"Portada","item":"https:\/\/infopba247.com.ar\/"},{"@type":"ListItem","position":2,"name":"El Municipio prepara un festejo imperdible para recibir la primavera en Plaza Malvinas"}]},{"@type":"WebSite","@id":"https:\/\/infopba247.com.ar\/#website","url":"https:\/\/infopba247.com.ar\/","name":"InfoPBA247","description":"Toda la actualidad bonaerense","publisher":{"@id":"https:\/\/infopba247.com.ar\/#organization"},"potentialAction":[{"@type":"SearchAction","target":{"@type":"EntryPoint","urlTemplate":"https:\/\/infopba247.com.ar\/?s={search_term_string}"},"query-input":{"@type":"PropertyValueSpecification","valueRequired":true,"valueName":"search_term_string"}}],"inLanguage":"es"},{"@type":"Organization","@id":"https:\/\/infopba247.com.ar\/#organization","name":"InfoPBA247","url":"https:\/\/infopba247.com.ar\/","logo":{"@type":"ImageObject","inLanguage":"es","@id":"https:\/\/infopba247.com.ar\/#\/schema\/logo\/image\/","url":"https:\/\/infopba247.com.ar\/wp-content\/uploads\/2022\/03\/cropped-InfoPBA247-1.png","contentUrl":"https:\/\/infopba247.com.ar\/wp-content\/uploads\/2022\/03\/cropped-InfoPBA247-1.png","width":500,"height":122,"caption":"InfoPBA247"},"image":{"@id":"https:\/\/infopba247.com.ar\/#\/schema\/logo\/image\/"},"sameAs":["https:\/\/www.facebook.com\/InfoPBA"]},{"@type":"Person","@id":"https:\/\/infopba247.com.ar\/#\/schema\/person\/4975f1343a413e57bf839b3eed0099f2","name":"Editor","image":{"@type":"ImageObject","inLanguage":"es","@id":"https:\/\/secure.gravatar.com\/avatar\/d27fe9520667ca53441d36627a1d6b0fa4a813571ec4803687a7a3a7744685ac?s=96&d=mm&r=g","url":"https:\/\/secure.gravatar.com\/avatar\/d27fe9520667ca53441d36627a1d6b0fa4a813571ec4803687a7a3a7744685ac?s=96&d=mm&r=g","contentUrl":"https:\/\/secure.gravatar.com\/avatar\/d27fe9520667ca53441d36627a1d6b0fa4a813571ec4803687a7a3a7744685ac?s=96&d=mm&r=g","caption":"Editor"},"url":"https:\/\/infopba247.com.ar\/index.php\/author\/editor\/"}]}},"_links":{"self":[{"href":"https:\/\/infopba247.com.ar\/index.php\/wp-json\/wp\/v2\/posts\/2343","targetHints":{"allow":["GET"]}}],"collection":[{"href":"https:\/\/infopba247.com.ar\/index.php\/wp-json\/wp\/v2\/posts"}],"about":[{"href":"https:\/\/infopba247.com.ar\/index.php\/wp-json\/wp\/v2\/types\/post"}],"author":[{"embeddable":true,"href":"https:\/\/infopba247.com.ar\/index.php\/wp-json\/wp\/v2\/users\/3"}],"replies":[{"embeddable":true,"href":"https:\/\/infopba247.com.ar\/index.php\/wp-json\/wp\/v2\/comments?post=2343"}],"version-history":[{"count":1,"href":"https:\/\/infopba247.com.ar\/index.php\/wp-json\/wp\/v2\/posts\/2343\/revisions"}],"predecessor-version":[{"id":2345,"href":"https:\/\/infopba247.com.ar\/index.php\/wp-json\/wp\/v2\/posts\/2343\/revisions\/2345"}],"wp:featuredmedia":[{"embeddable":true,"href":"https:\/\/infopba247.com.ar\/index.php\/wp-json\/wp\/v2\/media\/2344"}],"wp:attachment":[{"href":"https:\/\/infopba247.com.ar\/index.php\/wp-json\/wp\/v2\/media?parent=2343"}],"wp:term":[{"taxonomy":"category","embeddable":true,"href":"https:\/\/infopba247.com.ar\/index.php\/wp-json\/wp\/v2\/categories?post=2343"},{"taxonomy":"post_tag","embeddable":true,"href":"https:\/\/infopba247.com.ar\/index.php\/wp-json\/wp\/v2\/tags?post=2343"}],"curies":[{"name":"wp","href":"https:\/\/api.w.org\/{rel}","templated":true}]}}