{"id":2339,"date":"2023-09-20T07:40:00","date_gmt":"2023-09-20T10:40:00","guid":{"rendered":"https:\/\/infopba247.com.ar\/?p=2339"},"modified":"2023-09-20T08:42:15","modified_gmt":"2023-09-20T11:42:15","slug":"inician-la-construccion-de-dos-parques-solares-y-una-obra-de-gas-natural-en-saladillo","status":"publish","type":"post","link":"https:\/\/infopba247.com.ar\/index.php\/2023\/09\/20\/inician-la-construccion-de-dos-parques-solares-y-una-obra-de-gas-natural-en-saladillo\/","title":{"rendered":"Inician la construcci\u00f3n de dos parques solares y una obra de gas natural en Saladillo"},"content":{"rendered":"\n<p>El subsecretario de Energ\u00eda bonaerense, Gast\u00f3n Ghioni, anunci\u00f3 el inicio de las obras de construcci\u00f3n de dos parques de generaci\u00f3n de energ\u00eda solar en el Partido de Saladillo, en las localidades de Polvaredas y Del Carril.<\/p>\n\n\n\n<p>Adem\u00e1s se iniciar\u00e1n tambi\u00e9n las obras para que esas localidades tengan acceso al gas natural.<\/p>\n\n\n\n<p>El subsecretario de Energ\u00eda destac\u00f3 \u00abpor un lado, las obras de energ\u00eda renovable que se suman al parque solar existente con una nueva propuesta de acumulaci\u00f3n con bater\u00edas Moo; y por otro, las obras de gas natural que realiza la empresa provincial Bagsa con un objetivo muy claro que es mejorar la calidad de vida de los vecinos y vecinas en localidades que a las empresas no le resultan rentables\u00bb.<\/p>\n\n\n\n<p>En ese sentido, el Presidente de Buenos Aires Gas (Bagsa), Pablo P\u00e9rez, se refiri\u00f3 a la obra de gas natural y sostuvo que \u00abes important\u00edsimo que estas localidades cuenten con un servicio p\u00fablico esencial que es m\u00e1s econ\u00f3mico, seguro y m\u00e1s estable\u00bb.<\/p>\n\n\n\n<p>El anuncio se realiz\u00f3 en el predio de Polvaredas, donde se instalar\u00e1 uno de los parques solares y se realizar\u00e1 la obra de acceso al gas, en un acto junto con al intendente de Saladillo, Jos\u00e9 Luis Salom\u00f3n, y autoridades de la Cooperativa El\u00e9ctrica de Saladillo, que administrar\u00e1 los parques.<\/p>\n\n\n\n<p>Esta cooperativa tiene operativo desde el 2022 un Parque Solar en la localidad de Caz\u00f3n, con 550 paneles solares de 600 W de \u00faltima generaci\u00f3n y con generaci\u00f3n de 330 kW pico, que permiten inyectar energ\u00eda limpia a la red de distribuci\u00f3n.<\/p>\n\n\n\n<p>Este sistema se complementar\u00e1 con lo que generen los dos nuevos parques financiados con recursos del agregado tarifario gestionado en forma conjunta entre la Subsecretar\u00eda de Energ\u00eda de Buenos Aires, el Foro Regional El\u00e9ctrico (Freba) y el Programa de Incentivos a la Generaci\u00f3n El\u00e9ctrica Distribuida (Proinged) de la Provincia de Buenos Aires.<\/p>\n","protected":false},"excerpt":{"rendered":"<p>El subsecretario de Energ\u00eda bonaerense, Gast\u00f3n Ghioni, anunci\u00f3 el inicio de las obras de construcci\u00f3n de dos parques de generaci\u00f3n<\/p>\n","protected":false},"author":3,"featured_media":2341,"comment_status":"closed","ping_status":"closed","sticky":false,"template":"","format":"standard","meta":{"colormag_page_container_layout":"default_layout","colormag_page_sidebar_layout":"default_layout","footnotes":""},"categories":[11,1,14],"tags":[],"class_list":["post-2339","post","type-post","status-publish","format-standard","has-post-thumbnail","hentry","category-7ma-seccion","category-destacadas","category-politica"],"yoast_head":"<!-- This site is optimized with the Yoast SEO plugin v27.4 - https:\/\/yoast.com\/product\/yoast-seo-wordpress\/ -->\n<title>Inician la construcci\u00f3n de dos parques solares y una obra de gas natural en Saladillo - InfoPBA247<\/title>\n<meta name=\"robots\" content=\"index, follow, max-snippet:-1, max-image-preview:large, max-video-preview:-1\" \/>\n<link rel=\"canonical\" href=\"https:\/\/infopba247.com.ar\/index.php\/2023\/09\/20\/inician-la-construccion-de-dos-parques-solares-y-una-obra-de-gas-natural-en-saladillo\/\" \/>\n<meta property=\"og:locale\" content=\"es_ES\" \/>\n<meta property=\"og:type\" content=\"article\" \/>\n<meta property=\"og:title\" content=\"Inician la construcci\u00f3n de dos parques solares y una obra de gas natural en Saladillo - InfoPBA247\" \/>\n<meta property=\"og:description\" content=\"El subsecretario de Energ\u00eda bonaerense, Gast\u00f3n Ghioni, anunci\u00f3 el inicio de las obras de construcci\u00f3n de dos parques de generaci\u00f3n\" \/>\n<meta property=\"og:url\" content=\"https:\/\/infopba247.com.ar\/index.php\/2023\/09\/20\/inician-la-construccion-de-dos-parques-solares-y-una-obra-de-gas-natural-en-saladillo\/\" \/>\n<meta property=\"og:site_name\" content=\"InfoPBA247\" \/>\n<meta property=\"article:publisher\" content=\"https:\/\/www.facebook.com\/InfoPBA\" \/>\n<meta property=\"article:published_time\" content=\"2023-09-20T10:40:00+00:00\" \/>\n<meta property=\"article:modified_time\" content=\"2023-09-20T11:42:15+00:00\" \/>\n<meta property=\"og:image\" content=\"https:\/\/infopba247.com.ar\/wp-content\/uploads\/2023\/09\/parque-solar-1536x864-1.jpeg\" \/>\n\t<meta property=\"og:image:width\" content=\"1536\" \/>\n\t<meta property=\"og:image:height\" content=\"864\" \/>\n\t<meta property=\"og:image:type\" content=\"image\/jpeg\" \/>\n<meta name=\"author\" content=\"Editor\" \/>\n<meta name=\"twitter:card\" content=\"summary_large_image\" \/>\n<meta name=\"twitter:label1\" content=\"Escrito por\" \/>\n\t<meta name=\"twitter:data1\" content=\"Editor\" \/>\n\t<meta name=\"twitter:label2\" content=\"Tiempo de lectura\" \/>\n\t<meta name=\"twitter:data2\" content=\"2 minutos\" \/>\n<script type=\"application\/ld+json\" class=\"yoast-schema-graph\">{\"@context\":\"https:\\\/\\\/schema.org\",\"@graph\":[{\"@type\":\"Article\",\"@id\":\"https:\\\/\\\/infopba247.com.ar\\\/index.php\\\/2023\\\/09\\\/20\\\/inician-la-construccion-de-dos-parques-solares-y-una-obra-de-gas-natural-en-saladillo\\\/#article\",\"isPartOf\":{\"@id\":\"https:\\\/\\\/infopba247.com.ar\\\/index.php\\\/2023\\\/09\\\/20\\\/inician-la-construccion-de-dos-parques-solares-y-una-obra-de-gas-natural-en-saladillo\\\/\"},\"author\":{\"name\":\"Editor\",\"@id\":\"https:\\\/\\\/infopba247.com.ar\\\/#\\\/schema\\\/person\\\/4975f1343a413e57bf839b3eed0099f2\"},\"headline\":\"Inician la construcci\u00f3n de dos parques solares y una obra de gas natural en Saladillo\",\"datePublished\":\"2023-09-20T10:40:00+00:00\",\"dateModified\":\"2023-09-20T11:42:15+00:00\",\"mainEntityOfPage\":{\"@id\":\"https:\\\/\\\/infopba247.com.ar\\\/index.php\\\/2023\\\/09\\\/20\\\/inician-la-construccion-de-dos-parques-solares-y-una-obra-de-gas-natural-en-saladillo\\\/\"},\"wordCount\":349,\"publisher\":{\"@id\":\"https:\\\/\\\/infopba247.com.ar\\\/#organization\"},\"image\":{\"@id\":\"https:\\\/\\\/infopba247.com.ar\\\/index.php\\\/2023\\\/09\\\/20\\\/inician-la-construccion-de-dos-parques-solares-y-una-obra-de-gas-natural-en-saladillo\\\/#primaryimage\"},\"thumbnailUrl\":\"https:\\\/\\\/infopba247.com.ar\\\/wp-content\\\/uploads\\\/2023\\\/09\\\/parque-solar-1536x864-1.jpeg\",\"articleSection\":[\"7ma Secci\u00f3n\",\"Destacadas\",\"Pol\u00edtica\"],\"inLanguage\":\"es\"},{\"@type\":\"WebPage\",\"@id\":\"https:\\\/\\\/infopba247.com.ar\\\/index.php\\\/2023\\\/09\\\/20\\\/inician-la-construccion-de-dos-parques-solares-y-una-obra-de-gas-natural-en-saladillo\\\/\",\"url\":\"https:\\\/\\\/infopba247.com.ar\\\/index.php\\\/2023\\\/09\\\/20\\\/inician-la-construccion-de-dos-parques-solares-y-una-obra-de-gas-natural-en-saladillo\\\/\",\"name\":\"Inician la construcci\u00f3n de dos parques solares y una obra de gas natural en Saladillo - InfoPBA247\",\"isPartOf\":{\"@id\":\"https:\\\/\\\/infopba247.com.ar\\\/#website\"},\"primaryImageOfPage\":{\"@id\":\"https:\\\/\\\/infopba247.com.ar\\\/index.php\\\/2023\\\/09\\\/20\\\/inician-la-construccion-de-dos-parques-solares-y-una-obra-de-gas-natural-en-saladillo\\\/#primaryimage\"},\"image\":{\"@id\":\"https:\\\/\\\/infopba247.com.ar\\\/index.php\\\/2023\\\/09\\\/20\\\/inician-la-construccion-de-dos-parques-solares-y-una-obra-de-gas-natural-en-saladillo\\\/#primaryimage\"},\"thumbnailUrl\":\"https:\\\/\\\/infopba247.com.ar\\\/wp-content\\\/uploads\\\/2023\\\/09\\\/parque-solar-1536x864-1.jpeg\",\"datePublished\":\"2023-09-20T10:40:00+00:00\",\"dateModified\":\"2023-09-20T11:42:15+00:00\",\"breadcrumb\":{\"@id\":\"https:\\\/\\\/infopba247.com.ar\\\/index.php\\\/2023\\\/09\\\/20\\\/inician-la-construccion-de-dos-parques-solares-y-una-obra-de-gas-natural-en-saladillo\\\/#breadcrumb\"},\"inLanguage\":\"es\",\"potentialAction\":[{\"@type\":\"ReadAction\",\"target\":[\"https:\\\/\\\/infopba247.com.ar\\\/index.php\\\/2023\\\/09\\\/20\\\/inician-la-construccion-de-dos-parques-solares-y-una-obra-de-gas-natural-en-saladillo\\\/\"]}]},{\"@type\":\"ImageObject\",\"inLanguage\":\"es\",\"@id\":\"https:\\\/\\\/infopba247.com.ar\\\/index.php\\\/2023\\\/09\\\/20\\\/inician-la-construccion-de-dos-parques-solares-y-una-obra-de-gas-natural-en-saladillo\\\/#primaryimage\",\"url\":\"https:\\\/\\\/infopba247.com.ar\\\/wp-content\\\/uploads\\\/2023\\\/09\\\/parque-solar-1536x864-1.jpeg\",\"contentUrl\":\"https:\\\/\\\/infopba247.com.ar\\\/wp-content\\\/uploads\\\/2023\\\/09\\\/parque-solar-1536x864-1.jpeg\",\"width\":1536,\"height\":864},{\"@type\":\"BreadcrumbList\",\"@id\":\"https:\\\/\\\/infopba247.com.ar\\\/index.php\\\/2023\\\/09\\\/20\\\/inician-la-construccion-de-dos-parques-solares-y-una-obra-de-gas-natural-en-saladillo\\\/#breadcrumb\",\"itemListElement\":[{\"@type\":\"ListItem\",\"position\":1,\"name\":\"Portada\",\"item\":\"https:\\\/\\\/infopba247.com.ar\\\/\"},{\"@type\":\"ListItem\",\"position\":2,\"name\":\"Inician la construcci\u00f3n de dos parques solares y una obra de gas natural en Saladillo\"}]},{\"@type\":\"WebSite\",\"@id\":\"https:\\\/\\\/infopba247.com.ar\\\/#website\",\"url\":\"https:\\\/\\\/infopba247.com.ar\\\/\",\"name\":\"InfoPBA247\",\"description\":\"Toda la actualidad bonaerense\",\"publisher\":{\"@id\":\"https:\\\/\\\/infopba247.com.ar\\\/#organization\"},\"potentialAction\":[{\"@type\":\"SearchAction\",\"target\":{\"@type\":\"EntryPoint\",\"urlTemplate\":\"https:\\\/\\\/infopba247.com.ar\\\/?s={search_term_string}\"},\"query-input\":{\"@type\":\"PropertyValueSpecification\",\"valueRequired\":true,\"valueName\":\"search_term_string\"}}],\"inLanguage\":\"es\"},{\"@type\":\"Organization\",\"@id\":\"https:\\\/\\\/infopba247.com.ar\\\/#organization\",\"name\":\"InfoPBA247\",\"url\":\"https:\\\/\\\/infopba247.com.ar\\\/\",\"logo\":{\"@type\":\"ImageObject\",\"inLanguage\":\"es\",\"@id\":\"https:\\\/\\\/infopba247.com.ar\\\/#\\\/schema\\\/logo\\\/image\\\/\",\"url\":\"https:\\\/\\\/infopba247.com.ar\\\/wp-content\\\/uploads\\\/2022\\\/03\\\/cropped-InfoPBA247-1.png\",\"contentUrl\":\"https:\\\/\\\/infopba247.com.ar\\\/wp-content\\\/uploads\\\/2022\\\/03\\\/cropped-InfoPBA247-1.png\",\"width\":500,\"height\":122,\"caption\":\"InfoPBA247\"},\"image\":{\"@id\":\"https:\\\/\\\/infopba247.com.ar\\\/#\\\/schema\\\/logo\\\/image\\\/\"},\"sameAs\":[\"https:\\\/\\\/www.facebook.com\\\/InfoPBA\"]},{\"@type\":\"Person\",\"@id\":\"https:\\\/\\\/infopba247.com.ar\\\/#\\\/schema\\\/person\\\/4975f1343a413e57bf839b3eed0099f2\",\"name\":\"Editor\",\"image\":{\"@type\":\"ImageObject\",\"inLanguage\":\"es\",\"@id\":\"https:\\\/\\\/secure.gravatar.com\\\/avatar\\\/d27fe9520667ca53441d36627a1d6b0fa4a813571ec4803687a7a3a7744685ac?s=96&d=mm&r=g\",\"url\":\"https:\\\/\\\/secure.gravatar.com\\\/avatar\\\/d27fe9520667ca53441d36627a1d6b0fa4a813571ec4803687a7a3a7744685ac?s=96&d=mm&r=g\",\"contentUrl\":\"https:\\\/\\\/secure.gravatar.com\\\/avatar\\\/d27fe9520667ca53441d36627a1d6b0fa4a813571ec4803687a7a3a7744685ac?s=96&d=mm&r=g\",\"caption\":\"Editor\"},\"url\":\"https:\\\/\\\/infopba247.com.ar\\\/index.php\\\/author\\\/editor\\\/\"}]}<\/script>\n<!-- \/ Yoast SEO plugin. -->","yoast_head_json":{"title":"Inician la construcci\u00f3n de dos parques solares y una obra de gas natural en Saladillo - InfoPBA247","robots":{"index":"index","follow":"follow","max-snippet":"max-snippet:-1","max-image-preview":"max-image-preview:large","max-video-preview":"max-video-preview:-1"},"canonical":"https:\/\/infopba247.com.ar\/index.php\/2023\/09\/20\/inician-la-construccion-de-dos-parques-solares-y-una-obra-de-gas-natural-en-saladillo\/","og_locale":"es_ES","og_type":"article","og_title":"Inician la construcci\u00f3n de dos parques solares y una obra de gas natural en Saladillo - InfoPBA247","og_description":"El subsecretario de Energ\u00eda bonaerense, Gast\u00f3n Ghioni, anunci\u00f3 el inicio de las obras de construcci\u00f3n de dos parques de generaci\u00f3n","og_url":"https:\/\/infopba247.com.ar\/index.php\/2023\/09\/20\/inician-la-construccion-de-dos-parques-solares-y-una-obra-de-gas-natural-en-saladillo\/","og_site_name":"InfoPBA247","article_publisher":"https:\/\/www.facebook.com\/InfoPBA","article_published_time":"2023-09-20T10:40:00+00:00","article_modified_time":"2023-09-20T11:42:15+00:00","og_image":[{"width":1536,"height":864,"url":"https:\/\/infopba247.com.ar\/wp-content\/uploads\/2023\/09\/parque-solar-1536x864-1.jpeg","type":"image\/jpeg"}],"author":"Editor","twitter_card":"summary_large_image","twitter_misc":{"Escrito por":"Editor","Tiempo de lectura":"2 minutos"},"schema":{"@context":"https:\/\/schema.org","@graph":[{"@type":"Article","@id":"https:\/\/infopba247.com.ar\/index.php\/2023\/09\/20\/inician-la-construccion-de-dos-parques-solares-y-una-obra-de-gas-natural-en-saladillo\/#article","isPartOf":{"@id":"https:\/\/infopba247.com.ar\/index.php\/2023\/09\/20\/inician-la-construccion-de-dos-parques-solares-y-una-obra-de-gas-natural-en-saladillo\/"},"author":{"name":"Editor","@id":"https:\/\/infopba247.com.ar\/#\/schema\/person\/4975f1343a413e57bf839b3eed0099f2"},"headline":"Inician la construcci\u00f3n de dos parques solares y una obra de gas natural en Saladillo","datePublished":"2023-09-20T10:40:00+00:00","dateModified":"2023-09-20T11:42:15+00:00","mainEntityOfPage":{"@id":"https:\/\/infopba247.com.ar\/index.php\/2023\/09\/20\/inician-la-construccion-de-dos-parques-solares-y-una-obra-de-gas-natural-en-saladillo\/"},"wordCount":349,"publisher":{"@id":"https:\/\/infopba247.com.ar\/#organization"},"image":{"@id":"https:\/\/infopba247.com.ar\/index.php\/2023\/09\/20\/inician-la-construccion-de-dos-parques-solares-y-una-obra-de-gas-natural-en-saladillo\/#primaryimage"},"thumbnailUrl":"https:\/\/infopba247.com.ar\/wp-content\/uploads\/2023\/09\/parque-solar-1536x864-1.jpeg","articleSection":["7ma Secci\u00f3n","Destacadas","Pol\u00edtica"],"inLanguage":"es"},{"@type":"WebPage","@id":"https:\/\/infopba247.com.ar\/index.php\/2023\/09\/20\/inician-la-construccion-de-dos-parques-solares-y-una-obra-de-gas-natural-en-saladillo\/","url":"https:\/\/infopba247.com.ar\/index.php\/2023\/09\/20\/inician-la-construccion-de-dos-parques-solares-y-una-obra-de-gas-natural-en-saladillo\/","name":"Inician la construcci\u00f3n de dos parques solares y una obra de gas natural en Saladillo - InfoPBA247","isPartOf":{"@id":"https:\/\/infopba247.com.ar\/#website"},"primaryImageOfPage":{"@id":"https:\/\/infopba247.com.ar\/index.php\/2023\/09\/20\/inician-la-construccion-de-dos-parques-solares-y-una-obra-de-gas-natural-en-saladillo\/#primaryimage"},"image":{"@id":"https:\/\/infopba247.com.ar\/index.php\/2023\/09\/20\/inician-la-construccion-de-dos-parques-solares-y-una-obra-de-gas-natural-en-saladillo\/#primaryimage"},"thumbnailUrl":"https:\/\/infopba247.com.ar\/wp-content\/uploads\/2023\/09\/parque-solar-1536x864-1.jpeg","datePublished":"2023-09-20T10:40:00+00:00","dateModified":"2023-09-20T11:42:15+00:00","breadcrumb":{"@id":"https:\/\/infopba247.com.ar\/index.php\/2023\/09\/20\/inician-la-construccion-de-dos-parques-solares-y-una-obra-de-gas-natural-en-saladillo\/#breadcrumb"},"inLanguage":"es","potentialAction":[{"@type":"ReadAction","target":["https:\/\/infopba247.com.ar\/index.php\/2023\/09\/20\/inician-la-construccion-de-dos-parques-solares-y-una-obra-de-gas-natural-en-saladillo\/"]}]},{"@type":"ImageObject","inLanguage":"es","@id":"https:\/\/infopba247.com.ar\/index.php\/2023\/09\/20\/inician-la-construccion-de-dos-parques-solares-y-una-obra-de-gas-natural-en-saladillo\/#primaryimage","url":"https:\/\/infopba247.com.ar\/wp-content\/uploads\/2023\/09\/parque-solar-1536x864-1.jpeg","contentUrl":"https:\/\/infopba247.com.ar\/wp-content\/uploads\/2023\/09\/parque-solar-1536x864-1.jpeg","width":1536,"height":864},{"@type":"BreadcrumbList","@id":"https:\/\/infopba247.com.ar\/index.php\/2023\/09\/20\/inician-la-construccion-de-dos-parques-solares-y-una-obra-de-gas-natural-en-saladillo\/#breadcrumb","itemListElement":[{"@type":"ListItem","position":1,"name":"Portada","item":"https:\/\/infopba247.com.ar\/"},{"@type":"ListItem","position":2,"name":"Inician la construcci\u00f3n de dos parques solares y una obra de gas natural en Saladillo"}]},{"@type":"WebSite","@id":"https:\/\/infopba247.com.ar\/#website","url":"https:\/\/infopba247.com.ar\/","name":"InfoPBA247","description":"Toda la actualidad bonaerense","publisher":{"@id":"https:\/\/infopba247.com.ar\/#organization"},"potentialAction":[{"@type":"SearchAction","target":{"@type":"EntryPoint","urlTemplate":"https:\/\/infopba247.com.ar\/?s={search_term_string}"},"query-input":{"@type":"PropertyValueSpecification","valueRequired":true,"valueName":"search_term_string"}}],"inLanguage":"es"},{"@type":"Organization","@id":"https:\/\/infopba247.com.ar\/#organization","name":"InfoPBA247","url":"https:\/\/infopba247.com.ar\/","logo":{"@type":"ImageObject","inLanguage":"es","@id":"https:\/\/infopba247.com.ar\/#\/schema\/logo\/image\/","url":"https:\/\/infopba247.com.ar\/wp-content\/uploads\/2022\/03\/cropped-InfoPBA247-1.png","contentUrl":"https:\/\/infopba247.com.ar\/wp-content\/uploads\/2022\/03\/cropped-InfoPBA247-1.png","width":500,"height":122,"caption":"InfoPBA247"},"image":{"@id":"https:\/\/infopba247.com.ar\/#\/schema\/logo\/image\/"},"sameAs":["https:\/\/www.facebook.com\/InfoPBA"]},{"@type":"Person","@id":"https:\/\/infopba247.com.ar\/#\/schema\/person\/4975f1343a413e57bf839b3eed0099f2","name":"Editor","image":{"@type":"ImageObject","inLanguage":"es","@id":"https:\/\/secure.gravatar.com\/avatar\/d27fe9520667ca53441d36627a1d6b0fa4a813571ec4803687a7a3a7744685ac?s=96&d=mm&r=g","url":"https:\/\/secure.gravatar.com\/avatar\/d27fe9520667ca53441d36627a1d6b0fa4a813571ec4803687a7a3a7744685ac?s=96&d=mm&r=g","contentUrl":"https:\/\/secure.gravatar.com\/avatar\/d27fe9520667ca53441d36627a1d6b0fa4a813571ec4803687a7a3a7744685ac?s=96&d=mm&r=g","caption":"Editor"},"url":"https:\/\/infopba247.com.ar\/index.php\/author\/editor\/"}]}},"_links":{"self":[{"href":"https:\/\/infopba247.com.ar\/index.php\/wp-json\/wp\/v2\/posts\/2339","targetHints":{"allow":["GET"]}}],"collection":[{"href":"https:\/\/infopba247.com.ar\/index.php\/wp-json\/wp\/v2\/posts"}],"about":[{"href":"https:\/\/infopba247.com.ar\/index.php\/wp-json\/wp\/v2\/types\/post"}],"author":[{"embeddable":true,"href":"https:\/\/infopba247.com.ar\/index.php\/wp-json\/wp\/v2\/users\/3"}],"replies":[{"embeddable":true,"href":"https:\/\/infopba247.com.ar\/index.php\/wp-json\/wp\/v2\/comments?post=2339"}],"version-history":[{"count":1,"href":"https:\/\/infopba247.com.ar\/index.php\/wp-json\/wp\/v2\/posts\/2339\/revisions"}],"predecessor-version":[{"id":2342,"href":"https:\/\/infopba247.com.ar\/index.php\/wp-json\/wp\/v2\/posts\/2339\/revisions\/2342"}],"wp:featuredmedia":[{"embeddable":true,"href":"https:\/\/infopba247.com.ar\/index.php\/wp-json\/wp\/v2\/media\/2341"}],"wp:attachment":[{"href":"https:\/\/infopba247.com.ar\/index.php\/wp-json\/wp\/v2\/media?parent=2339"}],"wp:term":[{"taxonomy":"category","embeddable":true,"href":"https:\/\/infopba247.com.ar\/index.php\/wp-json\/wp\/v2\/categories?post=2339"},{"taxonomy":"post_tag","embeddable":true,"href":"https:\/\/infopba247.com.ar\/index.php\/wp-json\/wp\/v2\/tags?post=2339"}],"curies":[{"name":"wp","href":"https:\/\/api.w.org\/{rel}","templated":true}]}}