{"id":2336,"date":"2023-09-20T08:37:19","date_gmt":"2023-09-20T11:37:19","guid":{"rendered":"https:\/\/infopba247.com.ar\/?p=2336"},"modified":"2023-09-20T08:40:41","modified_gmt":"2023-09-20T11:40:41","slug":"los-juegos-bonaerenses-2023-tuvieron-su-fiesta-de-cierre-en-mar-del-plata","status":"publish","type":"post","link":"https:\/\/infopba247.com.ar\/index.php\/2023\/09\/20\/los-juegos-bonaerenses-2023-tuvieron-su-fiesta-de-cierre-en-mar-del-plata\/","title":{"rendered":"Los Juegos Bonaerenses 2023 tuvieron su fiesta de cierre en Mar del Plata"},"content":{"rendered":"\n<p>El paseo de Playa Las Toscas fue escenario del cierre de la Final Provincial de los Juegos Bonaerenses 2023, del que participaron los finalistas para disfrutar al ritmo de La Mosca, Lara 91K y la DJ Coneja China, un evento que signific\u00f3 el fin de la cuarta jornada de la 32da. edici\u00f3n de los Juegos, y que continuar\u00e1 con las instancias finales de las competencias.<\/p>\n\n\n\n<p>Durante la jornada de habr\u00e1 ceremonias de premiaci\u00f3n en las distintas disciplinas deportivas y culturales, y en algunos casos las actividades ingresar\u00e1n en su instancia de definici\u00f3n para concluir ma\u00f1ana, en lo que ser\u00e1 la \u00faltima jornada de competencia.<\/p>\n\n\n\n<p>Seg\u00fan consignaron desde el gobierno bonaerense, una vez finalizada la totalidad de los eventos, tambi\u00e9n se conocer\u00e1 a la delegaci\u00f3n ganadora de los Juegos Bonaerenses 2023.<\/p>\n\n\n\n<p>En las pruebas de Atletismo tuvo su desarrollo la categor\u00eda Sub 18 en el Estadio Jos\u00e9 Mar\u00eda Minella. La medalla de oro en Salto en Largo Femenino fue para Sof\u00eda Spano, del municipio de La Matanza.<\/p>\n\n\n\n<p>\u201cDesde los 14 a\u00f1os que compito y siempre quise la medalla, as\u00ed que estoy muy contenta\u201d, sostuvo la joven y agreg\u00f3: \u201cLos Juegos Bonaerenses significan una uni\u00f3n y son una experiencia inolvidable\u201d.<\/p>\n\n\n\n<p>Adem\u00e1s, comenzaron las pruebas de las categor\u00edas juveniles de nataci\u00f3n en el natatorio del EMDER. \u201cEstoy muy contento por haber ganado la medalla, sent\u00ed mucha emoci\u00f3n por el esfuerzo que realic\u00e9 y alegr\u00eda por estar otro a\u00f1o m\u00e1s ac\u00e1\u201d, dijo Manuel Vega Iglesias, tras salir primero en la prueba de 200 metros libres para la categor\u00eda Sub 14 representando a Florencio Varela.<\/p>\n\n\n\n<p>Por otra parte, continuaron las actividades deportivas y culturales en las distintas disciplinas.<\/p>\n\n\n\n<p>Se desarrollaron los \u00faltimos partidos de la fase de grupo de F\u00fatbol 11 Femenino Sub 18, donde Carlos Casares le gan\u00f3 a Olavarr\u00eda y qued\u00f3 primero en su zona, accediendo a las semifinales.<\/p>\n\n\n\n<p>Magal\u00ed Rodr\u00edguez, una de las goleadoras del municipio semifinalista y quien participa por primera vez de los Juegos Bonaerenses, coment\u00f3: \u201cMe anot\u00e9 porque mi sue\u00f1o es llegar lejos en el deporte\u201d.<\/p>\n\n\n\n<p>El Triatl\u00f3n de Rob\u00f3tica tuvo su premiaci\u00f3n y el oro se lo qued\u00f3 la delegaci\u00f3n de Lomas de Zamora por tercera vez consecutiva, siendo el \u00fanico municipio en ganar esta disciplina hasta el momento. El podio lo completan San Fernando en el segundo lugar y Hurlingham en el tercero.<\/p>\n\n\n\n<p>El conjunto vencedor est\u00e1 conformado por estudiantes y profesores de una escuela secundaria de Temperley. Iris Mart\u00ednez, una de las ganadoras, se refiri\u00f3 al momento de la final: \u201cFue bastante intensa porque eran todos los equipos muy buenos. Ganamos la \u00faltima prueba solo por un par de segundos\u201d.<\/p>\n\n\n\n<p>Asimismo, expres\u00f3: \u201cFue una emoci\u00f3n muy grande porque hubo mucho trabajo de todos los compa\u00f1eros\u201d.<\/p>\n\n\n\n<p>Otra disciplina que finaliz\u00f3 fue Freestyle en sus tres categor\u00edas. Los competidores llegaron con sus rimas a la Plazoleta Almirante Brown, aleda\u00f1a a los cl\u00e1sicos lobos marinos de Mar del Plata, para definir a los ganadores ante un nutrido p\u00fablico que lleg\u00f3 al lugar.<\/p>\n\n\n\n<p>En la categor\u00eda Sub 15 el podio qued\u00f3 conformado por Moreno, Bol\u00edvar y Merlo; en la Sub 18 por 25 de Mayo, Escobar y Arrecifes; mientras que en Universitarios fue para General Viamonte, Merlo y Chascom\u00fas.<\/p>\n\n\n\n<p>Otro de los puntos fuertes de la jornada fueron las bandas de rock, que se presentaron durante todo el d\u00eda en la Sala Piazzolla del Audit\u00f3rium. La banda ganadora result\u00f3 ser de Pilar, y el podio lo completaron Maip\u00fa y Berazategui.<\/p>\n\n\n\n<p>La jornada tambi\u00e9n cont\u00f3 con la exhibici\u00f3n de las obras de Teatro Juvenil, con 16 grupos art\u00edsticos en escena, quedando Tornquist con el oro, Salto con la plata y Lincoln con el bronce.<\/p>\n\n\n\n<p>En el Espacio Unzu\u00e9, por su parte, inici\u00f3 Artes Circenses en su categor\u00eda \u00fanica, con Coronel Dorrego, Carlos Casares y Z\u00e1rate llev\u00e1ndose las medallas. En el mismo escenario se llev\u00f3 a cabo la jornada de Deportes Electr\u00f3nicos con una jornada destacada de League of Legends, que este martes llegar\u00e1 a su final.<\/p>\n\n\n\n<p>Franco Zerda represent\u00f3 a la ciudad de Chacabuco por primera vez y reflexion\u00f3 sobre la presencia de estas disciplinas en los Juegos Bonaerenses: \u201cLe abre un espacio a chicos que disfrutan de esto. Tener la experiencia de estar en un escenario con espectadores es muy lindo\u201d.<\/p>\n","protected":false},"excerpt":{"rendered":"<p>El paseo de Playa Las Toscas fue escenario del cierre de la Final Provincial de los Juegos Bonaerenses 2023, del<\/p>\n","protected":false},"author":3,"featured_media":2337,"comment_status":"open","ping_status":"open","sticky":false,"template":"","format":"standard","meta":{"colormag_page_container_layout":"default_layout","colormag_page_sidebar_layout":"default_layout","footnotes":""},"categories":[15],"tags":[],"class_list":["post-2336","post","type-post","status-publish","format-standard","has-post-thumbnail","hentry","category-turismo-y-cultura"],"yoast_head":"<!-- This site is optimized with the Yoast SEO plugin v27.4 - https:\/\/yoast.com\/product\/yoast-seo-wordpress\/ -->\n<title>Los Juegos Bonaerenses 2023 tuvieron su fiesta de cierre en Mar del Plata - InfoPBA247<\/title>\n<meta name=\"robots\" content=\"index, follow, max-snippet:-1, max-image-preview:large, max-video-preview:-1\" \/>\n<link rel=\"canonical\" href=\"https:\/\/infopba247.com.ar\/index.php\/2023\/09\/20\/los-juegos-bonaerenses-2023-tuvieron-su-fiesta-de-cierre-en-mar-del-plata\/\" \/>\n<meta property=\"og:locale\" content=\"es_ES\" \/>\n<meta property=\"og:type\" content=\"article\" \/>\n<meta property=\"og:title\" content=\"Los Juegos Bonaerenses 2023 tuvieron su fiesta de cierre en Mar del Plata - InfoPBA247\" \/>\n<meta property=\"og:description\" content=\"El paseo de Playa Las Toscas fue escenario del cierre de la Final Provincial de los Juegos Bonaerenses 2023, del\" \/>\n<meta property=\"og:url\" content=\"https:\/\/infopba247.com.ar\/index.php\/2023\/09\/20\/los-juegos-bonaerenses-2023-tuvieron-su-fiesta-de-cierre-en-mar-del-plata\/\" \/>\n<meta property=\"og:site_name\" content=\"InfoPBA247\" \/>\n<meta property=\"article:publisher\" content=\"https:\/\/www.facebook.com\/InfoPBA\" \/>\n<meta property=\"article:published_time\" content=\"2023-09-20T11:37:19+00:00\" \/>\n<meta property=\"article:modified_time\" content=\"2023-09-20T11:40:41+00:00\" \/>\n<meta property=\"og:image\" content=\"https:\/\/infopba247.com.ar\/wp-content\/uploads\/2023\/09\/juegos-bonaerenses-cierre.jpeg\" \/>\n\t<meta property=\"og:image:width\" content=\"1280\" \/>\n\t<meta property=\"og:image:height\" content=\"720\" \/>\n\t<meta property=\"og:image:type\" content=\"image\/jpeg\" \/>\n<meta name=\"author\" content=\"Editor\" \/>\n<meta name=\"twitter:card\" content=\"summary_large_image\" \/>\n<meta name=\"twitter:label1\" content=\"Escrito por\" \/>\n\t<meta name=\"twitter:data1\" content=\"Editor\" \/>\n\t<meta name=\"twitter:label2\" content=\"Tiempo de lectura\" \/>\n\t<meta name=\"twitter:data2\" content=\"4 minutos\" \/>\n<script type=\"application\/ld+json\" class=\"yoast-schema-graph\">{\"@context\":\"https:\\\/\\\/schema.org\",\"@graph\":[{\"@type\":\"Article\",\"@id\":\"https:\\\/\\\/infopba247.com.ar\\\/index.php\\\/2023\\\/09\\\/20\\\/los-juegos-bonaerenses-2023-tuvieron-su-fiesta-de-cierre-en-mar-del-plata\\\/#article\",\"isPartOf\":{\"@id\":\"https:\\\/\\\/infopba247.com.ar\\\/index.php\\\/2023\\\/09\\\/20\\\/los-juegos-bonaerenses-2023-tuvieron-su-fiesta-de-cierre-en-mar-del-plata\\\/\"},\"author\":{\"name\":\"Editor\",\"@id\":\"https:\\\/\\\/infopba247.com.ar\\\/#\\\/schema\\\/person\\\/4975f1343a413e57bf839b3eed0099f2\"},\"headline\":\"Los Juegos Bonaerenses 2023 tuvieron su fiesta de cierre en Mar del Plata\",\"datePublished\":\"2023-09-20T11:37:19+00:00\",\"dateModified\":\"2023-09-20T11:40:41+00:00\",\"mainEntityOfPage\":{\"@id\":\"https:\\\/\\\/infopba247.com.ar\\\/index.php\\\/2023\\\/09\\\/20\\\/los-juegos-bonaerenses-2023-tuvieron-su-fiesta-de-cierre-en-mar-del-plata\\\/\"},\"wordCount\":749,\"commentCount\":0,\"publisher\":{\"@id\":\"https:\\\/\\\/infopba247.com.ar\\\/#organization\"},\"image\":{\"@id\":\"https:\\\/\\\/infopba247.com.ar\\\/index.php\\\/2023\\\/09\\\/20\\\/los-juegos-bonaerenses-2023-tuvieron-su-fiesta-de-cierre-en-mar-del-plata\\\/#primaryimage\"},\"thumbnailUrl\":\"https:\\\/\\\/infopba247.com.ar\\\/wp-content\\\/uploads\\\/2023\\\/09\\\/juegos-bonaerenses-cierre.jpeg\",\"articleSection\":[\"Turismo y Cultura\"],\"inLanguage\":\"es\",\"potentialAction\":[{\"@type\":\"CommentAction\",\"name\":\"Comment\",\"target\":[\"https:\\\/\\\/infopba247.com.ar\\\/index.php\\\/2023\\\/09\\\/20\\\/los-juegos-bonaerenses-2023-tuvieron-su-fiesta-de-cierre-en-mar-del-plata\\\/#respond\"]}]},{\"@type\":\"WebPage\",\"@id\":\"https:\\\/\\\/infopba247.com.ar\\\/index.php\\\/2023\\\/09\\\/20\\\/los-juegos-bonaerenses-2023-tuvieron-su-fiesta-de-cierre-en-mar-del-plata\\\/\",\"url\":\"https:\\\/\\\/infopba247.com.ar\\\/index.php\\\/2023\\\/09\\\/20\\\/los-juegos-bonaerenses-2023-tuvieron-su-fiesta-de-cierre-en-mar-del-plata\\\/\",\"name\":\"Los Juegos Bonaerenses 2023 tuvieron su fiesta de cierre en Mar del Plata - InfoPBA247\",\"isPartOf\":{\"@id\":\"https:\\\/\\\/infopba247.com.ar\\\/#website\"},\"primaryImageOfPage\":{\"@id\":\"https:\\\/\\\/infopba247.com.ar\\\/index.php\\\/2023\\\/09\\\/20\\\/los-juegos-bonaerenses-2023-tuvieron-su-fiesta-de-cierre-en-mar-del-plata\\\/#primaryimage\"},\"image\":{\"@id\":\"https:\\\/\\\/infopba247.com.ar\\\/index.php\\\/2023\\\/09\\\/20\\\/los-juegos-bonaerenses-2023-tuvieron-su-fiesta-de-cierre-en-mar-del-plata\\\/#primaryimage\"},\"thumbnailUrl\":\"https:\\\/\\\/infopba247.com.ar\\\/wp-content\\\/uploads\\\/2023\\\/09\\\/juegos-bonaerenses-cierre.jpeg\",\"datePublished\":\"2023-09-20T11:37:19+00:00\",\"dateModified\":\"2023-09-20T11:40:41+00:00\",\"breadcrumb\":{\"@id\":\"https:\\\/\\\/infopba247.com.ar\\\/index.php\\\/2023\\\/09\\\/20\\\/los-juegos-bonaerenses-2023-tuvieron-su-fiesta-de-cierre-en-mar-del-plata\\\/#breadcrumb\"},\"inLanguage\":\"es\",\"potentialAction\":[{\"@type\":\"ReadAction\",\"target\":[\"https:\\\/\\\/infopba247.com.ar\\\/index.php\\\/2023\\\/09\\\/20\\\/los-juegos-bonaerenses-2023-tuvieron-su-fiesta-de-cierre-en-mar-del-plata\\\/\"]}]},{\"@type\":\"ImageObject\",\"inLanguage\":\"es\",\"@id\":\"https:\\\/\\\/infopba247.com.ar\\\/index.php\\\/2023\\\/09\\\/20\\\/los-juegos-bonaerenses-2023-tuvieron-su-fiesta-de-cierre-en-mar-del-plata\\\/#primaryimage\",\"url\":\"https:\\\/\\\/infopba247.com.ar\\\/wp-content\\\/uploads\\\/2023\\\/09\\\/juegos-bonaerenses-cierre.jpeg\",\"contentUrl\":\"https:\\\/\\\/infopba247.com.ar\\\/wp-content\\\/uploads\\\/2023\\\/09\\\/juegos-bonaerenses-cierre.jpeg\",\"width\":1280,\"height\":720},{\"@type\":\"BreadcrumbList\",\"@id\":\"https:\\\/\\\/infopba247.com.ar\\\/index.php\\\/2023\\\/09\\\/20\\\/los-juegos-bonaerenses-2023-tuvieron-su-fiesta-de-cierre-en-mar-del-plata\\\/#breadcrumb\",\"itemListElement\":[{\"@type\":\"ListItem\",\"position\":1,\"name\":\"Portada\",\"item\":\"https:\\\/\\\/infopba247.com.ar\\\/\"},{\"@type\":\"ListItem\",\"position\":2,\"name\":\"Los Juegos Bonaerenses 2023 tuvieron su fiesta de cierre en Mar del Plata\"}]},{\"@type\":\"WebSite\",\"@id\":\"https:\\\/\\\/infopba247.com.ar\\\/#website\",\"url\":\"https:\\\/\\\/infopba247.com.ar\\\/\",\"name\":\"InfoPBA247\",\"description\":\"Toda la actualidad bonaerense\",\"publisher\":{\"@id\":\"https:\\\/\\\/infopba247.com.ar\\\/#organization\"},\"potentialAction\":[{\"@type\":\"SearchAction\",\"target\":{\"@type\":\"EntryPoint\",\"urlTemplate\":\"https:\\\/\\\/infopba247.com.ar\\\/?s={search_term_string}\"},\"query-input\":{\"@type\":\"PropertyValueSpecification\",\"valueRequired\":true,\"valueName\":\"search_term_string\"}}],\"inLanguage\":\"es\"},{\"@type\":\"Organization\",\"@id\":\"https:\\\/\\\/infopba247.com.ar\\\/#organization\",\"name\":\"InfoPBA247\",\"url\":\"https:\\\/\\\/infopba247.com.ar\\\/\",\"logo\":{\"@type\":\"ImageObject\",\"inLanguage\":\"es\",\"@id\":\"https:\\\/\\\/infopba247.com.ar\\\/#\\\/schema\\\/logo\\\/image\\\/\",\"url\":\"https:\\\/\\\/infopba247.com.ar\\\/wp-content\\\/uploads\\\/2022\\\/03\\\/cropped-InfoPBA247-1.png\",\"contentUrl\":\"https:\\\/\\\/infopba247.com.ar\\\/wp-content\\\/uploads\\\/2022\\\/03\\\/cropped-InfoPBA247-1.png\",\"width\":500,\"height\":122,\"caption\":\"InfoPBA247\"},\"image\":{\"@id\":\"https:\\\/\\\/infopba247.com.ar\\\/#\\\/schema\\\/logo\\\/image\\\/\"},\"sameAs\":[\"https:\\\/\\\/www.facebook.com\\\/InfoPBA\"]},{\"@type\":\"Person\",\"@id\":\"https:\\\/\\\/infopba247.com.ar\\\/#\\\/schema\\\/person\\\/4975f1343a413e57bf839b3eed0099f2\",\"name\":\"Editor\",\"image\":{\"@type\":\"ImageObject\",\"inLanguage\":\"es\",\"@id\":\"https:\\\/\\\/secure.gravatar.com\\\/avatar\\\/d27fe9520667ca53441d36627a1d6b0fa4a813571ec4803687a7a3a7744685ac?s=96&d=mm&r=g\",\"url\":\"https:\\\/\\\/secure.gravatar.com\\\/avatar\\\/d27fe9520667ca53441d36627a1d6b0fa4a813571ec4803687a7a3a7744685ac?s=96&d=mm&r=g\",\"contentUrl\":\"https:\\\/\\\/secure.gravatar.com\\\/avatar\\\/d27fe9520667ca53441d36627a1d6b0fa4a813571ec4803687a7a3a7744685ac?s=96&d=mm&r=g\",\"caption\":\"Editor\"},\"url\":\"https:\\\/\\\/infopba247.com.ar\\\/index.php\\\/author\\\/editor\\\/\"}]}<\/script>\n<!-- \/ Yoast SEO plugin. -->","yoast_head_json":{"title":"Los Juegos Bonaerenses 2023 tuvieron su fiesta de cierre en Mar del Plata - InfoPBA247","robots":{"index":"index","follow":"follow","max-snippet":"max-snippet:-1","max-image-preview":"max-image-preview:large","max-video-preview":"max-video-preview:-1"},"canonical":"https:\/\/infopba247.com.ar\/index.php\/2023\/09\/20\/los-juegos-bonaerenses-2023-tuvieron-su-fiesta-de-cierre-en-mar-del-plata\/","og_locale":"es_ES","og_type":"article","og_title":"Los Juegos Bonaerenses 2023 tuvieron su fiesta de cierre en Mar del Plata - InfoPBA247","og_description":"El paseo de Playa Las Toscas fue escenario del cierre de la Final Provincial de los Juegos Bonaerenses 2023, del","og_url":"https:\/\/infopba247.com.ar\/index.php\/2023\/09\/20\/los-juegos-bonaerenses-2023-tuvieron-su-fiesta-de-cierre-en-mar-del-plata\/","og_site_name":"InfoPBA247","article_publisher":"https:\/\/www.facebook.com\/InfoPBA","article_published_time":"2023-09-20T11:37:19+00:00","article_modified_time":"2023-09-20T11:40:41+00:00","og_image":[{"width":1280,"height":720,"url":"https:\/\/infopba247.com.ar\/wp-content\/uploads\/2023\/09\/juegos-bonaerenses-cierre.jpeg","type":"image\/jpeg"}],"author":"Editor","twitter_card":"summary_large_image","twitter_misc":{"Escrito por":"Editor","Tiempo de lectura":"4 minutos"},"schema":{"@context":"https:\/\/schema.org","@graph":[{"@type":"Article","@id":"https:\/\/infopba247.com.ar\/index.php\/2023\/09\/20\/los-juegos-bonaerenses-2023-tuvieron-su-fiesta-de-cierre-en-mar-del-plata\/#article","isPartOf":{"@id":"https:\/\/infopba247.com.ar\/index.php\/2023\/09\/20\/los-juegos-bonaerenses-2023-tuvieron-su-fiesta-de-cierre-en-mar-del-plata\/"},"author":{"name":"Editor","@id":"https:\/\/infopba247.com.ar\/#\/schema\/person\/4975f1343a413e57bf839b3eed0099f2"},"headline":"Los Juegos Bonaerenses 2023 tuvieron su fiesta de cierre en Mar del Plata","datePublished":"2023-09-20T11:37:19+00:00","dateModified":"2023-09-20T11:40:41+00:00","mainEntityOfPage":{"@id":"https:\/\/infopba247.com.ar\/index.php\/2023\/09\/20\/los-juegos-bonaerenses-2023-tuvieron-su-fiesta-de-cierre-en-mar-del-plata\/"},"wordCount":749,"commentCount":0,"publisher":{"@id":"https:\/\/infopba247.com.ar\/#organization"},"image":{"@id":"https:\/\/infopba247.com.ar\/index.php\/2023\/09\/20\/los-juegos-bonaerenses-2023-tuvieron-su-fiesta-de-cierre-en-mar-del-plata\/#primaryimage"},"thumbnailUrl":"https:\/\/infopba247.com.ar\/wp-content\/uploads\/2023\/09\/juegos-bonaerenses-cierre.jpeg","articleSection":["Turismo y Cultura"],"inLanguage":"es","potentialAction":[{"@type":"CommentAction","name":"Comment","target":["https:\/\/infopba247.com.ar\/index.php\/2023\/09\/20\/los-juegos-bonaerenses-2023-tuvieron-su-fiesta-de-cierre-en-mar-del-plata\/#respond"]}]},{"@type":"WebPage","@id":"https:\/\/infopba247.com.ar\/index.php\/2023\/09\/20\/los-juegos-bonaerenses-2023-tuvieron-su-fiesta-de-cierre-en-mar-del-plata\/","url":"https:\/\/infopba247.com.ar\/index.php\/2023\/09\/20\/los-juegos-bonaerenses-2023-tuvieron-su-fiesta-de-cierre-en-mar-del-plata\/","name":"Los Juegos Bonaerenses 2023 tuvieron su fiesta de cierre en Mar del Plata - InfoPBA247","isPartOf":{"@id":"https:\/\/infopba247.com.ar\/#website"},"primaryImageOfPage":{"@id":"https:\/\/infopba247.com.ar\/index.php\/2023\/09\/20\/los-juegos-bonaerenses-2023-tuvieron-su-fiesta-de-cierre-en-mar-del-plata\/#primaryimage"},"image":{"@id":"https:\/\/infopba247.com.ar\/index.php\/2023\/09\/20\/los-juegos-bonaerenses-2023-tuvieron-su-fiesta-de-cierre-en-mar-del-plata\/#primaryimage"},"thumbnailUrl":"https:\/\/infopba247.com.ar\/wp-content\/uploads\/2023\/09\/juegos-bonaerenses-cierre.jpeg","datePublished":"2023-09-20T11:37:19+00:00","dateModified":"2023-09-20T11:40:41+00:00","breadcrumb":{"@id":"https:\/\/infopba247.com.ar\/index.php\/2023\/09\/20\/los-juegos-bonaerenses-2023-tuvieron-su-fiesta-de-cierre-en-mar-del-plata\/#breadcrumb"},"inLanguage":"es","potentialAction":[{"@type":"ReadAction","target":["https:\/\/infopba247.com.ar\/index.php\/2023\/09\/20\/los-juegos-bonaerenses-2023-tuvieron-su-fiesta-de-cierre-en-mar-del-plata\/"]}]},{"@type":"ImageObject","inLanguage":"es","@id":"https:\/\/infopba247.com.ar\/index.php\/2023\/09\/20\/los-juegos-bonaerenses-2023-tuvieron-su-fiesta-de-cierre-en-mar-del-plata\/#primaryimage","url":"https:\/\/infopba247.com.ar\/wp-content\/uploads\/2023\/09\/juegos-bonaerenses-cierre.jpeg","contentUrl":"https:\/\/infopba247.com.ar\/wp-content\/uploads\/2023\/09\/juegos-bonaerenses-cierre.jpeg","width":1280,"height":720},{"@type":"BreadcrumbList","@id":"https:\/\/infopba247.com.ar\/index.php\/2023\/09\/20\/los-juegos-bonaerenses-2023-tuvieron-su-fiesta-de-cierre-en-mar-del-plata\/#breadcrumb","itemListElement":[{"@type":"ListItem","position":1,"name":"Portada","item":"https:\/\/infopba247.com.ar\/"},{"@type":"ListItem","position":2,"name":"Los Juegos Bonaerenses 2023 tuvieron su fiesta de cierre en Mar del Plata"}]},{"@type":"WebSite","@id":"https:\/\/infopba247.com.ar\/#website","url":"https:\/\/infopba247.com.ar\/","name":"InfoPBA247","description":"Toda la actualidad bonaerense","publisher":{"@id":"https:\/\/infopba247.com.ar\/#organization"},"potentialAction":[{"@type":"SearchAction","target":{"@type":"EntryPoint","urlTemplate":"https:\/\/infopba247.com.ar\/?s={search_term_string}"},"query-input":{"@type":"PropertyValueSpecification","valueRequired":true,"valueName":"search_term_string"}}],"inLanguage":"es"},{"@type":"Organization","@id":"https:\/\/infopba247.com.ar\/#organization","name":"InfoPBA247","url":"https:\/\/infopba247.com.ar\/","logo":{"@type":"ImageObject","inLanguage":"es","@id":"https:\/\/infopba247.com.ar\/#\/schema\/logo\/image\/","url":"https:\/\/infopba247.com.ar\/wp-content\/uploads\/2022\/03\/cropped-InfoPBA247-1.png","contentUrl":"https:\/\/infopba247.com.ar\/wp-content\/uploads\/2022\/03\/cropped-InfoPBA247-1.png","width":500,"height":122,"caption":"InfoPBA247"},"image":{"@id":"https:\/\/infopba247.com.ar\/#\/schema\/logo\/image\/"},"sameAs":["https:\/\/www.facebook.com\/InfoPBA"]},{"@type":"Person","@id":"https:\/\/infopba247.com.ar\/#\/schema\/person\/4975f1343a413e57bf839b3eed0099f2","name":"Editor","image":{"@type":"ImageObject","inLanguage":"es","@id":"https:\/\/secure.gravatar.com\/avatar\/d27fe9520667ca53441d36627a1d6b0fa4a813571ec4803687a7a3a7744685ac?s=96&d=mm&r=g","url":"https:\/\/secure.gravatar.com\/avatar\/d27fe9520667ca53441d36627a1d6b0fa4a813571ec4803687a7a3a7744685ac?s=96&d=mm&r=g","contentUrl":"https:\/\/secure.gravatar.com\/avatar\/d27fe9520667ca53441d36627a1d6b0fa4a813571ec4803687a7a3a7744685ac?s=96&d=mm&r=g","caption":"Editor"},"url":"https:\/\/infopba247.com.ar\/index.php\/author\/editor\/"}]}},"_links":{"self":[{"href":"https:\/\/infopba247.com.ar\/index.php\/wp-json\/wp\/v2\/posts\/2336","targetHints":{"allow":["GET"]}}],"collection":[{"href":"https:\/\/infopba247.com.ar\/index.php\/wp-json\/wp\/v2\/posts"}],"about":[{"href":"https:\/\/infopba247.com.ar\/index.php\/wp-json\/wp\/v2\/types\/post"}],"author":[{"embeddable":true,"href":"https:\/\/infopba247.com.ar\/index.php\/wp-json\/wp\/v2\/users\/3"}],"replies":[{"embeddable":true,"href":"https:\/\/infopba247.com.ar\/index.php\/wp-json\/wp\/v2\/comments?post=2336"}],"version-history":[{"count":2,"href":"https:\/\/infopba247.com.ar\/index.php\/wp-json\/wp\/v2\/posts\/2336\/revisions"}],"predecessor-version":[{"id":2340,"href":"https:\/\/infopba247.com.ar\/index.php\/wp-json\/wp\/v2\/posts\/2336\/revisions\/2340"}],"wp:featuredmedia":[{"embeddable":true,"href":"https:\/\/infopba247.com.ar\/index.php\/wp-json\/wp\/v2\/media\/2337"}],"wp:attachment":[{"href":"https:\/\/infopba247.com.ar\/index.php\/wp-json\/wp\/v2\/media?parent=2336"}],"wp:term":[{"taxonomy":"category","embeddable":true,"href":"https:\/\/infopba247.com.ar\/index.php\/wp-json\/wp\/v2\/categories?post=2336"},{"taxonomy":"post_tag","embeddable":true,"href":"https:\/\/infopba247.com.ar\/index.php\/wp-json\/wp\/v2\/tags?post=2336"}],"curies":[{"name":"wp","href":"https:\/\/api.w.org\/{rel}","templated":true}]}}