{"id":233,"date":"2022-03-31T20:10:09","date_gmt":"2022-03-31T20:10:09","guid":{"rendered":"https:\/\/infopba247.com.ar\/?p=233"},"modified":"2022-03-31T20:10:10","modified_gmt":"2022-03-31T20:10:10","slug":"provincia-retomara-las-obras-para-dotar-de-agua-corriente-a-mar-de-las-pampas-las-gaviotas-y-mar-azul","status":"publish","type":"post","link":"https:\/\/infopba247.com.ar\/index.php\/2022\/03\/31\/provincia-retomara-las-obras-para-dotar-de-agua-corriente-a-mar-de-las-pampas-las-gaviotas-y-mar-azul\/","title":{"rendered":"Provincia retomar\u00e1 las obras para dotar de agua corriente a Mar de Las Pampas, Las Gaviotas y Mar Azul"},"content":{"rendered":"\n<p>El ministro de Infraestructura y Servicios P\u00fablicos de la Provincia de Buenos Aires, Leonardo Nardini, junto con el intendente de Villa Gesell, Gustavo Barrera, firmaron un convenio para nuevas obras de agua potable en las localidades de Mar de las Pampas, Las Gaviotas y Mar Azul.<\/p>\n\n\n\n<p>Los trabajos tendr\u00e1n como objetivo finalizar la red interna de las mencionadas localidades y poner en funcionamiento el sistema de agua corriente, beneficiando a unos 8.000 habitantes permanentes y m\u00e1s de 300 mil personas que visitan el municipio en temporada estival.<\/p>\n\n\n\n<p>Adem\u00e1s, la intervenci\u00f3n evitar\u00e1 la contaminaci\u00f3n ambiental y la extracci\u00f3n de agua de pozo, m\u00e9todo de abastecimiento que actualmente se utiliza en varios hogares del distrito.<\/p>\n\n\n\n<p>\u201cCon estas obras se llevar\u00e1n soluciones de un servicio de vital importancia que beneficiar\u00e1n a los vecinos y vecinas de Villa Gesell, pero tambi\u00e9n abre nuevas oportunidades de crecimiento pensando en la temporada de verano\u201d, afirm\u00f3 el ministro Nardini.<\/p>\n\n\n\n<p>\u201cSe trata de una obra que estaba sin avances desde la gesti\u00f3n anterior y nosotros la retomamos y la estamos llevando adelante con el apoyo del Gobernador Kicillof y del Ministro Leonardo Nardini\u201d, destac\u00f3 Barrera.<\/p>\n\n\n\n<p>Por otra parte, Nardini y Barrera repasaron los trabajos viales que se est\u00e1n ejecutando en el \u201cPaseo 104\u201d, los proyectos del Fondo de Infraestructura Municipal (FIM) y la construcci\u00f3n de la Casa de la Provincia.<\/p>\n","protected":false},"excerpt":{"rendered":"<p>El ministro de Infraestructura y Servicios P\u00fablicos de la Provincia de Buenos Aires, Leonardo Nardini, junto con el intendente de<\/p>\n","protected":false},"author":2,"featured_media":234,"comment_status":"closed","ping_status":"closed","sticky":false,"template":"","format":"standard","meta":{"colormag_page_container_layout":"default_layout","colormag_page_sidebar_layout":"default_layout","footnotes":""},"categories":[9,1,14],"tags":[],"class_list":["post-233","post","type-post","status-publish","format-standard","has-post-thumbnail","hentry","category-5ta-seccion","category-destacadas","category-politica"],"yoast_head":"<!-- This site is optimized with the Yoast SEO plugin v27.4 - https:\/\/yoast.com\/product\/yoast-seo-wordpress\/ -->\n<title>Provincia retomar\u00e1 las obras para dotar de agua corriente a Mar de Las Pampas, Las Gaviotas y Mar Azul - InfoPBA247<\/title>\n<meta name=\"robots\" content=\"index, follow, max-snippet:-1, max-image-preview:large, max-video-preview:-1\" \/>\n<link rel=\"canonical\" href=\"https:\/\/infopba247.com.ar\/index.php\/2022\/03\/31\/provincia-retomara-las-obras-para-dotar-de-agua-corriente-a-mar-de-las-pampas-las-gaviotas-y-mar-azul\/\" \/>\n<meta property=\"og:locale\" content=\"es_ES\" \/>\n<meta property=\"og:type\" content=\"article\" \/>\n<meta property=\"og:title\" content=\"Provincia retomar\u00e1 las obras para dotar de agua corriente a Mar de Las Pampas, Las Gaviotas y Mar Azul - InfoPBA247\" \/>\n<meta property=\"og:description\" content=\"El ministro de Infraestructura y Servicios P\u00fablicos de la Provincia de Buenos Aires, Leonardo Nardini, junto con el intendente de\" \/>\n<meta property=\"og:url\" content=\"https:\/\/infopba247.com.ar\/index.php\/2022\/03\/31\/provincia-retomara-las-obras-para-dotar-de-agua-corriente-a-mar-de-las-pampas-las-gaviotas-y-mar-azul\/\" \/>\n<meta property=\"og:site_name\" content=\"InfoPBA247\" \/>\n<meta property=\"article:publisher\" content=\"https:\/\/www.facebook.com\/InfoPBA\" \/>\n<meta property=\"article:published_time\" content=\"2022-03-31T20:10:09+00:00\" \/>\n<meta property=\"article:modified_time\" content=\"2022-03-31T20:10:10+00:00\" \/>\n<meta property=\"og:image\" content=\"https:\/\/infopba247.com.ar\/wp-content\/uploads\/2022\/03\/mar-de-las-pampas-e1648503749900.jpg\" \/>\n\t<meta property=\"og:image:width\" content=\"1000\" \/>\n\t<meta property=\"og:image:height\" content=\"750\" \/>\n\t<meta property=\"og:image:type\" content=\"image\/jpeg\" \/>\n<meta name=\"twitter:card\" content=\"summary_large_image\" \/>\n<meta name=\"twitter:label1\" content=\"Escrito por\" \/>\n\t<meta name=\"twitter:data1\" content=\"\" \/>\n\t<meta name=\"twitter:label2\" content=\"Tiempo de lectura\" \/>\n\t<meta name=\"twitter:data2\" content=\"1 minuto\" \/>\n<script type=\"application\/ld+json\" class=\"yoast-schema-graph\">{\"@context\":\"https:\\\/\\\/schema.org\",\"@graph\":[{\"@type\":\"Article\",\"@id\":\"https:\\\/\\\/infopba247.com.ar\\\/index.php\\\/2022\\\/03\\\/31\\\/provincia-retomara-las-obras-para-dotar-de-agua-corriente-a-mar-de-las-pampas-las-gaviotas-y-mar-azul\\\/#article\",\"isPartOf\":{\"@id\":\"https:\\\/\\\/infopba247.com.ar\\\/index.php\\\/2022\\\/03\\\/31\\\/provincia-retomara-las-obras-para-dotar-de-agua-corriente-a-mar-de-las-pampas-las-gaviotas-y-mar-azul\\\/\"},\"author\":{\"name\":\"\",\"@id\":\"\"},\"headline\":\"Provincia retomar\u00e1 las obras para dotar de agua corriente a Mar de Las Pampas, Las Gaviotas y Mar Azul\",\"datePublished\":\"2022-03-31T20:10:09+00:00\",\"dateModified\":\"2022-03-31T20:10:10+00:00\",\"mainEntityOfPage\":{\"@id\":\"https:\\\/\\\/infopba247.com.ar\\\/index.php\\\/2022\\\/03\\\/31\\\/provincia-retomara-las-obras-para-dotar-de-agua-corriente-a-mar-de-las-pampas-las-gaviotas-y-mar-azul\\\/\"},\"wordCount\":252,\"publisher\":{\"@id\":\"https:\\\/\\\/infopba247.com.ar\\\/#organization\"},\"image\":{\"@id\":\"https:\\\/\\\/infopba247.com.ar\\\/index.php\\\/2022\\\/03\\\/31\\\/provincia-retomara-las-obras-para-dotar-de-agua-corriente-a-mar-de-las-pampas-las-gaviotas-y-mar-azul\\\/#primaryimage\"},\"thumbnailUrl\":\"https:\\\/\\\/infopba247.com.ar\\\/wp-content\\\/uploads\\\/2022\\\/03\\\/mar-de-las-pampas-e1648503749900.jpg\",\"articleSection\":[\"5ta Secci\u00f3n\",\"Destacadas\",\"Pol\u00edtica\"],\"inLanguage\":\"es\"},{\"@type\":\"WebPage\",\"@id\":\"https:\\\/\\\/infopba247.com.ar\\\/index.php\\\/2022\\\/03\\\/31\\\/provincia-retomara-las-obras-para-dotar-de-agua-corriente-a-mar-de-las-pampas-las-gaviotas-y-mar-azul\\\/\",\"url\":\"https:\\\/\\\/infopba247.com.ar\\\/index.php\\\/2022\\\/03\\\/31\\\/provincia-retomara-las-obras-para-dotar-de-agua-corriente-a-mar-de-las-pampas-las-gaviotas-y-mar-azul\\\/\",\"name\":\"Provincia retomar\u00e1 las obras para dotar de agua corriente a Mar de Las Pampas, Las Gaviotas y Mar Azul - InfoPBA247\",\"isPartOf\":{\"@id\":\"https:\\\/\\\/infopba247.com.ar\\\/#website\"},\"primaryImageOfPage\":{\"@id\":\"https:\\\/\\\/infopba247.com.ar\\\/index.php\\\/2022\\\/03\\\/31\\\/provincia-retomara-las-obras-para-dotar-de-agua-corriente-a-mar-de-las-pampas-las-gaviotas-y-mar-azul\\\/#primaryimage\"},\"image\":{\"@id\":\"https:\\\/\\\/infopba247.com.ar\\\/index.php\\\/2022\\\/03\\\/31\\\/provincia-retomara-las-obras-para-dotar-de-agua-corriente-a-mar-de-las-pampas-las-gaviotas-y-mar-azul\\\/#primaryimage\"},\"thumbnailUrl\":\"https:\\\/\\\/infopba247.com.ar\\\/wp-content\\\/uploads\\\/2022\\\/03\\\/mar-de-las-pampas-e1648503749900.jpg\",\"datePublished\":\"2022-03-31T20:10:09+00:00\",\"dateModified\":\"2022-03-31T20:10:10+00:00\",\"breadcrumb\":{\"@id\":\"https:\\\/\\\/infopba247.com.ar\\\/index.php\\\/2022\\\/03\\\/31\\\/provincia-retomara-las-obras-para-dotar-de-agua-corriente-a-mar-de-las-pampas-las-gaviotas-y-mar-azul\\\/#breadcrumb\"},\"inLanguage\":\"es\",\"potentialAction\":[{\"@type\":\"ReadAction\",\"target\":[\"https:\\\/\\\/infopba247.com.ar\\\/index.php\\\/2022\\\/03\\\/31\\\/provincia-retomara-las-obras-para-dotar-de-agua-corriente-a-mar-de-las-pampas-las-gaviotas-y-mar-azul\\\/\"]}]},{\"@type\":\"ImageObject\",\"inLanguage\":\"es\",\"@id\":\"https:\\\/\\\/infopba247.com.ar\\\/index.php\\\/2022\\\/03\\\/31\\\/provincia-retomara-las-obras-para-dotar-de-agua-corriente-a-mar-de-las-pampas-las-gaviotas-y-mar-azul\\\/#primaryimage\",\"url\":\"https:\\\/\\\/infopba247.com.ar\\\/wp-content\\\/uploads\\\/2022\\\/03\\\/mar-de-las-pampas-e1648503749900.jpg\",\"contentUrl\":\"https:\\\/\\\/infopba247.com.ar\\\/wp-content\\\/uploads\\\/2022\\\/03\\\/mar-de-las-pampas-e1648503749900.jpg\",\"width\":1000,\"height\":750},{\"@type\":\"BreadcrumbList\",\"@id\":\"https:\\\/\\\/infopba247.com.ar\\\/index.php\\\/2022\\\/03\\\/31\\\/provincia-retomara-las-obras-para-dotar-de-agua-corriente-a-mar-de-las-pampas-las-gaviotas-y-mar-azul\\\/#breadcrumb\",\"itemListElement\":[{\"@type\":\"ListItem\",\"position\":1,\"name\":\"Portada\",\"item\":\"https:\\\/\\\/infopba247.com.ar\\\/\"},{\"@type\":\"ListItem\",\"position\":2,\"name\":\"Provincia retomar\u00e1 las obras para dotar de agua corriente a Mar de Las Pampas, Las Gaviotas y Mar Azul\"}]},{\"@type\":\"WebSite\",\"@id\":\"https:\\\/\\\/infopba247.com.ar\\\/#website\",\"url\":\"https:\\\/\\\/infopba247.com.ar\\\/\",\"name\":\"InfoPBA247\",\"description\":\"Toda la actualidad bonaerense\",\"publisher\":{\"@id\":\"https:\\\/\\\/infopba247.com.ar\\\/#organization\"},\"potentialAction\":[{\"@type\":\"SearchAction\",\"target\":{\"@type\":\"EntryPoint\",\"urlTemplate\":\"https:\\\/\\\/infopba247.com.ar\\\/?s={search_term_string}\"},\"query-input\":{\"@type\":\"PropertyValueSpecification\",\"valueRequired\":true,\"valueName\":\"search_term_string\"}}],\"inLanguage\":\"es\"},{\"@type\":\"Organization\",\"@id\":\"https:\\\/\\\/infopba247.com.ar\\\/#organization\",\"name\":\"InfoPBA247\",\"url\":\"https:\\\/\\\/infopba247.com.ar\\\/\",\"logo\":{\"@type\":\"ImageObject\",\"inLanguage\":\"es\",\"@id\":\"https:\\\/\\\/infopba247.com.ar\\\/#\\\/schema\\\/logo\\\/image\\\/\",\"url\":\"https:\\\/\\\/infopba247.com.ar\\\/wp-content\\\/uploads\\\/2022\\\/03\\\/cropped-InfoPBA247-1.png\",\"contentUrl\":\"https:\\\/\\\/infopba247.com.ar\\\/wp-content\\\/uploads\\\/2022\\\/03\\\/cropped-InfoPBA247-1.png\",\"width\":500,\"height\":122,\"caption\":\"InfoPBA247\"},\"image\":{\"@id\":\"https:\\\/\\\/infopba247.com.ar\\\/#\\\/schema\\\/logo\\\/image\\\/\"},\"sameAs\":[\"https:\\\/\\\/www.facebook.com\\\/InfoPBA\"]},{\"@type\":\"Person\",\"@id\":\"\",\"url\":\"https:\\\/\\\/infopba247.com.ar\\\/index.php\\\/author\\\/\"}]}<\/script>\n<!-- \/ Yoast SEO plugin. -->","yoast_head_json":{"title":"Provincia retomar\u00e1 las obras para dotar de agua corriente a Mar de Las Pampas, Las Gaviotas y Mar Azul - InfoPBA247","robots":{"index":"index","follow":"follow","max-snippet":"max-snippet:-1","max-image-preview":"max-image-preview:large","max-video-preview":"max-video-preview:-1"},"canonical":"https:\/\/infopba247.com.ar\/index.php\/2022\/03\/31\/provincia-retomara-las-obras-para-dotar-de-agua-corriente-a-mar-de-las-pampas-las-gaviotas-y-mar-azul\/","og_locale":"es_ES","og_type":"article","og_title":"Provincia retomar\u00e1 las obras para dotar de agua corriente a Mar de Las Pampas, Las Gaviotas y Mar Azul - InfoPBA247","og_description":"El ministro de Infraestructura y Servicios P\u00fablicos de la Provincia de Buenos Aires, Leonardo Nardini, junto con el intendente de","og_url":"https:\/\/infopba247.com.ar\/index.php\/2022\/03\/31\/provincia-retomara-las-obras-para-dotar-de-agua-corriente-a-mar-de-las-pampas-las-gaviotas-y-mar-azul\/","og_site_name":"InfoPBA247","article_publisher":"https:\/\/www.facebook.com\/InfoPBA","article_published_time":"2022-03-31T20:10:09+00:00","article_modified_time":"2022-03-31T20:10:10+00:00","og_image":[{"width":1000,"height":750,"url":"https:\/\/infopba247.com.ar\/wp-content\/uploads\/2022\/03\/mar-de-las-pampas-e1648503749900.jpg","type":"image\/jpeg"}],"twitter_card":"summary_large_image","twitter_misc":{"Escrito por":"","Tiempo de lectura":"1 minuto"},"schema":{"@context":"https:\/\/schema.org","@graph":[{"@type":"Article","@id":"https:\/\/infopba247.com.ar\/index.php\/2022\/03\/31\/provincia-retomara-las-obras-para-dotar-de-agua-corriente-a-mar-de-las-pampas-las-gaviotas-y-mar-azul\/#article","isPartOf":{"@id":"https:\/\/infopba247.com.ar\/index.php\/2022\/03\/31\/provincia-retomara-las-obras-para-dotar-de-agua-corriente-a-mar-de-las-pampas-las-gaviotas-y-mar-azul\/"},"author":{"name":"","@id":""},"headline":"Provincia retomar\u00e1 las obras para dotar de agua corriente a Mar de Las Pampas, Las Gaviotas y Mar Azul","datePublished":"2022-03-31T20:10:09+00:00","dateModified":"2022-03-31T20:10:10+00:00","mainEntityOfPage":{"@id":"https:\/\/infopba247.com.ar\/index.php\/2022\/03\/31\/provincia-retomara-las-obras-para-dotar-de-agua-corriente-a-mar-de-las-pampas-las-gaviotas-y-mar-azul\/"},"wordCount":252,"publisher":{"@id":"https:\/\/infopba247.com.ar\/#organization"},"image":{"@id":"https:\/\/infopba247.com.ar\/index.php\/2022\/03\/31\/provincia-retomara-las-obras-para-dotar-de-agua-corriente-a-mar-de-las-pampas-las-gaviotas-y-mar-azul\/#primaryimage"},"thumbnailUrl":"https:\/\/infopba247.com.ar\/wp-content\/uploads\/2022\/03\/mar-de-las-pampas-e1648503749900.jpg","articleSection":["5ta Secci\u00f3n","Destacadas","Pol\u00edtica"],"inLanguage":"es"},{"@type":"WebPage","@id":"https:\/\/infopba247.com.ar\/index.php\/2022\/03\/31\/provincia-retomara-las-obras-para-dotar-de-agua-corriente-a-mar-de-las-pampas-las-gaviotas-y-mar-azul\/","url":"https:\/\/infopba247.com.ar\/index.php\/2022\/03\/31\/provincia-retomara-las-obras-para-dotar-de-agua-corriente-a-mar-de-las-pampas-las-gaviotas-y-mar-azul\/","name":"Provincia retomar\u00e1 las obras para dotar de agua corriente a Mar de Las Pampas, Las Gaviotas y Mar Azul - InfoPBA247","isPartOf":{"@id":"https:\/\/infopba247.com.ar\/#website"},"primaryImageOfPage":{"@id":"https:\/\/infopba247.com.ar\/index.php\/2022\/03\/31\/provincia-retomara-las-obras-para-dotar-de-agua-corriente-a-mar-de-las-pampas-las-gaviotas-y-mar-azul\/#primaryimage"},"image":{"@id":"https:\/\/infopba247.com.ar\/index.php\/2022\/03\/31\/provincia-retomara-las-obras-para-dotar-de-agua-corriente-a-mar-de-las-pampas-las-gaviotas-y-mar-azul\/#primaryimage"},"thumbnailUrl":"https:\/\/infopba247.com.ar\/wp-content\/uploads\/2022\/03\/mar-de-las-pampas-e1648503749900.jpg","datePublished":"2022-03-31T20:10:09+00:00","dateModified":"2022-03-31T20:10:10+00:00","breadcrumb":{"@id":"https:\/\/infopba247.com.ar\/index.php\/2022\/03\/31\/provincia-retomara-las-obras-para-dotar-de-agua-corriente-a-mar-de-las-pampas-las-gaviotas-y-mar-azul\/#breadcrumb"},"inLanguage":"es","potentialAction":[{"@type":"ReadAction","target":["https:\/\/infopba247.com.ar\/index.php\/2022\/03\/31\/provincia-retomara-las-obras-para-dotar-de-agua-corriente-a-mar-de-las-pampas-las-gaviotas-y-mar-azul\/"]}]},{"@type":"ImageObject","inLanguage":"es","@id":"https:\/\/infopba247.com.ar\/index.php\/2022\/03\/31\/provincia-retomara-las-obras-para-dotar-de-agua-corriente-a-mar-de-las-pampas-las-gaviotas-y-mar-azul\/#primaryimage","url":"https:\/\/infopba247.com.ar\/wp-content\/uploads\/2022\/03\/mar-de-las-pampas-e1648503749900.jpg","contentUrl":"https:\/\/infopba247.com.ar\/wp-content\/uploads\/2022\/03\/mar-de-las-pampas-e1648503749900.jpg","width":1000,"height":750},{"@type":"BreadcrumbList","@id":"https:\/\/infopba247.com.ar\/index.php\/2022\/03\/31\/provincia-retomara-las-obras-para-dotar-de-agua-corriente-a-mar-de-las-pampas-las-gaviotas-y-mar-azul\/#breadcrumb","itemListElement":[{"@type":"ListItem","position":1,"name":"Portada","item":"https:\/\/infopba247.com.ar\/"},{"@type":"ListItem","position":2,"name":"Provincia retomar\u00e1 las obras para dotar de agua corriente a Mar de Las Pampas, Las Gaviotas y Mar Azul"}]},{"@type":"WebSite","@id":"https:\/\/infopba247.com.ar\/#website","url":"https:\/\/infopba247.com.ar\/","name":"InfoPBA247","description":"Toda la actualidad bonaerense","publisher":{"@id":"https:\/\/infopba247.com.ar\/#organization"},"potentialAction":[{"@type":"SearchAction","target":{"@type":"EntryPoint","urlTemplate":"https:\/\/infopba247.com.ar\/?s={search_term_string}"},"query-input":{"@type":"PropertyValueSpecification","valueRequired":true,"valueName":"search_term_string"}}],"inLanguage":"es"},{"@type":"Organization","@id":"https:\/\/infopba247.com.ar\/#organization","name":"InfoPBA247","url":"https:\/\/infopba247.com.ar\/","logo":{"@type":"ImageObject","inLanguage":"es","@id":"https:\/\/infopba247.com.ar\/#\/schema\/logo\/image\/","url":"https:\/\/infopba247.com.ar\/wp-content\/uploads\/2022\/03\/cropped-InfoPBA247-1.png","contentUrl":"https:\/\/infopba247.com.ar\/wp-content\/uploads\/2022\/03\/cropped-InfoPBA247-1.png","width":500,"height":122,"caption":"InfoPBA247"},"image":{"@id":"https:\/\/infopba247.com.ar\/#\/schema\/logo\/image\/"},"sameAs":["https:\/\/www.facebook.com\/InfoPBA"]},{"@type":"Person","@id":"","url":"https:\/\/infopba247.com.ar\/index.php\/author\/"}]}},"_links":{"self":[{"href":"https:\/\/infopba247.com.ar\/index.php\/wp-json\/wp\/v2\/posts\/233","targetHints":{"allow":["GET"]}}],"collection":[{"href":"https:\/\/infopba247.com.ar\/index.php\/wp-json\/wp\/v2\/posts"}],"about":[{"href":"https:\/\/infopba247.com.ar\/index.php\/wp-json\/wp\/v2\/types\/post"}],"author":[{"embeddable":true,"href":"https:\/\/infopba247.com.ar\/index.php\/wp-json\/wp\/v2\/users\/2"}],"replies":[{"embeddable":true,"href":"https:\/\/infopba247.com.ar\/index.php\/wp-json\/wp\/v2\/comments?post=233"}],"version-history":[{"count":1,"href":"https:\/\/infopba247.com.ar\/index.php\/wp-json\/wp\/v2\/posts\/233\/revisions"}],"predecessor-version":[{"id":235,"href":"https:\/\/infopba247.com.ar\/index.php\/wp-json\/wp\/v2\/posts\/233\/revisions\/235"}],"wp:featuredmedia":[{"embeddable":true,"href":"https:\/\/infopba247.com.ar\/index.php\/wp-json\/wp\/v2\/media\/234"}],"wp:attachment":[{"href":"https:\/\/infopba247.com.ar\/index.php\/wp-json\/wp\/v2\/media?parent=233"}],"wp:term":[{"taxonomy":"category","embeddable":true,"href":"https:\/\/infopba247.com.ar\/index.php\/wp-json\/wp\/v2\/categories?post=233"},{"taxonomy":"post_tag","embeddable":true,"href":"https:\/\/infopba247.com.ar\/index.php\/wp-json\/wp\/v2\/tags?post=233"}],"curies":[{"name":"wp","href":"https:\/\/api.w.org\/{rel}","templated":true}]}}