{"id":2326,"date":"2023-09-19T08:28:00","date_gmt":"2023-09-19T11:28:00","guid":{"rendered":"https:\/\/infopba247.com.ar\/?p=2326"},"modified":"2023-09-20T08:34:05","modified_gmt":"2023-09-20T11:34:05","slug":"mariel-fernandez-inauguro-plazas-y-obras-educativas-en-cuartel-v","status":"publish","type":"post","link":"https:\/\/infopba247.com.ar\/index.php\/2023\/09\/19\/mariel-fernandez-inauguro-plazas-y-obras-educativas-en-cuartel-v\/","title":{"rendered":"Mariel Fern\u00e1ndez inaugur\u00f3 plazas y obras educativas en Cuartel V"},"content":{"rendered":"\n<p>La intendenta Mariel Fern\u00e1ndez, inaugur\u00f3 la Plaza Ayel\u00e9n, la plaza San Norberto, y la obra de refacci\u00f3n del Jard\u00edn Comunitario Poyi C\u00e1rdenas, ubicados en la localidad de Cuartel V.<\/p>\n\n\n\n<p>La jornada inici\u00f3 con la inauguraci\u00f3n de la nueva Plaza Ayel\u00e9n, ubicada en esquina Carlos Tejedor y Loeffler. La misma contempla la instalaci\u00f3n de juegos, luminarias LED, mobiliario urbano y la construcci\u00f3n de nuevas veredas. Tambi\u00e9n, se realizaron trabajos de pintura y nuevos murales.<\/p>\n\n\n\n<p>Adem\u00e1s, aleda\u00f1o a la plaza, sobre la calle Carlos Tejedor desde Loeffler hasta Lavalle se construy\u00f3 un nuevo corredor seguro, el cual comprende cuatro cuadras de asfalto, nuevas luminarias LED y c\u00e1maras de seguridad; que permiten facilitar el trabajo policial y garantizar la seguridad del lugar.<\/p>\n\n\n\n<p>As\u00ed mismo, en la plaza mencionada funciona el Centro Comunitario Ayel\u00e9n, donde se trabaja de manera mancomunada con distintas escuelas con el objetivo de vincular y revincular la trayectoria educativa de ni\u00f1os, ni\u00f1as y j\u00f3venes de entre 4 a 21 a\u00f1os. Este Centro Comunitario funciona de lunes a viernes, con actividades de educaci\u00f3n ambiental; educaci\u00f3n sexual integral y acompa\u00f1amiento escolar. Mientras que los d\u00edas s\u00e1bados se llevan adelante talleres deportivos, de reciclado, taller de huerta y folclore.<\/p>\n\n\n\n<p>Por otra parte, la jefa comunal tambi\u00e9n inaugur\u00f3 la obra de ampliaci\u00f3n y refacci\u00f3n del Jard\u00edn Comunitario \u201cPoyi C\u00e1rdenas\u201d, ubicado en Carlos Tejedor, entre M\u00e1ximo Paz y General Juan Lavalle.<\/p>\n\n\n\n<p>Esta obra, realizada con el Fondo de Financiamiento Educativo, cuenta con una nueva cocina; nuevos ba\u00f1os; refacciones en aulas existentes, construcci\u00f3n de veredas, trabajos de pintura, instalaci\u00f3n de aires acondicionados y un nuevo cerco perimetral.<\/p>\n\n\n\n<p>Adem\u00e1s, desde la Direcci\u00f3n General de Educaci\u00f3n Comunitaria, se hizo entrega de elementos de cocina, tales como: hornos, heladera, mobiliario urbano, equipamiento de sala y otros insumos con fondos provenientes de la Unidad de Desarrollo Infantil (UDI) del Ministerio de Desarrollo de la Provincia.<\/p>\n\n\n\n<p>La jornada culmin\u00f3 con la inauguraci\u00f3n de la Plaza del barrio San Norberto. Este nuevo espacio, realizado desde la Secretar\u00eda de Obras y Servicios P\u00fablicos, cuenta con nuevos juegos, luminarias LED, mobiliario urbano, construcci\u00f3n de veredas, un play\u00f3n de usos m\u00faltiples y parquizaci\u00f3n.<\/p>\n\n\n\n<p>De esta manera, el gobierno de Mariel Fern\u00e1ndez, realiza obras de calidad y resuelve reclamos hist\u00f3ricos de la comunidad.<\/p>\n","protected":false},"excerpt":{"rendered":"<p>La intendenta Mariel Fern\u00e1ndez, inaugur\u00f3 la Plaza Ayel\u00e9n, la plaza San Norberto, y la obra de refacci\u00f3n del Jard\u00edn Comunitario<\/p>\n","protected":false},"author":3,"featured_media":2315,"comment_status":"closed","ping_status":"closed","sticky":false,"template":"","format":"standard","meta":{"colormag_page_container_layout":"default_layout","colormag_page_sidebar_layout":"default_layout","footnotes":""},"categories":[5,1,14],"tags":[50],"class_list":["post-2326","post","type-post","status-publish","format-standard","has-post-thumbnail","hentry","category-1ra-seccion","category-destacadas","category-politica","tag-municipalidad-de-moreno"],"yoast_head":"<!-- This site is optimized with the Yoast SEO plugin v27.4 - https:\/\/yoast.com\/product\/yoast-seo-wordpress\/ -->\n<title>Mariel Fern\u00e1ndez inaugur\u00f3 plazas y obras educativas en Cuartel V - InfoPBA247<\/title>\n<meta name=\"robots\" content=\"index, follow, max-snippet:-1, max-image-preview:large, max-video-preview:-1\" \/>\n<link rel=\"canonical\" href=\"https:\/\/infopba247.com.ar\/index.php\/2023\/09\/19\/mariel-fernandez-inauguro-plazas-y-obras-educativas-en-cuartel-v\/\" \/>\n<meta property=\"og:locale\" content=\"es_ES\" \/>\n<meta property=\"og:type\" content=\"article\" \/>\n<meta property=\"og:title\" content=\"Mariel Fern\u00e1ndez inaugur\u00f3 plazas y obras educativas en Cuartel V - InfoPBA247\" \/>\n<meta property=\"og:description\" content=\"La intendenta Mariel Fern\u00e1ndez, inaugur\u00f3 la Plaza Ayel\u00e9n, la plaza San Norberto, y la obra de refacci\u00f3n del Jard\u00edn Comunitario\" \/>\n<meta property=\"og:url\" content=\"https:\/\/infopba247.com.ar\/index.php\/2023\/09\/19\/mariel-fernandez-inauguro-plazas-y-obras-educativas-en-cuartel-v\/\" \/>\n<meta property=\"og:site_name\" content=\"InfoPBA247\" \/>\n<meta property=\"article:publisher\" content=\"https:\/\/www.facebook.com\/InfoPBA\" \/>\n<meta property=\"article:published_time\" content=\"2023-09-19T11:28:00+00:00\" \/>\n<meta property=\"article:modified_time\" content=\"2023-09-20T11:34:05+00:00\" \/>\n<meta property=\"og:image\" content=\"https:\/\/infopba247.com.ar\/wp-content\/uploads\/2023\/09\/376240684_18207201235267620_7248669579370936289_n-800x445-1.jpg\" \/>\n\t<meta property=\"og:image:width\" content=\"800\" \/>\n\t<meta property=\"og:image:height\" content=\"445\" \/>\n\t<meta property=\"og:image:type\" content=\"image\/jpeg\" \/>\n<meta name=\"author\" content=\"Editor\" \/>\n<meta name=\"twitter:card\" content=\"summary_large_image\" \/>\n<meta name=\"twitter:label1\" content=\"Escrito por\" \/>\n\t<meta name=\"twitter:data1\" content=\"Editor\" \/>\n\t<meta name=\"twitter:label2\" content=\"Tiempo de lectura\" \/>\n\t<meta name=\"twitter:data2\" content=\"2 minutos\" \/>\n<script type=\"application\/ld+json\" class=\"yoast-schema-graph\">{\"@context\":\"https:\\\/\\\/schema.org\",\"@graph\":[{\"@type\":\"Article\",\"@id\":\"https:\\\/\\\/infopba247.com.ar\\\/index.php\\\/2023\\\/09\\\/19\\\/mariel-fernandez-inauguro-plazas-y-obras-educativas-en-cuartel-v\\\/#article\",\"isPartOf\":{\"@id\":\"https:\\\/\\\/infopba247.com.ar\\\/index.php\\\/2023\\\/09\\\/19\\\/mariel-fernandez-inauguro-plazas-y-obras-educativas-en-cuartel-v\\\/\"},\"author\":{\"name\":\"Editor\",\"@id\":\"https:\\\/\\\/infopba247.com.ar\\\/#\\\/schema\\\/person\\\/4975f1343a413e57bf839b3eed0099f2\"},\"headline\":\"Mariel Fern\u00e1ndez inaugur\u00f3 plazas y obras educativas en Cuartel V\",\"datePublished\":\"2023-09-19T11:28:00+00:00\",\"dateModified\":\"2023-09-20T11:34:05+00:00\",\"mainEntityOfPage\":{\"@id\":\"https:\\\/\\\/infopba247.com.ar\\\/index.php\\\/2023\\\/09\\\/19\\\/mariel-fernandez-inauguro-plazas-y-obras-educativas-en-cuartel-v\\\/\"},\"wordCount\":420,\"publisher\":{\"@id\":\"https:\\\/\\\/infopba247.com.ar\\\/#organization\"},\"image\":{\"@id\":\"https:\\\/\\\/infopba247.com.ar\\\/index.php\\\/2023\\\/09\\\/19\\\/mariel-fernandez-inauguro-plazas-y-obras-educativas-en-cuartel-v\\\/#primaryimage\"},\"thumbnailUrl\":\"https:\\\/\\\/infopba247.com.ar\\\/wp-content\\\/uploads\\\/2023\\\/09\\\/376240684_18207201235267620_7248669579370936289_n-800x445-1.jpg\",\"keywords\":[\"Municipalidad de Moreno\"],\"articleSection\":[\"1ra Secci\u00f3n\",\"Destacadas\",\"Pol\u00edtica\"],\"inLanguage\":\"es\"},{\"@type\":\"WebPage\",\"@id\":\"https:\\\/\\\/infopba247.com.ar\\\/index.php\\\/2023\\\/09\\\/19\\\/mariel-fernandez-inauguro-plazas-y-obras-educativas-en-cuartel-v\\\/\",\"url\":\"https:\\\/\\\/infopba247.com.ar\\\/index.php\\\/2023\\\/09\\\/19\\\/mariel-fernandez-inauguro-plazas-y-obras-educativas-en-cuartel-v\\\/\",\"name\":\"Mariel Fern\u00e1ndez inaugur\u00f3 plazas y obras educativas en Cuartel V - InfoPBA247\",\"isPartOf\":{\"@id\":\"https:\\\/\\\/infopba247.com.ar\\\/#website\"},\"primaryImageOfPage\":{\"@id\":\"https:\\\/\\\/infopba247.com.ar\\\/index.php\\\/2023\\\/09\\\/19\\\/mariel-fernandez-inauguro-plazas-y-obras-educativas-en-cuartel-v\\\/#primaryimage\"},\"image\":{\"@id\":\"https:\\\/\\\/infopba247.com.ar\\\/index.php\\\/2023\\\/09\\\/19\\\/mariel-fernandez-inauguro-plazas-y-obras-educativas-en-cuartel-v\\\/#primaryimage\"},\"thumbnailUrl\":\"https:\\\/\\\/infopba247.com.ar\\\/wp-content\\\/uploads\\\/2023\\\/09\\\/376240684_18207201235267620_7248669579370936289_n-800x445-1.jpg\",\"datePublished\":\"2023-09-19T11:28:00+00:00\",\"dateModified\":\"2023-09-20T11:34:05+00:00\",\"breadcrumb\":{\"@id\":\"https:\\\/\\\/infopba247.com.ar\\\/index.php\\\/2023\\\/09\\\/19\\\/mariel-fernandez-inauguro-plazas-y-obras-educativas-en-cuartel-v\\\/#breadcrumb\"},\"inLanguage\":\"es\",\"potentialAction\":[{\"@type\":\"ReadAction\",\"target\":[\"https:\\\/\\\/infopba247.com.ar\\\/index.php\\\/2023\\\/09\\\/19\\\/mariel-fernandez-inauguro-plazas-y-obras-educativas-en-cuartel-v\\\/\"]}]},{\"@type\":\"ImageObject\",\"inLanguage\":\"es\",\"@id\":\"https:\\\/\\\/infopba247.com.ar\\\/index.php\\\/2023\\\/09\\\/19\\\/mariel-fernandez-inauguro-plazas-y-obras-educativas-en-cuartel-v\\\/#primaryimage\",\"url\":\"https:\\\/\\\/infopba247.com.ar\\\/wp-content\\\/uploads\\\/2023\\\/09\\\/376240684_18207201235267620_7248669579370936289_n-800x445-1.jpg\",\"contentUrl\":\"https:\\\/\\\/infopba247.com.ar\\\/wp-content\\\/uploads\\\/2023\\\/09\\\/376240684_18207201235267620_7248669579370936289_n-800x445-1.jpg\",\"width\":800,\"height\":445},{\"@type\":\"BreadcrumbList\",\"@id\":\"https:\\\/\\\/infopba247.com.ar\\\/index.php\\\/2023\\\/09\\\/19\\\/mariel-fernandez-inauguro-plazas-y-obras-educativas-en-cuartel-v\\\/#breadcrumb\",\"itemListElement\":[{\"@type\":\"ListItem\",\"position\":1,\"name\":\"Portada\",\"item\":\"https:\\\/\\\/infopba247.com.ar\\\/\"},{\"@type\":\"ListItem\",\"position\":2,\"name\":\"Mariel Fern\u00e1ndez inaugur\u00f3 plazas y obras educativas en Cuartel V\"}]},{\"@type\":\"WebSite\",\"@id\":\"https:\\\/\\\/infopba247.com.ar\\\/#website\",\"url\":\"https:\\\/\\\/infopba247.com.ar\\\/\",\"name\":\"InfoPBA247\",\"description\":\"Toda la actualidad bonaerense\",\"publisher\":{\"@id\":\"https:\\\/\\\/infopba247.com.ar\\\/#organization\"},\"potentialAction\":[{\"@type\":\"SearchAction\",\"target\":{\"@type\":\"EntryPoint\",\"urlTemplate\":\"https:\\\/\\\/infopba247.com.ar\\\/?s={search_term_string}\"},\"query-input\":{\"@type\":\"PropertyValueSpecification\",\"valueRequired\":true,\"valueName\":\"search_term_string\"}}],\"inLanguage\":\"es\"},{\"@type\":\"Organization\",\"@id\":\"https:\\\/\\\/infopba247.com.ar\\\/#organization\",\"name\":\"InfoPBA247\",\"url\":\"https:\\\/\\\/infopba247.com.ar\\\/\",\"logo\":{\"@type\":\"ImageObject\",\"inLanguage\":\"es\",\"@id\":\"https:\\\/\\\/infopba247.com.ar\\\/#\\\/schema\\\/logo\\\/image\\\/\",\"url\":\"https:\\\/\\\/infopba247.com.ar\\\/wp-content\\\/uploads\\\/2022\\\/03\\\/cropped-InfoPBA247-1.png\",\"contentUrl\":\"https:\\\/\\\/infopba247.com.ar\\\/wp-content\\\/uploads\\\/2022\\\/03\\\/cropped-InfoPBA247-1.png\",\"width\":500,\"height\":122,\"caption\":\"InfoPBA247\"},\"image\":{\"@id\":\"https:\\\/\\\/infopba247.com.ar\\\/#\\\/schema\\\/logo\\\/image\\\/\"},\"sameAs\":[\"https:\\\/\\\/www.facebook.com\\\/InfoPBA\"]},{\"@type\":\"Person\",\"@id\":\"https:\\\/\\\/infopba247.com.ar\\\/#\\\/schema\\\/person\\\/4975f1343a413e57bf839b3eed0099f2\",\"name\":\"Editor\",\"image\":{\"@type\":\"ImageObject\",\"inLanguage\":\"es\",\"@id\":\"https:\\\/\\\/secure.gravatar.com\\\/avatar\\\/d27fe9520667ca53441d36627a1d6b0fa4a813571ec4803687a7a3a7744685ac?s=96&d=mm&r=g\",\"url\":\"https:\\\/\\\/secure.gravatar.com\\\/avatar\\\/d27fe9520667ca53441d36627a1d6b0fa4a813571ec4803687a7a3a7744685ac?s=96&d=mm&r=g\",\"contentUrl\":\"https:\\\/\\\/secure.gravatar.com\\\/avatar\\\/d27fe9520667ca53441d36627a1d6b0fa4a813571ec4803687a7a3a7744685ac?s=96&d=mm&r=g\",\"caption\":\"Editor\"},\"url\":\"https:\\\/\\\/infopba247.com.ar\\\/index.php\\\/author\\\/editor\\\/\"}]}<\/script>\n<!-- \/ Yoast SEO plugin. -->","yoast_head_json":{"title":"Mariel Fern\u00e1ndez inaugur\u00f3 plazas y obras educativas en Cuartel V - InfoPBA247","robots":{"index":"index","follow":"follow","max-snippet":"max-snippet:-1","max-image-preview":"max-image-preview:large","max-video-preview":"max-video-preview:-1"},"canonical":"https:\/\/infopba247.com.ar\/index.php\/2023\/09\/19\/mariel-fernandez-inauguro-plazas-y-obras-educativas-en-cuartel-v\/","og_locale":"es_ES","og_type":"article","og_title":"Mariel Fern\u00e1ndez inaugur\u00f3 plazas y obras educativas en Cuartel V - InfoPBA247","og_description":"La intendenta Mariel Fern\u00e1ndez, inaugur\u00f3 la Plaza Ayel\u00e9n, la plaza San Norberto, y la obra de refacci\u00f3n del Jard\u00edn Comunitario","og_url":"https:\/\/infopba247.com.ar\/index.php\/2023\/09\/19\/mariel-fernandez-inauguro-plazas-y-obras-educativas-en-cuartel-v\/","og_site_name":"InfoPBA247","article_publisher":"https:\/\/www.facebook.com\/InfoPBA","article_published_time":"2023-09-19T11:28:00+00:00","article_modified_time":"2023-09-20T11:34:05+00:00","og_image":[{"width":800,"height":445,"url":"https:\/\/infopba247.com.ar\/wp-content\/uploads\/2023\/09\/376240684_18207201235267620_7248669579370936289_n-800x445-1.jpg","type":"image\/jpeg"}],"author":"Editor","twitter_card":"summary_large_image","twitter_misc":{"Escrito por":"Editor","Tiempo de lectura":"2 minutos"},"schema":{"@context":"https:\/\/schema.org","@graph":[{"@type":"Article","@id":"https:\/\/infopba247.com.ar\/index.php\/2023\/09\/19\/mariel-fernandez-inauguro-plazas-y-obras-educativas-en-cuartel-v\/#article","isPartOf":{"@id":"https:\/\/infopba247.com.ar\/index.php\/2023\/09\/19\/mariel-fernandez-inauguro-plazas-y-obras-educativas-en-cuartel-v\/"},"author":{"name":"Editor","@id":"https:\/\/infopba247.com.ar\/#\/schema\/person\/4975f1343a413e57bf839b3eed0099f2"},"headline":"Mariel Fern\u00e1ndez inaugur\u00f3 plazas y obras educativas en Cuartel V","datePublished":"2023-09-19T11:28:00+00:00","dateModified":"2023-09-20T11:34:05+00:00","mainEntityOfPage":{"@id":"https:\/\/infopba247.com.ar\/index.php\/2023\/09\/19\/mariel-fernandez-inauguro-plazas-y-obras-educativas-en-cuartel-v\/"},"wordCount":420,"publisher":{"@id":"https:\/\/infopba247.com.ar\/#organization"},"image":{"@id":"https:\/\/infopba247.com.ar\/index.php\/2023\/09\/19\/mariel-fernandez-inauguro-plazas-y-obras-educativas-en-cuartel-v\/#primaryimage"},"thumbnailUrl":"https:\/\/infopba247.com.ar\/wp-content\/uploads\/2023\/09\/376240684_18207201235267620_7248669579370936289_n-800x445-1.jpg","keywords":["Municipalidad de Moreno"],"articleSection":["1ra Secci\u00f3n","Destacadas","Pol\u00edtica"],"inLanguage":"es"},{"@type":"WebPage","@id":"https:\/\/infopba247.com.ar\/index.php\/2023\/09\/19\/mariel-fernandez-inauguro-plazas-y-obras-educativas-en-cuartel-v\/","url":"https:\/\/infopba247.com.ar\/index.php\/2023\/09\/19\/mariel-fernandez-inauguro-plazas-y-obras-educativas-en-cuartel-v\/","name":"Mariel Fern\u00e1ndez inaugur\u00f3 plazas y obras educativas en Cuartel V - InfoPBA247","isPartOf":{"@id":"https:\/\/infopba247.com.ar\/#website"},"primaryImageOfPage":{"@id":"https:\/\/infopba247.com.ar\/index.php\/2023\/09\/19\/mariel-fernandez-inauguro-plazas-y-obras-educativas-en-cuartel-v\/#primaryimage"},"image":{"@id":"https:\/\/infopba247.com.ar\/index.php\/2023\/09\/19\/mariel-fernandez-inauguro-plazas-y-obras-educativas-en-cuartel-v\/#primaryimage"},"thumbnailUrl":"https:\/\/infopba247.com.ar\/wp-content\/uploads\/2023\/09\/376240684_18207201235267620_7248669579370936289_n-800x445-1.jpg","datePublished":"2023-09-19T11:28:00+00:00","dateModified":"2023-09-20T11:34:05+00:00","breadcrumb":{"@id":"https:\/\/infopba247.com.ar\/index.php\/2023\/09\/19\/mariel-fernandez-inauguro-plazas-y-obras-educativas-en-cuartel-v\/#breadcrumb"},"inLanguage":"es","potentialAction":[{"@type":"ReadAction","target":["https:\/\/infopba247.com.ar\/index.php\/2023\/09\/19\/mariel-fernandez-inauguro-plazas-y-obras-educativas-en-cuartel-v\/"]}]},{"@type":"ImageObject","inLanguage":"es","@id":"https:\/\/infopba247.com.ar\/index.php\/2023\/09\/19\/mariel-fernandez-inauguro-plazas-y-obras-educativas-en-cuartel-v\/#primaryimage","url":"https:\/\/infopba247.com.ar\/wp-content\/uploads\/2023\/09\/376240684_18207201235267620_7248669579370936289_n-800x445-1.jpg","contentUrl":"https:\/\/infopba247.com.ar\/wp-content\/uploads\/2023\/09\/376240684_18207201235267620_7248669579370936289_n-800x445-1.jpg","width":800,"height":445},{"@type":"BreadcrumbList","@id":"https:\/\/infopba247.com.ar\/index.php\/2023\/09\/19\/mariel-fernandez-inauguro-plazas-y-obras-educativas-en-cuartel-v\/#breadcrumb","itemListElement":[{"@type":"ListItem","position":1,"name":"Portada","item":"https:\/\/infopba247.com.ar\/"},{"@type":"ListItem","position":2,"name":"Mariel Fern\u00e1ndez inaugur\u00f3 plazas y obras educativas en Cuartel V"}]},{"@type":"WebSite","@id":"https:\/\/infopba247.com.ar\/#website","url":"https:\/\/infopba247.com.ar\/","name":"InfoPBA247","description":"Toda la actualidad bonaerense","publisher":{"@id":"https:\/\/infopba247.com.ar\/#organization"},"potentialAction":[{"@type":"SearchAction","target":{"@type":"EntryPoint","urlTemplate":"https:\/\/infopba247.com.ar\/?s={search_term_string}"},"query-input":{"@type":"PropertyValueSpecification","valueRequired":true,"valueName":"search_term_string"}}],"inLanguage":"es"},{"@type":"Organization","@id":"https:\/\/infopba247.com.ar\/#organization","name":"InfoPBA247","url":"https:\/\/infopba247.com.ar\/","logo":{"@type":"ImageObject","inLanguage":"es","@id":"https:\/\/infopba247.com.ar\/#\/schema\/logo\/image\/","url":"https:\/\/infopba247.com.ar\/wp-content\/uploads\/2022\/03\/cropped-InfoPBA247-1.png","contentUrl":"https:\/\/infopba247.com.ar\/wp-content\/uploads\/2022\/03\/cropped-InfoPBA247-1.png","width":500,"height":122,"caption":"InfoPBA247"},"image":{"@id":"https:\/\/infopba247.com.ar\/#\/schema\/logo\/image\/"},"sameAs":["https:\/\/www.facebook.com\/InfoPBA"]},{"@type":"Person","@id":"https:\/\/infopba247.com.ar\/#\/schema\/person\/4975f1343a413e57bf839b3eed0099f2","name":"Editor","image":{"@type":"ImageObject","inLanguage":"es","@id":"https:\/\/secure.gravatar.com\/avatar\/d27fe9520667ca53441d36627a1d6b0fa4a813571ec4803687a7a3a7744685ac?s=96&d=mm&r=g","url":"https:\/\/secure.gravatar.com\/avatar\/d27fe9520667ca53441d36627a1d6b0fa4a813571ec4803687a7a3a7744685ac?s=96&d=mm&r=g","contentUrl":"https:\/\/secure.gravatar.com\/avatar\/d27fe9520667ca53441d36627a1d6b0fa4a813571ec4803687a7a3a7744685ac?s=96&d=mm&r=g","caption":"Editor"},"url":"https:\/\/infopba247.com.ar\/index.php\/author\/editor\/"}]}},"_links":{"self":[{"href":"https:\/\/infopba247.com.ar\/index.php\/wp-json\/wp\/v2\/posts\/2326","targetHints":{"allow":["GET"]}}],"collection":[{"href":"https:\/\/infopba247.com.ar\/index.php\/wp-json\/wp\/v2\/posts"}],"about":[{"href":"https:\/\/infopba247.com.ar\/index.php\/wp-json\/wp\/v2\/types\/post"}],"author":[{"embeddable":true,"href":"https:\/\/infopba247.com.ar\/index.php\/wp-json\/wp\/v2\/users\/3"}],"replies":[{"embeddable":true,"href":"https:\/\/infopba247.com.ar\/index.php\/wp-json\/wp\/v2\/comments?post=2326"}],"version-history":[{"count":1,"href":"https:\/\/infopba247.com.ar\/index.php\/wp-json\/wp\/v2\/posts\/2326\/revisions"}],"predecessor-version":[{"id":2327,"href":"https:\/\/infopba247.com.ar\/index.php\/wp-json\/wp\/v2\/posts\/2326\/revisions\/2327"}],"wp:featuredmedia":[{"embeddable":true,"href":"https:\/\/infopba247.com.ar\/index.php\/wp-json\/wp\/v2\/media\/2315"}],"wp:attachment":[{"href":"https:\/\/infopba247.com.ar\/index.php\/wp-json\/wp\/v2\/media?parent=2326"}],"wp:term":[{"taxonomy":"category","embeddable":true,"href":"https:\/\/infopba247.com.ar\/index.php\/wp-json\/wp\/v2\/categories?post=2326"},{"taxonomy":"post_tag","embeddable":true,"href":"https:\/\/infopba247.com.ar\/index.php\/wp-json\/wp\/v2\/tags?post=2326"}],"curies":[{"name":"wp","href":"https:\/\/api.w.org\/{rel}","templated":true}]}}