{"id":2324,"date":"2023-09-19T08:27:00","date_gmt":"2023-09-19T11:27:00","guid":{"rendered":"https:\/\/infopba247.com.ar\/?p=2324"},"modified":"2023-09-20T08:36:19","modified_gmt":"2023-09-20T11:36:19","slug":"cuarta-jornada-provincial-de-salud-mental","status":"publish","type":"post","link":"https:\/\/infopba247.com.ar\/index.php\/2023\/09\/19\/cuarta-jornada-provincial-de-salud-mental\/","title":{"rendered":"Cuarta Jornada Provincial de Salud Mental"},"content":{"rendered":"\n<p>Luego de cuatro a\u00f1os de intenso trabajo en el cumplimiento de derechos, la comunidad, el Estado, las organizaciones y usuarios se re\u00fanen para compartir experiencias y profundizar los cambios.<\/p>\n\n\n\n<p>La Subsecretar\u00eda de Salud Mental, Consumos Problem\u00e1ticos y Violencias en el \u00e1mbito de la Salud P\u00fablica llevar\u00e1 a cabo la 4ta Jornada Provincial de Salud Mental, bajo el lema: \u201cLa salud mental en las pol\u00edticas p\u00fablicas. Transformaci\u00f3n del modelo de atenci\u00f3n\u201d. En esta oportunidad, la convocatoria tendr\u00e1 lugar en la Universidad Nacional de Lan\u00fas (UNLa) el pr\u00f3ximo 10 de octubre, D\u00eda Mundial de las Salud Mental, a las 9 horas.<\/p>\n\n\n\n<p>Luego de cuatro a\u00f1os de gesti\u00f3n se han transitado m\u00faltiples desaf\u00edos para acercar la salud mental provincial hacia un modelo de atenci\u00f3n m\u00e1s inclusivo, integral y equitativo. Las voces de quienes lo han trabajado y vivido: trabajadoras y trabajadores, sociedad civil y la comunidad son fundamentales para reconocer lo logrado, compartir las experiencias y reflexiones para seguir fortaleciendo la transformaci\u00f3n de los cambios instaurados.<\/p>\n\n\n\n<p>Por eso, desde la Subsecretar\u00eda invita a participar de este intercambio a los y las integrantes de Integrantes de equipos interdisciplinarios de la Red de Dispositivos de Salud Mental y Consumo Problem\u00e1tico con Base en la Comunidad de la Provincia de Buenos Aires; autoridades; equipos multidisciplinarios de hospitales generales y municipales; movimientos y organizaciones comunitarias; Estudiantes, profesionales, coordinadores comunitarios, trabajadoras y trabajadores y Colectivos de usuarias y usuarios&nbsp; del Sistema de Atenci\u00f3n de Salud y Salud Mental.<\/p>\n\n\n\n<p>Los ejes tem\u00e1ticos que se trabajar\u00e1n ser\u00e1n:<\/p>\n\n\n\n<p>Externaciones, vida en comunidad y sistemas de apoyo.<\/p>\n\n\n\n<p>Abordaje de los Consumos problem\u00e1ticos<\/p>\n\n\n\n<p>Modelo de atenci\u00f3n y organizaci\u00f3n de los servicios<\/p>\n\n\n\n<p>Integraci\u00f3n del Sistema<\/p>\n\n\n\n<p>Abordajes y dispositivos comunitarios.<\/p>\n\n\n\n<p>Rol de los Hospitales generales.<\/p>\n\n\n\n<p>Dispositivos y Abordajes en infancias y juventudes.<\/p>\n\n\n\n<p>Abordaje intersectorial como pol\u00edtica p\u00fablica.<\/p>\n\n\n\n<p>Abordajes de las violencias en el \u00e1mbito de la salud.<\/p>\n\n\n\n<p>Desde la Subsecretar\u00eda explicaron que esta jornada implica colectivizar todo ese trabajo en un espacio para compartir, transmitir experiencias, intercambiar aprendizajes, plantear y analizar pr\u00e1cticas. Por ello, los y las interesadas podr\u00e1n participar en car\u00e1cter de oyentes o disertantes mediante presentaci\u00f3n de experiencias. Cabe aclarar que el plazo de presentaci\u00f3n de ponencias y experiencias ya ha finalizado.<\/p>\n","protected":false},"excerpt":{"rendered":"<p>Luego de cuatro a\u00f1os de intenso trabajo en el cumplimiento de derechos, la comunidad, el Estado, las organizaciones y usuarios<\/p>\n","protected":false},"author":3,"featured_media":2316,"comment_status":"closed","ping_status":"closed","sticky":false,"template":"","format":"standard","meta":{"colormag_page_container_layout":"default_layout","colormag_page_sidebar_layout":"default_layout","footnotes":""},"categories":[16],"tags":[],"class_list":["post-2324","post","type-post","status-publish","format-standard","has-post-thumbnail","hentry","category-interes-general"],"yoast_head":"<!-- This site is optimized with the Yoast SEO plugin v27.4 - https:\/\/yoast.com\/product\/yoast-seo-wordpress\/ -->\n<title>Cuarta Jornada Provincial de Salud Mental - InfoPBA247<\/title>\n<meta name=\"robots\" content=\"index, follow, max-snippet:-1, max-image-preview:large, max-video-preview:-1\" \/>\n<link rel=\"canonical\" href=\"https:\/\/infopba247.com.ar\/index.php\/2023\/09\/19\/cuarta-jornada-provincial-de-salud-mental\/\" \/>\n<meta property=\"og:locale\" content=\"es_ES\" \/>\n<meta property=\"og:type\" content=\"article\" \/>\n<meta property=\"og:title\" content=\"Cuarta Jornada Provincial de Salud Mental - InfoPBA247\" \/>\n<meta property=\"og:description\" content=\"Luego de cuatro a\u00f1os de intenso trabajo en el cumplimiento de derechos, la comunidad, el Estado, las organizaciones y usuarios\" \/>\n<meta property=\"og:url\" content=\"https:\/\/infopba247.com.ar\/index.php\/2023\/09\/19\/cuarta-jornada-provincial-de-salud-mental\/\" \/>\n<meta property=\"og:site_name\" content=\"InfoPBA247\" \/>\n<meta property=\"article:publisher\" content=\"https:\/\/www.facebook.com\/InfoPBA\" \/>\n<meta property=\"article:published_time\" content=\"2023-09-19T11:27:00+00:00\" \/>\n<meta property=\"article:modified_time\" content=\"2023-09-20T11:36:19+00:00\" \/>\n<meta property=\"og:image\" content=\"https:\/\/infopba247.com.ar\/wp-content\/uploads\/2023\/09\/4ta-jornada-_rediseno.jpg\" \/>\n\t<meta property=\"og:image:width\" content=\"1083\" \/>\n\t<meta property=\"og:image:height\" content=\"1082\" \/>\n\t<meta property=\"og:image:type\" content=\"image\/jpeg\" \/>\n<meta name=\"author\" content=\"Editor\" \/>\n<meta name=\"twitter:card\" content=\"summary_large_image\" \/>\n<meta name=\"twitter:label1\" content=\"Escrito por\" \/>\n\t<meta name=\"twitter:data1\" content=\"Editor\" \/>\n\t<meta name=\"twitter:label2\" content=\"Tiempo de lectura\" \/>\n\t<meta name=\"twitter:data2\" content=\"2 minutos\" \/>\n<script type=\"application\/ld+json\" class=\"yoast-schema-graph\">{\"@context\":\"https:\\\/\\\/schema.org\",\"@graph\":[{\"@type\":\"Article\",\"@id\":\"https:\\\/\\\/infopba247.com.ar\\\/index.php\\\/2023\\\/09\\\/19\\\/cuarta-jornada-provincial-de-salud-mental\\\/#article\",\"isPartOf\":{\"@id\":\"https:\\\/\\\/infopba247.com.ar\\\/index.php\\\/2023\\\/09\\\/19\\\/cuarta-jornada-provincial-de-salud-mental\\\/\"},\"author\":{\"name\":\"Editor\",\"@id\":\"https:\\\/\\\/infopba247.com.ar\\\/#\\\/schema\\\/person\\\/4975f1343a413e57bf839b3eed0099f2\"},\"headline\":\"Cuarta Jornada Provincial de Salud Mental\",\"datePublished\":\"2023-09-19T11:27:00+00:00\",\"dateModified\":\"2023-09-20T11:36:19+00:00\",\"mainEntityOfPage\":{\"@id\":\"https:\\\/\\\/infopba247.com.ar\\\/index.php\\\/2023\\\/09\\\/19\\\/cuarta-jornada-provincial-de-salud-mental\\\/\"},\"wordCount\":401,\"publisher\":{\"@id\":\"https:\\\/\\\/infopba247.com.ar\\\/#organization\"},\"image\":{\"@id\":\"https:\\\/\\\/infopba247.com.ar\\\/index.php\\\/2023\\\/09\\\/19\\\/cuarta-jornada-provincial-de-salud-mental\\\/#primaryimage\"},\"thumbnailUrl\":\"https:\\\/\\\/infopba247.com.ar\\\/wp-content\\\/uploads\\\/2023\\\/09\\\/4ta-jornada-_rediseno.jpg\",\"articleSection\":[\"Inter\u00e9s General\"],\"inLanguage\":\"es\"},{\"@type\":\"WebPage\",\"@id\":\"https:\\\/\\\/infopba247.com.ar\\\/index.php\\\/2023\\\/09\\\/19\\\/cuarta-jornada-provincial-de-salud-mental\\\/\",\"url\":\"https:\\\/\\\/infopba247.com.ar\\\/index.php\\\/2023\\\/09\\\/19\\\/cuarta-jornada-provincial-de-salud-mental\\\/\",\"name\":\"Cuarta Jornada Provincial de Salud Mental - InfoPBA247\",\"isPartOf\":{\"@id\":\"https:\\\/\\\/infopba247.com.ar\\\/#website\"},\"primaryImageOfPage\":{\"@id\":\"https:\\\/\\\/infopba247.com.ar\\\/index.php\\\/2023\\\/09\\\/19\\\/cuarta-jornada-provincial-de-salud-mental\\\/#primaryimage\"},\"image\":{\"@id\":\"https:\\\/\\\/infopba247.com.ar\\\/index.php\\\/2023\\\/09\\\/19\\\/cuarta-jornada-provincial-de-salud-mental\\\/#primaryimage\"},\"thumbnailUrl\":\"https:\\\/\\\/infopba247.com.ar\\\/wp-content\\\/uploads\\\/2023\\\/09\\\/4ta-jornada-_rediseno.jpg\",\"datePublished\":\"2023-09-19T11:27:00+00:00\",\"dateModified\":\"2023-09-20T11:36:19+00:00\",\"breadcrumb\":{\"@id\":\"https:\\\/\\\/infopba247.com.ar\\\/index.php\\\/2023\\\/09\\\/19\\\/cuarta-jornada-provincial-de-salud-mental\\\/#breadcrumb\"},\"inLanguage\":\"es\",\"potentialAction\":[{\"@type\":\"ReadAction\",\"target\":[\"https:\\\/\\\/infopba247.com.ar\\\/index.php\\\/2023\\\/09\\\/19\\\/cuarta-jornada-provincial-de-salud-mental\\\/\"]}]},{\"@type\":\"ImageObject\",\"inLanguage\":\"es\",\"@id\":\"https:\\\/\\\/infopba247.com.ar\\\/index.php\\\/2023\\\/09\\\/19\\\/cuarta-jornada-provincial-de-salud-mental\\\/#primaryimage\",\"url\":\"https:\\\/\\\/infopba247.com.ar\\\/wp-content\\\/uploads\\\/2023\\\/09\\\/4ta-jornada-_rediseno.jpg\",\"contentUrl\":\"https:\\\/\\\/infopba247.com.ar\\\/wp-content\\\/uploads\\\/2023\\\/09\\\/4ta-jornada-_rediseno.jpg\",\"width\":1083,\"height\":1082},{\"@type\":\"BreadcrumbList\",\"@id\":\"https:\\\/\\\/infopba247.com.ar\\\/index.php\\\/2023\\\/09\\\/19\\\/cuarta-jornada-provincial-de-salud-mental\\\/#breadcrumb\",\"itemListElement\":[{\"@type\":\"ListItem\",\"position\":1,\"name\":\"Portada\",\"item\":\"https:\\\/\\\/infopba247.com.ar\\\/\"},{\"@type\":\"ListItem\",\"position\":2,\"name\":\"Cuarta Jornada Provincial de Salud Mental\"}]},{\"@type\":\"WebSite\",\"@id\":\"https:\\\/\\\/infopba247.com.ar\\\/#website\",\"url\":\"https:\\\/\\\/infopba247.com.ar\\\/\",\"name\":\"InfoPBA247\",\"description\":\"Toda la actualidad bonaerense\",\"publisher\":{\"@id\":\"https:\\\/\\\/infopba247.com.ar\\\/#organization\"},\"potentialAction\":[{\"@type\":\"SearchAction\",\"target\":{\"@type\":\"EntryPoint\",\"urlTemplate\":\"https:\\\/\\\/infopba247.com.ar\\\/?s={search_term_string}\"},\"query-input\":{\"@type\":\"PropertyValueSpecification\",\"valueRequired\":true,\"valueName\":\"search_term_string\"}}],\"inLanguage\":\"es\"},{\"@type\":\"Organization\",\"@id\":\"https:\\\/\\\/infopba247.com.ar\\\/#organization\",\"name\":\"InfoPBA247\",\"url\":\"https:\\\/\\\/infopba247.com.ar\\\/\",\"logo\":{\"@type\":\"ImageObject\",\"inLanguage\":\"es\",\"@id\":\"https:\\\/\\\/infopba247.com.ar\\\/#\\\/schema\\\/logo\\\/image\\\/\",\"url\":\"https:\\\/\\\/infopba247.com.ar\\\/wp-content\\\/uploads\\\/2022\\\/03\\\/cropped-InfoPBA247-1.png\",\"contentUrl\":\"https:\\\/\\\/infopba247.com.ar\\\/wp-content\\\/uploads\\\/2022\\\/03\\\/cropped-InfoPBA247-1.png\",\"width\":500,\"height\":122,\"caption\":\"InfoPBA247\"},\"image\":{\"@id\":\"https:\\\/\\\/infopba247.com.ar\\\/#\\\/schema\\\/logo\\\/image\\\/\"},\"sameAs\":[\"https:\\\/\\\/www.facebook.com\\\/InfoPBA\"]},{\"@type\":\"Person\",\"@id\":\"https:\\\/\\\/infopba247.com.ar\\\/#\\\/schema\\\/person\\\/4975f1343a413e57bf839b3eed0099f2\",\"name\":\"Editor\",\"image\":{\"@type\":\"ImageObject\",\"inLanguage\":\"es\",\"@id\":\"https:\\\/\\\/secure.gravatar.com\\\/avatar\\\/d27fe9520667ca53441d36627a1d6b0fa4a813571ec4803687a7a3a7744685ac?s=96&d=mm&r=g\",\"url\":\"https:\\\/\\\/secure.gravatar.com\\\/avatar\\\/d27fe9520667ca53441d36627a1d6b0fa4a813571ec4803687a7a3a7744685ac?s=96&d=mm&r=g\",\"contentUrl\":\"https:\\\/\\\/secure.gravatar.com\\\/avatar\\\/d27fe9520667ca53441d36627a1d6b0fa4a813571ec4803687a7a3a7744685ac?s=96&d=mm&r=g\",\"caption\":\"Editor\"},\"url\":\"https:\\\/\\\/infopba247.com.ar\\\/index.php\\\/author\\\/editor\\\/\"}]}<\/script>\n<!-- \/ Yoast SEO plugin. -->","yoast_head_json":{"title":"Cuarta Jornada Provincial de Salud Mental - InfoPBA247","robots":{"index":"index","follow":"follow","max-snippet":"max-snippet:-1","max-image-preview":"max-image-preview:large","max-video-preview":"max-video-preview:-1"},"canonical":"https:\/\/infopba247.com.ar\/index.php\/2023\/09\/19\/cuarta-jornada-provincial-de-salud-mental\/","og_locale":"es_ES","og_type":"article","og_title":"Cuarta Jornada Provincial de Salud Mental - InfoPBA247","og_description":"Luego de cuatro a\u00f1os de intenso trabajo en el cumplimiento de derechos, la comunidad, el Estado, las organizaciones y usuarios","og_url":"https:\/\/infopba247.com.ar\/index.php\/2023\/09\/19\/cuarta-jornada-provincial-de-salud-mental\/","og_site_name":"InfoPBA247","article_publisher":"https:\/\/www.facebook.com\/InfoPBA","article_published_time":"2023-09-19T11:27:00+00:00","article_modified_time":"2023-09-20T11:36:19+00:00","og_image":[{"width":1083,"height":1082,"url":"https:\/\/infopba247.com.ar\/wp-content\/uploads\/2023\/09\/4ta-jornada-_rediseno.jpg","type":"image\/jpeg"}],"author":"Editor","twitter_card":"summary_large_image","twitter_misc":{"Escrito por":"Editor","Tiempo de lectura":"2 minutos"},"schema":{"@context":"https:\/\/schema.org","@graph":[{"@type":"Article","@id":"https:\/\/infopba247.com.ar\/index.php\/2023\/09\/19\/cuarta-jornada-provincial-de-salud-mental\/#article","isPartOf":{"@id":"https:\/\/infopba247.com.ar\/index.php\/2023\/09\/19\/cuarta-jornada-provincial-de-salud-mental\/"},"author":{"name":"Editor","@id":"https:\/\/infopba247.com.ar\/#\/schema\/person\/4975f1343a413e57bf839b3eed0099f2"},"headline":"Cuarta Jornada Provincial de Salud Mental","datePublished":"2023-09-19T11:27:00+00:00","dateModified":"2023-09-20T11:36:19+00:00","mainEntityOfPage":{"@id":"https:\/\/infopba247.com.ar\/index.php\/2023\/09\/19\/cuarta-jornada-provincial-de-salud-mental\/"},"wordCount":401,"publisher":{"@id":"https:\/\/infopba247.com.ar\/#organization"},"image":{"@id":"https:\/\/infopba247.com.ar\/index.php\/2023\/09\/19\/cuarta-jornada-provincial-de-salud-mental\/#primaryimage"},"thumbnailUrl":"https:\/\/infopba247.com.ar\/wp-content\/uploads\/2023\/09\/4ta-jornada-_rediseno.jpg","articleSection":["Inter\u00e9s General"],"inLanguage":"es"},{"@type":"WebPage","@id":"https:\/\/infopba247.com.ar\/index.php\/2023\/09\/19\/cuarta-jornada-provincial-de-salud-mental\/","url":"https:\/\/infopba247.com.ar\/index.php\/2023\/09\/19\/cuarta-jornada-provincial-de-salud-mental\/","name":"Cuarta Jornada Provincial de Salud Mental - InfoPBA247","isPartOf":{"@id":"https:\/\/infopba247.com.ar\/#website"},"primaryImageOfPage":{"@id":"https:\/\/infopba247.com.ar\/index.php\/2023\/09\/19\/cuarta-jornada-provincial-de-salud-mental\/#primaryimage"},"image":{"@id":"https:\/\/infopba247.com.ar\/index.php\/2023\/09\/19\/cuarta-jornada-provincial-de-salud-mental\/#primaryimage"},"thumbnailUrl":"https:\/\/infopba247.com.ar\/wp-content\/uploads\/2023\/09\/4ta-jornada-_rediseno.jpg","datePublished":"2023-09-19T11:27:00+00:00","dateModified":"2023-09-20T11:36:19+00:00","breadcrumb":{"@id":"https:\/\/infopba247.com.ar\/index.php\/2023\/09\/19\/cuarta-jornada-provincial-de-salud-mental\/#breadcrumb"},"inLanguage":"es","potentialAction":[{"@type":"ReadAction","target":["https:\/\/infopba247.com.ar\/index.php\/2023\/09\/19\/cuarta-jornada-provincial-de-salud-mental\/"]}]},{"@type":"ImageObject","inLanguage":"es","@id":"https:\/\/infopba247.com.ar\/index.php\/2023\/09\/19\/cuarta-jornada-provincial-de-salud-mental\/#primaryimage","url":"https:\/\/infopba247.com.ar\/wp-content\/uploads\/2023\/09\/4ta-jornada-_rediseno.jpg","contentUrl":"https:\/\/infopba247.com.ar\/wp-content\/uploads\/2023\/09\/4ta-jornada-_rediseno.jpg","width":1083,"height":1082},{"@type":"BreadcrumbList","@id":"https:\/\/infopba247.com.ar\/index.php\/2023\/09\/19\/cuarta-jornada-provincial-de-salud-mental\/#breadcrumb","itemListElement":[{"@type":"ListItem","position":1,"name":"Portada","item":"https:\/\/infopba247.com.ar\/"},{"@type":"ListItem","position":2,"name":"Cuarta Jornada Provincial de Salud Mental"}]},{"@type":"WebSite","@id":"https:\/\/infopba247.com.ar\/#website","url":"https:\/\/infopba247.com.ar\/","name":"InfoPBA247","description":"Toda la actualidad bonaerense","publisher":{"@id":"https:\/\/infopba247.com.ar\/#organization"},"potentialAction":[{"@type":"SearchAction","target":{"@type":"EntryPoint","urlTemplate":"https:\/\/infopba247.com.ar\/?s={search_term_string}"},"query-input":{"@type":"PropertyValueSpecification","valueRequired":true,"valueName":"search_term_string"}}],"inLanguage":"es"},{"@type":"Organization","@id":"https:\/\/infopba247.com.ar\/#organization","name":"InfoPBA247","url":"https:\/\/infopba247.com.ar\/","logo":{"@type":"ImageObject","inLanguage":"es","@id":"https:\/\/infopba247.com.ar\/#\/schema\/logo\/image\/","url":"https:\/\/infopba247.com.ar\/wp-content\/uploads\/2022\/03\/cropped-InfoPBA247-1.png","contentUrl":"https:\/\/infopba247.com.ar\/wp-content\/uploads\/2022\/03\/cropped-InfoPBA247-1.png","width":500,"height":122,"caption":"InfoPBA247"},"image":{"@id":"https:\/\/infopba247.com.ar\/#\/schema\/logo\/image\/"},"sameAs":["https:\/\/www.facebook.com\/InfoPBA"]},{"@type":"Person","@id":"https:\/\/infopba247.com.ar\/#\/schema\/person\/4975f1343a413e57bf839b3eed0099f2","name":"Editor","image":{"@type":"ImageObject","inLanguage":"es","@id":"https:\/\/secure.gravatar.com\/avatar\/d27fe9520667ca53441d36627a1d6b0fa4a813571ec4803687a7a3a7744685ac?s=96&d=mm&r=g","url":"https:\/\/secure.gravatar.com\/avatar\/d27fe9520667ca53441d36627a1d6b0fa4a813571ec4803687a7a3a7744685ac?s=96&d=mm&r=g","contentUrl":"https:\/\/secure.gravatar.com\/avatar\/d27fe9520667ca53441d36627a1d6b0fa4a813571ec4803687a7a3a7744685ac?s=96&d=mm&r=g","caption":"Editor"},"url":"https:\/\/infopba247.com.ar\/index.php\/author\/editor\/"}]}},"_links":{"self":[{"href":"https:\/\/infopba247.com.ar\/index.php\/wp-json\/wp\/v2\/posts\/2324","targetHints":{"allow":["GET"]}}],"collection":[{"href":"https:\/\/infopba247.com.ar\/index.php\/wp-json\/wp\/v2\/posts"}],"about":[{"href":"https:\/\/infopba247.com.ar\/index.php\/wp-json\/wp\/v2\/types\/post"}],"author":[{"embeddable":true,"href":"https:\/\/infopba247.com.ar\/index.php\/wp-json\/wp\/v2\/users\/3"}],"replies":[{"embeddable":true,"href":"https:\/\/infopba247.com.ar\/index.php\/wp-json\/wp\/v2\/comments?post=2324"}],"version-history":[{"count":1,"href":"https:\/\/infopba247.com.ar\/index.php\/wp-json\/wp\/v2\/posts\/2324\/revisions"}],"predecessor-version":[{"id":2325,"href":"https:\/\/infopba247.com.ar\/index.php\/wp-json\/wp\/v2\/posts\/2324\/revisions\/2325"}],"wp:featuredmedia":[{"embeddable":true,"href":"https:\/\/infopba247.com.ar\/index.php\/wp-json\/wp\/v2\/media\/2316"}],"wp:attachment":[{"href":"https:\/\/infopba247.com.ar\/index.php\/wp-json\/wp\/v2\/media?parent=2324"}],"wp:term":[{"taxonomy":"category","embeddable":true,"href":"https:\/\/infopba247.com.ar\/index.php\/wp-json\/wp\/v2\/categories?post=2324"},{"taxonomy":"post_tag","embeddable":true,"href":"https:\/\/infopba247.com.ar\/index.php\/wp-json\/wp\/v2\/tags?post=2324"}],"curies":[{"name":"wp","href":"https:\/\/api.w.org\/{rel}","templated":true}]}}