{"id":2321,"date":"2023-09-18T08:25:00","date_gmt":"2023-09-18T11:25:00","guid":{"rendered":"https:\/\/infopba247.com.ar\/?p=2321"},"modified":"2023-09-20T08:26:28","modified_gmt":"2023-09-20T11:26:28","slug":"mar-del-plata-no-puede-seguir-postergando-la-diversificacion-productiva-y-la-inclusion-social","status":"publish","type":"post","link":"https:\/\/infopba247.com.ar\/index.php\/2023\/09\/18\/mar-del-plata-no-puede-seguir-postergando-la-diversificacion-productiva-y-la-inclusion-social\/","title":{"rendered":"\u00abMar del Plata no puede seguir postergando la diversificaci\u00f3n productiva y la inclusi\u00f3n social\u00bb"},"content":{"rendered":"\n<p>El gobernador de la provincia de Buenos Aires, Axel Kicillof, encabez\u00f3 esta tarde junto a la directora ejecutiva de ANSES y candidata a intendenta, Fernanda Raverta, un encuentro con dirigentes y representantes de gremios y asociaciones vecinales de la ciudad de Mar del Plata.<\/p>\n\n\n\n<p>En ese marco, Kicillof asegur\u00f3: \u201cTodos los y las militantes del campo popular tenemos la obligaci\u00f3n de escuchar a nuestro pueblo y de explicar que las dos alternativas de la derecha tienen el mismo programa: el que ya inici\u00f3 Macri pero m\u00e1s r\u00e1pido y m\u00e1s profundo para concretar la reforma laboral, previsional y tributaria\u201d. \u201cTenemos la ventaja de que esta vez s\u00ed est\u00e1n diciendo lo que quieren hacer, incluso en una competencia por ver qui\u00e9n puede vulnerar m\u00e1s derechos\u201d, agreg\u00f3.<\/p>\n\n\n\n<p>\u201cDebemos confrontar con sus ideas para que quede bien claro que van contra los trabajadores, contra las pymes, contra las mujeres, contra la salud y la ciencia\u201d, subray\u00f3 el Gobernador y a\u00f1adi\u00f3: \u201cDe esa forma no se resuelve ning\u00fan de los problemas que tenemos: no es echando maestros, enfermeros y polic\u00edas, sino con m\u00e1s y mejor Estado\u201d.<\/p>\n\n\n\n<p>En tanto, Raverta enfatiz\u00f3: \u201cNuestra enorme responsabilidad pol\u00edtica es hacer que Sergio Massa sea el pr\u00f3ximo presidente de la Argentina, que Axel Kicillof siga transformando la realidad de la provincia y que por primera vez en Mar del Plata nos den la oportunidad de gobernar y demostrar que cuando el peronismo asume el compromiso resuelve los problemas del pueblo\u201d. \u201cEste encuentro refleja el compromiso que nuestra dirigencia pol\u00edtica tiene con el partido de General Pueyrredon y tambi\u00e9n el alto grado de conciencia que tenemos las y los marplatenses de cara al desaf\u00edo que tenemos por delante en la pr\u00f3xima elecci\u00f3n\u201d, manifest\u00f3.<\/p>\n\n\n\n<p>Al respecto, el mandatario bonaerense hizo hincapi\u00e9 en que \u201cMar del Plata siempre ha sido una de las mayores v\u00edctimas de las pol\u00edticas neoliberales, ya que deterioran el entramado productivo y dificultan el turismo de las clases populares\u201d. \u201cEl municipio ya perdi\u00f3 muchas oportunidades en materia de diversificaci\u00f3n productiva e inclusi\u00f3n social: necesitamos que todas las pol\u00edticas p\u00fablicas lleguen a los barrios y eso solo lo puede garantizar Fernanda Raverta\u201d, sostuvo.<\/p>\n\n\n\n<p>Por \u00faltimo, Kicillof expres\u00f3 que \u201ccon la legitimidad que nos da todo lo que hicimos a pesar de las dificultades que debimos atravesar, tenemos la obligaci\u00f3n de mirar a los ojos a nuestros vecinos y vecinas para decirles que estamos comprometidos a hacer todo lo que falta\u201d. \u201cEso solo puede concretar Uni\u00f3n por la Patria porque lo que necesitamos es un gobierno que act\u00fae exclusivamente por los intereses de nuestro pueblo\u201d, concluy\u00f3.<\/p>\n\n\n\n<p>Estuvieron presentes el jefe de Asesores del Gobernador, Carlos Bianco; el presidente del Banco de la Provincia de Buenos Aires, Juan Cuattromo; el senador provincial Pablo Obeid;&nbsp; el candidato a legislador Gustavo Pulti; la secretaria de Deportes de la Naci\u00f3n, In\u00e9s Arrondo; el secretario de Econom\u00eda del Conocimiento, Juan Manuel Cheppi; el director de Desarrollo Tur\u00edstico de Aerol\u00edneas Argentinas, Ariel Ciano; el presidente General de Luz y Fuerza, Eduardo Coppola; los concejales Roberto Gandolfi y Miguel Guglielmotti.<\/p>\n","protected":false},"excerpt":{"rendered":"<p>El gobernador de la provincia de Buenos Aires, Axel Kicillof, encabez\u00f3 esta tarde junto a la directora ejecutiva de ANSES<\/p>\n","protected":false},"author":3,"featured_media":2322,"comment_status":"closed","ping_status":"closed","sticky":false,"template":"","format":"standard","meta":{"colormag_page_container_layout":"default_layout","colormag_page_sidebar_layout":"default_layout","footnotes":""},"categories":[5,1,14],"tags":[50],"class_list":["post-2321","post","type-post","status-publish","format-standard","has-post-thumbnail","hentry","category-1ra-seccion","category-destacadas","category-politica","tag-municipalidad-de-moreno"],"yoast_head":"<!-- This site is optimized with the Yoast SEO plugin v27.4 - https:\/\/yoast.com\/product\/yoast-seo-wordpress\/ -->\n<title>\u00abMar del Plata no puede seguir postergando la diversificaci\u00f3n productiva y la inclusi\u00f3n social\u00bb - InfoPBA247<\/title>\n<meta name=\"robots\" content=\"index, follow, max-snippet:-1, max-image-preview:large, max-video-preview:-1\" \/>\n<link rel=\"canonical\" href=\"https:\/\/infopba247.com.ar\/index.php\/2023\/09\/18\/mar-del-plata-no-puede-seguir-postergando-la-diversificacion-productiva-y-la-inclusion-social\/\" \/>\n<meta property=\"og:locale\" content=\"es_ES\" \/>\n<meta property=\"og:type\" content=\"article\" \/>\n<meta property=\"og:title\" content=\"\u00abMar del Plata no puede seguir postergando la diversificaci\u00f3n productiva y la inclusi\u00f3n social\u00bb - InfoPBA247\" \/>\n<meta property=\"og:description\" content=\"El gobernador de la provincia de Buenos Aires, Axel Kicillof, encabez\u00f3 esta tarde junto a la directora ejecutiva de ANSES\" \/>\n<meta property=\"og:url\" content=\"https:\/\/infopba247.com.ar\/index.php\/2023\/09\/18\/mar-del-plata-no-puede-seguir-postergando-la-diversificacion-productiva-y-la-inclusion-social\/\" \/>\n<meta property=\"og:site_name\" content=\"InfoPBA247\" \/>\n<meta property=\"article:publisher\" content=\"https:\/\/www.facebook.com\/InfoPBA\" \/>\n<meta property=\"article:published_time\" content=\"2023-09-18T11:25:00+00:00\" \/>\n<meta property=\"article:modified_time\" content=\"2023-09-20T11:26:28+00:00\" \/>\n<meta property=\"og:image\" content=\"https:\/\/infopba247.com.ar\/wp-content\/uploads\/2023\/09\/20230915150933_177A01212-1-scaled.jpg\" \/>\n\t<meta property=\"og:image:width\" content=\"2560\" \/>\n\t<meta property=\"og:image:height\" content=\"1707\" \/>\n\t<meta property=\"og:image:type\" content=\"image\/jpeg\" \/>\n<meta name=\"author\" content=\"Editor\" \/>\n<meta name=\"twitter:card\" content=\"summary_large_image\" \/>\n<meta name=\"twitter:label1\" content=\"Escrito por\" \/>\n\t<meta name=\"twitter:data1\" content=\"Editor\" \/>\n\t<meta name=\"twitter:label2\" content=\"Tiempo de lectura\" \/>\n\t<meta name=\"twitter:data2\" content=\"3 minutos\" \/>\n<script type=\"application\/ld+json\" class=\"yoast-schema-graph\">{\"@context\":\"https:\\\/\\\/schema.org\",\"@graph\":[{\"@type\":\"Article\",\"@id\":\"https:\\\/\\\/infopba247.com.ar\\\/index.php\\\/2023\\\/09\\\/18\\\/mar-del-plata-no-puede-seguir-postergando-la-diversificacion-productiva-y-la-inclusion-social\\\/#article\",\"isPartOf\":{\"@id\":\"https:\\\/\\\/infopba247.com.ar\\\/index.php\\\/2023\\\/09\\\/18\\\/mar-del-plata-no-puede-seguir-postergando-la-diversificacion-productiva-y-la-inclusion-social\\\/\"},\"author\":{\"name\":\"Editor\",\"@id\":\"https:\\\/\\\/infopba247.com.ar\\\/#\\\/schema\\\/person\\\/4975f1343a413e57bf839b3eed0099f2\"},\"headline\":\"\u00abMar del Plata no puede seguir postergando la diversificaci\u00f3n productiva y la inclusi\u00f3n social\u00bb\",\"datePublished\":\"2023-09-18T11:25:00+00:00\",\"dateModified\":\"2023-09-20T11:26:28+00:00\",\"mainEntityOfPage\":{\"@id\":\"https:\\\/\\\/infopba247.com.ar\\\/index.php\\\/2023\\\/09\\\/18\\\/mar-del-plata-no-puede-seguir-postergando-la-diversificacion-productiva-y-la-inclusion-social\\\/\"},\"wordCount\":551,\"publisher\":{\"@id\":\"https:\\\/\\\/infopba247.com.ar\\\/#organization\"},\"image\":{\"@id\":\"https:\\\/\\\/infopba247.com.ar\\\/index.php\\\/2023\\\/09\\\/18\\\/mar-del-plata-no-puede-seguir-postergando-la-diversificacion-productiva-y-la-inclusion-social\\\/#primaryimage\"},\"thumbnailUrl\":\"https:\\\/\\\/infopba247.com.ar\\\/wp-content\\\/uploads\\\/2023\\\/09\\\/20230915150933_177A01212-1-scaled.jpg\",\"keywords\":[\"Municipalidad de Moreno\"],\"articleSection\":[\"1ra Secci\u00f3n\",\"Destacadas\",\"Pol\u00edtica\"],\"inLanguage\":\"es\"},{\"@type\":\"WebPage\",\"@id\":\"https:\\\/\\\/infopba247.com.ar\\\/index.php\\\/2023\\\/09\\\/18\\\/mar-del-plata-no-puede-seguir-postergando-la-diversificacion-productiva-y-la-inclusion-social\\\/\",\"url\":\"https:\\\/\\\/infopba247.com.ar\\\/index.php\\\/2023\\\/09\\\/18\\\/mar-del-plata-no-puede-seguir-postergando-la-diversificacion-productiva-y-la-inclusion-social\\\/\",\"name\":\"\u00abMar del Plata no puede seguir postergando la diversificaci\u00f3n productiva y la inclusi\u00f3n social\u00bb - InfoPBA247\",\"isPartOf\":{\"@id\":\"https:\\\/\\\/infopba247.com.ar\\\/#website\"},\"primaryImageOfPage\":{\"@id\":\"https:\\\/\\\/infopba247.com.ar\\\/index.php\\\/2023\\\/09\\\/18\\\/mar-del-plata-no-puede-seguir-postergando-la-diversificacion-productiva-y-la-inclusion-social\\\/#primaryimage\"},\"image\":{\"@id\":\"https:\\\/\\\/infopba247.com.ar\\\/index.php\\\/2023\\\/09\\\/18\\\/mar-del-plata-no-puede-seguir-postergando-la-diversificacion-productiva-y-la-inclusion-social\\\/#primaryimage\"},\"thumbnailUrl\":\"https:\\\/\\\/infopba247.com.ar\\\/wp-content\\\/uploads\\\/2023\\\/09\\\/20230915150933_177A01212-1-scaled.jpg\",\"datePublished\":\"2023-09-18T11:25:00+00:00\",\"dateModified\":\"2023-09-20T11:26:28+00:00\",\"breadcrumb\":{\"@id\":\"https:\\\/\\\/infopba247.com.ar\\\/index.php\\\/2023\\\/09\\\/18\\\/mar-del-plata-no-puede-seguir-postergando-la-diversificacion-productiva-y-la-inclusion-social\\\/#breadcrumb\"},\"inLanguage\":\"es\",\"potentialAction\":[{\"@type\":\"ReadAction\",\"target\":[\"https:\\\/\\\/infopba247.com.ar\\\/index.php\\\/2023\\\/09\\\/18\\\/mar-del-plata-no-puede-seguir-postergando-la-diversificacion-productiva-y-la-inclusion-social\\\/\"]}]},{\"@type\":\"ImageObject\",\"inLanguage\":\"es\",\"@id\":\"https:\\\/\\\/infopba247.com.ar\\\/index.php\\\/2023\\\/09\\\/18\\\/mar-del-plata-no-puede-seguir-postergando-la-diversificacion-productiva-y-la-inclusion-social\\\/#primaryimage\",\"url\":\"https:\\\/\\\/infopba247.com.ar\\\/wp-content\\\/uploads\\\/2023\\\/09\\\/20230915150933_177A01212-1-scaled.jpg\",\"contentUrl\":\"https:\\\/\\\/infopba247.com.ar\\\/wp-content\\\/uploads\\\/2023\\\/09\\\/20230915150933_177A01212-1-scaled.jpg\",\"width\":2560,\"height\":1707},{\"@type\":\"BreadcrumbList\",\"@id\":\"https:\\\/\\\/infopba247.com.ar\\\/index.php\\\/2023\\\/09\\\/18\\\/mar-del-plata-no-puede-seguir-postergando-la-diversificacion-productiva-y-la-inclusion-social\\\/#breadcrumb\",\"itemListElement\":[{\"@type\":\"ListItem\",\"position\":1,\"name\":\"Portada\",\"item\":\"https:\\\/\\\/infopba247.com.ar\\\/\"},{\"@type\":\"ListItem\",\"position\":2,\"name\":\"\u00abMar del Plata no puede seguir postergando la diversificaci\u00f3n productiva y la inclusi\u00f3n social\u00bb\"}]},{\"@type\":\"WebSite\",\"@id\":\"https:\\\/\\\/infopba247.com.ar\\\/#website\",\"url\":\"https:\\\/\\\/infopba247.com.ar\\\/\",\"name\":\"InfoPBA247\",\"description\":\"Toda la actualidad bonaerense\",\"publisher\":{\"@id\":\"https:\\\/\\\/infopba247.com.ar\\\/#organization\"},\"potentialAction\":[{\"@type\":\"SearchAction\",\"target\":{\"@type\":\"EntryPoint\",\"urlTemplate\":\"https:\\\/\\\/infopba247.com.ar\\\/?s={search_term_string}\"},\"query-input\":{\"@type\":\"PropertyValueSpecification\",\"valueRequired\":true,\"valueName\":\"search_term_string\"}}],\"inLanguage\":\"es\"},{\"@type\":\"Organization\",\"@id\":\"https:\\\/\\\/infopba247.com.ar\\\/#organization\",\"name\":\"InfoPBA247\",\"url\":\"https:\\\/\\\/infopba247.com.ar\\\/\",\"logo\":{\"@type\":\"ImageObject\",\"inLanguage\":\"es\",\"@id\":\"https:\\\/\\\/infopba247.com.ar\\\/#\\\/schema\\\/logo\\\/image\\\/\",\"url\":\"https:\\\/\\\/infopba247.com.ar\\\/wp-content\\\/uploads\\\/2022\\\/03\\\/cropped-InfoPBA247-1.png\",\"contentUrl\":\"https:\\\/\\\/infopba247.com.ar\\\/wp-content\\\/uploads\\\/2022\\\/03\\\/cropped-InfoPBA247-1.png\",\"width\":500,\"height\":122,\"caption\":\"InfoPBA247\"},\"image\":{\"@id\":\"https:\\\/\\\/infopba247.com.ar\\\/#\\\/schema\\\/logo\\\/image\\\/\"},\"sameAs\":[\"https:\\\/\\\/www.facebook.com\\\/InfoPBA\"]},{\"@type\":\"Person\",\"@id\":\"https:\\\/\\\/infopba247.com.ar\\\/#\\\/schema\\\/person\\\/4975f1343a413e57bf839b3eed0099f2\",\"name\":\"Editor\",\"image\":{\"@type\":\"ImageObject\",\"inLanguage\":\"es\",\"@id\":\"https:\\\/\\\/secure.gravatar.com\\\/avatar\\\/d27fe9520667ca53441d36627a1d6b0fa4a813571ec4803687a7a3a7744685ac?s=96&d=mm&r=g\",\"url\":\"https:\\\/\\\/secure.gravatar.com\\\/avatar\\\/d27fe9520667ca53441d36627a1d6b0fa4a813571ec4803687a7a3a7744685ac?s=96&d=mm&r=g\",\"contentUrl\":\"https:\\\/\\\/secure.gravatar.com\\\/avatar\\\/d27fe9520667ca53441d36627a1d6b0fa4a813571ec4803687a7a3a7744685ac?s=96&d=mm&r=g\",\"caption\":\"Editor\"},\"url\":\"https:\\\/\\\/infopba247.com.ar\\\/index.php\\\/author\\\/editor\\\/\"}]}<\/script>\n<!-- \/ Yoast SEO plugin. -->","yoast_head_json":{"title":"\u00abMar del Plata no puede seguir postergando la diversificaci\u00f3n productiva y la inclusi\u00f3n social\u00bb - InfoPBA247","robots":{"index":"index","follow":"follow","max-snippet":"max-snippet:-1","max-image-preview":"max-image-preview:large","max-video-preview":"max-video-preview:-1"},"canonical":"https:\/\/infopba247.com.ar\/index.php\/2023\/09\/18\/mar-del-plata-no-puede-seguir-postergando-la-diversificacion-productiva-y-la-inclusion-social\/","og_locale":"es_ES","og_type":"article","og_title":"\u00abMar del Plata no puede seguir postergando la diversificaci\u00f3n productiva y la inclusi\u00f3n social\u00bb - InfoPBA247","og_description":"El gobernador de la provincia de Buenos Aires, Axel Kicillof, encabez\u00f3 esta tarde junto a la directora ejecutiva de ANSES","og_url":"https:\/\/infopba247.com.ar\/index.php\/2023\/09\/18\/mar-del-plata-no-puede-seguir-postergando-la-diversificacion-productiva-y-la-inclusion-social\/","og_site_name":"InfoPBA247","article_publisher":"https:\/\/www.facebook.com\/InfoPBA","article_published_time":"2023-09-18T11:25:00+00:00","article_modified_time":"2023-09-20T11:26:28+00:00","og_image":[{"width":2560,"height":1707,"url":"https:\/\/infopba247.com.ar\/wp-content\/uploads\/2023\/09\/20230915150933_177A01212-1-scaled.jpg","type":"image\/jpeg"}],"author":"Editor","twitter_card":"summary_large_image","twitter_misc":{"Escrito por":"Editor","Tiempo de lectura":"3 minutos"},"schema":{"@context":"https:\/\/schema.org","@graph":[{"@type":"Article","@id":"https:\/\/infopba247.com.ar\/index.php\/2023\/09\/18\/mar-del-plata-no-puede-seguir-postergando-la-diversificacion-productiva-y-la-inclusion-social\/#article","isPartOf":{"@id":"https:\/\/infopba247.com.ar\/index.php\/2023\/09\/18\/mar-del-plata-no-puede-seguir-postergando-la-diversificacion-productiva-y-la-inclusion-social\/"},"author":{"name":"Editor","@id":"https:\/\/infopba247.com.ar\/#\/schema\/person\/4975f1343a413e57bf839b3eed0099f2"},"headline":"\u00abMar del Plata no puede seguir postergando la diversificaci\u00f3n productiva y la inclusi\u00f3n social\u00bb","datePublished":"2023-09-18T11:25:00+00:00","dateModified":"2023-09-20T11:26:28+00:00","mainEntityOfPage":{"@id":"https:\/\/infopba247.com.ar\/index.php\/2023\/09\/18\/mar-del-plata-no-puede-seguir-postergando-la-diversificacion-productiva-y-la-inclusion-social\/"},"wordCount":551,"publisher":{"@id":"https:\/\/infopba247.com.ar\/#organization"},"image":{"@id":"https:\/\/infopba247.com.ar\/index.php\/2023\/09\/18\/mar-del-plata-no-puede-seguir-postergando-la-diversificacion-productiva-y-la-inclusion-social\/#primaryimage"},"thumbnailUrl":"https:\/\/infopba247.com.ar\/wp-content\/uploads\/2023\/09\/20230915150933_177A01212-1-scaled.jpg","keywords":["Municipalidad de Moreno"],"articleSection":["1ra Secci\u00f3n","Destacadas","Pol\u00edtica"],"inLanguage":"es"},{"@type":"WebPage","@id":"https:\/\/infopba247.com.ar\/index.php\/2023\/09\/18\/mar-del-plata-no-puede-seguir-postergando-la-diversificacion-productiva-y-la-inclusion-social\/","url":"https:\/\/infopba247.com.ar\/index.php\/2023\/09\/18\/mar-del-plata-no-puede-seguir-postergando-la-diversificacion-productiva-y-la-inclusion-social\/","name":"\u00abMar del Plata no puede seguir postergando la diversificaci\u00f3n productiva y la inclusi\u00f3n social\u00bb - InfoPBA247","isPartOf":{"@id":"https:\/\/infopba247.com.ar\/#website"},"primaryImageOfPage":{"@id":"https:\/\/infopba247.com.ar\/index.php\/2023\/09\/18\/mar-del-plata-no-puede-seguir-postergando-la-diversificacion-productiva-y-la-inclusion-social\/#primaryimage"},"image":{"@id":"https:\/\/infopba247.com.ar\/index.php\/2023\/09\/18\/mar-del-plata-no-puede-seguir-postergando-la-diversificacion-productiva-y-la-inclusion-social\/#primaryimage"},"thumbnailUrl":"https:\/\/infopba247.com.ar\/wp-content\/uploads\/2023\/09\/20230915150933_177A01212-1-scaled.jpg","datePublished":"2023-09-18T11:25:00+00:00","dateModified":"2023-09-20T11:26:28+00:00","breadcrumb":{"@id":"https:\/\/infopba247.com.ar\/index.php\/2023\/09\/18\/mar-del-plata-no-puede-seguir-postergando-la-diversificacion-productiva-y-la-inclusion-social\/#breadcrumb"},"inLanguage":"es","potentialAction":[{"@type":"ReadAction","target":["https:\/\/infopba247.com.ar\/index.php\/2023\/09\/18\/mar-del-plata-no-puede-seguir-postergando-la-diversificacion-productiva-y-la-inclusion-social\/"]}]},{"@type":"ImageObject","inLanguage":"es","@id":"https:\/\/infopba247.com.ar\/index.php\/2023\/09\/18\/mar-del-plata-no-puede-seguir-postergando-la-diversificacion-productiva-y-la-inclusion-social\/#primaryimage","url":"https:\/\/infopba247.com.ar\/wp-content\/uploads\/2023\/09\/20230915150933_177A01212-1-scaled.jpg","contentUrl":"https:\/\/infopba247.com.ar\/wp-content\/uploads\/2023\/09\/20230915150933_177A01212-1-scaled.jpg","width":2560,"height":1707},{"@type":"BreadcrumbList","@id":"https:\/\/infopba247.com.ar\/index.php\/2023\/09\/18\/mar-del-plata-no-puede-seguir-postergando-la-diversificacion-productiva-y-la-inclusion-social\/#breadcrumb","itemListElement":[{"@type":"ListItem","position":1,"name":"Portada","item":"https:\/\/infopba247.com.ar\/"},{"@type":"ListItem","position":2,"name":"\u00abMar del Plata no puede seguir postergando la diversificaci\u00f3n productiva y la inclusi\u00f3n social\u00bb"}]},{"@type":"WebSite","@id":"https:\/\/infopba247.com.ar\/#website","url":"https:\/\/infopba247.com.ar\/","name":"InfoPBA247","description":"Toda la actualidad bonaerense","publisher":{"@id":"https:\/\/infopba247.com.ar\/#organization"},"potentialAction":[{"@type":"SearchAction","target":{"@type":"EntryPoint","urlTemplate":"https:\/\/infopba247.com.ar\/?s={search_term_string}"},"query-input":{"@type":"PropertyValueSpecification","valueRequired":true,"valueName":"search_term_string"}}],"inLanguage":"es"},{"@type":"Organization","@id":"https:\/\/infopba247.com.ar\/#organization","name":"InfoPBA247","url":"https:\/\/infopba247.com.ar\/","logo":{"@type":"ImageObject","inLanguage":"es","@id":"https:\/\/infopba247.com.ar\/#\/schema\/logo\/image\/","url":"https:\/\/infopba247.com.ar\/wp-content\/uploads\/2022\/03\/cropped-InfoPBA247-1.png","contentUrl":"https:\/\/infopba247.com.ar\/wp-content\/uploads\/2022\/03\/cropped-InfoPBA247-1.png","width":500,"height":122,"caption":"InfoPBA247"},"image":{"@id":"https:\/\/infopba247.com.ar\/#\/schema\/logo\/image\/"},"sameAs":["https:\/\/www.facebook.com\/InfoPBA"]},{"@type":"Person","@id":"https:\/\/infopba247.com.ar\/#\/schema\/person\/4975f1343a413e57bf839b3eed0099f2","name":"Editor","image":{"@type":"ImageObject","inLanguage":"es","@id":"https:\/\/secure.gravatar.com\/avatar\/d27fe9520667ca53441d36627a1d6b0fa4a813571ec4803687a7a3a7744685ac?s=96&d=mm&r=g","url":"https:\/\/secure.gravatar.com\/avatar\/d27fe9520667ca53441d36627a1d6b0fa4a813571ec4803687a7a3a7744685ac?s=96&d=mm&r=g","contentUrl":"https:\/\/secure.gravatar.com\/avatar\/d27fe9520667ca53441d36627a1d6b0fa4a813571ec4803687a7a3a7744685ac?s=96&d=mm&r=g","caption":"Editor"},"url":"https:\/\/infopba247.com.ar\/index.php\/author\/editor\/"}]}},"_links":{"self":[{"href":"https:\/\/infopba247.com.ar\/index.php\/wp-json\/wp\/v2\/posts\/2321","targetHints":{"allow":["GET"]}}],"collection":[{"href":"https:\/\/infopba247.com.ar\/index.php\/wp-json\/wp\/v2\/posts"}],"about":[{"href":"https:\/\/infopba247.com.ar\/index.php\/wp-json\/wp\/v2\/types\/post"}],"author":[{"embeddable":true,"href":"https:\/\/infopba247.com.ar\/index.php\/wp-json\/wp\/v2\/users\/3"}],"replies":[{"embeddable":true,"href":"https:\/\/infopba247.com.ar\/index.php\/wp-json\/wp\/v2\/comments?post=2321"}],"version-history":[{"count":1,"href":"https:\/\/infopba247.com.ar\/index.php\/wp-json\/wp\/v2\/posts\/2321\/revisions"}],"predecessor-version":[{"id":2323,"href":"https:\/\/infopba247.com.ar\/index.php\/wp-json\/wp\/v2\/posts\/2321\/revisions\/2323"}],"wp:featuredmedia":[{"embeddable":true,"href":"https:\/\/infopba247.com.ar\/index.php\/wp-json\/wp\/v2\/media\/2322"}],"wp:attachment":[{"href":"https:\/\/infopba247.com.ar\/index.php\/wp-json\/wp\/v2\/media?parent=2321"}],"wp:term":[{"taxonomy":"category","embeddable":true,"href":"https:\/\/infopba247.com.ar\/index.php\/wp-json\/wp\/v2\/categories?post=2321"},{"taxonomy":"post_tag","embeddable":true,"href":"https:\/\/infopba247.com.ar\/index.php\/wp-json\/wp\/v2\/tags?post=2321"}],"curies":[{"name":"wp","href":"https:\/\/api.w.org\/{rel}","templated":true}]}}