{"id":2307,"date":"2023-09-15T09:42:00","date_gmt":"2023-09-15T12:42:00","guid":{"rendered":"https:\/\/infopba247.com.ar\/?p=2307"},"modified":"2023-09-15T13:42:49","modified_gmt":"2023-09-15T16:42:49","slug":"guzzo-y-lopez-recibieron-a-kicillof-destacando-el-rol-del-estado-y-de-la-educacion-publicaavatar","status":"publish","type":"post","link":"https:\/\/infopba247.com.ar\/index.php\/2023\/09\/15\/guzzo-y-lopez-recibieron-a-kicillof-destacando-el-rol-del-estado-y-de-la-educacion-publicaavatar\/","title":{"rendered":"Guzzo y L\u00f3pez recibieron a Kicillof destacando el rol del estado y de la educaci\u00f3n p\u00fablicaAvatar"},"content":{"rendered":"\n<p>El Gobernador de la Provincia de Buenos Aires, Axel Kicillof, visit\u00f3 General Viamonte para inaugurar el primer Jard\u00edn Maternal de la Provincia en el distrito junto a la Diputada Viviana Guzzo, el Director General de Cultura y Educaci\u00f3n, Aberto Sileoni, y el candidato a intendente de Uni\u00f3n por la Patria, Daniel L\u00f3pez. Tambi\u00e9n entreg\u00f3 una ambulancia de alta complejidad y computadoras a estudiantes secundarios.<\/p>\n\n\n\n<p>En el inicio de la jornada se inaugur\u00f3 el edificio Jard\u00edn Maternal Provincial N\u00b0 1 en el Barrio Juan Domingo Per\u00f3n donde asistir\u00e1n ni\u00f1as y ni\u00f1os de 45 d\u00edas a 2 a\u00f1os. Durante mucho tiempo la obra hab\u00eda estado parada y fue gracias a la gesti\u00f3n de la Diputada Guzzo y la respuesta del Gobernador que se pudo concretar. Este nuevo espacio demand\u00f3 una inversi\u00f3n, por parte de la provincia, de 38 millones de pesos y cuenta con SUM, aulas, y \u00e1reas de servicio.<\/p>\n\n\n\n<p>Adem\u00e1s, el Gobernador Axel Kicillof hizo entrega, junto a la Subsecretaria de Atenci\u00f3n y Cuidados Integrales en Salud, Alexia Navarro, de una ambulancia de alta complejidad para el distrito con el objetivo de fortalecer el servicio de emergencias. La unidad est\u00e1 equipada con: kit y camilla, tubos de O2, bolso de paro y malet\u00edn con insumos, ropa para el personal y una silla de ruedas de aluminio plegable.<\/p>\n\n\n\n<p>Esta ambulancia se suma a las 229 que ya fueron entregadas por la gesti\u00f3n provincial desde el 2020.<\/p>\n\n\n\n<p>Por \u00faltimo, en la Escuela Secundaria T\u00e9cnica N\u00b0 1, Kicillof entreg\u00f3 153 notebooks a estudiantes que est\u00e1n cursando el \u00faltimo a\u00f1o de sus estudios secundarios. Esta actividad se enmarca al programa \u201cConectar Igualdad Bonaerense\u201d que tiene como finalidad igualar oportunidades entre las y los j\u00f3venes siendo la computadora una herramienta esencial para su aprendizaje y recreaci\u00f3n.<\/p>\n\n\n\n<p>Estuvieron presentes en la jornada, el Jefe de Asesores del Gobernador, Carlos Bianco, la Ministra de Gobierno, Cristina \u00c1lvarez Rodr\u00edguez, el Ministro de Producci\u00f3n, Augusto Costa, el Ministro de Desarrollo Agrario, Javier Rodr\u00edguez, intendentes de distritos vecinos, concejales\/as, funcionarios\/as, representantes de instituciones intermedias, vecinos y vecinas.<\/p>\n\n\n\n<p>Axel Kicillof se refiri\u00f3 a la importancia del derecho a la educaci\u00f3n en la provincia y destac\u00f3: \u201cEstamos realizando una gran inversi\u00f3n porque creemos que la educaci\u00f3n p\u00fablica, universal y gratuita nos permite igualar oportunidades\u201d.<\/p>\n\n\n\n<p>Al finalizar la actividad, la Diputada Viviana Guzzo expres\u00f3: \u201cMe produce una enorme emoci\u00f3n recibir a nuestro Gobernador ya que siempre est\u00e1 dando respuestas ante las necesidades de General Viamonte\u00bb.<\/p>\n\n\n\n<p>\u00abEs un d\u00eda de fiesta para los vecinos y vecinas de nuestro distrito por la llegada de la ambulancia tan esperada. Una vez m\u00e1s se definen claramente nuestras prioridades, y el compromiso que tenemos para garantizar el derecho a la educaci\u00f3n, con la inauguraci\u00f3n del edificio del Jard\u00edn Maternal Provincial y la entrega de 153 computadoras para los estudiantes\u201d, dijo la diputada Guzzo.<\/p>\n\n\n\n<p>Por su parte, el ingeniero Daniel L\u00f3pez se\u00f1al\u00f3: \u201cEstamos muy felices de tener un Gobernador comprometido que a todas las necesidades les da soluciones y recursos. Por eso es muy importante que hoy est\u00e9 ac\u00e1\u201d.<\/p>\n","protected":false},"excerpt":{"rendered":"<p>El Gobernador de la Provincia de Buenos Aires, Axel Kicillof, visit\u00f3 General Viamonte para inaugurar el primer Jard\u00edn Maternal de<\/p>\n","protected":false},"author":3,"featured_media":2308,"comment_status":"closed","ping_status":"closed","sticky":false,"template":"","format":"standard","meta":{"colormag_page_container_layout":"default_layout","colormag_page_sidebar_layout":"default_layout","footnotes":""},"categories":[8,1,14],"tags":[],"class_list":["post-2307","post","type-post","status-publish","format-standard","has-post-thumbnail","hentry","category-4ta-seccion","category-destacadas","category-politica"],"yoast_head":"<!-- This site is optimized with the Yoast SEO plugin v27.4 - https:\/\/yoast.com\/product\/yoast-seo-wordpress\/ -->\n<title>Guzzo y L\u00f3pez recibieron a Kicillof destacando el rol del estado y de la educaci\u00f3n p\u00fablicaAvatar - InfoPBA247<\/title>\n<meta name=\"robots\" content=\"index, follow, max-snippet:-1, max-image-preview:large, max-video-preview:-1\" \/>\n<link rel=\"canonical\" href=\"https:\/\/infopba247.com.ar\/index.php\/2023\/09\/15\/guzzo-y-lopez-recibieron-a-kicillof-destacando-el-rol-del-estado-y-de-la-educacion-publicaavatar\/\" \/>\n<meta property=\"og:locale\" content=\"es_ES\" \/>\n<meta property=\"og:type\" content=\"article\" \/>\n<meta property=\"og:title\" content=\"Guzzo y L\u00f3pez recibieron a Kicillof destacando el rol del estado y de la educaci\u00f3n p\u00fablicaAvatar - InfoPBA247\" \/>\n<meta property=\"og:description\" content=\"El Gobernador de la Provincia de Buenos Aires, Axel Kicillof, visit\u00f3 General Viamonte para inaugurar el primer Jard\u00edn Maternal de\" \/>\n<meta property=\"og:url\" content=\"https:\/\/infopba247.com.ar\/index.php\/2023\/09\/15\/guzzo-y-lopez-recibieron-a-kicillof-destacando-el-rol-del-estado-y-de-la-educacion-publicaavatar\/\" \/>\n<meta property=\"og:site_name\" content=\"InfoPBA247\" \/>\n<meta property=\"article:publisher\" content=\"https:\/\/www.facebook.com\/InfoPBA\" \/>\n<meta property=\"article:published_time\" content=\"2023-09-15T12:42:00+00:00\" \/>\n<meta property=\"article:modified_time\" content=\"2023-09-15T16:42:49+00:00\" \/>\n<meta property=\"og:image\" content=\"https:\/\/infopba247.com.ar\/wp-content\/uploads\/2023\/09\/001-1536x1152-1.jpeg\" \/>\n\t<meta property=\"og:image:width\" content=\"1536\" \/>\n\t<meta property=\"og:image:height\" content=\"1152\" \/>\n\t<meta property=\"og:image:type\" content=\"image\/jpeg\" \/>\n<meta name=\"author\" content=\"Editor\" \/>\n<meta name=\"twitter:card\" content=\"summary_large_image\" \/>\n<meta name=\"twitter:label1\" content=\"Escrito por\" \/>\n\t<meta name=\"twitter:data1\" content=\"Editor\" \/>\n\t<meta name=\"twitter:label2\" content=\"Tiempo de lectura\" \/>\n\t<meta name=\"twitter:data2\" content=\"3 minutos\" \/>\n<script type=\"application\/ld+json\" class=\"yoast-schema-graph\">{\"@context\":\"https:\\\/\\\/schema.org\",\"@graph\":[{\"@type\":\"Article\",\"@id\":\"https:\\\/\\\/infopba247.com.ar\\\/index.php\\\/2023\\\/09\\\/15\\\/guzzo-y-lopez-recibieron-a-kicillof-destacando-el-rol-del-estado-y-de-la-educacion-publicaavatar\\\/#article\",\"isPartOf\":{\"@id\":\"https:\\\/\\\/infopba247.com.ar\\\/index.php\\\/2023\\\/09\\\/15\\\/guzzo-y-lopez-recibieron-a-kicillof-destacando-el-rol-del-estado-y-de-la-educacion-publicaavatar\\\/\"},\"author\":{\"name\":\"Editor\",\"@id\":\"https:\\\/\\\/infopba247.com.ar\\\/#\\\/schema\\\/person\\\/4975f1343a413e57bf839b3eed0099f2\"},\"headline\":\"Guzzo y L\u00f3pez recibieron a Kicillof destacando el rol del estado y de la educaci\u00f3n p\u00fablicaAvatar\",\"datePublished\":\"2023-09-15T12:42:00+00:00\",\"dateModified\":\"2023-09-15T16:42:49+00:00\",\"mainEntityOfPage\":{\"@id\":\"https:\\\/\\\/infopba247.com.ar\\\/index.php\\\/2023\\\/09\\\/15\\\/guzzo-y-lopez-recibieron-a-kicillof-destacando-el-rol-del-estado-y-de-la-educacion-publicaavatar\\\/\"},\"wordCount\":550,\"publisher\":{\"@id\":\"https:\\\/\\\/infopba247.com.ar\\\/#organization\"},\"image\":{\"@id\":\"https:\\\/\\\/infopba247.com.ar\\\/index.php\\\/2023\\\/09\\\/15\\\/guzzo-y-lopez-recibieron-a-kicillof-destacando-el-rol-del-estado-y-de-la-educacion-publicaavatar\\\/#primaryimage\"},\"thumbnailUrl\":\"https:\\\/\\\/infopba247.com.ar\\\/wp-content\\\/uploads\\\/2023\\\/09\\\/001-1536x1152-1.jpeg\",\"articleSection\":[\"4ta Secci\u00f3n\",\"Destacadas\",\"Pol\u00edtica\"],\"inLanguage\":\"es\"},{\"@type\":\"WebPage\",\"@id\":\"https:\\\/\\\/infopba247.com.ar\\\/index.php\\\/2023\\\/09\\\/15\\\/guzzo-y-lopez-recibieron-a-kicillof-destacando-el-rol-del-estado-y-de-la-educacion-publicaavatar\\\/\",\"url\":\"https:\\\/\\\/infopba247.com.ar\\\/index.php\\\/2023\\\/09\\\/15\\\/guzzo-y-lopez-recibieron-a-kicillof-destacando-el-rol-del-estado-y-de-la-educacion-publicaavatar\\\/\",\"name\":\"Guzzo y L\u00f3pez recibieron a Kicillof destacando el rol del estado y de la educaci\u00f3n p\u00fablicaAvatar - InfoPBA247\",\"isPartOf\":{\"@id\":\"https:\\\/\\\/infopba247.com.ar\\\/#website\"},\"primaryImageOfPage\":{\"@id\":\"https:\\\/\\\/infopba247.com.ar\\\/index.php\\\/2023\\\/09\\\/15\\\/guzzo-y-lopez-recibieron-a-kicillof-destacando-el-rol-del-estado-y-de-la-educacion-publicaavatar\\\/#primaryimage\"},\"image\":{\"@id\":\"https:\\\/\\\/infopba247.com.ar\\\/index.php\\\/2023\\\/09\\\/15\\\/guzzo-y-lopez-recibieron-a-kicillof-destacando-el-rol-del-estado-y-de-la-educacion-publicaavatar\\\/#primaryimage\"},\"thumbnailUrl\":\"https:\\\/\\\/infopba247.com.ar\\\/wp-content\\\/uploads\\\/2023\\\/09\\\/001-1536x1152-1.jpeg\",\"datePublished\":\"2023-09-15T12:42:00+00:00\",\"dateModified\":\"2023-09-15T16:42:49+00:00\",\"breadcrumb\":{\"@id\":\"https:\\\/\\\/infopba247.com.ar\\\/index.php\\\/2023\\\/09\\\/15\\\/guzzo-y-lopez-recibieron-a-kicillof-destacando-el-rol-del-estado-y-de-la-educacion-publicaavatar\\\/#breadcrumb\"},\"inLanguage\":\"es\",\"potentialAction\":[{\"@type\":\"ReadAction\",\"target\":[\"https:\\\/\\\/infopba247.com.ar\\\/index.php\\\/2023\\\/09\\\/15\\\/guzzo-y-lopez-recibieron-a-kicillof-destacando-el-rol-del-estado-y-de-la-educacion-publicaavatar\\\/\"]}]},{\"@type\":\"ImageObject\",\"inLanguage\":\"es\",\"@id\":\"https:\\\/\\\/infopba247.com.ar\\\/index.php\\\/2023\\\/09\\\/15\\\/guzzo-y-lopez-recibieron-a-kicillof-destacando-el-rol-del-estado-y-de-la-educacion-publicaavatar\\\/#primaryimage\",\"url\":\"https:\\\/\\\/infopba247.com.ar\\\/wp-content\\\/uploads\\\/2023\\\/09\\\/001-1536x1152-1.jpeg\",\"contentUrl\":\"https:\\\/\\\/infopba247.com.ar\\\/wp-content\\\/uploads\\\/2023\\\/09\\\/001-1536x1152-1.jpeg\",\"width\":1536,\"height\":1152},{\"@type\":\"BreadcrumbList\",\"@id\":\"https:\\\/\\\/infopba247.com.ar\\\/index.php\\\/2023\\\/09\\\/15\\\/guzzo-y-lopez-recibieron-a-kicillof-destacando-el-rol-del-estado-y-de-la-educacion-publicaavatar\\\/#breadcrumb\",\"itemListElement\":[{\"@type\":\"ListItem\",\"position\":1,\"name\":\"Portada\",\"item\":\"https:\\\/\\\/infopba247.com.ar\\\/\"},{\"@type\":\"ListItem\",\"position\":2,\"name\":\"Guzzo y L\u00f3pez recibieron a Kicillof destacando el rol del estado y de la educaci\u00f3n p\u00fablicaAvatar\"}]},{\"@type\":\"WebSite\",\"@id\":\"https:\\\/\\\/infopba247.com.ar\\\/#website\",\"url\":\"https:\\\/\\\/infopba247.com.ar\\\/\",\"name\":\"InfoPBA247\",\"description\":\"Toda la actualidad bonaerense\",\"publisher\":{\"@id\":\"https:\\\/\\\/infopba247.com.ar\\\/#organization\"},\"potentialAction\":[{\"@type\":\"SearchAction\",\"target\":{\"@type\":\"EntryPoint\",\"urlTemplate\":\"https:\\\/\\\/infopba247.com.ar\\\/?s={search_term_string}\"},\"query-input\":{\"@type\":\"PropertyValueSpecification\",\"valueRequired\":true,\"valueName\":\"search_term_string\"}}],\"inLanguage\":\"es\"},{\"@type\":\"Organization\",\"@id\":\"https:\\\/\\\/infopba247.com.ar\\\/#organization\",\"name\":\"InfoPBA247\",\"url\":\"https:\\\/\\\/infopba247.com.ar\\\/\",\"logo\":{\"@type\":\"ImageObject\",\"inLanguage\":\"es\",\"@id\":\"https:\\\/\\\/infopba247.com.ar\\\/#\\\/schema\\\/logo\\\/image\\\/\",\"url\":\"https:\\\/\\\/infopba247.com.ar\\\/wp-content\\\/uploads\\\/2022\\\/03\\\/cropped-InfoPBA247-1.png\",\"contentUrl\":\"https:\\\/\\\/infopba247.com.ar\\\/wp-content\\\/uploads\\\/2022\\\/03\\\/cropped-InfoPBA247-1.png\",\"width\":500,\"height\":122,\"caption\":\"InfoPBA247\"},\"image\":{\"@id\":\"https:\\\/\\\/infopba247.com.ar\\\/#\\\/schema\\\/logo\\\/image\\\/\"},\"sameAs\":[\"https:\\\/\\\/www.facebook.com\\\/InfoPBA\"]},{\"@type\":\"Person\",\"@id\":\"https:\\\/\\\/infopba247.com.ar\\\/#\\\/schema\\\/person\\\/4975f1343a413e57bf839b3eed0099f2\",\"name\":\"Editor\",\"image\":{\"@type\":\"ImageObject\",\"inLanguage\":\"es\",\"@id\":\"https:\\\/\\\/secure.gravatar.com\\\/avatar\\\/d27fe9520667ca53441d36627a1d6b0fa4a813571ec4803687a7a3a7744685ac?s=96&d=mm&r=g\",\"url\":\"https:\\\/\\\/secure.gravatar.com\\\/avatar\\\/d27fe9520667ca53441d36627a1d6b0fa4a813571ec4803687a7a3a7744685ac?s=96&d=mm&r=g\",\"contentUrl\":\"https:\\\/\\\/secure.gravatar.com\\\/avatar\\\/d27fe9520667ca53441d36627a1d6b0fa4a813571ec4803687a7a3a7744685ac?s=96&d=mm&r=g\",\"caption\":\"Editor\"},\"url\":\"https:\\\/\\\/infopba247.com.ar\\\/index.php\\\/author\\\/editor\\\/\"}]}<\/script>\n<!-- \/ Yoast SEO plugin. -->","yoast_head_json":{"title":"Guzzo y L\u00f3pez recibieron a Kicillof destacando el rol del estado y de la educaci\u00f3n p\u00fablicaAvatar - InfoPBA247","robots":{"index":"index","follow":"follow","max-snippet":"max-snippet:-1","max-image-preview":"max-image-preview:large","max-video-preview":"max-video-preview:-1"},"canonical":"https:\/\/infopba247.com.ar\/index.php\/2023\/09\/15\/guzzo-y-lopez-recibieron-a-kicillof-destacando-el-rol-del-estado-y-de-la-educacion-publicaavatar\/","og_locale":"es_ES","og_type":"article","og_title":"Guzzo y L\u00f3pez recibieron a Kicillof destacando el rol del estado y de la educaci\u00f3n p\u00fablicaAvatar - InfoPBA247","og_description":"El Gobernador de la Provincia de Buenos Aires, Axel Kicillof, visit\u00f3 General Viamonte para inaugurar el primer Jard\u00edn Maternal de","og_url":"https:\/\/infopba247.com.ar\/index.php\/2023\/09\/15\/guzzo-y-lopez-recibieron-a-kicillof-destacando-el-rol-del-estado-y-de-la-educacion-publicaavatar\/","og_site_name":"InfoPBA247","article_publisher":"https:\/\/www.facebook.com\/InfoPBA","article_published_time":"2023-09-15T12:42:00+00:00","article_modified_time":"2023-09-15T16:42:49+00:00","og_image":[{"width":1536,"height":1152,"url":"https:\/\/infopba247.com.ar\/wp-content\/uploads\/2023\/09\/001-1536x1152-1.jpeg","type":"image\/jpeg"}],"author":"Editor","twitter_card":"summary_large_image","twitter_misc":{"Escrito por":"Editor","Tiempo de lectura":"3 minutos"},"schema":{"@context":"https:\/\/schema.org","@graph":[{"@type":"Article","@id":"https:\/\/infopba247.com.ar\/index.php\/2023\/09\/15\/guzzo-y-lopez-recibieron-a-kicillof-destacando-el-rol-del-estado-y-de-la-educacion-publicaavatar\/#article","isPartOf":{"@id":"https:\/\/infopba247.com.ar\/index.php\/2023\/09\/15\/guzzo-y-lopez-recibieron-a-kicillof-destacando-el-rol-del-estado-y-de-la-educacion-publicaavatar\/"},"author":{"name":"Editor","@id":"https:\/\/infopba247.com.ar\/#\/schema\/person\/4975f1343a413e57bf839b3eed0099f2"},"headline":"Guzzo y L\u00f3pez recibieron a Kicillof destacando el rol del estado y de la educaci\u00f3n p\u00fablicaAvatar","datePublished":"2023-09-15T12:42:00+00:00","dateModified":"2023-09-15T16:42:49+00:00","mainEntityOfPage":{"@id":"https:\/\/infopba247.com.ar\/index.php\/2023\/09\/15\/guzzo-y-lopez-recibieron-a-kicillof-destacando-el-rol-del-estado-y-de-la-educacion-publicaavatar\/"},"wordCount":550,"publisher":{"@id":"https:\/\/infopba247.com.ar\/#organization"},"image":{"@id":"https:\/\/infopba247.com.ar\/index.php\/2023\/09\/15\/guzzo-y-lopez-recibieron-a-kicillof-destacando-el-rol-del-estado-y-de-la-educacion-publicaavatar\/#primaryimage"},"thumbnailUrl":"https:\/\/infopba247.com.ar\/wp-content\/uploads\/2023\/09\/001-1536x1152-1.jpeg","articleSection":["4ta Secci\u00f3n","Destacadas","Pol\u00edtica"],"inLanguage":"es"},{"@type":"WebPage","@id":"https:\/\/infopba247.com.ar\/index.php\/2023\/09\/15\/guzzo-y-lopez-recibieron-a-kicillof-destacando-el-rol-del-estado-y-de-la-educacion-publicaavatar\/","url":"https:\/\/infopba247.com.ar\/index.php\/2023\/09\/15\/guzzo-y-lopez-recibieron-a-kicillof-destacando-el-rol-del-estado-y-de-la-educacion-publicaavatar\/","name":"Guzzo y L\u00f3pez recibieron a Kicillof destacando el rol del estado y de la educaci\u00f3n p\u00fablicaAvatar - InfoPBA247","isPartOf":{"@id":"https:\/\/infopba247.com.ar\/#website"},"primaryImageOfPage":{"@id":"https:\/\/infopba247.com.ar\/index.php\/2023\/09\/15\/guzzo-y-lopez-recibieron-a-kicillof-destacando-el-rol-del-estado-y-de-la-educacion-publicaavatar\/#primaryimage"},"image":{"@id":"https:\/\/infopba247.com.ar\/index.php\/2023\/09\/15\/guzzo-y-lopez-recibieron-a-kicillof-destacando-el-rol-del-estado-y-de-la-educacion-publicaavatar\/#primaryimage"},"thumbnailUrl":"https:\/\/infopba247.com.ar\/wp-content\/uploads\/2023\/09\/001-1536x1152-1.jpeg","datePublished":"2023-09-15T12:42:00+00:00","dateModified":"2023-09-15T16:42:49+00:00","breadcrumb":{"@id":"https:\/\/infopba247.com.ar\/index.php\/2023\/09\/15\/guzzo-y-lopez-recibieron-a-kicillof-destacando-el-rol-del-estado-y-de-la-educacion-publicaavatar\/#breadcrumb"},"inLanguage":"es","potentialAction":[{"@type":"ReadAction","target":["https:\/\/infopba247.com.ar\/index.php\/2023\/09\/15\/guzzo-y-lopez-recibieron-a-kicillof-destacando-el-rol-del-estado-y-de-la-educacion-publicaavatar\/"]}]},{"@type":"ImageObject","inLanguage":"es","@id":"https:\/\/infopba247.com.ar\/index.php\/2023\/09\/15\/guzzo-y-lopez-recibieron-a-kicillof-destacando-el-rol-del-estado-y-de-la-educacion-publicaavatar\/#primaryimage","url":"https:\/\/infopba247.com.ar\/wp-content\/uploads\/2023\/09\/001-1536x1152-1.jpeg","contentUrl":"https:\/\/infopba247.com.ar\/wp-content\/uploads\/2023\/09\/001-1536x1152-1.jpeg","width":1536,"height":1152},{"@type":"BreadcrumbList","@id":"https:\/\/infopba247.com.ar\/index.php\/2023\/09\/15\/guzzo-y-lopez-recibieron-a-kicillof-destacando-el-rol-del-estado-y-de-la-educacion-publicaavatar\/#breadcrumb","itemListElement":[{"@type":"ListItem","position":1,"name":"Portada","item":"https:\/\/infopba247.com.ar\/"},{"@type":"ListItem","position":2,"name":"Guzzo y L\u00f3pez recibieron a Kicillof destacando el rol del estado y de la educaci\u00f3n p\u00fablicaAvatar"}]},{"@type":"WebSite","@id":"https:\/\/infopba247.com.ar\/#website","url":"https:\/\/infopba247.com.ar\/","name":"InfoPBA247","description":"Toda la actualidad bonaerense","publisher":{"@id":"https:\/\/infopba247.com.ar\/#organization"},"potentialAction":[{"@type":"SearchAction","target":{"@type":"EntryPoint","urlTemplate":"https:\/\/infopba247.com.ar\/?s={search_term_string}"},"query-input":{"@type":"PropertyValueSpecification","valueRequired":true,"valueName":"search_term_string"}}],"inLanguage":"es"},{"@type":"Organization","@id":"https:\/\/infopba247.com.ar\/#organization","name":"InfoPBA247","url":"https:\/\/infopba247.com.ar\/","logo":{"@type":"ImageObject","inLanguage":"es","@id":"https:\/\/infopba247.com.ar\/#\/schema\/logo\/image\/","url":"https:\/\/infopba247.com.ar\/wp-content\/uploads\/2022\/03\/cropped-InfoPBA247-1.png","contentUrl":"https:\/\/infopba247.com.ar\/wp-content\/uploads\/2022\/03\/cropped-InfoPBA247-1.png","width":500,"height":122,"caption":"InfoPBA247"},"image":{"@id":"https:\/\/infopba247.com.ar\/#\/schema\/logo\/image\/"},"sameAs":["https:\/\/www.facebook.com\/InfoPBA"]},{"@type":"Person","@id":"https:\/\/infopba247.com.ar\/#\/schema\/person\/4975f1343a413e57bf839b3eed0099f2","name":"Editor","image":{"@type":"ImageObject","inLanguage":"es","@id":"https:\/\/secure.gravatar.com\/avatar\/d27fe9520667ca53441d36627a1d6b0fa4a813571ec4803687a7a3a7744685ac?s=96&d=mm&r=g","url":"https:\/\/secure.gravatar.com\/avatar\/d27fe9520667ca53441d36627a1d6b0fa4a813571ec4803687a7a3a7744685ac?s=96&d=mm&r=g","contentUrl":"https:\/\/secure.gravatar.com\/avatar\/d27fe9520667ca53441d36627a1d6b0fa4a813571ec4803687a7a3a7744685ac?s=96&d=mm&r=g","caption":"Editor"},"url":"https:\/\/infopba247.com.ar\/index.php\/author\/editor\/"}]}},"_links":{"self":[{"href":"https:\/\/infopba247.com.ar\/index.php\/wp-json\/wp\/v2\/posts\/2307","targetHints":{"allow":["GET"]}}],"collection":[{"href":"https:\/\/infopba247.com.ar\/index.php\/wp-json\/wp\/v2\/posts"}],"about":[{"href":"https:\/\/infopba247.com.ar\/index.php\/wp-json\/wp\/v2\/types\/post"}],"author":[{"embeddable":true,"href":"https:\/\/infopba247.com.ar\/index.php\/wp-json\/wp\/v2\/users\/3"}],"replies":[{"embeddable":true,"href":"https:\/\/infopba247.com.ar\/index.php\/wp-json\/wp\/v2\/comments?post=2307"}],"version-history":[{"count":1,"href":"https:\/\/infopba247.com.ar\/index.php\/wp-json\/wp\/v2\/posts\/2307\/revisions"}],"predecessor-version":[{"id":2309,"href":"https:\/\/infopba247.com.ar\/index.php\/wp-json\/wp\/v2\/posts\/2307\/revisions\/2309"}],"wp:featuredmedia":[{"embeddable":true,"href":"https:\/\/infopba247.com.ar\/index.php\/wp-json\/wp\/v2\/media\/2308"}],"wp:attachment":[{"href":"https:\/\/infopba247.com.ar\/index.php\/wp-json\/wp\/v2\/media?parent=2307"}],"wp:term":[{"taxonomy":"category","embeddable":true,"href":"https:\/\/infopba247.com.ar\/index.php\/wp-json\/wp\/v2\/categories?post=2307"},{"taxonomy":"post_tag","embeddable":true,"href":"https:\/\/infopba247.com.ar\/index.php\/wp-json\/wp\/v2\/tags?post=2307"}],"curies":[{"name":"wp","href":"https:\/\/api.w.org\/{rel}","templated":true}]}}