{"id":227,"date":"2022-03-31T20:07:11","date_gmt":"2022-03-31T20:07:11","guid":{"rendered":"https:\/\/infopba247.com.ar\/?p=227"},"modified":"2022-03-31T20:07:12","modified_gmt":"2022-03-31T20:07:12","slug":"javier-martinez-en-pergamino-los-empresarios-no-toman-empleados-por-miedo-a-los-juicios-laborales","status":"publish","type":"post","link":"https:\/\/infopba247.com.ar\/index.php\/2022\/03\/31\/javier-martinez-en-pergamino-los-empresarios-no-toman-empleados-por-miedo-a-los-juicios-laborales\/","title":{"rendered":"Javier Mart\u00ednez: \u201cEn Pergamino, los empresarios no toman empleados por miedo a los juicios laborales\u201d"},"content":{"rendered":"\n<p>El intendente de Pergamino, Javier Mart\u00ednez, critic\u00f3 la posibilidad de que aumenten las retenciones al agro, critic\u00f3 los controles de precios y reclam\u00f3 un \u201cachicamiento sostenido\u201d del Estado. Tambi\u00e9n asegur\u00f3 que los gobiernos nacional y provincial muestran \u201cserios problemas de gesti\u00f3n\u201d.<\/p>\n\n\n\n<p>\u201cSon recetas viejas que afectan al sector productivo, generan desconfianza y matan las perspectivas de un mejor empleo. En el fondo genera m\u00e1s pobreza\u201c, expres\u00f3 el intendente de Pergamino sobre la posibilidad de un aumento en las retenciones y agreg\u00f3: \u201cCreo que el camino es el contrario, hay que armar un esquema para ir bajando las retenciones hasta que desaparezcan, al igual que los impuestos distorsivos como Ingresos Brutos\u201d.<\/p>\n\n\n\n<p>\u201cLa contracara es un gasto p\u00fablico que hay que achicar. Se necesita un pacto pol\u00edtico para avanzar en ese sentido en forma sostenida\u201d, opin\u00f3 el dirigente de Juntos por el Cambio.<\/p>\n\n\n\n<p>Para Javier Mart\u00ednez la \u00fanica forma de controlar la inflaci\u00f3n es \u201creducir los costos productivos, la carga impositiva y modificar la legislaci\u00f3n laboral\u201d.<\/p>\n","protected":false},"excerpt":{"rendered":"<p>El intendente de Pergamino, Javier Mart\u00ednez, critic\u00f3 la posibilidad de que aumenten las retenciones al agro, critic\u00f3 los controles de<\/p>\n","protected":false},"author":2,"featured_media":228,"comment_status":"closed","ping_status":"closed","sticky":false,"template":"","format":"standard","meta":{"colormag_page_container_layout":"default_layout","colormag_page_sidebar_layout":"default_layout","footnotes":""},"categories":[6,1,14],"tags":[46],"class_list":["post-227","post","type-post","status-publish","format-standard","has-post-thumbnail","hentry","category-2da-seccion","category-destacadas","category-politica","tag-municipalidad-de-pergamino"],"yoast_head":"<!-- This site is optimized with the Yoast SEO plugin v27.4 - https:\/\/yoast.com\/product\/yoast-seo-wordpress\/ -->\n<title>Javier Mart\u00ednez: \u201cEn Pergamino, los empresarios no toman empleados por miedo a los juicios laborales\u201d - InfoPBA247<\/title>\n<meta name=\"robots\" content=\"index, follow, max-snippet:-1, max-image-preview:large, max-video-preview:-1\" \/>\n<link rel=\"canonical\" href=\"https:\/\/infopba247.com.ar\/index.php\/2022\/03\/31\/javier-martinez-en-pergamino-los-empresarios-no-toman-empleados-por-miedo-a-los-juicios-laborales\/\" \/>\n<meta property=\"og:locale\" content=\"es_ES\" \/>\n<meta property=\"og:type\" content=\"article\" \/>\n<meta property=\"og:title\" content=\"Javier Mart\u00ednez: \u201cEn Pergamino, los empresarios no toman empleados por miedo a los juicios laborales\u201d - InfoPBA247\" \/>\n<meta property=\"og:description\" content=\"El intendente de Pergamino, Javier Mart\u00ednez, critic\u00f3 la posibilidad de que aumenten las retenciones al agro, critic\u00f3 los controles de\" \/>\n<meta property=\"og:url\" content=\"https:\/\/infopba247.com.ar\/index.php\/2022\/03\/31\/javier-martinez-en-pergamino-los-empresarios-no-toman-empleados-por-miedo-a-los-juicios-laborales\/\" \/>\n<meta property=\"og:site_name\" content=\"InfoPBA247\" \/>\n<meta property=\"article:publisher\" content=\"https:\/\/www.facebook.com\/InfoPBA\" \/>\n<meta property=\"article:published_time\" content=\"2022-03-31T20:07:11+00:00\" \/>\n<meta property=\"article:modified_time\" content=\"2022-03-31T20:07:12+00:00\" \/>\n<meta property=\"og:image\" content=\"https:\/\/infopba247.com.ar\/wp-content\/uploads\/2022\/03\/javier.jpg\" \/>\n\t<meta property=\"og:image:width\" content=\"960\" \/>\n\t<meta property=\"og:image:height\" content=\"640\" \/>\n\t<meta property=\"og:image:type\" content=\"image\/jpeg\" \/>\n<meta name=\"twitter:card\" content=\"summary_large_image\" \/>\n<meta name=\"twitter:label1\" content=\"Escrito por\" \/>\n\t<meta name=\"twitter:data1\" content=\"\" \/>\n\t<meta name=\"twitter:label2\" content=\"Tiempo de lectura\" \/>\n\t<meta name=\"twitter:data2\" content=\"1 minuto\" \/>\n<script type=\"application\/ld+json\" class=\"yoast-schema-graph\">{\"@context\":\"https:\\\/\\\/schema.org\",\"@graph\":[{\"@type\":\"Article\",\"@id\":\"https:\\\/\\\/infopba247.com.ar\\\/index.php\\\/2022\\\/03\\\/31\\\/javier-martinez-en-pergamino-los-empresarios-no-toman-empleados-por-miedo-a-los-juicios-laborales\\\/#article\",\"isPartOf\":{\"@id\":\"https:\\\/\\\/infopba247.com.ar\\\/index.php\\\/2022\\\/03\\\/31\\\/javier-martinez-en-pergamino-los-empresarios-no-toman-empleados-por-miedo-a-los-juicios-laborales\\\/\"},\"author\":{\"name\":\"\",\"@id\":\"\"},\"headline\":\"Javier Mart\u00ednez: \u201cEn Pergamino, los empresarios no toman empleados por miedo a los juicios laborales\u201d\",\"datePublished\":\"2022-03-31T20:07:11+00:00\",\"dateModified\":\"2022-03-31T20:07:12+00:00\",\"mainEntityOfPage\":{\"@id\":\"https:\\\/\\\/infopba247.com.ar\\\/index.php\\\/2022\\\/03\\\/31\\\/javier-martinez-en-pergamino-los-empresarios-no-toman-empleados-por-miedo-a-los-juicios-laborales\\\/\"},\"wordCount\":189,\"publisher\":{\"@id\":\"https:\\\/\\\/infopba247.com.ar\\\/#organization\"},\"image\":{\"@id\":\"https:\\\/\\\/infopba247.com.ar\\\/index.php\\\/2022\\\/03\\\/31\\\/javier-martinez-en-pergamino-los-empresarios-no-toman-empleados-por-miedo-a-los-juicios-laborales\\\/#primaryimage\"},\"thumbnailUrl\":\"https:\\\/\\\/infopba247.com.ar\\\/wp-content\\\/uploads\\\/2022\\\/03\\\/javier.jpg\",\"keywords\":[\"Municipalidad de Pergamino\"],\"articleSection\":[\"2da Secci\u00f3n\",\"Destacadas\",\"Pol\u00edtica\"],\"inLanguage\":\"es\"},{\"@type\":\"WebPage\",\"@id\":\"https:\\\/\\\/infopba247.com.ar\\\/index.php\\\/2022\\\/03\\\/31\\\/javier-martinez-en-pergamino-los-empresarios-no-toman-empleados-por-miedo-a-los-juicios-laborales\\\/\",\"url\":\"https:\\\/\\\/infopba247.com.ar\\\/index.php\\\/2022\\\/03\\\/31\\\/javier-martinez-en-pergamino-los-empresarios-no-toman-empleados-por-miedo-a-los-juicios-laborales\\\/\",\"name\":\"Javier Mart\u00ednez: \u201cEn Pergamino, los empresarios no toman empleados por miedo a los juicios laborales\u201d - InfoPBA247\",\"isPartOf\":{\"@id\":\"https:\\\/\\\/infopba247.com.ar\\\/#website\"},\"primaryImageOfPage\":{\"@id\":\"https:\\\/\\\/infopba247.com.ar\\\/index.php\\\/2022\\\/03\\\/31\\\/javier-martinez-en-pergamino-los-empresarios-no-toman-empleados-por-miedo-a-los-juicios-laborales\\\/#primaryimage\"},\"image\":{\"@id\":\"https:\\\/\\\/infopba247.com.ar\\\/index.php\\\/2022\\\/03\\\/31\\\/javier-martinez-en-pergamino-los-empresarios-no-toman-empleados-por-miedo-a-los-juicios-laborales\\\/#primaryimage\"},\"thumbnailUrl\":\"https:\\\/\\\/infopba247.com.ar\\\/wp-content\\\/uploads\\\/2022\\\/03\\\/javier.jpg\",\"datePublished\":\"2022-03-31T20:07:11+00:00\",\"dateModified\":\"2022-03-31T20:07:12+00:00\",\"breadcrumb\":{\"@id\":\"https:\\\/\\\/infopba247.com.ar\\\/index.php\\\/2022\\\/03\\\/31\\\/javier-martinez-en-pergamino-los-empresarios-no-toman-empleados-por-miedo-a-los-juicios-laborales\\\/#breadcrumb\"},\"inLanguage\":\"es\",\"potentialAction\":[{\"@type\":\"ReadAction\",\"target\":[\"https:\\\/\\\/infopba247.com.ar\\\/index.php\\\/2022\\\/03\\\/31\\\/javier-martinez-en-pergamino-los-empresarios-no-toman-empleados-por-miedo-a-los-juicios-laborales\\\/\"]}]},{\"@type\":\"ImageObject\",\"inLanguage\":\"es\",\"@id\":\"https:\\\/\\\/infopba247.com.ar\\\/index.php\\\/2022\\\/03\\\/31\\\/javier-martinez-en-pergamino-los-empresarios-no-toman-empleados-por-miedo-a-los-juicios-laborales\\\/#primaryimage\",\"url\":\"https:\\\/\\\/infopba247.com.ar\\\/wp-content\\\/uploads\\\/2022\\\/03\\\/javier.jpg\",\"contentUrl\":\"https:\\\/\\\/infopba247.com.ar\\\/wp-content\\\/uploads\\\/2022\\\/03\\\/javier.jpg\",\"width\":960,\"height\":640},{\"@type\":\"BreadcrumbList\",\"@id\":\"https:\\\/\\\/infopba247.com.ar\\\/index.php\\\/2022\\\/03\\\/31\\\/javier-martinez-en-pergamino-los-empresarios-no-toman-empleados-por-miedo-a-los-juicios-laborales\\\/#breadcrumb\",\"itemListElement\":[{\"@type\":\"ListItem\",\"position\":1,\"name\":\"Portada\",\"item\":\"https:\\\/\\\/infopba247.com.ar\\\/\"},{\"@type\":\"ListItem\",\"position\":2,\"name\":\"Javier Mart\u00ednez: \u201cEn Pergamino, los empresarios no toman empleados por miedo a los juicios laborales\u201d\"}]},{\"@type\":\"WebSite\",\"@id\":\"https:\\\/\\\/infopba247.com.ar\\\/#website\",\"url\":\"https:\\\/\\\/infopba247.com.ar\\\/\",\"name\":\"InfoPBA247\",\"description\":\"Toda la actualidad bonaerense\",\"publisher\":{\"@id\":\"https:\\\/\\\/infopba247.com.ar\\\/#organization\"},\"potentialAction\":[{\"@type\":\"SearchAction\",\"target\":{\"@type\":\"EntryPoint\",\"urlTemplate\":\"https:\\\/\\\/infopba247.com.ar\\\/?s={search_term_string}\"},\"query-input\":{\"@type\":\"PropertyValueSpecification\",\"valueRequired\":true,\"valueName\":\"search_term_string\"}}],\"inLanguage\":\"es\"},{\"@type\":\"Organization\",\"@id\":\"https:\\\/\\\/infopba247.com.ar\\\/#organization\",\"name\":\"InfoPBA247\",\"url\":\"https:\\\/\\\/infopba247.com.ar\\\/\",\"logo\":{\"@type\":\"ImageObject\",\"inLanguage\":\"es\",\"@id\":\"https:\\\/\\\/infopba247.com.ar\\\/#\\\/schema\\\/logo\\\/image\\\/\",\"url\":\"https:\\\/\\\/infopba247.com.ar\\\/wp-content\\\/uploads\\\/2022\\\/03\\\/cropped-InfoPBA247-1.png\",\"contentUrl\":\"https:\\\/\\\/infopba247.com.ar\\\/wp-content\\\/uploads\\\/2022\\\/03\\\/cropped-InfoPBA247-1.png\",\"width\":500,\"height\":122,\"caption\":\"InfoPBA247\"},\"image\":{\"@id\":\"https:\\\/\\\/infopba247.com.ar\\\/#\\\/schema\\\/logo\\\/image\\\/\"},\"sameAs\":[\"https:\\\/\\\/www.facebook.com\\\/InfoPBA\"]},{\"@type\":\"Person\",\"@id\":\"\",\"url\":\"https:\\\/\\\/infopba247.com.ar\\\/index.php\\\/author\\\/\"}]}<\/script>\n<!-- \/ Yoast SEO plugin. -->","yoast_head_json":{"title":"Javier Mart\u00ednez: \u201cEn Pergamino, los empresarios no toman empleados por miedo a los juicios laborales\u201d - InfoPBA247","robots":{"index":"index","follow":"follow","max-snippet":"max-snippet:-1","max-image-preview":"max-image-preview:large","max-video-preview":"max-video-preview:-1"},"canonical":"https:\/\/infopba247.com.ar\/index.php\/2022\/03\/31\/javier-martinez-en-pergamino-los-empresarios-no-toman-empleados-por-miedo-a-los-juicios-laborales\/","og_locale":"es_ES","og_type":"article","og_title":"Javier Mart\u00ednez: \u201cEn Pergamino, los empresarios no toman empleados por miedo a los juicios laborales\u201d - InfoPBA247","og_description":"El intendente de Pergamino, Javier Mart\u00ednez, critic\u00f3 la posibilidad de que aumenten las retenciones al agro, critic\u00f3 los controles de","og_url":"https:\/\/infopba247.com.ar\/index.php\/2022\/03\/31\/javier-martinez-en-pergamino-los-empresarios-no-toman-empleados-por-miedo-a-los-juicios-laborales\/","og_site_name":"InfoPBA247","article_publisher":"https:\/\/www.facebook.com\/InfoPBA","article_published_time":"2022-03-31T20:07:11+00:00","article_modified_time":"2022-03-31T20:07:12+00:00","og_image":[{"width":960,"height":640,"url":"https:\/\/infopba247.com.ar\/wp-content\/uploads\/2022\/03\/javier.jpg","type":"image\/jpeg"}],"twitter_card":"summary_large_image","twitter_misc":{"Escrito por":"","Tiempo de lectura":"1 minuto"},"schema":{"@context":"https:\/\/schema.org","@graph":[{"@type":"Article","@id":"https:\/\/infopba247.com.ar\/index.php\/2022\/03\/31\/javier-martinez-en-pergamino-los-empresarios-no-toman-empleados-por-miedo-a-los-juicios-laborales\/#article","isPartOf":{"@id":"https:\/\/infopba247.com.ar\/index.php\/2022\/03\/31\/javier-martinez-en-pergamino-los-empresarios-no-toman-empleados-por-miedo-a-los-juicios-laborales\/"},"author":{"name":"","@id":""},"headline":"Javier Mart\u00ednez: \u201cEn Pergamino, los empresarios no toman empleados por miedo a los juicios laborales\u201d","datePublished":"2022-03-31T20:07:11+00:00","dateModified":"2022-03-31T20:07:12+00:00","mainEntityOfPage":{"@id":"https:\/\/infopba247.com.ar\/index.php\/2022\/03\/31\/javier-martinez-en-pergamino-los-empresarios-no-toman-empleados-por-miedo-a-los-juicios-laborales\/"},"wordCount":189,"publisher":{"@id":"https:\/\/infopba247.com.ar\/#organization"},"image":{"@id":"https:\/\/infopba247.com.ar\/index.php\/2022\/03\/31\/javier-martinez-en-pergamino-los-empresarios-no-toman-empleados-por-miedo-a-los-juicios-laborales\/#primaryimage"},"thumbnailUrl":"https:\/\/infopba247.com.ar\/wp-content\/uploads\/2022\/03\/javier.jpg","keywords":["Municipalidad de Pergamino"],"articleSection":["2da Secci\u00f3n","Destacadas","Pol\u00edtica"],"inLanguage":"es"},{"@type":"WebPage","@id":"https:\/\/infopba247.com.ar\/index.php\/2022\/03\/31\/javier-martinez-en-pergamino-los-empresarios-no-toman-empleados-por-miedo-a-los-juicios-laborales\/","url":"https:\/\/infopba247.com.ar\/index.php\/2022\/03\/31\/javier-martinez-en-pergamino-los-empresarios-no-toman-empleados-por-miedo-a-los-juicios-laborales\/","name":"Javier Mart\u00ednez: \u201cEn Pergamino, los empresarios no toman empleados por miedo a los juicios laborales\u201d - InfoPBA247","isPartOf":{"@id":"https:\/\/infopba247.com.ar\/#website"},"primaryImageOfPage":{"@id":"https:\/\/infopba247.com.ar\/index.php\/2022\/03\/31\/javier-martinez-en-pergamino-los-empresarios-no-toman-empleados-por-miedo-a-los-juicios-laborales\/#primaryimage"},"image":{"@id":"https:\/\/infopba247.com.ar\/index.php\/2022\/03\/31\/javier-martinez-en-pergamino-los-empresarios-no-toman-empleados-por-miedo-a-los-juicios-laborales\/#primaryimage"},"thumbnailUrl":"https:\/\/infopba247.com.ar\/wp-content\/uploads\/2022\/03\/javier.jpg","datePublished":"2022-03-31T20:07:11+00:00","dateModified":"2022-03-31T20:07:12+00:00","breadcrumb":{"@id":"https:\/\/infopba247.com.ar\/index.php\/2022\/03\/31\/javier-martinez-en-pergamino-los-empresarios-no-toman-empleados-por-miedo-a-los-juicios-laborales\/#breadcrumb"},"inLanguage":"es","potentialAction":[{"@type":"ReadAction","target":["https:\/\/infopba247.com.ar\/index.php\/2022\/03\/31\/javier-martinez-en-pergamino-los-empresarios-no-toman-empleados-por-miedo-a-los-juicios-laborales\/"]}]},{"@type":"ImageObject","inLanguage":"es","@id":"https:\/\/infopba247.com.ar\/index.php\/2022\/03\/31\/javier-martinez-en-pergamino-los-empresarios-no-toman-empleados-por-miedo-a-los-juicios-laborales\/#primaryimage","url":"https:\/\/infopba247.com.ar\/wp-content\/uploads\/2022\/03\/javier.jpg","contentUrl":"https:\/\/infopba247.com.ar\/wp-content\/uploads\/2022\/03\/javier.jpg","width":960,"height":640},{"@type":"BreadcrumbList","@id":"https:\/\/infopba247.com.ar\/index.php\/2022\/03\/31\/javier-martinez-en-pergamino-los-empresarios-no-toman-empleados-por-miedo-a-los-juicios-laborales\/#breadcrumb","itemListElement":[{"@type":"ListItem","position":1,"name":"Portada","item":"https:\/\/infopba247.com.ar\/"},{"@type":"ListItem","position":2,"name":"Javier Mart\u00ednez: \u201cEn Pergamino, los empresarios no toman empleados por miedo a los juicios laborales\u201d"}]},{"@type":"WebSite","@id":"https:\/\/infopba247.com.ar\/#website","url":"https:\/\/infopba247.com.ar\/","name":"InfoPBA247","description":"Toda la actualidad bonaerense","publisher":{"@id":"https:\/\/infopba247.com.ar\/#organization"},"potentialAction":[{"@type":"SearchAction","target":{"@type":"EntryPoint","urlTemplate":"https:\/\/infopba247.com.ar\/?s={search_term_string}"},"query-input":{"@type":"PropertyValueSpecification","valueRequired":true,"valueName":"search_term_string"}}],"inLanguage":"es"},{"@type":"Organization","@id":"https:\/\/infopba247.com.ar\/#organization","name":"InfoPBA247","url":"https:\/\/infopba247.com.ar\/","logo":{"@type":"ImageObject","inLanguage":"es","@id":"https:\/\/infopba247.com.ar\/#\/schema\/logo\/image\/","url":"https:\/\/infopba247.com.ar\/wp-content\/uploads\/2022\/03\/cropped-InfoPBA247-1.png","contentUrl":"https:\/\/infopba247.com.ar\/wp-content\/uploads\/2022\/03\/cropped-InfoPBA247-1.png","width":500,"height":122,"caption":"InfoPBA247"},"image":{"@id":"https:\/\/infopba247.com.ar\/#\/schema\/logo\/image\/"},"sameAs":["https:\/\/www.facebook.com\/InfoPBA"]},{"@type":"Person","@id":"","url":"https:\/\/infopba247.com.ar\/index.php\/author\/"}]}},"_links":{"self":[{"href":"https:\/\/infopba247.com.ar\/index.php\/wp-json\/wp\/v2\/posts\/227","targetHints":{"allow":["GET"]}}],"collection":[{"href":"https:\/\/infopba247.com.ar\/index.php\/wp-json\/wp\/v2\/posts"}],"about":[{"href":"https:\/\/infopba247.com.ar\/index.php\/wp-json\/wp\/v2\/types\/post"}],"author":[{"embeddable":true,"href":"https:\/\/infopba247.com.ar\/index.php\/wp-json\/wp\/v2\/users\/2"}],"replies":[{"embeddable":true,"href":"https:\/\/infopba247.com.ar\/index.php\/wp-json\/wp\/v2\/comments?post=227"}],"version-history":[{"count":1,"href":"https:\/\/infopba247.com.ar\/index.php\/wp-json\/wp\/v2\/posts\/227\/revisions"}],"predecessor-version":[{"id":229,"href":"https:\/\/infopba247.com.ar\/index.php\/wp-json\/wp\/v2\/posts\/227\/revisions\/229"}],"wp:featuredmedia":[{"embeddable":true,"href":"https:\/\/infopba247.com.ar\/index.php\/wp-json\/wp\/v2\/media\/228"}],"wp:attachment":[{"href":"https:\/\/infopba247.com.ar\/index.php\/wp-json\/wp\/v2\/media?parent=227"}],"wp:term":[{"taxonomy":"category","embeddable":true,"href":"https:\/\/infopba247.com.ar\/index.php\/wp-json\/wp\/v2\/categories?post=227"},{"taxonomy":"post_tag","embeddable":true,"href":"https:\/\/infopba247.com.ar\/index.php\/wp-json\/wp\/v2\/tags?post=227"}],"curies":[{"name":"wp","href":"https:\/\/api.w.org\/{rel}","templated":true}]}}