{"id":2256,"date":"2023-09-12T11:39:21","date_gmt":"2023-09-12T14:39:21","guid":{"rendered":"https:\/\/infopba247.com.ar\/?p=2256"},"modified":"2023-09-12T11:39:22","modified_gmt":"2023-09-12T14:39:22","slug":"crece-la-preocupacion-por-un-deficit-municipal-en-olavarria","status":"publish","type":"post","link":"https:\/\/infopba247.com.ar\/index.php\/2023\/09\/12\/crece-la-preocupacion-por-un-deficit-municipal-en-olavarria\/","title":{"rendered":"Crece la preocupaci\u00f3n por un d\u00e9ficit municipal en Olavarr\u00eda"},"content":{"rendered":"\n<p>A pesar de ser uno de los municipios m\u00e1s ricos de la provincia de Buenos Aires, la gesti\u00f3n de Ezequiel Galli en Olavarr\u00eda termin\u00f3 el octavo mes del a\u00f1o con un in\u00e9dito d\u00e9ficit de 1140 millones de pesos, lo que genera fuertes cuestionamientos de la oposici\u00f3n.<\/p>\n\n\n\n<p>A fines de junio el d\u00e9ficit alcanzaba los 650 millones de pesos, lo que oblig\u00f3 al intendente a dar explicaciones.<\/p>\n\n\n\n<p>Galli asegur\u00f3 que el rojo en las cuentas se origin\u00f3 en la inflaci\u00f3n persistente y en una baja en la recaudaci\u00f3n. Sin embargo, esta situaci\u00f3n generalizada para todo el pa\u00eds no se repite en todos los municipios y menos a\u00fan en los que cuentan con recursos extraordinarios como Olavarr\u00eda.<\/p>\n\n\n\n<p>El partido minero por excelencia de la provincia de Buenos Aires cuenta con el \u00abimpuesto a la piedra\u00bb que representa alrededor del 20% del presupuesto municipal total que para este a\u00f1o fue estimado en 19 mil millones de pesos.<\/p>\n\n\n\n<p>\u201cSe hizo un pedido de informes en la \u00faltima sesi\u00f3n donde se preguntaba cu\u00e1les eran las medidas que se estaban tomando para tratar de evitar el crecimiento del d\u00e9ficit, pero hasta la fecha no hemos tenido respuesta\u201d, asegur\u00f3 al medio local Infoeme el concejal del Frente de Todos Ubaldo Garc\u00eda.<\/p>\n\n\n\n<p>Y alert\u00f3: \u201cNo hay ninguna acci\u00f3n concreta para tratar de frenar este descontrol que tiene que ver con un exceso del gasto. Esto habla a las claras de la mala administraci\u00f3n municipal\u201d.<\/p>\n\n\n\n<p>En agosto, el d\u00e9ficit municipal de Olavarr\u00eda creci\u00f3 y alcanz\u00f3 los 870 millones de pesos. Actualmente, en el inicio de un nuevo mes, el rojo trep\u00f3 hasta los 1.140 millones.<\/p>\n\n\n\n<p>Esta no es la primera vez que la gesti\u00f3n Galli es objetado por el mal manejo de los fondos municipales. En 2019, el ejercicio culmin\u00f3 con un d\u00e9ficit de m\u00e1s de 350 millones de pesos.<\/p>\n\n\n\n<p>Semanas atr\u00e1s, Garc\u00eda se\u00f1al\u00f3 que este crecimiento del d\u00e9ficit municipal \u00abviene ocurriendo sistem\u00e1ticamente cada 4 a\u00f1os\u00bb, y apunt\u00f3: \u00abCuriosamente cuando el intendente se presenta a elecciones pareciera que los vecinos tienen m\u00e1s necesidades\u201d.<\/p>\n\n\n\n<p>Sin embargo, revel\u00f3 que el a\u00f1o pasado la gesti\u00f3n municipal tambi\u00e9n termin\u00f3 con un \u00abd\u00e9ficit encubierto de m\u00e1s de 500 millones\u00bb que fue compensado con la venta de una calle a la empresa Cementos Avellaneda para extender la explotaci\u00f3n de su cantera m\u00e1s importante.<\/p>\n\n\n\n<p>Con el d\u00e9ficit descontrolado temen que Galli ensaye una maniobra similar. En Olavarr\u00eda es un secreto a voces que el municipio ya tiene acordada la venta de otra calle, esta vez, a la cementera Loma Negra.<\/p>\n\n\n\n<p>\u00abHay gastos que han crecido m\u00e1s de diez veces respecto a lo presupuestado para el 2023. No tiene que ver con la inflaci\u00f3n porque mayormente la recaudaci\u00f3n municipal proviene de impuestos que se actualizan en forma autom\u00e1tica con la suba de precios\u00bb, se\u00f1al\u00f3 Garc\u00eda.<\/p>\n\n\n\n<p>Y advirti\u00f3: \u00abSi seguimos as\u00ed, vamos a tener que continuar vendiendo bienes de uso que son propiedad de todos los olavarrienses\u00bb.<\/p>\n","protected":false},"excerpt":{"rendered":"<p>A pesar de ser uno de los municipios m\u00e1s ricos de la provincia de Buenos Aires, la gesti\u00f3n de Ezequiel<\/p>\n","protected":false},"author":3,"featured_media":2257,"comment_status":"closed","ping_status":"closed","sticky":false,"template":"","format":"standard","meta":{"colormag_page_container_layout":"default_layout","colormag_page_sidebar_layout":"default_layout","footnotes":""},"categories":[11,1,14],"tags":[],"class_list":["post-2256","post","type-post","status-publish","format-standard","has-post-thumbnail","hentry","category-7ma-seccion","category-destacadas","category-politica"],"yoast_head":"<!-- This site is optimized with the Yoast SEO plugin v27.4 - https:\/\/yoast.com\/product\/yoast-seo-wordpress\/ -->\n<title>Crece la preocupaci\u00f3n por un d\u00e9ficit municipal en Olavarr\u00eda - InfoPBA247<\/title>\n<meta name=\"robots\" content=\"index, follow, max-snippet:-1, max-image-preview:large, max-video-preview:-1\" \/>\n<link rel=\"canonical\" href=\"https:\/\/infopba247.com.ar\/index.php\/2023\/09\/12\/crece-la-preocupacion-por-un-deficit-municipal-en-olavarria\/\" \/>\n<meta property=\"og:locale\" content=\"es_ES\" \/>\n<meta property=\"og:type\" content=\"article\" \/>\n<meta property=\"og:title\" content=\"Crece la preocupaci\u00f3n por un d\u00e9ficit municipal en Olavarr\u00eda - InfoPBA247\" \/>\n<meta property=\"og:description\" content=\"A pesar de ser uno de los municipios m\u00e1s ricos de la provincia de Buenos Aires, la gesti\u00f3n de Ezequiel\" \/>\n<meta property=\"og:url\" content=\"https:\/\/infopba247.com.ar\/index.php\/2023\/09\/12\/crece-la-preocupacion-por-un-deficit-municipal-en-olavarria\/\" \/>\n<meta property=\"og:site_name\" content=\"InfoPBA247\" \/>\n<meta property=\"article:publisher\" content=\"https:\/\/www.facebook.com\/InfoPBA\" \/>\n<meta property=\"article:published_time\" content=\"2023-09-12T14:39:21+00:00\" \/>\n<meta property=\"article:modified_time\" content=\"2023-09-12T14:39:22+00:00\" \/>\n<meta property=\"og:image\" content=\"https:\/\/infopba247.com.ar\/wp-content\/uploads\/2023\/09\/WhatsApp-Image-2023-08-31-at-12.56.38-PM-768x1024-1.jpeg\" \/>\n\t<meta property=\"og:image:width\" content=\"768\" \/>\n\t<meta property=\"og:image:height\" content=\"1024\" \/>\n\t<meta property=\"og:image:type\" content=\"image\/jpeg\" \/>\n<meta name=\"author\" content=\"Editor\" \/>\n<meta name=\"twitter:card\" content=\"summary_large_image\" \/>\n<meta name=\"twitter:label1\" content=\"Escrito por\" \/>\n\t<meta name=\"twitter:data1\" content=\"Editor\" \/>\n\t<meta name=\"twitter:label2\" content=\"Tiempo de lectura\" \/>\n\t<meta name=\"twitter:data2\" content=\"3 minutos\" \/>\n<script type=\"application\/ld+json\" class=\"yoast-schema-graph\">{\"@context\":\"https:\\\/\\\/schema.org\",\"@graph\":[{\"@type\":\"Article\",\"@id\":\"https:\\\/\\\/infopba247.com.ar\\\/index.php\\\/2023\\\/09\\\/12\\\/crece-la-preocupacion-por-un-deficit-municipal-en-olavarria\\\/#article\",\"isPartOf\":{\"@id\":\"https:\\\/\\\/infopba247.com.ar\\\/index.php\\\/2023\\\/09\\\/12\\\/crece-la-preocupacion-por-un-deficit-municipal-en-olavarria\\\/\"},\"author\":{\"name\":\"Editor\",\"@id\":\"https:\\\/\\\/infopba247.com.ar\\\/#\\\/schema\\\/person\\\/4975f1343a413e57bf839b3eed0099f2\"},\"headline\":\"Crece la preocupaci\u00f3n por un d\u00e9ficit municipal en Olavarr\u00eda\",\"datePublished\":\"2023-09-12T14:39:21+00:00\",\"dateModified\":\"2023-09-12T14:39:22+00:00\",\"mainEntityOfPage\":{\"@id\":\"https:\\\/\\\/infopba247.com.ar\\\/index.php\\\/2023\\\/09\\\/12\\\/crece-la-preocupacion-por-un-deficit-municipal-en-olavarria\\\/\"},\"wordCount\":528,\"publisher\":{\"@id\":\"https:\\\/\\\/infopba247.com.ar\\\/#organization\"},\"image\":{\"@id\":\"https:\\\/\\\/infopba247.com.ar\\\/index.php\\\/2023\\\/09\\\/12\\\/crece-la-preocupacion-por-un-deficit-municipal-en-olavarria\\\/#primaryimage\"},\"thumbnailUrl\":\"https:\\\/\\\/infopba247.com.ar\\\/wp-content\\\/uploads\\\/2023\\\/09\\\/WhatsApp-Image-2023-08-31-at-12.56.38-PM-768x1024-1.jpeg\",\"articleSection\":[\"7ma Secci\u00f3n\",\"Destacadas\",\"Pol\u00edtica\"],\"inLanguage\":\"es\"},{\"@type\":\"WebPage\",\"@id\":\"https:\\\/\\\/infopba247.com.ar\\\/index.php\\\/2023\\\/09\\\/12\\\/crece-la-preocupacion-por-un-deficit-municipal-en-olavarria\\\/\",\"url\":\"https:\\\/\\\/infopba247.com.ar\\\/index.php\\\/2023\\\/09\\\/12\\\/crece-la-preocupacion-por-un-deficit-municipal-en-olavarria\\\/\",\"name\":\"Crece la preocupaci\u00f3n por un d\u00e9ficit municipal en Olavarr\u00eda - InfoPBA247\",\"isPartOf\":{\"@id\":\"https:\\\/\\\/infopba247.com.ar\\\/#website\"},\"primaryImageOfPage\":{\"@id\":\"https:\\\/\\\/infopba247.com.ar\\\/index.php\\\/2023\\\/09\\\/12\\\/crece-la-preocupacion-por-un-deficit-municipal-en-olavarria\\\/#primaryimage\"},\"image\":{\"@id\":\"https:\\\/\\\/infopba247.com.ar\\\/index.php\\\/2023\\\/09\\\/12\\\/crece-la-preocupacion-por-un-deficit-municipal-en-olavarria\\\/#primaryimage\"},\"thumbnailUrl\":\"https:\\\/\\\/infopba247.com.ar\\\/wp-content\\\/uploads\\\/2023\\\/09\\\/WhatsApp-Image-2023-08-31-at-12.56.38-PM-768x1024-1.jpeg\",\"datePublished\":\"2023-09-12T14:39:21+00:00\",\"dateModified\":\"2023-09-12T14:39:22+00:00\",\"breadcrumb\":{\"@id\":\"https:\\\/\\\/infopba247.com.ar\\\/index.php\\\/2023\\\/09\\\/12\\\/crece-la-preocupacion-por-un-deficit-municipal-en-olavarria\\\/#breadcrumb\"},\"inLanguage\":\"es\",\"potentialAction\":[{\"@type\":\"ReadAction\",\"target\":[\"https:\\\/\\\/infopba247.com.ar\\\/index.php\\\/2023\\\/09\\\/12\\\/crece-la-preocupacion-por-un-deficit-municipal-en-olavarria\\\/\"]}]},{\"@type\":\"ImageObject\",\"inLanguage\":\"es\",\"@id\":\"https:\\\/\\\/infopba247.com.ar\\\/index.php\\\/2023\\\/09\\\/12\\\/crece-la-preocupacion-por-un-deficit-municipal-en-olavarria\\\/#primaryimage\",\"url\":\"https:\\\/\\\/infopba247.com.ar\\\/wp-content\\\/uploads\\\/2023\\\/09\\\/WhatsApp-Image-2023-08-31-at-12.56.38-PM-768x1024-1.jpeg\",\"contentUrl\":\"https:\\\/\\\/infopba247.com.ar\\\/wp-content\\\/uploads\\\/2023\\\/09\\\/WhatsApp-Image-2023-08-31-at-12.56.38-PM-768x1024-1.jpeg\",\"width\":768,\"height\":1024},{\"@type\":\"BreadcrumbList\",\"@id\":\"https:\\\/\\\/infopba247.com.ar\\\/index.php\\\/2023\\\/09\\\/12\\\/crece-la-preocupacion-por-un-deficit-municipal-en-olavarria\\\/#breadcrumb\",\"itemListElement\":[{\"@type\":\"ListItem\",\"position\":1,\"name\":\"Portada\",\"item\":\"https:\\\/\\\/infopba247.com.ar\\\/\"},{\"@type\":\"ListItem\",\"position\":2,\"name\":\"Crece la preocupaci\u00f3n por un d\u00e9ficit municipal en Olavarr\u00eda\"}]},{\"@type\":\"WebSite\",\"@id\":\"https:\\\/\\\/infopba247.com.ar\\\/#website\",\"url\":\"https:\\\/\\\/infopba247.com.ar\\\/\",\"name\":\"InfoPBA247\",\"description\":\"Toda la actualidad bonaerense\",\"publisher\":{\"@id\":\"https:\\\/\\\/infopba247.com.ar\\\/#organization\"},\"potentialAction\":[{\"@type\":\"SearchAction\",\"target\":{\"@type\":\"EntryPoint\",\"urlTemplate\":\"https:\\\/\\\/infopba247.com.ar\\\/?s={search_term_string}\"},\"query-input\":{\"@type\":\"PropertyValueSpecification\",\"valueRequired\":true,\"valueName\":\"search_term_string\"}}],\"inLanguage\":\"es\"},{\"@type\":\"Organization\",\"@id\":\"https:\\\/\\\/infopba247.com.ar\\\/#organization\",\"name\":\"InfoPBA247\",\"url\":\"https:\\\/\\\/infopba247.com.ar\\\/\",\"logo\":{\"@type\":\"ImageObject\",\"inLanguage\":\"es\",\"@id\":\"https:\\\/\\\/infopba247.com.ar\\\/#\\\/schema\\\/logo\\\/image\\\/\",\"url\":\"https:\\\/\\\/infopba247.com.ar\\\/wp-content\\\/uploads\\\/2022\\\/03\\\/cropped-InfoPBA247-1.png\",\"contentUrl\":\"https:\\\/\\\/infopba247.com.ar\\\/wp-content\\\/uploads\\\/2022\\\/03\\\/cropped-InfoPBA247-1.png\",\"width\":500,\"height\":122,\"caption\":\"InfoPBA247\"},\"image\":{\"@id\":\"https:\\\/\\\/infopba247.com.ar\\\/#\\\/schema\\\/logo\\\/image\\\/\"},\"sameAs\":[\"https:\\\/\\\/www.facebook.com\\\/InfoPBA\"]},{\"@type\":\"Person\",\"@id\":\"https:\\\/\\\/infopba247.com.ar\\\/#\\\/schema\\\/person\\\/4975f1343a413e57bf839b3eed0099f2\",\"name\":\"Editor\",\"image\":{\"@type\":\"ImageObject\",\"inLanguage\":\"es\",\"@id\":\"https:\\\/\\\/secure.gravatar.com\\\/avatar\\\/d27fe9520667ca53441d36627a1d6b0fa4a813571ec4803687a7a3a7744685ac?s=96&d=mm&r=g\",\"url\":\"https:\\\/\\\/secure.gravatar.com\\\/avatar\\\/d27fe9520667ca53441d36627a1d6b0fa4a813571ec4803687a7a3a7744685ac?s=96&d=mm&r=g\",\"contentUrl\":\"https:\\\/\\\/secure.gravatar.com\\\/avatar\\\/d27fe9520667ca53441d36627a1d6b0fa4a813571ec4803687a7a3a7744685ac?s=96&d=mm&r=g\",\"caption\":\"Editor\"},\"url\":\"https:\\\/\\\/infopba247.com.ar\\\/index.php\\\/author\\\/editor\\\/\"}]}<\/script>\n<!-- \/ Yoast SEO plugin. -->","yoast_head_json":{"title":"Crece la preocupaci\u00f3n por un d\u00e9ficit municipal en Olavarr\u00eda - InfoPBA247","robots":{"index":"index","follow":"follow","max-snippet":"max-snippet:-1","max-image-preview":"max-image-preview:large","max-video-preview":"max-video-preview:-1"},"canonical":"https:\/\/infopba247.com.ar\/index.php\/2023\/09\/12\/crece-la-preocupacion-por-un-deficit-municipal-en-olavarria\/","og_locale":"es_ES","og_type":"article","og_title":"Crece la preocupaci\u00f3n por un d\u00e9ficit municipal en Olavarr\u00eda - InfoPBA247","og_description":"A pesar de ser uno de los municipios m\u00e1s ricos de la provincia de Buenos Aires, la gesti\u00f3n de Ezequiel","og_url":"https:\/\/infopba247.com.ar\/index.php\/2023\/09\/12\/crece-la-preocupacion-por-un-deficit-municipal-en-olavarria\/","og_site_name":"InfoPBA247","article_publisher":"https:\/\/www.facebook.com\/InfoPBA","article_published_time":"2023-09-12T14:39:21+00:00","article_modified_time":"2023-09-12T14:39:22+00:00","og_image":[{"width":768,"height":1024,"url":"https:\/\/infopba247.com.ar\/wp-content\/uploads\/2023\/09\/WhatsApp-Image-2023-08-31-at-12.56.38-PM-768x1024-1.jpeg","type":"image\/jpeg"}],"author":"Editor","twitter_card":"summary_large_image","twitter_misc":{"Escrito por":"Editor","Tiempo de lectura":"3 minutos"},"schema":{"@context":"https:\/\/schema.org","@graph":[{"@type":"Article","@id":"https:\/\/infopba247.com.ar\/index.php\/2023\/09\/12\/crece-la-preocupacion-por-un-deficit-municipal-en-olavarria\/#article","isPartOf":{"@id":"https:\/\/infopba247.com.ar\/index.php\/2023\/09\/12\/crece-la-preocupacion-por-un-deficit-municipal-en-olavarria\/"},"author":{"name":"Editor","@id":"https:\/\/infopba247.com.ar\/#\/schema\/person\/4975f1343a413e57bf839b3eed0099f2"},"headline":"Crece la preocupaci\u00f3n por un d\u00e9ficit municipal en Olavarr\u00eda","datePublished":"2023-09-12T14:39:21+00:00","dateModified":"2023-09-12T14:39:22+00:00","mainEntityOfPage":{"@id":"https:\/\/infopba247.com.ar\/index.php\/2023\/09\/12\/crece-la-preocupacion-por-un-deficit-municipal-en-olavarria\/"},"wordCount":528,"publisher":{"@id":"https:\/\/infopba247.com.ar\/#organization"},"image":{"@id":"https:\/\/infopba247.com.ar\/index.php\/2023\/09\/12\/crece-la-preocupacion-por-un-deficit-municipal-en-olavarria\/#primaryimage"},"thumbnailUrl":"https:\/\/infopba247.com.ar\/wp-content\/uploads\/2023\/09\/WhatsApp-Image-2023-08-31-at-12.56.38-PM-768x1024-1.jpeg","articleSection":["7ma Secci\u00f3n","Destacadas","Pol\u00edtica"],"inLanguage":"es"},{"@type":"WebPage","@id":"https:\/\/infopba247.com.ar\/index.php\/2023\/09\/12\/crece-la-preocupacion-por-un-deficit-municipal-en-olavarria\/","url":"https:\/\/infopba247.com.ar\/index.php\/2023\/09\/12\/crece-la-preocupacion-por-un-deficit-municipal-en-olavarria\/","name":"Crece la preocupaci\u00f3n por un d\u00e9ficit municipal en Olavarr\u00eda - InfoPBA247","isPartOf":{"@id":"https:\/\/infopba247.com.ar\/#website"},"primaryImageOfPage":{"@id":"https:\/\/infopba247.com.ar\/index.php\/2023\/09\/12\/crece-la-preocupacion-por-un-deficit-municipal-en-olavarria\/#primaryimage"},"image":{"@id":"https:\/\/infopba247.com.ar\/index.php\/2023\/09\/12\/crece-la-preocupacion-por-un-deficit-municipal-en-olavarria\/#primaryimage"},"thumbnailUrl":"https:\/\/infopba247.com.ar\/wp-content\/uploads\/2023\/09\/WhatsApp-Image-2023-08-31-at-12.56.38-PM-768x1024-1.jpeg","datePublished":"2023-09-12T14:39:21+00:00","dateModified":"2023-09-12T14:39:22+00:00","breadcrumb":{"@id":"https:\/\/infopba247.com.ar\/index.php\/2023\/09\/12\/crece-la-preocupacion-por-un-deficit-municipal-en-olavarria\/#breadcrumb"},"inLanguage":"es","potentialAction":[{"@type":"ReadAction","target":["https:\/\/infopba247.com.ar\/index.php\/2023\/09\/12\/crece-la-preocupacion-por-un-deficit-municipal-en-olavarria\/"]}]},{"@type":"ImageObject","inLanguage":"es","@id":"https:\/\/infopba247.com.ar\/index.php\/2023\/09\/12\/crece-la-preocupacion-por-un-deficit-municipal-en-olavarria\/#primaryimage","url":"https:\/\/infopba247.com.ar\/wp-content\/uploads\/2023\/09\/WhatsApp-Image-2023-08-31-at-12.56.38-PM-768x1024-1.jpeg","contentUrl":"https:\/\/infopba247.com.ar\/wp-content\/uploads\/2023\/09\/WhatsApp-Image-2023-08-31-at-12.56.38-PM-768x1024-1.jpeg","width":768,"height":1024},{"@type":"BreadcrumbList","@id":"https:\/\/infopba247.com.ar\/index.php\/2023\/09\/12\/crece-la-preocupacion-por-un-deficit-municipal-en-olavarria\/#breadcrumb","itemListElement":[{"@type":"ListItem","position":1,"name":"Portada","item":"https:\/\/infopba247.com.ar\/"},{"@type":"ListItem","position":2,"name":"Crece la preocupaci\u00f3n por un d\u00e9ficit municipal en Olavarr\u00eda"}]},{"@type":"WebSite","@id":"https:\/\/infopba247.com.ar\/#website","url":"https:\/\/infopba247.com.ar\/","name":"InfoPBA247","description":"Toda la actualidad bonaerense","publisher":{"@id":"https:\/\/infopba247.com.ar\/#organization"},"potentialAction":[{"@type":"SearchAction","target":{"@type":"EntryPoint","urlTemplate":"https:\/\/infopba247.com.ar\/?s={search_term_string}"},"query-input":{"@type":"PropertyValueSpecification","valueRequired":true,"valueName":"search_term_string"}}],"inLanguage":"es"},{"@type":"Organization","@id":"https:\/\/infopba247.com.ar\/#organization","name":"InfoPBA247","url":"https:\/\/infopba247.com.ar\/","logo":{"@type":"ImageObject","inLanguage":"es","@id":"https:\/\/infopba247.com.ar\/#\/schema\/logo\/image\/","url":"https:\/\/infopba247.com.ar\/wp-content\/uploads\/2022\/03\/cropped-InfoPBA247-1.png","contentUrl":"https:\/\/infopba247.com.ar\/wp-content\/uploads\/2022\/03\/cropped-InfoPBA247-1.png","width":500,"height":122,"caption":"InfoPBA247"},"image":{"@id":"https:\/\/infopba247.com.ar\/#\/schema\/logo\/image\/"},"sameAs":["https:\/\/www.facebook.com\/InfoPBA"]},{"@type":"Person","@id":"https:\/\/infopba247.com.ar\/#\/schema\/person\/4975f1343a413e57bf839b3eed0099f2","name":"Editor","image":{"@type":"ImageObject","inLanguage":"es","@id":"https:\/\/secure.gravatar.com\/avatar\/d27fe9520667ca53441d36627a1d6b0fa4a813571ec4803687a7a3a7744685ac?s=96&d=mm&r=g","url":"https:\/\/secure.gravatar.com\/avatar\/d27fe9520667ca53441d36627a1d6b0fa4a813571ec4803687a7a3a7744685ac?s=96&d=mm&r=g","contentUrl":"https:\/\/secure.gravatar.com\/avatar\/d27fe9520667ca53441d36627a1d6b0fa4a813571ec4803687a7a3a7744685ac?s=96&d=mm&r=g","caption":"Editor"},"url":"https:\/\/infopba247.com.ar\/index.php\/author\/editor\/"}]}},"_links":{"self":[{"href":"https:\/\/infopba247.com.ar\/index.php\/wp-json\/wp\/v2\/posts\/2256","targetHints":{"allow":["GET"]}}],"collection":[{"href":"https:\/\/infopba247.com.ar\/index.php\/wp-json\/wp\/v2\/posts"}],"about":[{"href":"https:\/\/infopba247.com.ar\/index.php\/wp-json\/wp\/v2\/types\/post"}],"author":[{"embeddable":true,"href":"https:\/\/infopba247.com.ar\/index.php\/wp-json\/wp\/v2\/users\/3"}],"replies":[{"embeddable":true,"href":"https:\/\/infopba247.com.ar\/index.php\/wp-json\/wp\/v2\/comments?post=2256"}],"version-history":[{"count":1,"href":"https:\/\/infopba247.com.ar\/index.php\/wp-json\/wp\/v2\/posts\/2256\/revisions"}],"predecessor-version":[{"id":2260,"href":"https:\/\/infopba247.com.ar\/index.php\/wp-json\/wp\/v2\/posts\/2256\/revisions\/2260"}],"wp:featuredmedia":[{"embeddable":true,"href":"https:\/\/infopba247.com.ar\/index.php\/wp-json\/wp\/v2\/media\/2257"}],"wp:attachment":[{"href":"https:\/\/infopba247.com.ar\/index.php\/wp-json\/wp\/v2\/media?parent=2256"}],"wp:term":[{"taxonomy":"category","embeddable":true,"href":"https:\/\/infopba247.com.ar\/index.php\/wp-json\/wp\/v2\/categories?post=2256"},{"taxonomy":"post_tag","embeddable":true,"href":"https:\/\/infopba247.com.ar\/index.php\/wp-json\/wp\/v2\/tags?post=2256"}],"curies":[{"name":"wp","href":"https:\/\/api.w.org\/{rel}","templated":true}]}}