{"id":2244,"date":"2023-09-11T11:34:47","date_gmt":"2023-09-11T14:34:47","guid":{"rendered":"https:\/\/infopba247.com.ar\/?p=2244"},"modified":"2023-09-11T11:34:47","modified_gmt":"2023-09-11T14:34:47","slug":"se-cerro-la-primera-edicion-del-festival-internacional-de-cine-de-la-provincia-de-buenos-aires","status":"publish","type":"post","link":"https:\/\/infopba247.com.ar\/index.php\/2023\/09\/11\/se-cerro-la-primera-edicion-del-festival-internacional-de-cine-de-la-provincia-de-buenos-aires\/","title":{"rendered":"Se cerr\u00f3 la primera edici\u00f3n del Festival Internacional de Cine de la Provincia de Buenos Aires"},"content":{"rendered":"\n<p>Luego de diez d\u00edas, con m\u00e1s de 25 mil espectadores y 200 pel\u00edculas en competencia, el festival concluy\u00f3 con la entrega de premios y reconocimientos por parte del equipo y de las autoridades del Instituto Cultural.<\/p>\n\n\n\n<p>La ganadora en la categor\u00eda Mejor Pel\u00edcula Internacional de Ficci\u00f3n fue el largometraje platense Trenque Lauquen, de Laura Citarella.<\/p>\n\n\n\n<p>El Festival Internacional de Cine de la Provincia de Buenos Aires (FICPBA) tuvo su cierre oficial este s\u00e1bado con el anuncio de las pel\u00edculas premiadas por cada categor\u00eda y la entrega de reconocimientos. La gran ganadora de la noche fue el largometraje platense Trenque Lauquen, de Laura Citarella, triunfadora de la competencia Mejor Pel\u00edcula Internacional de Ficci\u00f3n.<\/p>\n\n\n\n<p>Citarella tambi\u00e9n se qued\u00f3 con el galard\u00f3n de mejor direcci\u00f3n en la ceremonia que tuvo lugar en la Sala Piazzolla del Centro Provincial de las Artes Teatro Argentino.<\/p>\n\n\n\n<p>Si bien las actividad siguen este domingo, los organizadores computaron unos 25 mil asistentes a salas y propuestas complementarias como charlas, entrevistas abiertas, shows musicales, encuentro con estudiantes y muestras permanentes.<\/p>\n\n\n\n<p>La jornada del s\u00e1bado comenz\u00f3 con las proyecciones del documental \u2018Milagro, la pel\u00edcula\u2019, de Cynthia Garc\u00eda y Mart\u00edn Adorno y la muestra del registro recuperado del Archivo de Cine Peronista Im\u00e1genes del pasado, que estuvo musicalizado por Nicol\u00e1s Pauls.<\/p>\n\n\n\n<p>Durante diez d\u00edas se proyectaron m\u00e1s de 200 pel\u00edculas, incluyendo 150 producciones de la provincia de Buenos Aires y pel\u00edculas de 26 pa\u00edses, que fueron proyectadas, principalmente en el Cinema Paradiso y en el Centro Provincial de las Artes Teatro Argentino de La Plata. Tambi\u00e9n hubo funciones en el Polo Audiovisual de Merlo y en m\u00e1s de 40 municipios a trav\u00e9s de la Red de Salas Bonaerenses.<\/p>\n\n\n\n<p>El festival fue organizado por el Gobierno de la provincia de Buenos Aires, a trav\u00e9s del Instituto Cultural, que preside Florencia Saintout,&nbsp; para fortalecer y promover el desarrollo de la potente industria audiovisual bonaerense y adem\u00e1s, brindar un espacio de difusi\u00f3n de nuestro cine que se proyecta hacia el mundo.<\/p>\n\n\n\n<p>\u201cEl FICPBA ha sido un gran impulso para la industria audiovisual de nuestra provincia y un espacio de difusi\u00f3n para el sector\u201d, expresaron desde el Instituto Cultural y agregaron: \u201cEl Festival tambi\u00e9n fue una oportunidad para rendir homenaje a referentes e instituciones que han contribuido significativamente al mundo del cine en los \u00faltimos 40 a\u00f1os de democracia en Argentina\u201d.<\/p>\n\n\n\n<p>En los diez d\u00edas, el Festival recibi\u00f3 m\u00e1s de 25 mil espectadores y 800 alumnas y alumnos de escuelas de diversas ciudades participaron en charlas, ac\u00fasticos, proyecciones y encuentros con otros estudiantes, fortaleciendo as\u00ed el sector audiovisual de la provincia.<\/p>\n\n\n\n<p>El Festival cont\u00f3 con la participaci\u00f3n de un notable jurado que otorg\u00f3 premios en varias categor\u00edas, destacando la excelencia en la producci\u00f3n cinematogr\u00e1fica. A continuaci\u00f3n, se mencionan los premios otorgados<\/p>\n\n\n\n<p>PREMIOS DESTACADOS<\/p>\n\n\n\n<p>COMPETENCIA INTERNACIONAL DE LARGOMETRAJES DE FICCI\u00d3N<\/p>\n\n\n\n<p>MEJOR PEL\u00cdCULA&nbsp; INTERNACIONAL DE FICCI\u00d3N: \u201cTrenque Lauquen\u201d, de Laura Citarella (Argentina)<\/p>\n\n\n\n<p>MEJOR DIRECCI\u00d3N: Laura Citarella, por \u201cTrenque Lauquen\u201d (Argentina)<\/p>\n\n\n\n<p>MEJOR ACTRIZ: Antonia Zegers (chilena), por \u201cEl castigo\u201d (Chile-Argentina)&nbsp;<\/p>\n\n\n\n<p>MEJOR ACTOR: Cesar Bord\u00f3n (Argentino), por \u201cCarb\u00f3n\u201d (Brasil-Argentina)<\/p>\n\n\n\n<p>MEJOR M\u00daSICA ORIGINAL: Gabriel Chwojnik, Ramiro Garc\u00eda Morete y Lautaro Barcel\u00f3 por Trenque Lauquen (Argentina)<\/p>\n\n\n\n<p>COMPETENCIA INTERNACIONAL DE LARGOMETRAJES DE DOCUMENTAL<\/p>\n\n\n\n<p>MEJOR DOCUMENTAL INTERNACIONAL : Sebasti\u00e1n Moro, el caminante, de Mar\u00eda Laura Cali (Argentina-Bolivia)<\/p>\n\n\n\n<p>COMPETENCIA INTERNACIONAL DE CORTOMETRAJES DE FICCI\u00d3N, DOCUMENTAL Y\/O ANIMACI\u00d3N<\/p>\n\n\n\n<p>MEJOR CORTOMETRAJE INTERNACIONAL: \u201cBig Bang\u201d, de Carlos Segundo (Brasil-Francia)<\/p>\n\n\n\n<p>COMPETENCIA VENTANA BONAERENSE<\/p>\n\n\n\n<p>MEJOR DIRECCI\u00d3N DE DOCUMENTAL BONAERENSE: Fabio Vallarelli y Mercedes Escusol, por \u201cCruzar el muro\u201d<\/p>\n\n\n\n<p>MEJOR DIRECCI\u00d3N DE FICCI\u00d3N BONAERENSE: Andrew Sala, por \u201cLa Barbarie\u201d<\/p>\n\n\n\n<p>MENCI\u00d3N ESPECIAL DEL JURADO: \u201cSean Eternxs\u201d, de Ra\u00fal Perrone<\/p>\n\n\n\n<p>MEJOR DOCUMENTAL BONAERENSE: \u201cCruzar el muro\u201d, de Fabio Vallarelli y Mercedes Escusol<\/p>\n\n\n\n<p>MEJOR FICCI\u00d3N BONAERENSE: \u201cLa Barbarie\u201d, de Andrew Sala<\/p>\n\n\n\n<p>MARAT\u00d3N DE CORTOS VENTANA BONAERENSE<\/p>\n\n\n\n<p>MENCI\u00d3N ESPECIAL DEL JURADO: \u201cGigante En La Llanura\u201d, de Conrado Taina (Argentina)<\/p>\n\n\n\n<p>MEJOR DIRECCI\u00d3N CORTOMETRAJE BONAERENSE: Iv\u00e1n Bustinduy, por \u201cCarga Animal\u201d (Argentina)<\/p>\n\n\n\n<p>MEJOR CORTOMETRAJE BONAERENSE: \u201cA trav\u00e9s de m\u00ed, cruzo las fronteras de su memoria\u201d, de Daniela Silicz (Argentina)<\/p>\n","protected":false},"excerpt":{"rendered":"<p>Luego de diez d\u00edas, con m\u00e1s de 25 mil espectadores y 200 pel\u00edculas en competencia, el festival concluy\u00f3 con la<\/p>\n","protected":false},"author":3,"featured_media":2234,"comment_status":"closed","ping_status":"closed","sticky":false,"template":"","format":"standard","meta":{"colormag_page_container_layout":"default_layout","colormag_page_sidebar_layout":"default_layout","footnotes":""},"categories":[16],"tags":[],"class_list":["post-2244","post","type-post","status-publish","format-standard","has-post-thumbnail","hentry","category-interes-general"],"yoast_head":"<!-- This site is optimized with the Yoast SEO plugin v27.4 - https:\/\/yoast.com\/product\/yoast-seo-wordpress\/ -->\n<title>Se cerr\u00f3 la primera edici\u00f3n del Festival Internacional de Cine de la Provincia de Buenos Aires - InfoPBA247<\/title>\n<meta name=\"robots\" content=\"index, follow, max-snippet:-1, max-image-preview:large, max-video-preview:-1\" \/>\n<link rel=\"canonical\" href=\"https:\/\/infopba247.com.ar\/index.php\/2023\/09\/11\/se-cerro-la-primera-edicion-del-festival-internacional-de-cine-de-la-provincia-de-buenos-aires\/\" \/>\n<meta property=\"og:locale\" content=\"es_ES\" \/>\n<meta property=\"og:type\" content=\"article\" \/>\n<meta property=\"og:title\" content=\"Se cerr\u00f3 la primera edici\u00f3n del Festival Internacional de Cine de la Provincia de Buenos Aires - InfoPBA247\" \/>\n<meta property=\"og:description\" content=\"Luego de diez d\u00edas, con m\u00e1s de 25 mil espectadores y 200 pel\u00edculas en competencia, el festival concluy\u00f3 con la\" \/>\n<meta property=\"og:url\" content=\"https:\/\/infopba247.com.ar\/index.php\/2023\/09\/11\/se-cerro-la-primera-edicion-del-festival-internacional-de-cine-de-la-provincia-de-buenos-aires\/\" \/>\n<meta property=\"og:site_name\" content=\"InfoPBA247\" \/>\n<meta property=\"article:publisher\" content=\"https:\/\/www.facebook.com\/InfoPBA\" \/>\n<meta property=\"article:published_time\" content=\"2023-09-11T14:34:47+00:00\" \/>\n<meta property=\"og:image\" content=\"https:\/\/infopba247.com.ar\/wp-content\/uploads\/2023\/09\/entrega_premios.jpg\" \/>\n\t<meta property=\"og:image:width\" content=\"700\" \/>\n\t<meta property=\"og:image:height\" content=\"500\" \/>\n\t<meta property=\"og:image:type\" content=\"image\/jpeg\" \/>\n<meta name=\"author\" content=\"Editor\" \/>\n<meta name=\"twitter:card\" content=\"summary_large_image\" \/>\n<meta name=\"twitter:label1\" content=\"Escrito por\" \/>\n\t<meta name=\"twitter:data1\" content=\"Editor\" \/>\n\t<meta name=\"twitter:label2\" content=\"Tiempo de lectura\" \/>\n\t<meta name=\"twitter:data2\" content=\"4 minutos\" \/>\n<script type=\"application\/ld+json\" class=\"yoast-schema-graph\">{\"@context\":\"https:\\\/\\\/schema.org\",\"@graph\":[{\"@type\":\"Article\",\"@id\":\"https:\\\/\\\/infopba247.com.ar\\\/index.php\\\/2023\\\/09\\\/11\\\/se-cerro-la-primera-edicion-del-festival-internacional-de-cine-de-la-provincia-de-buenos-aires\\\/#article\",\"isPartOf\":{\"@id\":\"https:\\\/\\\/infopba247.com.ar\\\/index.php\\\/2023\\\/09\\\/11\\\/se-cerro-la-primera-edicion-del-festival-internacional-de-cine-de-la-provincia-de-buenos-aires\\\/\"},\"author\":{\"name\":\"Editor\",\"@id\":\"https:\\\/\\\/infopba247.com.ar\\\/#\\\/schema\\\/person\\\/4975f1343a413e57bf839b3eed0099f2\"},\"headline\":\"Se cerr\u00f3 la primera edici\u00f3n del Festival Internacional de Cine de la Provincia de Buenos Aires\",\"datePublished\":\"2023-09-11T14:34:47+00:00\",\"mainEntityOfPage\":{\"@id\":\"https:\\\/\\\/infopba247.com.ar\\\/index.php\\\/2023\\\/09\\\/11\\\/se-cerro-la-primera-edicion-del-festival-internacional-de-cine-de-la-provincia-de-buenos-aires\\\/\"},\"wordCount\":727,\"publisher\":{\"@id\":\"https:\\\/\\\/infopba247.com.ar\\\/#organization\"},\"image\":{\"@id\":\"https:\\\/\\\/infopba247.com.ar\\\/index.php\\\/2023\\\/09\\\/11\\\/se-cerro-la-primera-edicion-del-festival-internacional-de-cine-de-la-provincia-de-buenos-aires\\\/#primaryimage\"},\"thumbnailUrl\":\"https:\\\/\\\/infopba247.com.ar\\\/wp-content\\\/uploads\\\/2023\\\/09\\\/entrega_premios.jpg\",\"articleSection\":[\"Inter\u00e9s General\"],\"inLanguage\":\"es\"},{\"@type\":\"WebPage\",\"@id\":\"https:\\\/\\\/infopba247.com.ar\\\/index.php\\\/2023\\\/09\\\/11\\\/se-cerro-la-primera-edicion-del-festival-internacional-de-cine-de-la-provincia-de-buenos-aires\\\/\",\"url\":\"https:\\\/\\\/infopba247.com.ar\\\/index.php\\\/2023\\\/09\\\/11\\\/se-cerro-la-primera-edicion-del-festival-internacional-de-cine-de-la-provincia-de-buenos-aires\\\/\",\"name\":\"Se cerr\u00f3 la primera edici\u00f3n del Festival Internacional de Cine de la Provincia de Buenos Aires - InfoPBA247\",\"isPartOf\":{\"@id\":\"https:\\\/\\\/infopba247.com.ar\\\/#website\"},\"primaryImageOfPage\":{\"@id\":\"https:\\\/\\\/infopba247.com.ar\\\/index.php\\\/2023\\\/09\\\/11\\\/se-cerro-la-primera-edicion-del-festival-internacional-de-cine-de-la-provincia-de-buenos-aires\\\/#primaryimage\"},\"image\":{\"@id\":\"https:\\\/\\\/infopba247.com.ar\\\/index.php\\\/2023\\\/09\\\/11\\\/se-cerro-la-primera-edicion-del-festival-internacional-de-cine-de-la-provincia-de-buenos-aires\\\/#primaryimage\"},\"thumbnailUrl\":\"https:\\\/\\\/infopba247.com.ar\\\/wp-content\\\/uploads\\\/2023\\\/09\\\/entrega_premios.jpg\",\"datePublished\":\"2023-09-11T14:34:47+00:00\",\"breadcrumb\":{\"@id\":\"https:\\\/\\\/infopba247.com.ar\\\/index.php\\\/2023\\\/09\\\/11\\\/se-cerro-la-primera-edicion-del-festival-internacional-de-cine-de-la-provincia-de-buenos-aires\\\/#breadcrumb\"},\"inLanguage\":\"es\",\"potentialAction\":[{\"@type\":\"ReadAction\",\"target\":[\"https:\\\/\\\/infopba247.com.ar\\\/index.php\\\/2023\\\/09\\\/11\\\/se-cerro-la-primera-edicion-del-festival-internacional-de-cine-de-la-provincia-de-buenos-aires\\\/\"]}]},{\"@type\":\"ImageObject\",\"inLanguage\":\"es\",\"@id\":\"https:\\\/\\\/infopba247.com.ar\\\/index.php\\\/2023\\\/09\\\/11\\\/se-cerro-la-primera-edicion-del-festival-internacional-de-cine-de-la-provincia-de-buenos-aires\\\/#primaryimage\",\"url\":\"https:\\\/\\\/infopba247.com.ar\\\/wp-content\\\/uploads\\\/2023\\\/09\\\/entrega_premios.jpg\",\"contentUrl\":\"https:\\\/\\\/infopba247.com.ar\\\/wp-content\\\/uploads\\\/2023\\\/09\\\/entrega_premios.jpg\",\"width\":700,\"height\":500},{\"@type\":\"BreadcrumbList\",\"@id\":\"https:\\\/\\\/infopba247.com.ar\\\/index.php\\\/2023\\\/09\\\/11\\\/se-cerro-la-primera-edicion-del-festival-internacional-de-cine-de-la-provincia-de-buenos-aires\\\/#breadcrumb\",\"itemListElement\":[{\"@type\":\"ListItem\",\"position\":1,\"name\":\"Portada\",\"item\":\"https:\\\/\\\/infopba247.com.ar\\\/\"},{\"@type\":\"ListItem\",\"position\":2,\"name\":\"Se cerr\u00f3 la primera edici\u00f3n del Festival Internacional de Cine de la Provincia de Buenos Aires\"}]},{\"@type\":\"WebSite\",\"@id\":\"https:\\\/\\\/infopba247.com.ar\\\/#website\",\"url\":\"https:\\\/\\\/infopba247.com.ar\\\/\",\"name\":\"InfoPBA247\",\"description\":\"Toda la actualidad bonaerense\",\"publisher\":{\"@id\":\"https:\\\/\\\/infopba247.com.ar\\\/#organization\"},\"potentialAction\":[{\"@type\":\"SearchAction\",\"target\":{\"@type\":\"EntryPoint\",\"urlTemplate\":\"https:\\\/\\\/infopba247.com.ar\\\/?s={search_term_string}\"},\"query-input\":{\"@type\":\"PropertyValueSpecification\",\"valueRequired\":true,\"valueName\":\"search_term_string\"}}],\"inLanguage\":\"es\"},{\"@type\":\"Organization\",\"@id\":\"https:\\\/\\\/infopba247.com.ar\\\/#organization\",\"name\":\"InfoPBA247\",\"url\":\"https:\\\/\\\/infopba247.com.ar\\\/\",\"logo\":{\"@type\":\"ImageObject\",\"inLanguage\":\"es\",\"@id\":\"https:\\\/\\\/infopba247.com.ar\\\/#\\\/schema\\\/logo\\\/image\\\/\",\"url\":\"https:\\\/\\\/infopba247.com.ar\\\/wp-content\\\/uploads\\\/2022\\\/03\\\/cropped-InfoPBA247-1.png\",\"contentUrl\":\"https:\\\/\\\/infopba247.com.ar\\\/wp-content\\\/uploads\\\/2022\\\/03\\\/cropped-InfoPBA247-1.png\",\"width\":500,\"height\":122,\"caption\":\"InfoPBA247\"},\"image\":{\"@id\":\"https:\\\/\\\/infopba247.com.ar\\\/#\\\/schema\\\/logo\\\/image\\\/\"},\"sameAs\":[\"https:\\\/\\\/www.facebook.com\\\/InfoPBA\"]},{\"@type\":\"Person\",\"@id\":\"https:\\\/\\\/infopba247.com.ar\\\/#\\\/schema\\\/person\\\/4975f1343a413e57bf839b3eed0099f2\",\"name\":\"Editor\",\"image\":{\"@type\":\"ImageObject\",\"inLanguage\":\"es\",\"@id\":\"https:\\\/\\\/secure.gravatar.com\\\/avatar\\\/d27fe9520667ca53441d36627a1d6b0fa4a813571ec4803687a7a3a7744685ac?s=96&d=mm&r=g\",\"url\":\"https:\\\/\\\/secure.gravatar.com\\\/avatar\\\/d27fe9520667ca53441d36627a1d6b0fa4a813571ec4803687a7a3a7744685ac?s=96&d=mm&r=g\",\"contentUrl\":\"https:\\\/\\\/secure.gravatar.com\\\/avatar\\\/d27fe9520667ca53441d36627a1d6b0fa4a813571ec4803687a7a3a7744685ac?s=96&d=mm&r=g\",\"caption\":\"Editor\"},\"url\":\"https:\\\/\\\/infopba247.com.ar\\\/index.php\\\/author\\\/editor\\\/\"}]}<\/script>\n<!-- \/ Yoast SEO plugin. -->","yoast_head_json":{"title":"Se cerr\u00f3 la primera edici\u00f3n del Festival Internacional de Cine de la Provincia de Buenos Aires - InfoPBA247","robots":{"index":"index","follow":"follow","max-snippet":"max-snippet:-1","max-image-preview":"max-image-preview:large","max-video-preview":"max-video-preview:-1"},"canonical":"https:\/\/infopba247.com.ar\/index.php\/2023\/09\/11\/se-cerro-la-primera-edicion-del-festival-internacional-de-cine-de-la-provincia-de-buenos-aires\/","og_locale":"es_ES","og_type":"article","og_title":"Se cerr\u00f3 la primera edici\u00f3n del Festival Internacional de Cine de la Provincia de Buenos Aires - InfoPBA247","og_description":"Luego de diez d\u00edas, con m\u00e1s de 25 mil espectadores y 200 pel\u00edculas en competencia, el festival concluy\u00f3 con la","og_url":"https:\/\/infopba247.com.ar\/index.php\/2023\/09\/11\/se-cerro-la-primera-edicion-del-festival-internacional-de-cine-de-la-provincia-de-buenos-aires\/","og_site_name":"InfoPBA247","article_publisher":"https:\/\/www.facebook.com\/InfoPBA","article_published_time":"2023-09-11T14:34:47+00:00","og_image":[{"width":700,"height":500,"url":"https:\/\/infopba247.com.ar\/wp-content\/uploads\/2023\/09\/entrega_premios.jpg","type":"image\/jpeg"}],"author":"Editor","twitter_card":"summary_large_image","twitter_misc":{"Escrito por":"Editor","Tiempo de lectura":"4 minutos"},"schema":{"@context":"https:\/\/schema.org","@graph":[{"@type":"Article","@id":"https:\/\/infopba247.com.ar\/index.php\/2023\/09\/11\/se-cerro-la-primera-edicion-del-festival-internacional-de-cine-de-la-provincia-de-buenos-aires\/#article","isPartOf":{"@id":"https:\/\/infopba247.com.ar\/index.php\/2023\/09\/11\/se-cerro-la-primera-edicion-del-festival-internacional-de-cine-de-la-provincia-de-buenos-aires\/"},"author":{"name":"Editor","@id":"https:\/\/infopba247.com.ar\/#\/schema\/person\/4975f1343a413e57bf839b3eed0099f2"},"headline":"Se cerr\u00f3 la primera edici\u00f3n del Festival Internacional de Cine de la Provincia de Buenos Aires","datePublished":"2023-09-11T14:34:47+00:00","mainEntityOfPage":{"@id":"https:\/\/infopba247.com.ar\/index.php\/2023\/09\/11\/se-cerro-la-primera-edicion-del-festival-internacional-de-cine-de-la-provincia-de-buenos-aires\/"},"wordCount":727,"publisher":{"@id":"https:\/\/infopba247.com.ar\/#organization"},"image":{"@id":"https:\/\/infopba247.com.ar\/index.php\/2023\/09\/11\/se-cerro-la-primera-edicion-del-festival-internacional-de-cine-de-la-provincia-de-buenos-aires\/#primaryimage"},"thumbnailUrl":"https:\/\/infopba247.com.ar\/wp-content\/uploads\/2023\/09\/entrega_premios.jpg","articleSection":["Inter\u00e9s General"],"inLanguage":"es"},{"@type":"WebPage","@id":"https:\/\/infopba247.com.ar\/index.php\/2023\/09\/11\/se-cerro-la-primera-edicion-del-festival-internacional-de-cine-de-la-provincia-de-buenos-aires\/","url":"https:\/\/infopba247.com.ar\/index.php\/2023\/09\/11\/se-cerro-la-primera-edicion-del-festival-internacional-de-cine-de-la-provincia-de-buenos-aires\/","name":"Se cerr\u00f3 la primera edici\u00f3n del Festival Internacional de Cine de la Provincia de Buenos Aires - InfoPBA247","isPartOf":{"@id":"https:\/\/infopba247.com.ar\/#website"},"primaryImageOfPage":{"@id":"https:\/\/infopba247.com.ar\/index.php\/2023\/09\/11\/se-cerro-la-primera-edicion-del-festival-internacional-de-cine-de-la-provincia-de-buenos-aires\/#primaryimage"},"image":{"@id":"https:\/\/infopba247.com.ar\/index.php\/2023\/09\/11\/se-cerro-la-primera-edicion-del-festival-internacional-de-cine-de-la-provincia-de-buenos-aires\/#primaryimage"},"thumbnailUrl":"https:\/\/infopba247.com.ar\/wp-content\/uploads\/2023\/09\/entrega_premios.jpg","datePublished":"2023-09-11T14:34:47+00:00","breadcrumb":{"@id":"https:\/\/infopba247.com.ar\/index.php\/2023\/09\/11\/se-cerro-la-primera-edicion-del-festival-internacional-de-cine-de-la-provincia-de-buenos-aires\/#breadcrumb"},"inLanguage":"es","potentialAction":[{"@type":"ReadAction","target":["https:\/\/infopba247.com.ar\/index.php\/2023\/09\/11\/se-cerro-la-primera-edicion-del-festival-internacional-de-cine-de-la-provincia-de-buenos-aires\/"]}]},{"@type":"ImageObject","inLanguage":"es","@id":"https:\/\/infopba247.com.ar\/index.php\/2023\/09\/11\/se-cerro-la-primera-edicion-del-festival-internacional-de-cine-de-la-provincia-de-buenos-aires\/#primaryimage","url":"https:\/\/infopba247.com.ar\/wp-content\/uploads\/2023\/09\/entrega_premios.jpg","contentUrl":"https:\/\/infopba247.com.ar\/wp-content\/uploads\/2023\/09\/entrega_premios.jpg","width":700,"height":500},{"@type":"BreadcrumbList","@id":"https:\/\/infopba247.com.ar\/index.php\/2023\/09\/11\/se-cerro-la-primera-edicion-del-festival-internacional-de-cine-de-la-provincia-de-buenos-aires\/#breadcrumb","itemListElement":[{"@type":"ListItem","position":1,"name":"Portada","item":"https:\/\/infopba247.com.ar\/"},{"@type":"ListItem","position":2,"name":"Se cerr\u00f3 la primera edici\u00f3n del Festival Internacional de Cine de la Provincia de Buenos Aires"}]},{"@type":"WebSite","@id":"https:\/\/infopba247.com.ar\/#website","url":"https:\/\/infopba247.com.ar\/","name":"InfoPBA247","description":"Toda la actualidad bonaerense","publisher":{"@id":"https:\/\/infopba247.com.ar\/#organization"},"potentialAction":[{"@type":"SearchAction","target":{"@type":"EntryPoint","urlTemplate":"https:\/\/infopba247.com.ar\/?s={search_term_string}"},"query-input":{"@type":"PropertyValueSpecification","valueRequired":true,"valueName":"search_term_string"}}],"inLanguage":"es"},{"@type":"Organization","@id":"https:\/\/infopba247.com.ar\/#organization","name":"InfoPBA247","url":"https:\/\/infopba247.com.ar\/","logo":{"@type":"ImageObject","inLanguage":"es","@id":"https:\/\/infopba247.com.ar\/#\/schema\/logo\/image\/","url":"https:\/\/infopba247.com.ar\/wp-content\/uploads\/2022\/03\/cropped-InfoPBA247-1.png","contentUrl":"https:\/\/infopba247.com.ar\/wp-content\/uploads\/2022\/03\/cropped-InfoPBA247-1.png","width":500,"height":122,"caption":"InfoPBA247"},"image":{"@id":"https:\/\/infopba247.com.ar\/#\/schema\/logo\/image\/"},"sameAs":["https:\/\/www.facebook.com\/InfoPBA"]},{"@type":"Person","@id":"https:\/\/infopba247.com.ar\/#\/schema\/person\/4975f1343a413e57bf839b3eed0099f2","name":"Editor","image":{"@type":"ImageObject","inLanguage":"es","@id":"https:\/\/secure.gravatar.com\/avatar\/d27fe9520667ca53441d36627a1d6b0fa4a813571ec4803687a7a3a7744685ac?s=96&d=mm&r=g","url":"https:\/\/secure.gravatar.com\/avatar\/d27fe9520667ca53441d36627a1d6b0fa4a813571ec4803687a7a3a7744685ac?s=96&d=mm&r=g","contentUrl":"https:\/\/secure.gravatar.com\/avatar\/d27fe9520667ca53441d36627a1d6b0fa4a813571ec4803687a7a3a7744685ac?s=96&d=mm&r=g","caption":"Editor"},"url":"https:\/\/infopba247.com.ar\/index.php\/author\/editor\/"}]}},"_links":{"self":[{"href":"https:\/\/infopba247.com.ar\/index.php\/wp-json\/wp\/v2\/posts\/2244","targetHints":{"allow":["GET"]}}],"collection":[{"href":"https:\/\/infopba247.com.ar\/index.php\/wp-json\/wp\/v2\/posts"}],"about":[{"href":"https:\/\/infopba247.com.ar\/index.php\/wp-json\/wp\/v2\/types\/post"}],"author":[{"embeddable":true,"href":"https:\/\/infopba247.com.ar\/index.php\/wp-json\/wp\/v2\/users\/3"}],"replies":[{"embeddable":true,"href":"https:\/\/infopba247.com.ar\/index.php\/wp-json\/wp\/v2\/comments?post=2244"}],"version-history":[{"count":1,"href":"https:\/\/infopba247.com.ar\/index.php\/wp-json\/wp\/v2\/posts\/2244\/revisions"}],"predecessor-version":[{"id":2245,"href":"https:\/\/infopba247.com.ar\/index.php\/wp-json\/wp\/v2\/posts\/2244\/revisions\/2245"}],"wp:featuredmedia":[{"embeddable":true,"href":"https:\/\/infopba247.com.ar\/index.php\/wp-json\/wp\/v2\/media\/2234"}],"wp:attachment":[{"href":"https:\/\/infopba247.com.ar\/index.php\/wp-json\/wp\/v2\/media?parent=2244"}],"wp:term":[{"taxonomy":"category","embeddable":true,"href":"https:\/\/infopba247.com.ar\/index.php\/wp-json\/wp\/v2\/categories?post=2244"},{"taxonomy":"post_tag","embeddable":true,"href":"https:\/\/infopba247.com.ar\/index.php\/wp-json\/wp\/v2\/tags?post=2244"}],"curies":[{"name":"wp","href":"https:\/\/api.w.org\/{rel}","templated":true}]}}