{"id":2230,"date":"2023-09-08T11:30:00","date_gmt":"2023-09-08T14:30:00","guid":{"rendered":"https:\/\/infopba247.com.ar\/?p=2230"},"modified":"2023-09-11T11:32:00","modified_gmt":"2023-09-11T14:32:00","slug":"mariel-fernandez-entrego-reconocimientos-a-empresarios-y-empresarias-locales","status":"publish","type":"post","link":"https:\/\/infopba247.com.ar\/index.php\/2023\/09\/08\/mariel-fernandez-entrego-reconocimientos-a-empresarios-y-empresarias-locales\/","title":{"rendered":"Mariel Fern\u00e1ndez entreg\u00f3 reconocimientos a empresarios y empresarias locales\u00a0"},"content":{"rendered":"\n<p>En el marco del mes de la industria, la intendenta Mariel Fern\u00e1ndez entreg\u00f3 reconocimientos a distintas empresarias y empresarios junto al subsecretario de Desarrollo Comercial y Promoci\u00f3n de Inversiones de la provincia, Ariel Aguilar; la directora del Banco Naci\u00f3n, Julia Strada; el coordinador General de Promoci\u00f3n de Industria y Comercio, Federico Fongi y las integrantes del concejo de Administraci\u00f3n para los Parques Industriales 1 y 2, Laura Camps y Vanesa Villar.<\/p>\n\n\n\n<p>Estos reconocimientos, fueron entregados a aquellos que aportan a la comunidad, con innovaci\u00f3n en la industria local. Entre ellos, se encuentra Jorge Paretti, de la empresa Toray S.A; Lucas Salvatore, del Grupo Salvatore, Juan Sebasti\u00e1n Ricart de la empresa Voltio trike, Facundo Oviedo del Equipro S.A.S, Rodrigo Abete de Seiq Group S.A; Roberto Caba\u00f1as de la empresa Frey S.A y M\u00f3nica Rabboni de la empresa Arbros S.A.&nbsp;<\/p>\n\n\n\n<p>En dicha jornada, la intendenta Mariel Fern\u00e1ndez expres\u00f3: \u201cAgradezco que la provincia y la Naci\u00f3n fueron apoyando fuertemente este proyecto de industrializaci\u00f3n que tenemos en Moreno. Sin la presencia del Estado todo se hace m\u00e1s dificultoso. Y principalmente agradecerles a ustedes por confiar en este proyecto, en este equipo para que Moreno pueda tener un desarrollo industrial\u201d. Y agreg\u00f3: \u201cLa pol\u00edtica de desarrollo industrial del Municipio no solamente es para los parques municipales, tambi\u00e9n es para el sector privado, nosotros con los parques privados trabajamos en la misma sinton\u00eda donde principalmente el eje sea el trabajo, para que vengan las industrias a radicarse a Moreno\u201d.<\/p>\n\n\n\n<p>Adem\u00e1s, Federico Fongi, coordinador general de Promoci\u00f3n de Industria y Comercio expres\u00f3 que \u201cEn Moreno se hablaba de 12 parques industriales, pero hab\u00eda hect\u00e1reas que no estaban activas, que eran solo proyectos. Hoy, hay 55 hect\u00e1reas que durante 20 a\u00f1os solo fueron un proyecto de parque. Ac\u00e1 solo hab\u00eda pasto, y ahora todos los d\u00edas entran a este parque entre trabajadores directos e indirectos 2.100 personas que entran a trabajar todos los d\u00edas\u201d. Adem\u00e1s, agreg\u00f3: \u201cNosotros sabemos que este Moreno industrial va a ser el crecimiento que, si lo logramos hacer despegar, va a ir creciendo y va a generar trabajo para muchas generaciones\u201d.&nbsp;&nbsp;<\/p>\n\n\n\n<p>Tambi\u00e9n, el subsecretario de Desarrollo Comercial y Promoci\u00f3n de Inversiones de la provincia, Ariel Aguilar dijo que \u201cMariel, plante\u00f3 una ciudad que ten\u00eda destino de ser una ciudad dormitorio en una ciudad industrial\u201d. Y agreg\u00f3: \u201cHoy Moreno tiene casi 1.000 industrias, y una proyecci\u00f3n casi de 1.600. Esto tambi\u00e9n depende del compromiso que tome el empresariado de toda la provincia de buenos aires con este proyecto industrial\u201d.&nbsp;<\/p>\n\n\n\n<p>Por \u00faltimo, la directora del Banco Naci\u00f3n, Julia Strada dijo que \u201cUstedes son un actor fundamental para la defensa de ese pa\u00eds industrial, no alcanza con un espacio pol\u00edtico, deben ser los sujetos los protagonistas de la industria, y sus trabajadores quienes mejor defiendan este pa\u00eds\u201d. Y expres\u00f3: \u201cMi enorme reconocimiento a la gesti\u00f3n de Mariel, mi primera visita como directora fue a este parque industrial, y solo hab\u00eda maquinas removiendo tierra y me dec\u00edan \u201cmira que lo que se viene es una locura\u201d y bueno, lo estoy viendo hoy y me llena de orgullo que el Banco Naci\u00f3n y tambi\u00e9n el Banco Provincia, puedan haber financiado alguna parte de este proyecto\u201d.<\/p>\n","protected":false},"excerpt":{"rendered":"<p>En el marco del mes de la industria, la intendenta Mariel Fern\u00e1ndez entreg\u00f3 reconocimientos a distintas empresarias y empresarios junto<\/p>\n","protected":false},"author":3,"featured_media":2235,"comment_status":"closed","ping_status":"closed","sticky":false,"template":"","format":"standard","meta":{"colormag_page_container_layout":"default_layout","colormag_page_sidebar_layout":"default_layout","footnotes":""},"categories":[5,1,14],"tags":[],"class_list":["post-2230","post","type-post","status-publish","format-standard","has-post-thumbnail","hentry","category-1ra-seccion","category-destacadas","category-politica"],"yoast_head":"<!-- This site is optimized with the Yoast SEO plugin v27.5 - https:\/\/yoast.com\/product\/yoast-seo-wordpress\/ -->\n<title>Mariel Fern\u00e1ndez entreg\u00f3 reconocimientos a empresarios y empresarias locales\u00a0 - InfoPBA247<\/title>\n<meta name=\"robots\" content=\"index, follow, max-snippet:-1, max-image-preview:large, max-video-preview:-1\" \/>\n<link rel=\"canonical\" href=\"https:\/\/infopba247.com.ar\/index.php\/2023\/09\/08\/mariel-fernandez-entrego-reconocimientos-a-empresarios-y-empresarias-locales\/\" \/>\n<meta property=\"og:locale\" content=\"es_ES\" \/>\n<meta property=\"og:type\" content=\"article\" \/>\n<meta property=\"og:title\" content=\"Mariel Fern\u00e1ndez entreg\u00f3 reconocimientos a empresarios y empresarias locales\u00a0 - InfoPBA247\" \/>\n<meta property=\"og:description\" content=\"En el marco del mes de la industria, la intendenta Mariel Fern\u00e1ndez entreg\u00f3 reconocimientos a distintas empresarias y empresarios junto\" \/>\n<meta property=\"og:url\" content=\"https:\/\/infopba247.com.ar\/index.php\/2023\/09\/08\/mariel-fernandez-entrego-reconocimientos-a-empresarios-y-empresarias-locales\/\" \/>\n<meta property=\"og:site_name\" content=\"InfoPBA247\" \/>\n<meta property=\"article:publisher\" content=\"https:\/\/www.facebook.com\/InfoPBA\" \/>\n<meta property=\"article:published_time\" content=\"2023-09-08T14:30:00+00:00\" \/>\n<meta property=\"article:modified_time\" content=\"2023-09-11T14:32:00+00:00\" \/>\n<meta property=\"og:image\" content=\"https:\/\/infopba247.com.ar\/wp-content\/uploads\/2023\/09\/INDUSTRIA-27-scaled.jpg\" \/>\n\t<meta property=\"og:image:width\" content=\"2560\" \/>\n\t<meta property=\"og:image:height\" content=\"1708\" \/>\n\t<meta property=\"og:image:type\" content=\"image\/jpeg\" \/>\n<meta name=\"author\" content=\"Editor\" \/>\n<meta name=\"twitter:card\" content=\"summary_large_image\" \/>\n<meta name=\"twitter:label1\" content=\"Escrito por\" \/>\n\t<meta name=\"twitter:data1\" content=\"Editor\" \/>\n\t<meta name=\"twitter:label2\" content=\"Tiempo de lectura\" \/>\n\t<meta name=\"twitter:data2\" content=\"3 minutos\" \/>\n<script type=\"application\/ld+json\" class=\"yoast-schema-graph\">{\"@context\":\"https:\\\/\\\/schema.org\",\"@graph\":[{\"@type\":\"Article\",\"@id\":\"https:\\\/\\\/infopba247.com.ar\\\/index.php\\\/2023\\\/09\\\/08\\\/mariel-fernandez-entrego-reconocimientos-a-empresarios-y-empresarias-locales\\\/#article\",\"isPartOf\":{\"@id\":\"https:\\\/\\\/infopba247.com.ar\\\/index.php\\\/2023\\\/09\\\/08\\\/mariel-fernandez-entrego-reconocimientos-a-empresarios-y-empresarias-locales\\\/\"},\"author\":{\"name\":\"Editor\",\"@id\":\"https:\\\/\\\/infopba247.com.ar\\\/#\\\/schema\\\/person\\\/4975f1343a413e57bf839b3eed0099f2\"},\"headline\":\"Mariel Fern\u00e1ndez entreg\u00f3 reconocimientos a empresarios y empresarias locales\u00a0\",\"datePublished\":\"2023-09-08T14:30:00+00:00\",\"dateModified\":\"2023-09-11T14:32:00+00:00\",\"mainEntityOfPage\":{\"@id\":\"https:\\\/\\\/infopba247.com.ar\\\/index.php\\\/2023\\\/09\\\/08\\\/mariel-fernandez-entrego-reconocimientos-a-empresarios-y-empresarias-locales\\\/\"},\"wordCount\":578,\"publisher\":{\"@id\":\"https:\\\/\\\/infopba247.com.ar\\\/#organization\"},\"image\":{\"@id\":\"https:\\\/\\\/infopba247.com.ar\\\/index.php\\\/2023\\\/09\\\/08\\\/mariel-fernandez-entrego-reconocimientos-a-empresarios-y-empresarias-locales\\\/#primaryimage\"},\"thumbnailUrl\":\"https:\\\/\\\/infopba247.com.ar\\\/wp-content\\\/uploads\\\/2023\\\/09\\\/INDUSTRIA-27-scaled.jpg\",\"articleSection\":[\"1ra Secci\u00f3n\",\"Destacadas\",\"Pol\u00edtica\"],\"inLanguage\":\"es\"},{\"@type\":\"WebPage\",\"@id\":\"https:\\\/\\\/infopba247.com.ar\\\/index.php\\\/2023\\\/09\\\/08\\\/mariel-fernandez-entrego-reconocimientos-a-empresarios-y-empresarias-locales\\\/\",\"url\":\"https:\\\/\\\/infopba247.com.ar\\\/index.php\\\/2023\\\/09\\\/08\\\/mariel-fernandez-entrego-reconocimientos-a-empresarios-y-empresarias-locales\\\/\",\"name\":\"Mariel Fern\u00e1ndez entreg\u00f3 reconocimientos a empresarios y empresarias locales\u00a0 - InfoPBA247\",\"isPartOf\":{\"@id\":\"https:\\\/\\\/infopba247.com.ar\\\/#website\"},\"primaryImageOfPage\":{\"@id\":\"https:\\\/\\\/infopba247.com.ar\\\/index.php\\\/2023\\\/09\\\/08\\\/mariel-fernandez-entrego-reconocimientos-a-empresarios-y-empresarias-locales\\\/#primaryimage\"},\"image\":{\"@id\":\"https:\\\/\\\/infopba247.com.ar\\\/index.php\\\/2023\\\/09\\\/08\\\/mariel-fernandez-entrego-reconocimientos-a-empresarios-y-empresarias-locales\\\/#primaryimage\"},\"thumbnailUrl\":\"https:\\\/\\\/infopba247.com.ar\\\/wp-content\\\/uploads\\\/2023\\\/09\\\/INDUSTRIA-27-scaled.jpg\",\"datePublished\":\"2023-09-08T14:30:00+00:00\",\"dateModified\":\"2023-09-11T14:32:00+00:00\",\"breadcrumb\":{\"@id\":\"https:\\\/\\\/infopba247.com.ar\\\/index.php\\\/2023\\\/09\\\/08\\\/mariel-fernandez-entrego-reconocimientos-a-empresarios-y-empresarias-locales\\\/#breadcrumb\"},\"inLanguage\":\"es\",\"potentialAction\":[{\"@type\":\"ReadAction\",\"target\":[\"https:\\\/\\\/infopba247.com.ar\\\/index.php\\\/2023\\\/09\\\/08\\\/mariel-fernandez-entrego-reconocimientos-a-empresarios-y-empresarias-locales\\\/\"]}]},{\"@type\":\"ImageObject\",\"inLanguage\":\"es\",\"@id\":\"https:\\\/\\\/infopba247.com.ar\\\/index.php\\\/2023\\\/09\\\/08\\\/mariel-fernandez-entrego-reconocimientos-a-empresarios-y-empresarias-locales\\\/#primaryimage\",\"url\":\"https:\\\/\\\/infopba247.com.ar\\\/wp-content\\\/uploads\\\/2023\\\/09\\\/INDUSTRIA-27-scaled.jpg\",\"contentUrl\":\"https:\\\/\\\/infopba247.com.ar\\\/wp-content\\\/uploads\\\/2023\\\/09\\\/INDUSTRIA-27-scaled.jpg\",\"width\":2560,\"height\":1708},{\"@type\":\"BreadcrumbList\",\"@id\":\"https:\\\/\\\/infopba247.com.ar\\\/index.php\\\/2023\\\/09\\\/08\\\/mariel-fernandez-entrego-reconocimientos-a-empresarios-y-empresarias-locales\\\/#breadcrumb\",\"itemListElement\":[{\"@type\":\"ListItem\",\"position\":1,\"name\":\"Portada\",\"item\":\"https:\\\/\\\/infopba247.com.ar\\\/\"},{\"@type\":\"ListItem\",\"position\":2,\"name\":\"Mariel Fern\u00e1ndez entreg\u00f3 reconocimientos a empresarios y empresarias locales\u00a0\"}]},{\"@type\":\"WebSite\",\"@id\":\"https:\\\/\\\/infopba247.com.ar\\\/#website\",\"url\":\"https:\\\/\\\/infopba247.com.ar\\\/\",\"name\":\"InfoPBA247\",\"description\":\"Toda la actualidad bonaerense\",\"publisher\":{\"@id\":\"https:\\\/\\\/infopba247.com.ar\\\/#organization\"},\"potentialAction\":[{\"@type\":\"SearchAction\",\"target\":{\"@type\":\"EntryPoint\",\"urlTemplate\":\"https:\\\/\\\/infopba247.com.ar\\\/?s={search_term_string}\"},\"query-input\":{\"@type\":\"PropertyValueSpecification\",\"valueRequired\":true,\"valueName\":\"search_term_string\"}}],\"inLanguage\":\"es\"},{\"@type\":\"Organization\",\"@id\":\"https:\\\/\\\/infopba247.com.ar\\\/#organization\",\"name\":\"InfoPBA247\",\"url\":\"https:\\\/\\\/infopba247.com.ar\\\/\",\"logo\":{\"@type\":\"ImageObject\",\"inLanguage\":\"es\",\"@id\":\"https:\\\/\\\/infopba247.com.ar\\\/#\\\/schema\\\/logo\\\/image\\\/\",\"url\":\"https:\\\/\\\/infopba247.com.ar\\\/wp-content\\\/uploads\\\/2022\\\/03\\\/cropped-InfoPBA247-1.png\",\"contentUrl\":\"https:\\\/\\\/infopba247.com.ar\\\/wp-content\\\/uploads\\\/2022\\\/03\\\/cropped-InfoPBA247-1.png\",\"width\":500,\"height\":122,\"caption\":\"InfoPBA247\"},\"image\":{\"@id\":\"https:\\\/\\\/infopba247.com.ar\\\/#\\\/schema\\\/logo\\\/image\\\/\"},\"sameAs\":[\"https:\\\/\\\/www.facebook.com\\\/InfoPBA\"]},{\"@type\":\"Person\",\"@id\":\"https:\\\/\\\/infopba247.com.ar\\\/#\\\/schema\\\/person\\\/4975f1343a413e57bf839b3eed0099f2\",\"name\":\"Editor\",\"image\":{\"@type\":\"ImageObject\",\"inLanguage\":\"es\",\"@id\":\"https:\\\/\\\/secure.gravatar.com\\\/avatar\\\/d27fe9520667ca53441d36627a1d6b0fa4a813571ec4803687a7a3a7744685ac?s=96&d=mm&r=g\",\"url\":\"https:\\\/\\\/secure.gravatar.com\\\/avatar\\\/d27fe9520667ca53441d36627a1d6b0fa4a813571ec4803687a7a3a7744685ac?s=96&d=mm&r=g\",\"contentUrl\":\"https:\\\/\\\/secure.gravatar.com\\\/avatar\\\/d27fe9520667ca53441d36627a1d6b0fa4a813571ec4803687a7a3a7744685ac?s=96&d=mm&r=g\",\"caption\":\"Editor\"},\"url\":\"https:\\\/\\\/infopba247.com.ar\\\/index.php\\\/author\\\/editor\\\/\"}]}<\/script>\n<!-- \/ Yoast SEO plugin. -->","yoast_head_json":{"title":"Mariel Fern\u00e1ndez entreg\u00f3 reconocimientos a empresarios y empresarias locales\u00a0 - InfoPBA247","robots":{"index":"index","follow":"follow","max-snippet":"max-snippet:-1","max-image-preview":"max-image-preview:large","max-video-preview":"max-video-preview:-1"},"canonical":"https:\/\/infopba247.com.ar\/index.php\/2023\/09\/08\/mariel-fernandez-entrego-reconocimientos-a-empresarios-y-empresarias-locales\/","og_locale":"es_ES","og_type":"article","og_title":"Mariel Fern\u00e1ndez entreg\u00f3 reconocimientos a empresarios y empresarias locales\u00a0 - InfoPBA247","og_description":"En el marco del mes de la industria, la intendenta Mariel Fern\u00e1ndez entreg\u00f3 reconocimientos a distintas empresarias y empresarios junto","og_url":"https:\/\/infopba247.com.ar\/index.php\/2023\/09\/08\/mariel-fernandez-entrego-reconocimientos-a-empresarios-y-empresarias-locales\/","og_site_name":"InfoPBA247","article_publisher":"https:\/\/www.facebook.com\/InfoPBA","article_published_time":"2023-09-08T14:30:00+00:00","article_modified_time":"2023-09-11T14:32:00+00:00","og_image":[{"width":2560,"height":1708,"url":"https:\/\/infopba247.com.ar\/wp-content\/uploads\/2023\/09\/INDUSTRIA-27-scaled.jpg","type":"image\/jpeg"}],"author":"Editor","twitter_card":"summary_large_image","twitter_misc":{"Escrito por":"Editor","Tiempo de lectura":"3 minutos"},"schema":{"@context":"https:\/\/schema.org","@graph":[{"@type":"Article","@id":"https:\/\/infopba247.com.ar\/index.php\/2023\/09\/08\/mariel-fernandez-entrego-reconocimientos-a-empresarios-y-empresarias-locales\/#article","isPartOf":{"@id":"https:\/\/infopba247.com.ar\/index.php\/2023\/09\/08\/mariel-fernandez-entrego-reconocimientos-a-empresarios-y-empresarias-locales\/"},"author":{"name":"Editor","@id":"https:\/\/infopba247.com.ar\/#\/schema\/person\/4975f1343a413e57bf839b3eed0099f2"},"headline":"Mariel Fern\u00e1ndez entreg\u00f3 reconocimientos a empresarios y empresarias locales\u00a0","datePublished":"2023-09-08T14:30:00+00:00","dateModified":"2023-09-11T14:32:00+00:00","mainEntityOfPage":{"@id":"https:\/\/infopba247.com.ar\/index.php\/2023\/09\/08\/mariel-fernandez-entrego-reconocimientos-a-empresarios-y-empresarias-locales\/"},"wordCount":578,"publisher":{"@id":"https:\/\/infopba247.com.ar\/#organization"},"image":{"@id":"https:\/\/infopba247.com.ar\/index.php\/2023\/09\/08\/mariel-fernandez-entrego-reconocimientos-a-empresarios-y-empresarias-locales\/#primaryimage"},"thumbnailUrl":"https:\/\/infopba247.com.ar\/wp-content\/uploads\/2023\/09\/INDUSTRIA-27-scaled.jpg","articleSection":["1ra Secci\u00f3n","Destacadas","Pol\u00edtica"],"inLanguage":"es"},{"@type":"WebPage","@id":"https:\/\/infopba247.com.ar\/index.php\/2023\/09\/08\/mariel-fernandez-entrego-reconocimientos-a-empresarios-y-empresarias-locales\/","url":"https:\/\/infopba247.com.ar\/index.php\/2023\/09\/08\/mariel-fernandez-entrego-reconocimientos-a-empresarios-y-empresarias-locales\/","name":"Mariel Fern\u00e1ndez entreg\u00f3 reconocimientos a empresarios y empresarias locales\u00a0 - InfoPBA247","isPartOf":{"@id":"https:\/\/infopba247.com.ar\/#website"},"primaryImageOfPage":{"@id":"https:\/\/infopba247.com.ar\/index.php\/2023\/09\/08\/mariel-fernandez-entrego-reconocimientos-a-empresarios-y-empresarias-locales\/#primaryimage"},"image":{"@id":"https:\/\/infopba247.com.ar\/index.php\/2023\/09\/08\/mariel-fernandez-entrego-reconocimientos-a-empresarios-y-empresarias-locales\/#primaryimage"},"thumbnailUrl":"https:\/\/infopba247.com.ar\/wp-content\/uploads\/2023\/09\/INDUSTRIA-27-scaled.jpg","datePublished":"2023-09-08T14:30:00+00:00","dateModified":"2023-09-11T14:32:00+00:00","breadcrumb":{"@id":"https:\/\/infopba247.com.ar\/index.php\/2023\/09\/08\/mariel-fernandez-entrego-reconocimientos-a-empresarios-y-empresarias-locales\/#breadcrumb"},"inLanguage":"es","potentialAction":[{"@type":"ReadAction","target":["https:\/\/infopba247.com.ar\/index.php\/2023\/09\/08\/mariel-fernandez-entrego-reconocimientos-a-empresarios-y-empresarias-locales\/"]}]},{"@type":"ImageObject","inLanguage":"es","@id":"https:\/\/infopba247.com.ar\/index.php\/2023\/09\/08\/mariel-fernandez-entrego-reconocimientos-a-empresarios-y-empresarias-locales\/#primaryimage","url":"https:\/\/infopba247.com.ar\/wp-content\/uploads\/2023\/09\/INDUSTRIA-27-scaled.jpg","contentUrl":"https:\/\/infopba247.com.ar\/wp-content\/uploads\/2023\/09\/INDUSTRIA-27-scaled.jpg","width":2560,"height":1708},{"@type":"BreadcrumbList","@id":"https:\/\/infopba247.com.ar\/index.php\/2023\/09\/08\/mariel-fernandez-entrego-reconocimientos-a-empresarios-y-empresarias-locales\/#breadcrumb","itemListElement":[{"@type":"ListItem","position":1,"name":"Portada","item":"https:\/\/infopba247.com.ar\/"},{"@type":"ListItem","position":2,"name":"Mariel Fern\u00e1ndez entreg\u00f3 reconocimientos a empresarios y empresarias locales\u00a0"}]},{"@type":"WebSite","@id":"https:\/\/infopba247.com.ar\/#website","url":"https:\/\/infopba247.com.ar\/","name":"InfoPBA247","description":"Toda la actualidad bonaerense","publisher":{"@id":"https:\/\/infopba247.com.ar\/#organization"},"potentialAction":[{"@type":"SearchAction","target":{"@type":"EntryPoint","urlTemplate":"https:\/\/infopba247.com.ar\/?s={search_term_string}"},"query-input":{"@type":"PropertyValueSpecification","valueRequired":true,"valueName":"search_term_string"}}],"inLanguage":"es"},{"@type":"Organization","@id":"https:\/\/infopba247.com.ar\/#organization","name":"InfoPBA247","url":"https:\/\/infopba247.com.ar\/","logo":{"@type":"ImageObject","inLanguage":"es","@id":"https:\/\/infopba247.com.ar\/#\/schema\/logo\/image\/","url":"https:\/\/infopba247.com.ar\/wp-content\/uploads\/2022\/03\/cropped-InfoPBA247-1.png","contentUrl":"https:\/\/infopba247.com.ar\/wp-content\/uploads\/2022\/03\/cropped-InfoPBA247-1.png","width":500,"height":122,"caption":"InfoPBA247"},"image":{"@id":"https:\/\/infopba247.com.ar\/#\/schema\/logo\/image\/"},"sameAs":["https:\/\/www.facebook.com\/InfoPBA"]},{"@type":"Person","@id":"https:\/\/infopba247.com.ar\/#\/schema\/person\/4975f1343a413e57bf839b3eed0099f2","name":"Editor","image":{"@type":"ImageObject","inLanguage":"es","@id":"https:\/\/secure.gravatar.com\/avatar\/d27fe9520667ca53441d36627a1d6b0fa4a813571ec4803687a7a3a7744685ac?s=96&d=mm&r=g","url":"https:\/\/secure.gravatar.com\/avatar\/d27fe9520667ca53441d36627a1d6b0fa4a813571ec4803687a7a3a7744685ac?s=96&d=mm&r=g","contentUrl":"https:\/\/secure.gravatar.com\/avatar\/d27fe9520667ca53441d36627a1d6b0fa4a813571ec4803687a7a3a7744685ac?s=96&d=mm&r=g","caption":"Editor"},"url":"https:\/\/infopba247.com.ar\/index.php\/author\/editor\/"}]}},"_links":{"self":[{"href":"https:\/\/infopba247.com.ar\/index.php\/wp-json\/wp\/v2\/posts\/2230","targetHints":{"allow":["GET"]}}],"collection":[{"href":"https:\/\/infopba247.com.ar\/index.php\/wp-json\/wp\/v2\/posts"}],"about":[{"href":"https:\/\/infopba247.com.ar\/index.php\/wp-json\/wp\/v2\/types\/post"}],"author":[{"embeddable":true,"href":"https:\/\/infopba247.com.ar\/index.php\/wp-json\/wp\/v2\/users\/3"}],"replies":[{"embeddable":true,"href":"https:\/\/infopba247.com.ar\/index.php\/wp-json\/wp\/v2\/comments?post=2230"}],"version-history":[{"count":1,"href":"https:\/\/infopba247.com.ar\/index.php\/wp-json\/wp\/v2\/posts\/2230\/revisions"}],"predecessor-version":[{"id":2238,"href":"https:\/\/infopba247.com.ar\/index.php\/wp-json\/wp\/v2\/posts\/2230\/revisions\/2238"}],"wp:featuredmedia":[{"embeddable":true,"href":"https:\/\/infopba247.com.ar\/index.php\/wp-json\/wp\/v2\/media\/2235"}],"wp:attachment":[{"href":"https:\/\/infopba247.com.ar\/index.php\/wp-json\/wp\/v2\/media?parent=2230"}],"wp:term":[{"taxonomy":"category","embeddable":true,"href":"https:\/\/infopba247.com.ar\/index.php\/wp-json\/wp\/v2\/categories?post=2230"},{"taxonomy":"post_tag","embeddable":true,"href":"https:\/\/infopba247.com.ar\/index.php\/wp-json\/wp\/v2\/tags?post=2230"}],"curies":[{"name":"wp","href":"https:\/\/api.w.org\/{rel}","templated":true}]}}