{"id":2096,"date":"2023-08-24T13:43:19","date_gmt":"2023-08-24T16:43:19","guid":{"rendered":"https:\/\/infopba247.com.ar\/?p=2096"},"modified":"2023-08-24T13:43:19","modified_gmt":"2023-08-24T16:43:19","slug":"cultura-rodante-se-suma-a-los-festejos-por-el-mes-de-las-infancias-en-monte-hermoso","status":"publish","type":"post","link":"https:\/\/infopba247.com.ar\/index.php\/2023\/08\/24\/cultura-rodante-se-suma-a-los-festejos-por-el-mes-de-las-infancias-en-monte-hermoso\/","title":{"rendered":"\u00abCultura rodante\u00bb se suma a los festejos por el Mes de las Infancias en Monte Hermoso"},"content":{"rendered":"\n<p>Previo a la celebraci\u00f3n del domingo 27 en Plaza Parque por el Mes de las Infancias, el s\u00e1bado 26 de agosto desde las 14:30 hs, se estar\u00e1 realizando en la Plaza del Calvario en Sauce Grande, un evento en el que estar\u00e1 presente el Instituto Cultural de la Provincia de Buenos Aires de la mano del programa \u201cCultura Rodante\u201d.<\/p>\n\n\n\n<p>Este Programa forma parte de una pol\u00edtica que promueve el acceso a la cultura y el esparcimiento para todas las familias y principalmente para las infancias, con propuestas diversas y atractivas.<\/p>\n\n\n\n<p>El mismo es impulsado por la Subsecretar\u00eda de Promoci\u00f3n Sociocultural del Instituto Cultural de la provincia de Buenos Aires y recorre los 135 municipios de la Provincia.<\/p>\n\n\n\n<p>El encuentro que se desarrollar\u00e1 en la ciudad contar\u00e1 con actividades diversas, entre las que se destacan la Juegoteca Viajera, espacios de lectura, art\u00edsticos, juegos l\u00fadicos, obras de teatro y shows para toda la familia y a las cuales tambi\u00e9n se sumar\u00e1n las propuestas de la Secretar\u00eda de Desarrollo Social a trav\u00e9s de los Espacios de Primera Infancia.<\/p>\n\n\n\n<p>Asimismo, el domingo 27 estar\u00e1n presentes en la Plaza Parque, desde las 14.30 horas, y se sumar\u00e1n a los festejos organizados por la Secretar\u00eda de Desarrollo Social de Monte Hermoso.<\/p>\n","protected":false},"excerpt":{"rendered":"<p>Previo a la celebraci\u00f3n del domingo 27 en Plaza Parque por el Mes de las Infancias, el s\u00e1bado 26 de<\/p>\n","protected":false},"author":3,"featured_media":2097,"comment_status":"closed","ping_status":"closed","sticky":false,"template":"","format":"standard","meta":{"colormag_page_container_layout":"default_layout","colormag_page_sidebar_layout":"default_layout","footnotes":""},"categories":[15],"tags":[],"class_list":["post-2096","post","type-post","status-publish","format-standard","has-post-thumbnail","hentry","category-turismo-y-cultura"],"yoast_head":"<!-- This site is optimized with the Yoast SEO plugin v27.5 - https:\/\/yoast.com\/product\/yoast-seo-wordpress\/ -->\n<title>\u00abCultura rodante\u00bb se suma a los festejos por el Mes de las Infancias en Monte Hermoso - InfoPBA247<\/title>\n<meta name=\"robots\" content=\"index, follow, max-snippet:-1, max-image-preview:large, max-video-preview:-1\" \/>\n<link rel=\"canonical\" href=\"https:\/\/infopba247.com.ar\/index.php\/2023\/08\/24\/cultura-rodante-se-suma-a-los-festejos-por-el-mes-de-las-infancias-en-monte-hermoso\/\" \/>\n<meta property=\"og:locale\" content=\"es_ES\" \/>\n<meta property=\"og:type\" content=\"article\" \/>\n<meta property=\"og:title\" content=\"\u00abCultura rodante\u00bb se suma a los festejos por el Mes de las Infancias en Monte Hermoso - InfoPBA247\" \/>\n<meta property=\"og:description\" content=\"Previo a la celebraci\u00f3n del domingo 27 en Plaza Parque por el Mes de las Infancias, el s\u00e1bado 26 de\" \/>\n<meta property=\"og:url\" content=\"https:\/\/infopba247.com.ar\/index.php\/2023\/08\/24\/cultura-rodante-se-suma-a-los-festejos-por-el-mes-de-las-infancias-en-monte-hermoso\/\" \/>\n<meta property=\"og:site_name\" content=\"InfoPBA247\" \/>\n<meta property=\"article:publisher\" content=\"https:\/\/www.facebook.com\/InfoPBA\" \/>\n<meta property=\"article:published_time\" content=\"2023-08-24T16:43:19+00:00\" \/>\n<meta property=\"og:image\" content=\"https:\/\/infopba247.com.ar\/wp-content\/uploads\/2023\/08\/369603137_10159644937689786_8322614147759398569_n-800x445-1.jpg\" \/>\n\t<meta property=\"og:image:width\" content=\"800\" \/>\n\t<meta property=\"og:image:height\" content=\"445\" \/>\n\t<meta property=\"og:image:type\" content=\"image\/jpeg\" \/>\n<meta name=\"author\" content=\"Editor\" \/>\n<meta name=\"twitter:card\" content=\"summary_large_image\" \/>\n<meta name=\"twitter:label1\" content=\"Escrito por\" \/>\n\t<meta name=\"twitter:data1\" content=\"Editor\" \/>\n\t<meta name=\"twitter:label2\" content=\"Tiempo de lectura\" \/>\n\t<meta name=\"twitter:data2\" content=\"1 minuto\" \/>\n<script type=\"application\/ld+json\" class=\"yoast-schema-graph\">{\"@context\":\"https:\\\/\\\/schema.org\",\"@graph\":[{\"@type\":\"Article\",\"@id\":\"https:\\\/\\\/infopba247.com.ar\\\/index.php\\\/2023\\\/08\\\/24\\\/cultura-rodante-se-suma-a-los-festejos-por-el-mes-de-las-infancias-en-monte-hermoso\\\/#article\",\"isPartOf\":{\"@id\":\"https:\\\/\\\/infopba247.com.ar\\\/index.php\\\/2023\\\/08\\\/24\\\/cultura-rodante-se-suma-a-los-festejos-por-el-mes-de-las-infancias-en-monte-hermoso\\\/\"},\"author\":{\"name\":\"Editor\",\"@id\":\"https:\\\/\\\/infopba247.com.ar\\\/#\\\/schema\\\/person\\\/4975f1343a413e57bf839b3eed0099f2\"},\"headline\":\"\u00abCultura rodante\u00bb se suma a los festejos por el Mes de las Infancias en Monte Hermoso\",\"datePublished\":\"2023-08-24T16:43:19+00:00\",\"mainEntityOfPage\":{\"@id\":\"https:\\\/\\\/infopba247.com.ar\\\/index.php\\\/2023\\\/08\\\/24\\\/cultura-rodante-se-suma-a-los-festejos-por-el-mes-de-las-infancias-en-monte-hermoso\\\/\"},\"wordCount\":229,\"publisher\":{\"@id\":\"https:\\\/\\\/infopba247.com.ar\\\/#organization\"},\"image\":{\"@id\":\"https:\\\/\\\/infopba247.com.ar\\\/index.php\\\/2023\\\/08\\\/24\\\/cultura-rodante-se-suma-a-los-festejos-por-el-mes-de-las-infancias-en-monte-hermoso\\\/#primaryimage\"},\"thumbnailUrl\":\"https:\\\/\\\/infopba247.com.ar\\\/wp-content\\\/uploads\\\/2023\\\/08\\\/369603137_10159644937689786_8322614147759398569_n-800x445-1.jpg\",\"articleSection\":[\"Turismo y Cultura\"],\"inLanguage\":\"es\"},{\"@type\":\"WebPage\",\"@id\":\"https:\\\/\\\/infopba247.com.ar\\\/index.php\\\/2023\\\/08\\\/24\\\/cultura-rodante-se-suma-a-los-festejos-por-el-mes-de-las-infancias-en-monte-hermoso\\\/\",\"url\":\"https:\\\/\\\/infopba247.com.ar\\\/index.php\\\/2023\\\/08\\\/24\\\/cultura-rodante-se-suma-a-los-festejos-por-el-mes-de-las-infancias-en-monte-hermoso\\\/\",\"name\":\"\u00abCultura rodante\u00bb se suma a los festejos por el Mes de las Infancias en Monte Hermoso - InfoPBA247\",\"isPartOf\":{\"@id\":\"https:\\\/\\\/infopba247.com.ar\\\/#website\"},\"primaryImageOfPage\":{\"@id\":\"https:\\\/\\\/infopba247.com.ar\\\/index.php\\\/2023\\\/08\\\/24\\\/cultura-rodante-se-suma-a-los-festejos-por-el-mes-de-las-infancias-en-monte-hermoso\\\/#primaryimage\"},\"image\":{\"@id\":\"https:\\\/\\\/infopba247.com.ar\\\/index.php\\\/2023\\\/08\\\/24\\\/cultura-rodante-se-suma-a-los-festejos-por-el-mes-de-las-infancias-en-monte-hermoso\\\/#primaryimage\"},\"thumbnailUrl\":\"https:\\\/\\\/infopba247.com.ar\\\/wp-content\\\/uploads\\\/2023\\\/08\\\/369603137_10159644937689786_8322614147759398569_n-800x445-1.jpg\",\"datePublished\":\"2023-08-24T16:43:19+00:00\",\"breadcrumb\":{\"@id\":\"https:\\\/\\\/infopba247.com.ar\\\/index.php\\\/2023\\\/08\\\/24\\\/cultura-rodante-se-suma-a-los-festejos-por-el-mes-de-las-infancias-en-monte-hermoso\\\/#breadcrumb\"},\"inLanguage\":\"es\",\"potentialAction\":[{\"@type\":\"ReadAction\",\"target\":[\"https:\\\/\\\/infopba247.com.ar\\\/index.php\\\/2023\\\/08\\\/24\\\/cultura-rodante-se-suma-a-los-festejos-por-el-mes-de-las-infancias-en-monte-hermoso\\\/\"]}]},{\"@type\":\"ImageObject\",\"inLanguage\":\"es\",\"@id\":\"https:\\\/\\\/infopba247.com.ar\\\/index.php\\\/2023\\\/08\\\/24\\\/cultura-rodante-se-suma-a-los-festejos-por-el-mes-de-las-infancias-en-monte-hermoso\\\/#primaryimage\",\"url\":\"https:\\\/\\\/infopba247.com.ar\\\/wp-content\\\/uploads\\\/2023\\\/08\\\/369603137_10159644937689786_8322614147759398569_n-800x445-1.jpg\",\"contentUrl\":\"https:\\\/\\\/infopba247.com.ar\\\/wp-content\\\/uploads\\\/2023\\\/08\\\/369603137_10159644937689786_8322614147759398569_n-800x445-1.jpg\",\"width\":800,\"height\":445},{\"@type\":\"BreadcrumbList\",\"@id\":\"https:\\\/\\\/infopba247.com.ar\\\/index.php\\\/2023\\\/08\\\/24\\\/cultura-rodante-se-suma-a-los-festejos-por-el-mes-de-las-infancias-en-monte-hermoso\\\/#breadcrumb\",\"itemListElement\":[{\"@type\":\"ListItem\",\"position\":1,\"name\":\"Portada\",\"item\":\"https:\\\/\\\/infopba247.com.ar\\\/\"},{\"@type\":\"ListItem\",\"position\":2,\"name\":\"\u00abCultura rodante\u00bb se suma a los festejos por el Mes de las Infancias en Monte Hermoso\"}]},{\"@type\":\"WebSite\",\"@id\":\"https:\\\/\\\/infopba247.com.ar\\\/#website\",\"url\":\"https:\\\/\\\/infopba247.com.ar\\\/\",\"name\":\"InfoPBA247\",\"description\":\"Toda la actualidad bonaerense\",\"publisher\":{\"@id\":\"https:\\\/\\\/infopba247.com.ar\\\/#organization\"},\"potentialAction\":[{\"@type\":\"SearchAction\",\"target\":{\"@type\":\"EntryPoint\",\"urlTemplate\":\"https:\\\/\\\/infopba247.com.ar\\\/?s={search_term_string}\"},\"query-input\":{\"@type\":\"PropertyValueSpecification\",\"valueRequired\":true,\"valueName\":\"search_term_string\"}}],\"inLanguage\":\"es\"},{\"@type\":\"Organization\",\"@id\":\"https:\\\/\\\/infopba247.com.ar\\\/#organization\",\"name\":\"InfoPBA247\",\"url\":\"https:\\\/\\\/infopba247.com.ar\\\/\",\"logo\":{\"@type\":\"ImageObject\",\"inLanguage\":\"es\",\"@id\":\"https:\\\/\\\/infopba247.com.ar\\\/#\\\/schema\\\/logo\\\/image\\\/\",\"url\":\"https:\\\/\\\/infopba247.com.ar\\\/wp-content\\\/uploads\\\/2022\\\/03\\\/cropped-InfoPBA247-1.png\",\"contentUrl\":\"https:\\\/\\\/infopba247.com.ar\\\/wp-content\\\/uploads\\\/2022\\\/03\\\/cropped-InfoPBA247-1.png\",\"width\":500,\"height\":122,\"caption\":\"InfoPBA247\"},\"image\":{\"@id\":\"https:\\\/\\\/infopba247.com.ar\\\/#\\\/schema\\\/logo\\\/image\\\/\"},\"sameAs\":[\"https:\\\/\\\/www.facebook.com\\\/InfoPBA\"]},{\"@type\":\"Person\",\"@id\":\"https:\\\/\\\/infopba247.com.ar\\\/#\\\/schema\\\/person\\\/4975f1343a413e57bf839b3eed0099f2\",\"name\":\"Editor\",\"image\":{\"@type\":\"ImageObject\",\"inLanguage\":\"es\",\"@id\":\"https:\\\/\\\/secure.gravatar.com\\\/avatar\\\/d27fe9520667ca53441d36627a1d6b0fa4a813571ec4803687a7a3a7744685ac?s=96&d=mm&r=g\",\"url\":\"https:\\\/\\\/secure.gravatar.com\\\/avatar\\\/d27fe9520667ca53441d36627a1d6b0fa4a813571ec4803687a7a3a7744685ac?s=96&d=mm&r=g\",\"contentUrl\":\"https:\\\/\\\/secure.gravatar.com\\\/avatar\\\/d27fe9520667ca53441d36627a1d6b0fa4a813571ec4803687a7a3a7744685ac?s=96&d=mm&r=g\",\"caption\":\"Editor\"},\"url\":\"https:\\\/\\\/infopba247.com.ar\\\/index.php\\\/author\\\/editor\\\/\"}]}<\/script>\n<!-- \/ Yoast SEO plugin. -->","yoast_head_json":{"title":"\u00abCultura rodante\u00bb se suma a los festejos por el Mes de las Infancias en Monte Hermoso - InfoPBA247","robots":{"index":"index","follow":"follow","max-snippet":"max-snippet:-1","max-image-preview":"max-image-preview:large","max-video-preview":"max-video-preview:-1"},"canonical":"https:\/\/infopba247.com.ar\/index.php\/2023\/08\/24\/cultura-rodante-se-suma-a-los-festejos-por-el-mes-de-las-infancias-en-monte-hermoso\/","og_locale":"es_ES","og_type":"article","og_title":"\u00abCultura rodante\u00bb se suma a los festejos por el Mes de las Infancias en Monte Hermoso - InfoPBA247","og_description":"Previo a la celebraci\u00f3n del domingo 27 en Plaza Parque por el Mes de las Infancias, el s\u00e1bado 26 de","og_url":"https:\/\/infopba247.com.ar\/index.php\/2023\/08\/24\/cultura-rodante-se-suma-a-los-festejos-por-el-mes-de-las-infancias-en-monte-hermoso\/","og_site_name":"InfoPBA247","article_publisher":"https:\/\/www.facebook.com\/InfoPBA","article_published_time":"2023-08-24T16:43:19+00:00","og_image":[{"width":800,"height":445,"url":"https:\/\/infopba247.com.ar\/wp-content\/uploads\/2023\/08\/369603137_10159644937689786_8322614147759398569_n-800x445-1.jpg","type":"image\/jpeg"}],"author":"Editor","twitter_card":"summary_large_image","twitter_misc":{"Escrito por":"Editor","Tiempo de lectura":"1 minuto"},"schema":{"@context":"https:\/\/schema.org","@graph":[{"@type":"Article","@id":"https:\/\/infopba247.com.ar\/index.php\/2023\/08\/24\/cultura-rodante-se-suma-a-los-festejos-por-el-mes-de-las-infancias-en-monte-hermoso\/#article","isPartOf":{"@id":"https:\/\/infopba247.com.ar\/index.php\/2023\/08\/24\/cultura-rodante-se-suma-a-los-festejos-por-el-mes-de-las-infancias-en-monte-hermoso\/"},"author":{"name":"Editor","@id":"https:\/\/infopba247.com.ar\/#\/schema\/person\/4975f1343a413e57bf839b3eed0099f2"},"headline":"\u00abCultura rodante\u00bb se suma a los festejos por el Mes de las Infancias en Monte Hermoso","datePublished":"2023-08-24T16:43:19+00:00","mainEntityOfPage":{"@id":"https:\/\/infopba247.com.ar\/index.php\/2023\/08\/24\/cultura-rodante-se-suma-a-los-festejos-por-el-mes-de-las-infancias-en-monte-hermoso\/"},"wordCount":229,"publisher":{"@id":"https:\/\/infopba247.com.ar\/#organization"},"image":{"@id":"https:\/\/infopba247.com.ar\/index.php\/2023\/08\/24\/cultura-rodante-se-suma-a-los-festejos-por-el-mes-de-las-infancias-en-monte-hermoso\/#primaryimage"},"thumbnailUrl":"https:\/\/infopba247.com.ar\/wp-content\/uploads\/2023\/08\/369603137_10159644937689786_8322614147759398569_n-800x445-1.jpg","articleSection":["Turismo y Cultura"],"inLanguage":"es"},{"@type":"WebPage","@id":"https:\/\/infopba247.com.ar\/index.php\/2023\/08\/24\/cultura-rodante-se-suma-a-los-festejos-por-el-mes-de-las-infancias-en-monte-hermoso\/","url":"https:\/\/infopba247.com.ar\/index.php\/2023\/08\/24\/cultura-rodante-se-suma-a-los-festejos-por-el-mes-de-las-infancias-en-monte-hermoso\/","name":"\u00abCultura rodante\u00bb se suma a los festejos por el Mes de las Infancias en Monte Hermoso - InfoPBA247","isPartOf":{"@id":"https:\/\/infopba247.com.ar\/#website"},"primaryImageOfPage":{"@id":"https:\/\/infopba247.com.ar\/index.php\/2023\/08\/24\/cultura-rodante-se-suma-a-los-festejos-por-el-mes-de-las-infancias-en-monte-hermoso\/#primaryimage"},"image":{"@id":"https:\/\/infopba247.com.ar\/index.php\/2023\/08\/24\/cultura-rodante-se-suma-a-los-festejos-por-el-mes-de-las-infancias-en-monte-hermoso\/#primaryimage"},"thumbnailUrl":"https:\/\/infopba247.com.ar\/wp-content\/uploads\/2023\/08\/369603137_10159644937689786_8322614147759398569_n-800x445-1.jpg","datePublished":"2023-08-24T16:43:19+00:00","breadcrumb":{"@id":"https:\/\/infopba247.com.ar\/index.php\/2023\/08\/24\/cultura-rodante-se-suma-a-los-festejos-por-el-mes-de-las-infancias-en-monte-hermoso\/#breadcrumb"},"inLanguage":"es","potentialAction":[{"@type":"ReadAction","target":["https:\/\/infopba247.com.ar\/index.php\/2023\/08\/24\/cultura-rodante-se-suma-a-los-festejos-por-el-mes-de-las-infancias-en-monte-hermoso\/"]}]},{"@type":"ImageObject","inLanguage":"es","@id":"https:\/\/infopba247.com.ar\/index.php\/2023\/08\/24\/cultura-rodante-se-suma-a-los-festejos-por-el-mes-de-las-infancias-en-monte-hermoso\/#primaryimage","url":"https:\/\/infopba247.com.ar\/wp-content\/uploads\/2023\/08\/369603137_10159644937689786_8322614147759398569_n-800x445-1.jpg","contentUrl":"https:\/\/infopba247.com.ar\/wp-content\/uploads\/2023\/08\/369603137_10159644937689786_8322614147759398569_n-800x445-1.jpg","width":800,"height":445},{"@type":"BreadcrumbList","@id":"https:\/\/infopba247.com.ar\/index.php\/2023\/08\/24\/cultura-rodante-se-suma-a-los-festejos-por-el-mes-de-las-infancias-en-monte-hermoso\/#breadcrumb","itemListElement":[{"@type":"ListItem","position":1,"name":"Portada","item":"https:\/\/infopba247.com.ar\/"},{"@type":"ListItem","position":2,"name":"\u00abCultura rodante\u00bb se suma a los festejos por el Mes de las Infancias en Monte Hermoso"}]},{"@type":"WebSite","@id":"https:\/\/infopba247.com.ar\/#website","url":"https:\/\/infopba247.com.ar\/","name":"InfoPBA247","description":"Toda la actualidad bonaerense","publisher":{"@id":"https:\/\/infopba247.com.ar\/#organization"},"potentialAction":[{"@type":"SearchAction","target":{"@type":"EntryPoint","urlTemplate":"https:\/\/infopba247.com.ar\/?s={search_term_string}"},"query-input":{"@type":"PropertyValueSpecification","valueRequired":true,"valueName":"search_term_string"}}],"inLanguage":"es"},{"@type":"Organization","@id":"https:\/\/infopba247.com.ar\/#organization","name":"InfoPBA247","url":"https:\/\/infopba247.com.ar\/","logo":{"@type":"ImageObject","inLanguage":"es","@id":"https:\/\/infopba247.com.ar\/#\/schema\/logo\/image\/","url":"https:\/\/infopba247.com.ar\/wp-content\/uploads\/2022\/03\/cropped-InfoPBA247-1.png","contentUrl":"https:\/\/infopba247.com.ar\/wp-content\/uploads\/2022\/03\/cropped-InfoPBA247-1.png","width":500,"height":122,"caption":"InfoPBA247"},"image":{"@id":"https:\/\/infopba247.com.ar\/#\/schema\/logo\/image\/"},"sameAs":["https:\/\/www.facebook.com\/InfoPBA"]},{"@type":"Person","@id":"https:\/\/infopba247.com.ar\/#\/schema\/person\/4975f1343a413e57bf839b3eed0099f2","name":"Editor","image":{"@type":"ImageObject","inLanguage":"es","@id":"https:\/\/secure.gravatar.com\/avatar\/d27fe9520667ca53441d36627a1d6b0fa4a813571ec4803687a7a3a7744685ac?s=96&d=mm&r=g","url":"https:\/\/secure.gravatar.com\/avatar\/d27fe9520667ca53441d36627a1d6b0fa4a813571ec4803687a7a3a7744685ac?s=96&d=mm&r=g","contentUrl":"https:\/\/secure.gravatar.com\/avatar\/d27fe9520667ca53441d36627a1d6b0fa4a813571ec4803687a7a3a7744685ac?s=96&d=mm&r=g","caption":"Editor"},"url":"https:\/\/infopba247.com.ar\/index.php\/author\/editor\/"}]}},"_links":{"self":[{"href":"https:\/\/infopba247.com.ar\/index.php\/wp-json\/wp\/v2\/posts\/2096","targetHints":{"allow":["GET"]}}],"collection":[{"href":"https:\/\/infopba247.com.ar\/index.php\/wp-json\/wp\/v2\/posts"}],"about":[{"href":"https:\/\/infopba247.com.ar\/index.php\/wp-json\/wp\/v2\/types\/post"}],"author":[{"embeddable":true,"href":"https:\/\/infopba247.com.ar\/index.php\/wp-json\/wp\/v2\/users\/3"}],"replies":[{"embeddable":true,"href":"https:\/\/infopba247.com.ar\/index.php\/wp-json\/wp\/v2\/comments?post=2096"}],"version-history":[{"count":1,"href":"https:\/\/infopba247.com.ar\/index.php\/wp-json\/wp\/v2\/posts\/2096\/revisions"}],"predecessor-version":[{"id":2098,"href":"https:\/\/infopba247.com.ar\/index.php\/wp-json\/wp\/v2\/posts\/2096\/revisions\/2098"}],"wp:featuredmedia":[{"embeddable":true,"href":"https:\/\/infopba247.com.ar\/index.php\/wp-json\/wp\/v2\/media\/2097"}],"wp:attachment":[{"href":"https:\/\/infopba247.com.ar\/index.php\/wp-json\/wp\/v2\/media?parent=2096"}],"wp:term":[{"taxonomy":"category","embeddable":true,"href":"https:\/\/infopba247.com.ar\/index.php\/wp-json\/wp\/v2\/categories?post=2096"},{"taxonomy":"post_tag","embeddable":true,"href":"https:\/\/infopba247.com.ar\/index.php\/wp-json\/wp\/v2\/tags?post=2096"}],"curies":[{"name":"wp","href":"https:\/\/api.w.org\/{rel}","templated":true}]}}