{"id":2048,"date":"2023-08-15T10:33:00","date_gmt":"2023-08-15T13:33:00","guid":{"rendered":"https:\/\/infopba247.com.ar\/?p=2048"},"modified":"2023-08-15T11:34:43","modified_gmt":"2023-08-15T14:34:43","slug":"san-martin-soporto-la-ola-y-le-saco-10-puntos-a-juntos-por-el-cambio","status":"publish","type":"post","link":"https:\/\/infopba247.com.ar\/index.php\/2023\/08\/15\/san-martin-soporto-la-ola-y-le-saco-10-puntos-a-juntos-por-el-cambio\/","title":{"rendered":"San Mart\u00edn soport\u00f3 la ola y le sac\u00f3 10 puntos a Juntos por el Cambio"},"content":{"rendered":"\n<p>Fernando Moreira fue el candidato m\u00e1s votado. Massa y Kicillof tambi\u00e9n ganaron en el distrito, completando un amplio triunfo del peronismo en todas las categor\u00edas.<\/p>\n\n\n\n<p>El actual intendente de San Mart\u00edn, Fernando Moreira, fue el candidato m\u00e1s votado en la elecci\u00f3n local, donde Uni\u00f3n por la Patria (UxP) obtuvo el 41% de los sufragios frente al 30,7% de Juntos por el Cambio (JxC).<\/p>\n\n\n\n<p>El Jefe Comunal se impuso por m\u00e1s de 10 puntos, mientras que Massa y Kicillof lo hicieron por 6, completando una amplia victoria del peronismo en el distrito frente a la segunda fuerza, que fue JxC, y la lista de Milei.<\/p>\n\n\n\n<p>Este resultado cobr\u00f3 todav\u00eda m\u00e1s valor teniendo en cuenta los triunfos de Juntos por el Cambio en partidos vecinos y cercanos como Tres de Febrero, Vicente L\u00f3pez, San Miguel, San Isidro, Mor\u00f3n e Ituzaing\u00f3.<\/p>\n\n\n\n<p>\u201cQuiero agradecerles a todas las vecinas y vecinos que nos acompa\u00f1aron y a toda la militancia por el enorme trabajo realizado durante la campa\u00f1a para lograr esta victoria en las PASO, donde Uni\u00f3n por la Patria gan\u00f3 en todos los niveles\u201d, destac\u00f3 el Jefe Comunal.<\/p>\n\n\n\n<p>Y agreg\u00f3: \u201cEsta era una elecci\u00f3n de abajo hacia arriba y la ganamos caminando cada uno de los barrios, estando cerca de la gente, escuchando y llegando hasta la \u00faltima puerta de cada cuadra. Fue un laburo enorme que se ve reflejado con esta gran elecci\u00f3n que hicimos en San Mart\u00edn\u201d.<\/p>\n\n\n\n<p>Por \u00faltimo, cerr\u00f3: \u201cTodo este esfuerzo lo tenemos que duplicar hasta octubre, primero para garantizar aquello que conseguimos ahora, pero tambi\u00e9n porque queremos ganar en la Provincia y en la Naci\u00f3n. No podemos permitir que en la Argentina gobiernen proyectos descabellados, tenemos que estar m\u00e1s unidos que nunca\u201d.<\/p>\n\n\n\n<p>Por su parte, el ministro Gabriel Katopodis se\u00f1al\u00f3: \u201cLos vecinos y las vecinas de San Mart\u00edn renovaron la confianza en una administraci\u00f3n seria, con un Estado presente y pol\u00edticas p\u00fablicas que benefician a la gente. Es la continuidad de una gesti\u00f3n que defiende el trabajo, la producci\u00f3n y una fuerte inversi\u00f3n en obra p\u00fablica, seguridad, educaci\u00f3n, salud y cultura\u201d.<\/p>\n","protected":false},"excerpt":{"rendered":"<p>Fernando Moreira fue el candidato m\u00e1s votado. Massa y Kicillof tambi\u00e9n ganaron en el distrito, completando un amplio triunfo del<\/p>\n","protected":false},"author":3,"featured_media":2044,"comment_status":"closed","ping_status":"closed","sticky":false,"template":"","format":"standard","meta":{"colormag_page_container_layout":"default_layout","colormag_page_sidebar_layout":"default_layout","footnotes":""},"categories":[5,1,14],"tags":[97],"class_list":["post-2048","post","type-post","status-publish","format-standard","has-post-thumbnail","hentry","category-1ra-seccion","category-destacadas","category-politica","tag-municipalidad-de-san-martin"],"yoast_head":"<!-- This site is optimized with the Yoast SEO plugin v27.5 - https:\/\/yoast.com\/product\/yoast-seo-wordpress\/ -->\n<title>San Mart\u00edn soport\u00f3 la ola y le sac\u00f3 10 puntos a Juntos por el Cambio - InfoPBA247<\/title>\n<meta name=\"robots\" content=\"index, follow, max-snippet:-1, max-image-preview:large, max-video-preview:-1\" \/>\n<link rel=\"canonical\" href=\"https:\/\/infopba247.com.ar\/index.php\/2023\/08\/15\/san-martin-soporto-la-ola-y-le-saco-10-puntos-a-juntos-por-el-cambio\/\" \/>\n<meta property=\"og:locale\" content=\"es_ES\" \/>\n<meta property=\"og:type\" content=\"article\" \/>\n<meta property=\"og:title\" content=\"San Mart\u00edn soport\u00f3 la ola y le sac\u00f3 10 puntos a Juntos por el Cambio - InfoPBA247\" \/>\n<meta property=\"og:description\" content=\"Fernando Moreira fue el candidato m\u00e1s votado. Massa y Kicillof tambi\u00e9n ganaron en el distrito, completando un amplio triunfo del\" \/>\n<meta property=\"og:url\" content=\"https:\/\/infopba247.com.ar\/index.php\/2023\/08\/15\/san-martin-soporto-la-ola-y-le-saco-10-puntos-a-juntos-por-el-cambio\/\" \/>\n<meta property=\"og:site_name\" content=\"InfoPBA247\" \/>\n<meta property=\"article:publisher\" content=\"https:\/\/www.facebook.com\/InfoPBA\" \/>\n<meta property=\"article:published_time\" content=\"2023-08-15T13:33:00+00:00\" \/>\n<meta property=\"article:modified_time\" content=\"2023-08-15T14:34:43+00:00\" \/>\n<meta property=\"og:image\" content=\"https:\/\/infopba247.com.ar\/wp-content\/uploads\/2023\/08\/Fernando-Moreira-fue-el-candidato-mas-votado-en-San-Martin-y-UP-saco-mas-de-10-puntos-de-ventaja-en-la-eleccion-local.jpg\" \/>\n\t<meta property=\"og:image:width\" content=\"1616\" \/>\n\t<meta property=\"og:image:height\" content=\"1080\" \/>\n\t<meta property=\"og:image:type\" content=\"image\/jpeg\" \/>\n<meta name=\"author\" content=\"Editor\" \/>\n<meta name=\"twitter:card\" content=\"summary_large_image\" \/>\n<meta name=\"twitter:label1\" content=\"Escrito por\" \/>\n\t<meta name=\"twitter:data1\" content=\"Editor\" \/>\n\t<meta name=\"twitter:label2\" content=\"Tiempo de lectura\" \/>\n\t<meta name=\"twitter:data2\" content=\"2 minutos\" \/>\n<script type=\"application\/ld+json\" class=\"yoast-schema-graph\">{\"@context\":\"https:\\\/\\\/schema.org\",\"@graph\":[{\"@type\":\"Article\",\"@id\":\"https:\\\/\\\/infopba247.com.ar\\\/index.php\\\/2023\\\/08\\\/15\\\/san-martin-soporto-la-ola-y-le-saco-10-puntos-a-juntos-por-el-cambio\\\/#article\",\"isPartOf\":{\"@id\":\"https:\\\/\\\/infopba247.com.ar\\\/index.php\\\/2023\\\/08\\\/15\\\/san-martin-soporto-la-ola-y-le-saco-10-puntos-a-juntos-por-el-cambio\\\/\"},\"author\":{\"name\":\"Editor\",\"@id\":\"https:\\\/\\\/infopba247.com.ar\\\/#\\\/schema\\\/person\\\/4975f1343a413e57bf839b3eed0099f2\"},\"headline\":\"San Mart\u00edn soport\u00f3 la ola y le sac\u00f3 10 puntos a Juntos por el Cambio\",\"datePublished\":\"2023-08-15T13:33:00+00:00\",\"dateModified\":\"2023-08-15T14:34:43+00:00\",\"mainEntityOfPage\":{\"@id\":\"https:\\\/\\\/infopba247.com.ar\\\/index.php\\\/2023\\\/08\\\/15\\\/san-martin-soporto-la-ola-y-le-saco-10-puntos-a-juntos-por-el-cambio\\\/\"},\"wordCount\":383,\"publisher\":{\"@id\":\"https:\\\/\\\/infopba247.com.ar\\\/#organization\"},\"image\":{\"@id\":\"https:\\\/\\\/infopba247.com.ar\\\/index.php\\\/2023\\\/08\\\/15\\\/san-martin-soporto-la-ola-y-le-saco-10-puntos-a-juntos-por-el-cambio\\\/#primaryimage\"},\"thumbnailUrl\":\"https:\\\/\\\/infopba247.com.ar\\\/wp-content\\\/uploads\\\/2023\\\/08\\\/Fernando-Moreira-fue-el-candidato-mas-votado-en-San-Martin-y-UP-saco-mas-de-10-puntos-de-ventaja-en-la-eleccion-local.jpg\",\"keywords\":[\"Municipalidad de San Mart\u00edn\"],\"articleSection\":[\"1ra Secci\u00f3n\",\"Destacadas\",\"Pol\u00edtica\"],\"inLanguage\":\"es\"},{\"@type\":\"WebPage\",\"@id\":\"https:\\\/\\\/infopba247.com.ar\\\/index.php\\\/2023\\\/08\\\/15\\\/san-martin-soporto-la-ola-y-le-saco-10-puntos-a-juntos-por-el-cambio\\\/\",\"url\":\"https:\\\/\\\/infopba247.com.ar\\\/index.php\\\/2023\\\/08\\\/15\\\/san-martin-soporto-la-ola-y-le-saco-10-puntos-a-juntos-por-el-cambio\\\/\",\"name\":\"San Mart\u00edn soport\u00f3 la ola y le sac\u00f3 10 puntos a Juntos por el Cambio - InfoPBA247\",\"isPartOf\":{\"@id\":\"https:\\\/\\\/infopba247.com.ar\\\/#website\"},\"primaryImageOfPage\":{\"@id\":\"https:\\\/\\\/infopba247.com.ar\\\/index.php\\\/2023\\\/08\\\/15\\\/san-martin-soporto-la-ola-y-le-saco-10-puntos-a-juntos-por-el-cambio\\\/#primaryimage\"},\"image\":{\"@id\":\"https:\\\/\\\/infopba247.com.ar\\\/index.php\\\/2023\\\/08\\\/15\\\/san-martin-soporto-la-ola-y-le-saco-10-puntos-a-juntos-por-el-cambio\\\/#primaryimage\"},\"thumbnailUrl\":\"https:\\\/\\\/infopba247.com.ar\\\/wp-content\\\/uploads\\\/2023\\\/08\\\/Fernando-Moreira-fue-el-candidato-mas-votado-en-San-Martin-y-UP-saco-mas-de-10-puntos-de-ventaja-en-la-eleccion-local.jpg\",\"datePublished\":\"2023-08-15T13:33:00+00:00\",\"dateModified\":\"2023-08-15T14:34:43+00:00\",\"breadcrumb\":{\"@id\":\"https:\\\/\\\/infopba247.com.ar\\\/index.php\\\/2023\\\/08\\\/15\\\/san-martin-soporto-la-ola-y-le-saco-10-puntos-a-juntos-por-el-cambio\\\/#breadcrumb\"},\"inLanguage\":\"es\",\"potentialAction\":[{\"@type\":\"ReadAction\",\"target\":[\"https:\\\/\\\/infopba247.com.ar\\\/index.php\\\/2023\\\/08\\\/15\\\/san-martin-soporto-la-ola-y-le-saco-10-puntos-a-juntos-por-el-cambio\\\/\"]}]},{\"@type\":\"ImageObject\",\"inLanguage\":\"es\",\"@id\":\"https:\\\/\\\/infopba247.com.ar\\\/index.php\\\/2023\\\/08\\\/15\\\/san-martin-soporto-la-ola-y-le-saco-10-puntos-a-juntos-por-el-cambio\\\/#primaryimage\",\"url\":\"https:\\\/\\\/infopba247.com.ar\\\/wp-content\\\/uploads\\\/2023\\\/08\\\/Fernando-Moreira-fue-el-candidato-mas-votado-en-San-Martin-y-UP-saco-mas-de-10-puntos-de-ventaja-en-la-eleccion-local.jpg\",\"contentUrl\":\"https:\\\/\\\/infopba247.com.ar\\\/wp-content\\\/uploads\\\/2023\\\/08\\\/Fernando-Moreira-fue-el-candidato-mas-votado-en-San-Martin-y-UP-saco-mas-de-10-puntos-de-ventaja-en-la-eleccion-local.jpg\",\"width\":1616,\"height\":1080},{\"@type\":\"BreadcrumbList\",\"@id\":\"https:\\\/\\\/infopba247.com.ar\\\/index.php\\\/2023\\\/08\\\/15\\\/san-martin-soporto-la-ola-y-le-saco-10-puntos-a-juntos-por-el-cambio\\\/#breadcrumb\",\"itemListElement\":[{\"@type\":\"ListItem\",\"position\":1,\"name\":\"Portada\",\"item\":\"https:\\\/\\\/infopba247.com.ar\\\/\"},{\"@type\":\"ListItem\",\"position\":2,\"name\":\"San Mart\u00edn soport\u00f3 la ola y le sac\u00f3 10 puntos a Juntos por el Cambio\"}]},{\"@type\":\"WebSite\",\"@id\":\"https:\\\/\\\/infopba247.com.ar\\\/#website\",\"url\":\"https:\\\/\\\/infopba247.com.ar\\\/\",\"name\":\"InfoPBA247\",\"description\":\"Toda la actualidad bonaerense\",\"publisher\":{\"@id\":\"https:\\\/\\\/infopba247.com.ar\\\/#organization\"},\"potentialAction\":[{\"@type\":\"SearchAction\",\"target\":{\"@type\":\"EntryPoint\",\"urlTemplate\":\"https:\\\/\\\/infopba247.com.ar\\\/?s={search_term_string}\"},\"query-input\":{\"@type\":\"PropertyValueSpecification\",\"valueRequired\":true,\"valueName\":\"search_term_string\"}}],\"inLanguage\":\"es\"},{\"@type\":\"Organization\",\"@id\":\"https:\\\/\\\/infopba247.com.ar\\\/#organization\",\"name\":\"InfoPBA247\",\"url\":\"https:\\\/\\\/infopba247.com.ar\\\/\",\"logo\":{\"@type\":\"ImageObject\",\"inLanguage\":\"es\",\"@id\":\"https:\\\/\\\/infopba247.com.ar\\\/#\\\/schema\\\/logo\\\/image\\\/\",\"url\":\"https:\\\/\\\/infopba247.com.ar\\\/wp-content\\\/uploads\\\/2022\\\/03\\\/cropped-InfoPBA247-1.png\",\"contentUrl\":\"https:\\\/\\\/infopba247.com.ar\\\/wp-content\\\/uploads\\\/2022\\\/03\\\/cropped-InfoPBA247-1.png\",\"width\":500,\"height\":122,\"caption\":\"InfoPBA247\"},\"image\":{\"@id\":\"https:\\\/\\\/infopba247.com.ar\\\/#\\\/schema\\\/logo\\\/image\\\/\"},\"sameAs\":[\"https:\\\/\\\/www.facebook.com\\\/InfoPBA\"]},{\"@type\":\"Person\",\"@id\":\"https:\\\/\\\/infopba247.com.ar\\\/#\\\/schema\\\/person\\\/4975f1343a413e57bf839b3eed0099f2\",\"name\":\"Editor\",\"image\":{\"@type\":\"ImageObject\",\"inLanguage\":\"es\",\"@id\":\"https:\\\/\\\/secure.gravatar.com\\\/avatar\\\/d27fe9520667ca53441d36627a1d6b0fa4a813571ec4803687a7a3a7744685ac?s=96&d=mm&r=g\",\"url\":\"https:\\\/\\\/secure.gravatar.com\\\/avatar\\\/d27fe9520667ca53441d36627a1d6b0fa4a813571ec4803687a7a3a7744685ac?s=96&d=mm&r=g\",\"contentUrl\":\"https:\\\/\\\/secure.gravatar.com\\\/avatar\\\/d27fe9520667ca53441d36627a1d6b0fa4a813571ec4803687a7a3a7744685ac?s=96&d=mm&r=g\",\"caption\":\"Editor\"},\"url\":\"https:\\\/\\\/infopba247.com.ar\\\/index.php\\\/author\\\/editor\\\/\"}]}<\/script>\n<!-- \/ Yoast SEO plugin. -->","yoast_head_json":{"title":"San Mart\u00edn soport\u00f3 la ola y le sac\u00f3 10 puntos a Juntos por el Cambio - InfoPBA247","robots":{"index":"index","follow":"follow","max-snippet":"max-snippet:-1","max-image-preview":"max-image-preview:large","max-video-preview":"max-video-preview:-1"},"canonical":"https:\/\/infopba247.com.ar\/index.php\/2023\/08\/15\/san-martin-soporto-la-ola-y-le-saco-10-puntos-a-juntos-por-el-cambio\/","og_locale":"es_ES","og_type":"article","og_title":"San Mart\u00edn soport\u00f3 la ola y le sac\u00f3 10 puntos a Juntos por el Cambio - InfoPBA247","og_description":"Fernando Moreira fue el candidato m\u00e1s votado. Massa y Kicillof tambi\u00e9n ganaron en el distrito, completando un amplio triunfo del","og_url":"https:\/\/infopba247.com.ar\/index.php\/2023\/08\/15\/san-martin-soporto-la-ola-y-le-saco-10-puntos-a-juntos-por-el-cambio\/","og_site_name":"InfoPBA247","article_publisher":"https:\/\/www.facebook.com\/InfoPBA","article_published_time":"2023-08-15T13:33:00+00:00","article_modified_time":"2023-08-15T14:34:43+00:00","og_image":[{"width":1616,"height":1080,"url":"https:\/\/infopba247.com.ar\/wp-content\/uploads\/2023\/08\/Fernando-Moreira-fue-el-candidato-mas-votado-en-San-Martin-y-UP-saco-mas-de-10-puntos-de-ventaja-en-la-eleccion-local.jpg","type":"image\/jpeg"}],"author":"Editor","twitter_card":"summary_large_image","twitter_misc":{"Escrito por":"Editor","Tiempo de lectura":"2 minutos"},"schema":{"@context":"https:\/\/schema.org","@graph":[{"@type":"Article","@id":"https:\/\/infopba247.com.ar\/index.php\/2023\/08\/15\/san-martin-soporto-la-ola-y-le-saco-10-puntos-a-juntos-por-el-cambio\/#article","isPartOf":{"@id":"https:\/\/infopba247.com.ar\/index.php\/2023\/08\/15\/san-martin-soporto-la-ola-y-le-saco-10-puntos-a-juntos-por-el-cambio\/"},"author":{"name":"Editor","@id":"https:\/\/infopba247.com.ar\/#\/schema\/person\/4975f1343a413e57bf839b3eed0099f2"},"headline":"San Mart\u00edn soport\u00f3 la ola y le sac\u00f3 10 puntos a Juntos por el Cambio","datePublished":"2023-08-15T13:33:00+00:00","dateModified":"2023-08-15T14:34:43+00:00","mainEntityOfPage":{"@id":"https:\/\/infopba247.com.ar\/index.php\/2023\/08\/15\/san-martin-soporto-la-ola-y-le-saco-10-puntos-a-juntos-por-el-cambio\/"},"wordCount":383,"publisher":{"@id":"https:\/\/infopba247.com.ar\/#organization"},"image":{"@id":"https:\/\/infopba247.com.ar\/index.php\/2023\/08\/15\/san-martin-soporto-la-ola-y-le-saco-10-puntos-a-juntos-por-el-cambio\/#primaryimage"},"thumbnailUrl":"https:\/\/infopba247.com.ar\/wp-content\/uploads\/2023\/08\/Fernando-Moreira-fue-el-candidato-mas-votado-en-San-Martin-y-UP-saco-mas-de-10-puntos-de-ventaja-en-la-eleccion-local.jpg","keywords":["Municipalidad de San Mart\u00edn"],"articleSection":["1ra Secci\u00f3n","Destacadas","Pol\u00edtica"],"inLanguage":"es"},{"@type":"WebPage","@id":"https:\/\/infopba247.com.ar\/index.php\/2023\/08\/15\/san-martin-soporto-la-ola-y-le-saco-10-puntos-a-juntos-por-el-cambio\/","url":"https:\/\/infopba247.com.ar\/index.php\/2023\/08\/15\/san-martin-soporto-la-ola-y-le-saco-10-puntos-a-juntos-por-el-cambio\/","name":"San Mart\u00edn soport\u00f3 la ola y le sac\u00f3 10 puntos a Juntos por el Cambio - InfoPBA247","isPartOf":{"@id":"https:\/\/infopba247.com.ar\/#website"},"primaryImageOfPage":{"@id":"https:\/\/infopba247.com.ar\/index.php\/2023\/08\/15\/san-martin-soporto-la-ola-y-le-saco-10-puntos-a-juntos-por-el-cambio\/#primaryimage"},"image":{"@id":"https:\/\/infopba247.com.ar\/index.php\/2023\/08\/15\/san-martin-soporto-la-ola-y-le-saco-10-puntos-a-juntos-por-el-cambio\/#primaryimage"},"thumbnailUrl":"https:\/\/infopba247.com.ar\/wp-content\/uploads\/2023\/08\/Fernando-Moreira-fue-el-candidato-mas-votado-en-San-Martin-y-UP-saco-mas-de-10-puntos-de-ventaja-en-la-eleccion-local.jpg","datePublished":"2023-08-15T13:33:00+00:00","dateModified":"2023-08-15T14:34:43+00:00","breadcrumb":{"@id":"https:\/\/infopba247.com.ar\/index.php\/2023\/08\/15\/san-martin-soporto-la-ola-y-le-saco-10-puntos-a-juntos-por-el-cambio\/#breadcrumb"},"inLanguage":"es","potentialAction":[{"@type":"ReadAction","target":["https:\/\/infopba247.com.ar\/index.php\/2023\/08\/15\/san-martin-soporto-la-ola-y-le-saco-10-puntos-a-juntos-por-el-cambio\/"]}]},{"@type":"ImageObject","inLanguage":"es","@id":"https:\/\/infopba247.com.ar\/index.php\/2023\/08\/15\/san-martin-soporto-la-ola-y-le-saco-10-puntos-a-juntos-por-el-cambio\/#primaryimage","url":"https:\/\/infopba247.com.ar\/wp-content\/uploads\/2023\/08\/Fernando-Moreira-fue-el-candidato-mas-votado-en-San-Martin-y-UP-saco-mas-de-10-puntos-de-ventaja-en-la-eleccion-local.jpg","contentUrl":"https:\/\/infopba247.com.ar\/wp-content\/uploads\/2023\/08\/Fernando-Moreira-fue-el-candidato-mas-votado-en-San-Martin-y-UP-saco-mas-de-10-puntos-de-ventaja-en-la-eleccion-local.jpg","width":1616,"height":1080},{"@type":"BreadcrumbList","@id":"https:\/\/infopba247.com.ar\/index.php\/2023\/08\/15\/san-martin-soporto-la-ola-y-le-saco-10-puntos-a-juntos-por-el-cambio\/#breadcrumb","itemListElement":[{"@type":"ListItem","position":1,"name":"Portada","item":"https:\/\/infopba247.com.ar\/"},{"@type":"ListItem","position":2,"name":"San Mart\u00edn soport\u00f3 la ola y le sac\u00f3 10 puntos a Juntos por el Cambio"}]},{"@type":"WebSite","@id":"https:\/\/infopba247.com.ar\/#website","url":"https:\/\/infopba247.com.ar\/","name":"InfoPBA247","description":"Toda la actualidad bonaerense","publisher":{"@id":"https:\/\/infopba247.com.ar\/#organization"},"potentialAction":[{"@type":"SearchAction","target":{"@type":"EntryPoint","urlTemplate":"https:\/\/infopba247.com.ar\/?s={search_term_string}"},"query-input":{"@type":"PropertyValueSpecification","valueRequired":true,"valueName":"search_term_string"}}],"inLanguage":"es"},{"@type":"Organization","@id":"https:\/\/infopba247.com.ar\/#organization","name":"InfoPBA247","url":"https:\/\/infopba247.com.ar\/","logo":{"@type":"ImageObject","inLanguage":"es","@id":"https:\/\/infopba247.com.ar\/#\/schema\/logo\/image\/","url":"https:\/\/infopba247.com.ar\/wp-content\/uploads\/2022\/03\/cropped-InfoPBA247-1.png","contentUrl":"https:\/\/infopba247.com.ar\/wp-content\/uploads\/2022\/03\/cropped-InfoPBA247-1.png","width":500,"height":122,"caption":"InfoPBA247"},"image":{"@id":"https:\/\/infopba247.com.ar\/#\/schema\/logo\/image\/"},"sameAs":["https:\/\/www.facebook.com\/InfoPBA"]},{"@type":"Person","@id":"https:\/\/infopba247.com.ar\/#\/schema\/person\/4975f1343a413e57bf839b3eed0099f2","name":"Editor","image":{"@type":"ImageObject","inLanguage":"es","@id":"https:\/\/secure.gravatar.com\/avatar\/d27fe9520667ca53441d36627a1d6b0fa4a813571ec4803687a7a3a7744685ac?s=96&d=mm&r=g","url":"https:\/\/secure.gravatar.com\/avatar\/d27fe9520667ca53441d36627a1d6b0fa4a813571ec4803687a7a3a7744685ac?s=96&d=mm&r=g","contentUrl":"https:\/\/secure.gravatar.com\/avatar\/d27fe9520667ca53441d36627a1d6b0fa4a813571ec4803687a7a3a7744685ac?s=96&d=mm&r=g","caption":"Editor"},"url":"https:\/\/infopba247.com.ar\/index.php\/author\/editor\/"}]}},"_links":{"self":[{"href":"https:\/\/infopba247.com.ar\/index.php\/wp-json\/wp\/v2\/posts\/2048","targetHints":{"allow":["GET"]}}],"collection":[{"href":"https:\/\/infopba247.com.ar\/index.php\/wp-json\/wp\/v2\/posts"}],"about":[{"href":"https:\/\/infopba247.com.ar\/index.php\/wp-json\/wp\/v2\/types\/post"}],"author":[{"embeddable":true,"href":"https:\/\/infopba247.com.ar\/index.php\/wp-json\/wp\/v2\/users\/3"}],"replies":[{"embeddable":true,"href":"https:\/\/infopba247.com.ar\/index.php\/wp-json\/wp\/v2\/comments?post=2048"}],"version-history":[{"count":1,"href":"https:\/\/infopba247.com.ar\/index.php\/wp-json\/wp\/v2\/posts\/2048\/revisions"}],"predecessor-version":[{"id":2049,"href":"https:\/\/infopba247.com.ar\/index.php\/wp-json\/wp\/v2\/posts\/2048\/revisions\/2049"}],"wp:featuredmedia":[{"embeddable":true,"href":"https:\/\/infopba247.com.ar\/index.php\/wp-json\/wp\/v2\/media\/2044"}],"wp:attachment":[{"href":"https:\/\/infopba247.com.ar\/index.php\/wp-json\/wp\/v2\/media?parent=2048"}],"wp:term":[{"taxonomy":"category","embeddable":true,"href":"https:\/\/infopba247.com.ar\/index.php\/wp-json\/wp\/v2\/categories?post=2048"},{"taxonomy":"post_tag","embeddable":true,"href":"https:\/\/infopba247.com.ar\/index.php\/wp-json\/wp\/v2\/tags?post=2048"}],"curies":[{"name":"wp","href":"https:\/\/api.w.org\/{rel}","templated":true}]}}