{"id":2033,"date":"2023-08-14T13:03:23","date_gmt":"2023-08-14T16:03:23","guid":{"rendered":"https:\/\/infopba247.com.ar\/?p=2033"},"modified":"2023-08-14T13:03:23","modified_gmt":"2023-08-14T16:03:23","slug":"hernan-arranz-es-uno-de-los-dias-mas-felices-de-mi-vida-despues-del-nacimiento-de-mi-hija-irene","status":"publish","type":"post","link":"https:\/\/infopba247.com.ar\/index.php\/2023\/08\/14\/hernan-arranz-es-uno-de-los-dias-mas-felices-de-mi-vida-despues-del-nacimiento-de-mi-hija-irene\/","title":{"rendered":"Hern\u00e1n Arranz: \u201cEs uno de los d\u00edas m\u00e1s felices de mi vida despu\u00e9s del nacimiento de mi hija, Irene\u00bb"},"content":{"rendered":"\n<p>A 40 a\u00f1os de la restauraci\u00f3n de la democracia, se llevaron adelante las PASO 2023 a nivel nacional, provincial y local. Luego de una intensa jornada democr\u00e1tica, el candidato oficialista, Hern\u00e1n Arranz, obtuvo un categ\u00f3rico triunfo:<strong>\u00a0<\/strong>\u201cEs uno de los d\u00edas m\u00e1s felices de mi vida despu\u00e9s del nacimiento de mi hija, Irene. Quiero agradecer y felicitar a toda la lista que me acompa\u00f1a por el compromiso y el trabajo realizado, tambi\u00e9n dar las gracias a todos los hogares que nos abrieron sus puertas y nos recibieron. Sin dudas seguiremos dando todo por nuestra gente. Los quiero mucho, muchas gracias de coraz\u00f3n\u201d.<\/p>\n\n\n\n<p>Como es costumbre, la esquina de Costa y Fosatty fue el epicentro de encuentro del oficialismo local. Ante una esquina colmada de militantes que festejaron largo y tendido el triunfo de lo que es la nueva generaci\u00f3n peronista de la ciudad, Arranz, afirm\u00f3:\u00a0<strong>\u00abComenz\u00f3 el verdadero trasvasamiento generacional. Les pedimos que nos acompa\u00f1en con la boleta completa y as\u00ed lo hicieron. Este triunfo es de todo el pueblo de Monte Hermoso. Festejemos porque este triunfo reafirma el camino llevado adelante por este grupo pol\u00edtico de trabajo\u201d,\u00a0y a\u00f1adi\u00f3 que\u00a0\u201cesto demuestra que, con militancia, con compromiso, llevando adelante los valores inculcados por Pirucho Abraham, por Alejandro Dichiara, por Marcos Fern\u00e1ndez y por tantos otros y otras, es posible pensar en un Monte Hermoso del futuro\u201d.<\/strong><\/p>\n\n\n\n<figure class=\"wp-block-image\"><a href=\"https:\/\/agendamonte.com.ar\/wp-content\/uploads\/2023\/08\/WhatsApp-Image-2023-08-13-at-22.34.40-1.jpeg\"><img decoding=\"async\" src=\"https:\/\/agendamonte.com.ar\/wp-content\/uploads\/2023\/08\/WhatsApp-Image-2023-08-13-at-22.34.40-1-1024x682.jpeg\" alt=\"\" class=\"wp-image-5342\"\/><\/a><\/figure>\n\n\n\n<p>Por \u00faltimo, y para cerrar la noche, Hern\u00e1n Arranz sostuvo:\u00a0\u00abEsto no termina ac\u00e1, esto hay que reafirmarlo con m\u00e1s fuerza en octubre, en las generales. Las y los invito a seguir trabajando para que unidos podamos mirar el Monte Hermoso del futuro, que podamos trabajar mancomunadamente para desarrollar una ciudad planificada, una ciudad sustentable, con \u00e1reas protegidas, con un Estado m\u00e1s moderno, un lugar en donde podamos desarrollar la cultura local, una ciudad donde la mujer y las diversidades tengan un rol preponderante. Quiero que todos estemos orgullosos de vivir en esta ciudad\u201d.<\/p>\n","protected":false},"excerpt":{"rendered":"<p>A 40 a\u00f1os de la restauraci\u00f3n de la democracia, se llevaron adelante las PASO 2023 a nivel nacional, provincial y<\/p>\n","protected":false},"author":3,"featured_media":2020,"comment_status":"closed","ping_status":"closed","sticky":false,"template":"","format":"standard","meta":{"colormag_page_container_layout":"default_layout","colormag_page_sidebar_layout":"default_layout","footnotes":""},"categories":[10,1,14],"tags":[44],"class_list":["post-2033","post","type-post","status-publish","format-standard","has-post-thumbnail","hentry","category-6ta-seccion","category-destacadas","category-politica","tag-municipalidad-de-monte-hermoso"],"yoast_head":"<!-- This site is optimized with the Yoast SEO plugin v27.4 - https:\/\/yoast.com\/product\/yoast-seo-wordpress\/ -->\n<title>Hern\u00e1n Arranz: \u201cEs uno de los d\u00edas m\u00e1s felices de mi vida despu\u00e9s del nacimiento de mi hija, Irene\u00bb - InfoPBA247<\/title>\n<meta name=\"robots\" content=\"index, follow, max-snippet:-1, max-image-preview:large, max-video-preview:-1\" \/>\n<link rel=\"canonical\" href=\"https:\/\/infopba247.com.ar\/index.php\/2023\/08\/14\/hernan-arranz-es-uno-de-los-dias-mas-felices-de-mi-vida-despues-del-nacimiento-de-mi-hija-irene\/\" \/>\n<meta property=\"og:locale\" content=\"es_ES\" \/>\n<meta property=\"og:type\" content=\"article\" \/>\n<meta property=\"og:title\" content=\"Hern\u00e1n Arranz: \u201cEs uno de los d\u00edas m\u00e1s felices de mi vida despu\u00e9s del nacimiento de mi hija, Irene\u00bb - InfoPBA247\" \/>\n<meta property=\"og:description\" content=\"A 40 a\u00f1os de la restauraci\u00f3n de la democracia, se llevaron adelante las PASO 2023 a nivel nacional, provincial y\" \/>\n<meta property=\"og:url\" content=\"https:\/\/infopba247.com.ar\/index.php\/2023\/08\/14\/hernan-arranz-es-uno-de-los-dias-mas-felices-de-mi-vida-despues-del-nacimiento-de-mi-hija-irene\/\" \/>\n<meta property=\"og:site_name\" content=\"InfoPBA247\" \/>\n<meta property=\"article:publisher\" content=\"https:\/\/www.facebook.com\/InfoPBA\" \/>\n<meta property=\"article:published_time\" content=\"2023-08-14T16:03:23+00:00\" \/>\n<meta property=\"og:image\" content=\"https:\/\/infopba247.com.ar\/wp-content\/uploads\/2023\/08\/WhatsApp-Image-2023-08-13-at-22.34.39-1-1024x682-1.jpeg\" \/>\n\t<meta property=\"og:image:width\" content=\"1024\" \/>\n\t<meta property=\"og:image:height\" content=\"682\" \/>\n\t<meta property=\"og:image:type\" content=\"image\/jpeg\" \/>\n<meta name=\"author\" content=\"Editor\" \/>\n<meta name=\"twitter:card\" content=\"summary_large_image\" \/>\n<meta name=\"twitter:label1\" content=\"Escrito por\" \/>\n\t<meta name=\"twitter:data1\" content=\"Editor\" \/>\n\t<meta name=\"twitter:label2\" content=\"Tiempo de lectura\" \/>\n\t<meta name=\"twitter:data2\" content=\"2 minutos\" \/>\n<script type=\"application\/ld+json\" class=\"yoast-schema-graph\">{\"@context\":\"https:\\\/\\\/schema.org\",\"@graph\":[{\"@type\":\"Article\",\"@id\":\"https:\\\/\\\/infopba247.com.ar\\\/index.php\\\/2023\\\/08\\\/14\\\/hernan-arranz-es-uno-de-los-dias-mas-felices-de-mi-vida-despues-del-nacimiento-de-mi-hija-irene\\\/#article\",\"isPartOf\":{\"@id\":\"https:\\\/\\\/infopba247.com.ar\\\/index.php\\\/2023\\\/08\\\/14\\\/hernan-arranz-es-uno-de-los-dias-mas-felices-de-mi-vida-despues-del-nacimiento-de-mi-hija-irene\\\/\"},\"author\":{\"name\":\"Editor\",\"@id\":\"https:\\\/\\\/infopba247.com.ar\\\/#\\\/schema\\\/person\\\/4975f1343a413e57bf839b3eed0099f2\"},\"headline\":\"Hern\u00e1n Arranz: \u201cEs uno de los d\u00edas m\u00e1s felices de mi vida despu\u00e9s del nacimiento de mi hija, Irene\u00bb\",\"datePublished\":\"2023-08-14T16:03:23+00:00\",\"mainEntityOfPage\":{\"@id\":\"https:\\\/\\\/infopba247.com.ar\\\/index.php\\\/2023\\\/08\\\/14\\\/hernan-arranz-es-uno-de-los-dias-mas-felices-de-mi-vida-despues-del-nacimiento-de-mi-hija-irene\\\/\"},\"wordCount\":361,\"publisher\":{\"@id\":\"https:\\\/\\\/infopba247.com.ar\\\/#organization\"},\"image\":{\"@id\":\"https:\\\/\\\/infopba247.com.ar\\\/index.php\\\/2023\\\/08\\\/14\\\/hernan-arranz-es-uno-de-los-dias-mas-felices-de-mi-vida-despues-del-nacimiento-de-mi-hija-irene\\\/#primaryimage\"},\"thumbnailUrl\":\"https:\\\/\\\/infopba247.com.ar\\\/wp-content\\\/uploads\\\/2023\\\/08\\\/WhatsApp-Image-2023-08-13-at-22.34.39-1-1024x682-1.jpeg\",\"keywords\":[\"Municipalidad de Monte Hermoso\"],\"articleSection\":[\"6ta Secci\u00f3n\",\"Destacadas\",\"Pol\u00edtica\"],\"inLanguage\":\"es\"},{\"@type\":\"WebPage\",\"@id\":\"https:\\\/\\\/infopba247.com.ar\\\/index.php\\\/2023\\\/08\\\/14\\\/hernan-arranz-es-uno-de-los-dias-mas-felices-de-mi-vida-despues-del-nacimiento-de-mi-hija-irene\\\/\",\"url\":\"https:\\\/\\\/infopba247.com.ar\\\/index.php\\\/2023\\\/08\\\/14\\\/hernan-arranz-es-uno-de-los-dias-mas-felices-de-mi-vida-despues-del-nacimiento-de-mi-hija-irene\\\/\",\"name\":\"Hern\u00e1n Arranz: \u201cEs uno de los d\u00edas m\u00e1s felices de mi vida despu\u00e9s del nacimiento de mi hija, Irene\u00bb - InfoPBA247\",\"isPartOf\":{\"@id\":\"https:\\\/\\\/infopba247.com.ar\\\/#website\"},\"primaryImageOfPage\":{\"@id\":\"https:\\\/\\\/infopba247.com.ar\\\/index.php\\\/2023\\\/08\\\/14\\\/hernan-arranz-es-uno-de-los-dias-mas-felices-de-mi-vida-despues-del-nacimiento-de-mi-hija-irene\\\/#primaryimage\"},\"image\":{\"@id\":\"https:\\\/\\\/infopba247.com.ar\\\/index.php\\\/2023\\\/08\\\/14\\\/hernan-arranz-es-uno-de-los-dias-mas-felices-de-mi-vida-despues-del-nacimiento-de-mi-hija-irene\\\/#primaryimage\"},\"thumbnailUrl\":\"https:\\\/\\\/infopba247.com.ar\\\/wp-content\\\/uploads\\\/2023\\\/08\\\/WhatsApp-Image-2023-08-13-at-22.34.39-1-1024x682-1.jpeg\",\"datePublished\":\"2023-08-14T16:03:23+00:00\",\"breadcrumb\":{\"@id\":\"https:\\\/\\\/infopba247.com.ar\\\/index.php\\\/2023\\\/08\\\/14\\\/hernan-arranz-es-uno-de-los-dias-mas-felices-de-mi-vida-despues-del-nacimiento-de-mi-hija-irene\\\/#breadcrumb\"},\"inLanguage\":\"es\",\"potentialAction\":[{\"@type\":\"ReadAction\",\"target\":[\"https:\\\/\\\/infopba247.com.ar\\\/index.php\\\/2023\\\/08\\\/14\\\/hernan-arranz-es-uno-de-los-dias-mas-felices-de-mi-vida-despues-del-nacimiento-de-mi-hija-irene\\\/\"]}]},{\"@type\":\"ImageObject\",\"inLanguage\":\"es\",\"@id\":\"https:\\\/\\\/infopba247.com.ar\\\/index.php\\\/2023\\\/08\\\/14\\\/hernan-arranz-es-uno-de-los-dias-mas-felices-de-mi-vida-despues-del-nacimiento-de-mi-hija-irene\\\/#primaryimage\",\"url\":\"https:\\\/\\\/infopba247.com.ar\\\/wp-content\\\/uploads\\\/2023\\\/08\\\/WhatsApp-Image-2023-08-13-at-22.34.39-1-1024x682-1.jpeg\",\"contentUrl\":\"https:\\\/\\\/infopba247.com.ar\\\/wp-content\\\/uploads\\\/2023\\\/08\\\/WhatsApp-Image-2023-08-13-at-22.34.39-1-1024x682-1.jpeg\",\"width\":1024,\"height\":682},{\"@type\":\"BreadcrumbList\",\"@id\":\"https:\\\/\\\/infopba247.com.ar\\\/index.php\\\/2023\\\/08\\\/14\\\/hernan-arranz-es-uno-de-los-dias-mas-felices-de-mi-vida-despues-del-nacimiento-de-mi-hija-irene\\\/#breadcrumb\",\"itemListElement\":[{\"@type\":\"ListItem\",\"position\":1,\"name\":\"Portada\",\"item\":\"https:\\\/\\\/infopba247.com.ar\\\/\"},{\"@type\":\"ListItem\",\"position\":2,\"name\":\"Hern\u00e1n Arranz: \u201cEs uno de los d\u00edas m\u00e1s felices de mi vida despu\u00e9s del nacimiento de mi hija, Irene\u00bb\"}]},{\"@type\":\"WebSite\",\"@id\":\"https:\\\/\\\/infopba247.com.ar\\\/#website\",\"url\":\"https:\\\/\\\/infopba247.com.ar\\\/\",\"name\":\"InfoPBA247\",\"description\":\"Toda la actualidad bonaerense\",\"publisher\":{\"@id\":\"https:\\\/\\\/infopba247.com.ar\\\/#organization\"},\"potentialAction\":[{\"@type\":\"SearchAction\",\"target\":{\"@type\":\"EntryPoint\",\"urlTemplate\":\"https:\\\/\\\/infopba247.com.ar\\\/?s={search_term_string}\"},\"query-input\":{\"@type\":\"PropertyValueSpecification\",\"valueRequired\":true,\"valueName\":\"search_term_string\"}}],\"inLanguage\":\"es\"},{\"@type\":\"Organization\",\"@id\":\"https:\\\/\\\/infopba247.com.ar\\\/#organization\",\"name\":\"InfoPBA247\",\"url\":\"https:\\\/\\\/infopba247.com.ar\\\/\",\"logo\":{\"@type\":\"ImageObject\",\"inLanguage\":\"es\",\"@id\":\"https:\\\/\\\/infopba247.com.ar\\\/#\\\/schema\\\/logo\\\/image\\\/\",\"url\":\"https:\\\/\\\/infopba247.com.ar\\\/wp-content\\\/uploads\\\/2022\\\/03\\\/cropped-InfoPBA247-1.png\",\"contentUrl\":\"https:\\\/\\\/infopba247.com.ar\\\/wp-content\\\/uploads\\\/2022\\\/03\\\/cropped-InfoPBA247-1.png\",\"width\":500,\"height\":122,\"caption\":\"InfoPBA247\"},\"image\":{\"@id\":\"https:\\\/\\\/infopba247.com.ar\\\/#\\\/schema\\\/logo\\\/image\\\/\"},\"sameAs\":[\"https:\\\/\\\/www.facebook.com\\\/InfoPBA\"]},{\"@type\":\"Person\",\"@id\":\"https:\\\/\\\/infopba247.com.ar\\\/#\\\/schema\\\/person\\\/4975f1343a413e57bf839b3eed0099f2\",\"name\":\"Editor\",\"image\":{\"@type\":\"ImageObject\",\"inLanguage\":\"es\",\"@id\":\"https:\\\/\\\/secure.gravatar.com\\\/avatar\\\/d27fe9520667ca53441d36627a1d6b0fa4a813571ec4803687a7a3a7744685ac?s=96&d=mm&r=g\",\"url\":\"https:\\\/\\\/secure.gravatar.com\\\/avatar\\\/d27fe9520667ca53441d36627a1d6b0fa4a813571ec4803687a7a3a7744685ac?s=96&d=mm&r=g\",\"contentUrl\":\"https:\\\/\\\/secure.gravatar.com\\\/avatar\\\/d27fe9520667ca53441d36627a1d6b0fa4a813571ec4803687a7a3a7744685ac?s=96&d=mm&r=g\",\"caption\":\"Editor\"},\"url\":\"https:\\\/\\\/infopba247.com.ar\\\/index.php\\\/author\\\/editor\\\/\"}]}<\/script>\n<!-- \/ Yoast SEO plugin. -->","yoast_head_json":{"title":"Hern\u00e1n Arranz: \u201cEs uno de los d\u00edas m\u00e1s felices de mi vida despu\u00e9s del nacimiento de mi hija, Irene\u00bb - InfoPBA247","robots":{"index":"index","follow":"follow","max-snippet":"max-snippet:-1","max-image-preview":"max-image-preview:large","max-video-preview":"max-video-preview:-1"},"canonical":"https:\/\/infopba247.com.ar\/index.php\/2023\/08\/14\/hernan-arranz-es-uno-de-los-dias-mas-felices-de-mi-vida-despues-del-nacimiento-de-mi-hija-irene\/","og_locale":"es_ES","og_type":"article","og_title":"Hern\u00e1n Arranz: \u201cEs uno de los d\u00edas m\u00e1s felices de mi vida despu\u00e9s del nacimiento de mi hija, Irene\u00bb - InfoPBA247","og_description":"A 40 a\u00f1os de la restauraci\u00f3n de la democracia, se llevaron adelante las PASO 2023 a nivel nacional, provincial y","og_url":"https:\/\/infopba247.com.ar\/index.php\/2023\/08\/14\/hernan-arranz-es-uno-de-los-dias-mas-felices-de-mi-vida-despues-del-nacimiento-de-mi-hija-irene\/","og_site_name":"InfoPBA247","article_publisher":"https:\/\/www.facebook.com\/InfoPBA","article_published_time":"2023-08-14T16:03:23+00:00","og_image":[{"width":1024,"height":682,"url":"https:\/\/infopba247.com.ar\/wp-content\/uploads\/2023\/08\/WhatsApp-Image-2023-08-13-at-22.34.39-1-1024x682-1.jpeg","type":"image\/jpeg"}],"author":"Editor","twitter_card":"summary_large_image","twitter_misc":{"Escrito por":"Editor","Tiempo de lectura":"2 minutos"},"schema":{"@context":"https:\/\/schema.org","@graph":[{"@type":"Article","@id":"https:\/\/infopba247.com.ar\/index.php\/2023\/08\/14\/hernan-arranz-es-uno-de-los-dias-mas-felices-de-mi-vida-despues-del-nacimiento-de-mi-hija-irene\/#article","isPartOf":{"@id":"https:\/\/infopba247.com.ar\/index.php\/2023\/08\/14\/hernan-arranz-es-uno-de-los-dias-mas-felices-de-mi-vida-despues-del-nacimiento-de-mi-hija-irene\/"},"author":{"name":"Editor","@id":"https:\/\/infopba247.com.ar\/#\/schema\/person\/4975f1343a413e57bf839b3eed0099f2"},"headline":"Hern\u00e1n Arranz: \u201cEs uno de los d\u00edas m\u00e1s felices de mi vida despu\u00e9s del nacimiento de mi hija, Irene\u00bb","datePublished":"2023-08-14T16:03:23+00:00","mainEntityOfPage":{"@id":"https:\/\/infopba247.com.ar\/index.php\/2023\/08\/14\/hernan-arranz-es-uno-de-los-dias-mas-felices-de-mi-vida-despues-del-nacimiento-de-mi-hija-irene\/"},"wordCount":361,"publisher":{"@id":"https:\/\/infopba247.com.ar\/#organization"},"image":{"@id":"https:\/\/infopba247.com.ar\/index.php\/2023\/08\/14\/hernan-arranz-es-uno-de-los-dias-mas-felices-de-mi-vida-despues-del-nacimiento-de-mi-hija-irene\/#primaryimage"},"thumbnailUrl":"https:\/\/infopba247.com.ar\/wp-content\/uploads\/2023\/08\/WhatsApp-Image-2023-08-13-at-22.34.39-1-1024x682-1.jpeg","keywords":["Municipalidad de Monte Hermoso"],"articleSection":["6ta Secci\u00f3n","Destacadas","Pol\u00edtica"],"inLanguage":"es"},{"@type":"WebPage","@id":"https:\/\/infopba247.com.ar\/index.php\/2023\/08\/14\/hernan-arranz-es-uno-de-los-dias-mas-felices-de-mi-vida-despues-del-nacimiento-de-mi-hija-irene\/","url":"https:\/\/infopba247.com.ar\/index.php\/2023\/08\/14\/hernan-arranz-es-uno-de-los-dias-mas-felices-de-mi-vida-despues-del-nacimiento-de-mi-hija-irene\/","name":"Hern\u00e1n Arranz: \u201cEs uno de los d\u00edas m\u00e1s felices de mi vida despu\u00e9s del nacimiento de mi hija, Irene\u00bb - InfoPBA247","isPartOf":{"@id":"https:\/\/infopba247.com.ar\/#website"},"primaryImageOfPage":{"@id":"https:\/\/infopba247.com.ar\/index.php\/2023\/08\/14\/hernan-arranz-es-uno-de-los-dias-mas-felices-de-mi-vida-despues-del-nacimiento-de-mi-hija-irene\/#primaryimage"},"image":{"@id":"https:\/\/infopba247.com.ar\/index.php\/2023\/08\/14\/hernan-arranz-es-uno-de-los-dias-mas-felices-de-mi-vida-despues-del-nacimiento-de-mi-hija-irene\/#primaryimage"},"thumbnailUrl":"https:\/\/infopba247.com.ar\/wp-content\/uploads\/2023\/08\/WhatsApp-Image-2023-08-13-at-22.34.39-1-1024x682-1.jpeg","datePublished":"2023-08-14T16:03:23+00:00","breadcrumb":{"@id":"https:\/\/infopba247.com.ar\/index.php\/2023\/08\/14\/hernan-arranz-es-uno-de-los-dias-mas-felices-de-mi-vida-despues-del-nacimiento-de-mi-hija-irene\/#breadcrumb"},"inLanguage":"es","potentialAction":[{"@type":"ReadAction","target":["https:\/\/infopba247.com.ar\/index.php\/2023\/08\/14\/hernan-arranz-es-uno-de-los-dias-mas-felices-de-mi-vida-despues-del-nacimiento-de-mi-hija-irene\/"]}]},{"@type":"ImageObject","inLanguage":"es","@id":"https:\/\/infopba247.com.ar\/index.php\/2023\/08\/14\/hernan-arranz-es-uno-de-los-dias-mas-felices-de-mi-vida-despues-del-nacimiento-de-mi-hija-irene\/#primaryimage","url":"https:\/\/infopba247.com.ar\/wp-content\/uploads\/2023\/08\/WhatsApp-Image-2023-08-13-at-22.34.39-1-1024x682-1.jpeg","contentUrl":"https:\/\/infopba247.com.ar\/wp-content\/uploads\/2023\/08\/WhatsApp-Image-2023-08-13-at-22.34.39-1-1024x682-1.jpeg","width":1024,"height":682},{"@type":"BreadcrumbList","@id":"https:\/\/infopba247.com.ar\/index.php\/2023\/08\/14\/hernan-arranz-es-uno-de-los-dias-mas-felices-de-mi-vida-despues-del-nacimiento-de-mi-hija-irene\/#breadcrumb","itemListElement":[{"@type":"ListItem","position":1,"name":"Portada","item":"https:\/\/infopba247.com.ar\/"},{"@type":"ListItem","position":2,"name":"Hern\u00e1n Arranz: \u201cEs uno de los d\u00edas m\u00e1s felices de mi vida despu\u00e9s del nacimiento de mi hija, Irene\u00bb"}]},{"@type":"WebSite","@id":"https:\/\/infopba247.com.ar\/#website","url":"https:\/\/infopba247.com.ar\/","name":"InfoPBA247","description":"Toda la actualidad bonaerense","publisher":{"@id":"https:\/\/infopba247.com.ar\/#organization"},"potentialAction":[{"@type":"SearchAction","target":{"@type":"EntryPoint","urlTemplate":"https:\/\/infopba247.com.ar\/?s={search_term_string}"},"query-input":{"@type":"PropertyValueSpecification","valueRequired":true,"valueName":"search_term_string"}}],"inLanguage":"es"},{"@type":"Organization","@id":"https:\/\/infopba247.com.ar\/#organization","name":"InfoPBA247","url":"https:\/\/infopba247.com.ar\/","logo":{"@type":"ImageObject","inLanguage":"es","@id":"https:\/\/infopba247.com.ar\/#\/schema\/logo\/image\/","url":"https:\/\/infopba247.com.ar\/wp-content\/uploads\/2022\/03\/cropped-InfoPBA247-1.png","contentUrl":"https:\/\/infopba247.com.ar\/wp-content\/uploads\/2022\/03\/cropped-InfoPBA247-1.png","width":500,"height":122,"caption":"InfoPBA247"},"image":{"@id":"https:\/\/infopba247.com.ar\/#\/schema\/logo\/image\/"},"sameAs":["https:\/\/www.facebook.com\/InfoPBA"]},{"@type":"Person","@id":"https:\/\/infopba247.com.ar\/#\/schema\/person\/4975f1343a413e57bf839b3eed0099f2","name":"Editor","image":{"@type":"ImageObject","inLanguage":"es","@id":"https:\/\/secure.gravatar.com\/avatar\/d27fe9520667ca53441d36627a1d6b0fa4a813571ec4803687a7a3a7744685ac?s=96&d=mm&r=g","url":"https:\/\/secure.gravatar.com\/avatar\/d27fe9520667ca53441d36627a1d6b0fa4a813571ec4803687a7a3a7744685ac?s=96&d=mm&r=g","contentUrl":"https:\/\/secure.gravatar.com\/avatar\/d27fe9520667ca53441d36627a1d6b0fa4a813571ec4803687a7a3a7744685ac?s=96&d=mm&r=g","caption":"Editor"},"url":"https:\/\/infopba247.com.ar\/index.php\/author\/editor\/"}]}},"_links":{"self":[{"href":"https:\/\/infopba247.com.ar\/index.php\/wp-json\/wp\/v2\/posts\/2033","targetHints":{"allow":["GET"]}}],"collection":[{"href":"https:\/\/infopba247.com.ar\/index.php\/wp-json\/wp\/v2\/posts"}],"about":[{"href":"https:\/\/infopba247.com.ar\/index.php\/wp-json\/wp\/v2\/types\/post"}],"author":[{"embeddable":true,"href":"https:\/\/infopba247.com.ar\/index.php\/wp-json\/wp\/v2\/users\/3"}],"replies":[{"embeddable":true,"href":"https:\/\/infopba247.com.ar\/index.php\/wp-json\/wp\/v2\/comments?post=2033"}],"version-history":[{"count":1,"href":"https:\/\/infopba247.com.ar\/index.php\/wp-json\/wp\/v2\/posts\/2033\/revisions"}],"predecessor-version":[{"id":2034,"href":"https:\/\/infopba247.com.ar\/index.php\/wp-json\/wp\/v2\/posts\/2033\/revisions\/2034"}],"wp:featuredmedia":[{"embeddable":true,"href":"https:\/\/infopba247.com.ar\/index.php\/wp-json\/wp\/v2\/media\/2020"}],"wp:attachment":[{"href":"https:\/\/infopba247.com.ar\/index.php\/wp-json\/wp\/v2\/media?parent=2033"}],"wp:term":[{"taxonomy":"category","embeddable":true,"href":"https:\/\/infopba247.com.ar\/index.php\/wp-json\/wp\/v2\/categories?post=2033"},{"taxonomy":"post_tag","embeddable":true,"href":"https:\/\/infopba247.com.ar\/index.php\/wp-json\/wp\/v2\/tags?post=2033"}],"curies":[{"name":"wp","href":"https:\/\/api.w.org\/{rel}","templated":true}]}}