{"id":2005,"date":"2023-08-10T10:33:40","date_gmt":"2023-08-10T13:33:40","guid":{"rendered":"https:\/\/infopba247.com.ar\/?p=2005"},"modified":"2023-08-10T10:47:27","modified_gmt":"2023-08-10T13:47:27","slug":"trabajos-de-arreglos-integrales-en-el-edificio-de-la-escuela-secundaria-1","status":"publish","type":"post","link":"https:\/\/infopba247.com.ar\/index.php\/2023\/08\/10\/trabajos-de-arreglos-integrales-en-el-edificio-de-la-escuela-secundaria-1\/","title":{"rendered":"Trabajos de arreglos integrales en el edificio de la Escuela Secundaria 1"},"content":{"rendered":"\n<p>El intendente municipal Fabi\u00e1n Cagliardi, junto a la presidenta del Consejo Escolar In\u00e9s Garc\u00eda, efectu\u00f3 esta ma\u00f1ana una recorrida por las obras de arreglos integrales que se ejecutan en la Escuela Secundaria 1, Ra\u00fal Scalabrini Ortiz de calle 9 y 169.<\/p>\n\n\n\n<p>Los trabajos en estos momentos se centran en la refacci\u00f3n del sal\u00f3n de actos y en otros sectores del edificio afectados por filtraciones y problemas en sus Techos.<\/p>\n\n\n\n<p>\u201cSe est\u00e1 haciendo el cambio general de cubiertas y techos porque hab\u00eda muchas filtraciones que afectaban distintos lugares del colegio\u201d, describi\u00f3 Cagliardi.<\/p>\n\n\n\n<p>Del mismo modo el intendente se refiri\u00f3 a los avances en la intervenci\u00f3n que se llevada adelante en el sal\u00f3n de actos. \u201cEste es otro de los frentes de obra en un lugar que siempre ha sido importante para la escuela y la comunidad, con una ac\u00fastica muy especial. Estamos reconstruyendo los vestuarios y camarines que se encontraban inundados, el piso del escenario, el techo y el cielorraso para dejarlo nuevo y bridar una mejor educaci\u00f3n y que pueda ser utilizado por toda la comunidad. Esta es una m\u00e1s de las 51 escuelas que hemos refaccionado en la ciudad\u201d.<\/p>\n","protected":false},"excerpt":{"rendered":"<p>El intendente municipal Fabi\u00e1n Cagliardi, junto a la presidenta del Consejo Escolar In\u00e9s Garc\u00eda, efectu\u00f3 esta ma\u00f1ana una recorrida por<\/p>\n","protected":false},"author":3,"featured_media":2002,"comment_status":"closed","ping_status":"closed","sticky":false,"template":"","format":"standard","meta":{"colormag_page_container_layout":"default_layout","colormag_page_sidebar_layout":"default_layout","footnotes":""},"categories":[7,1,14],"tags":[],"class_list":["post-2005","post","type-post","status-publish","format-standard","has-post-thumbnail","hentry","category-3ra-seccion","category-destacadas","category-politica"],"yoast_head":"<!-- This site is optimized with the Yoast SEO plugin v27.4 - https:\/\/yoast.com\/product\/yoast-seo-wordpress\/ -->\n<title>Trabajos de arreglos integrales en el edificio de la Escuela Secundaria 1 - InfoPBA247<\/title>\n<meta name=\"robots\" content=\"index, follow, max-snippet:-1, max-image-preview:large, max-video-preview:-1\" \/>\n<link rel=\"canonical\" href=\"https:\/\/infopba247.com.ar\/index.php\/2023\/08\/10\/trabajos-de-arreglos-integrales-en-el-edificio-de-la-escuela-secundaria-1\/\" \/>\n<meta property=\"og:locale\" content=\"es_ES\" \/>\n<meta property=\"og:type\" content=\"article\" \/>\n<meta property=\"og:title\" content=\"Trabajos de arreglos integrales en el edificio de la Escuela Secundaria 1 - InfoPBA247\" \/>\n<meta property=\"og:description\" content=\"El intendente municipal Fabi\u00e1n Cagliardi, junto a la presidenta del Consejo Escolar In\u00e9s Garc\u00eda, efectu\u00f3 esta ma\u00f1ana una recorrida por\" \/>\n<meta property=\"og:url\" content=\"https:\/\/infopba247.com.ar\/index.php\/2023\/08\/10\/trabajos-de-arreglos-integrales-en-el-edificio-de-la-escuela-secundaria-1\/\" \/>\n<meta property=\"og:site_name\" content=\"InfoPBA247\" \/>\n<meta property=\"article:publisher\" content=\"https:\/\/www.facebook.com\/InfoPBA\" \/>\n<meta property=\"article:published_time\" content=\"2023-08-10T13:33:40+00:00\" \/>\n<meta property=\"article:modified_time\" content=\"2023-08-10T13:47:27+00:00\" \/>\n<meta property=\"og:image\" content=\"https:\/\/infopba247.com.ar\/wp-content\/uploads\/2023\/08\/03-6.jpg\" \/>\n\t<meta property=\"og:image:width\" content=\"800\" \/>\n\t<meta property=\"og:image:height\" content=\"600\" \/>\n\t<meta property=\"og:image:type\" content=\"image\/jpeg\" \/>\n<meta name=\"author\" content=\"Editor\" \/>\n<meta name=\"twitter:card\" content=\"summary_large_image\" \/>\n<meta name=\"twitter:label1\" content=\"Escrito por\" \/>\n\t<meta name=\"twitter:data1\" content=\"Editor\" \/>\n\t<meta name=\"twitter:label2\" content=\"Tiempo de lectura\" \/>\n\t<meta name=\"twitter:data2\" content=\"1 minuto\" \/>\n<script type=\"application\/ld+json\" class=\"yoast-schema-graph\">{\"@context\":\"https:\\\/\\\/schema.org\",\"@graph\":[{\"@type\":\"Article\",\"@id\":\"https:\\\/\\\/infopba247.com.ar\\\/index.php\\\/2023\\\/08\\\/10\\\/trabajos-de-arreglos-integrales-en-el-edificio-de-la-escuela-secundaria-1\\\/#article\",\"isPartOf\":{\"@id\":\"https:\\\/\\\/infopba247.com.ar\\\/index.php\\\/2023\\\/08\\\/10\\\/trabajos-de-arreglos-integrales-en-el-edificio-de-la-escuela-secundaria-1\\\/\"},\"author\":{\"name\":\"Editor\",\"@id\":\"https:\\\/\\\/infopba247.com.ar\\\/#\\\/schema\\\/person\\\/4975f1343a413e57bf839b3eed0099f2\"},\"headline\":\"Trabajos de arreglos integrales en el edificio de la Escuela Secundaria 1\",\"datePublished\":\"2023-08-10T13:33:40+00:00\",\"dateModified\":\"2023-08-10T13:47:27+00:00\",\"mainEntityOfPage\":{\"@id\":\"https:\\\/\\\/infopba247.com.ar\\\/index.php\\\/2023\\\/08\\\/10\\\/trabajos-de-arreglos-integrales-en-el-edificio-de-la-escuela-secundaria-1\\\/\"},\"wordCount\":210,\"publisher\":{\"@id\":\"https:\\\/\\\/infopba247.com.ar\\\/#organization\"},\"image\":{\"@id\":\"https:\\\/\\\/infopba247.com.ar\\\/index.php\\\/2023\\\/08\\\/10\\\/trabajos-de-arreglos-integrales-en-el-edificio-de-la-escuela-secundaria-1\\\/#primaryimage\"},\"thumbnailUrl\":\"https:\\\/\\\/infopba247.com.ar\\\/wp-content\\\/uploads\\\/2023\\\/08\\\/03-6.jpg\",\"articleSection\":[\"3ra Secci\u00f3n\",\"Destacadas\",\"Pol\u00edtica\"],\"inLanguage\":\"es\"},{\"@type\":\"WebPage\",\"@id\":\"https:\\\/\\\/infopba247.com.ar\\\/index.php\\\/2023\\\/08\\\/10\\\/trabajos-de-arreglos-integrales-en-el-edificio-de-la-escuela-secundaria-1\\\/\",\"url\":\"https:\\\/\\\/infopba247.com.ar\\\/index.php\\\/2023\\\/08\\\/10\\\/trabajos-de-arreglos-integrales-en-el-edificio-de-la-escuela-secundaria-1\\\/\",\"name\":\"Trabajos de arreglos integrales en el edificio de la Escuela Secundaria 1 - InfoPBA247\",\"isPartOf\":{\"@id\":\"https:\\\/\\\/infopba247.com.ar\\\/#website\"},\"primaryImageOfPage\":{\"@id\":\"https:\\\/\\\/infopba247.com.ar\\\/index.php\\\/2023\\\/08\\\/10\\\/trabajos-de-arreglos-integrales-en-el-edificio-de-la-escuela-secundaria-1\\\/#primaryimage\"},\"image\":{\"@id\":\"https:\\\/\\\/infopba247.com.ar\\\/index.php\\\/2023\\\/08\\\/10\\\/trabajos-de-arreglos-integrales-en-el-edificio-de-la-escuela-secundaria-1\\\/#primaryimage\"},\"thumbnailUrl\":\"https:\\\/\\\/infopba247.com.ar\\\/wp-content\\\/uploads\\\/2023\\\/08\\\/03-6.jpg\",\"datePublished\":\"2023-08-10T13:33:40+00:00\",\"dateModified\":\"2023-08-10T13:47:27+00:00\",\"breadcrumb\":{\"@id\":\"https:\\\/\\\/infopba247.com.ar\\\/index.php\\\/2023\\\/08\\\/10\\\/trabajos-de-arreglos-integrales-en-el-edificio-de-la-escuela-secundaria-1\\\/#breadcrumb\"},\"inLanguage\":\"es\",\"potentialAction\":[{\"@type\":\"ReadAction\",\"target\":[\"https:\\\/\\\/infopba247.com.ar\\\/index.php\\\/2023\\\/08\\\/10\\\/trabajos-de-arreglos-integrales-en-el-edificio-de-la-escuela-secundaria-1\\\/\"]}]},{\"@type\":\"ImageObject\",\"inLanguage\":\"es\",\"@id\":\"https:\\\/\\\/infopba247.com.ar\\\/index.php\\\/2023\\\/08\\\/10\\\/trabajos-de-arreglos-integrales-en-el-edificio-de-la-escuela-secundaria-1\\\/#primaryimage\",\"url\":\"https:\\\/\\\/infopba247.com.ar\\\/wp-content\\\/uploads\\\/2023\\\/08\\\/03-6.jpg\",\"contentUrl\":\"https:\\\/\\\/infopba247.com.ar\\\/wp-content\\\/uploads\\\/2023\\\/08\\\/03-6.jpg\",\"width\":800,\"height\":600},{\"@type\":\"BreadcrumbList\",\"@id\":\"https:\\\/\\\/infopba247.com.ar\\\/index.php\\\/2023\\\/08\\\/10\\\/trabajos-de-arreglos-integrales-en-el-edificio-de-la-escuela-secundaria-1\\\/#breadcrumb\",\"itemListElement\":[{\"@type\":\"ListItem\",\"position\":1,\"name\":\"Portada\",\"item\":\"https:\\\/\\\/infopba247.com.ar\\\/\"},{\"@type\":\"ListItem\",\"position\":2,\"name\":\"Trabajos de arreglos integrales en el edificio de la Escuela Secundaria 1\"}]},{\"@type\":\"WebSite\",\"@id\":\"https:\\\/\\\/infopba247.com.ar\\\/#website\",\"url\":\"https:\\\/\\\/infopba247.com.ar\\\/\",\"name\":\"InfoPBA247\",\"description\":\"Toda la actualidad bonaerense\",\"publisher\":{\"@id\":\"https:\\\/\\\/infopba247.com.ar\\\/#organization\"},\"potentialAction\":[{\"@type\":\"SearchAction\",\"target\":{\"@type\":\"EntryPoint\",\"urlTemplate\":\"https:\\\/\\\/infopba247.com.ar\\\/?s={search_term_string}\"},\"query-input\":{\"@type\":\"PropertyValueSpecification\",\"valueRequired\":true,\"valueName\":\"search_term_string\"}}],\"inLanguage\":\"es\"},{\"@type\":\"Organization\",\"@id\":\"https:\\\/\\\/infopba247.com.ar\\\/#organization\",\"name\":\"InfoPBA247\",\"url\":\"https:\\\/\\\/infopba247.com.ar\\\/\",\"logo\":{\"@type\":\"ImageObject\",\"inLanguage\":\"es\",\"@id\":\"https:\\\/\\\/infopba247.com.ar\\\/#\\\/schema\\\/logo\\\/image\\\/\",\"url\":\"https:\\\/\\\/infopba247.com.ar\\\/wp-content\\\/uploads\\\/2022\\\/03\\\/cropped-InfoPBA247-1.png\",\"contentUrl\":\"https:\\\/\\\/infopba247.com.ar\\\/wp-content\\\/uploads\\\/2022\\\/03\\\/cropped-InfoPBA247-1.png\",\"width\":500,\"height\":122,\"caption\":\"InfoPBA247\"},\"image\":{\"@id\":\"https:\\\/\\\/infopba247.com.ar\\\/#\\\/schema\\\/logo\\\/image\\\/\"},\"sameAs\":[\"https:\\\/\\\/www.facebook.com\\\/InfoPBA\"]},{\"@type\":\"Person\",\"@id\":\"https:\\\/\\\/infopba247.com.ar\\\/#\\\/schema\\\/person\\\/4975f1343a413e57bf839b3eed0099f2\",\"name\":\"Editor\",\"image\":{\"@type\":\"ImageObject\",\"inLanguage\":\"es\",\"@id\":\"https:\\\/\\\/secure.gravatar.com\\\/avatar\\\/d27fe9520667ca53441d36627a1d6b0fa4a813571ec4803687a7a3a7744685ac?s=96&d=mm&r=g\",\"url\":\"https:\\\/\\\/secure.gravatar.com\\\/avatar\\\/d27fe9520667ca53441d36627a1d6b0fa4a813571ec4803687a7a3a7744685ac?s=96&d=mm&r=g\",\"contentUrl\":\"https:\\\/\\\/secure.gravatar.com\\\/avatar\\\/d27fe9520667ca53441d36627a1d6b0fa4a813571ec4803687a7a3a7744685ac?s=96&d=mm&r=g\",\"caption\":\"Editor\"},\"url\":\"https:\\\/\\\/infopba247.com.ar\\\/index.php\\\/author\\\/editor\\\/\"}]}<\/script>\n<!-- \/ Yoast SEO plugin. -->","yoast_head_json":{"title":"Trabajos de arreglos integrales en el edificio de la Escuela Secundaria 1 - InfoPBA247","robots":{"index":"index","follow":"follow","max-snippet":"max-snippet:-1","max-image-preview":"max-image-preview:large","max-video-preview":"max-video-preview:-1"},"canonical":"https:\/\/infopba247.com.ar\/index.php\/2023\/08\/10\/trabajos-de-arreglos-integrales-en-el-edificio-de-la-escuela-secundaria-1\/","og_locale":"es_ES","og_type":"article","og_title":"Trabajos de arreglos integrales en el edificio de la Escuela Secundaria 1 - InfoPBA247","og_description":"El intendente municipal Fabi\u00e1n Cagliardi, junto a la presidenta del Consejo Escolar In\u00e9s Garc\u00eda, efectu\u00f3 esta ma\u00f1ana una recorrida por","og_url":"https:\/\/infopba247.com.ar\/index.php\/2023\/08\/10\/trabajos-de-arreglos-integrales-en-el-edificio-de-la-escuela-secundaria-1\/","og_site_name":"InfoPBA247","article_publisher":"https:\/\/www.facebook.com\/InfoPBA","article_published_time":"2023-08-10T13:33:40+00:00","article_modified_time":"2023-08-10T13:47:27+00:00","og_image":[{"width":800,"height":600,"url":"https:\/\/infopba247.com.ar\/wp-content\/uploads\/2023\/08\/03-6.jpg","type":"image\/jpeg"}],"author":"Editor","twitter_card":"summary_large_image","twitter_misc":{"Escrito por":"Editor","Tiempo de lectura":"1 minuto"},"schema":{"@context":"https:\/\/schema.org","@graph":[{"@type":"Article","@id":"https:\/\/infopba247.com.ar\/index.php\/2023\/08\/10\/trabajos-de-arreglos-integrales-en-el-edificio-de-la-escuela-secundaria-1\/#article","isPartOf":{"@id":"https:\/\/infopba247.com.ar\/index.php\/2023\/08\/10\/trabajos-de-arreglos-integrales-en-el-edificio-de-la-escuela-secundaria-1\/"},"author":{"name":"Editor","@id":"https:\/\/infopba247.com.ar\/#\/schema\/person\/4975f1343a413e57bf839b3eed0099f2"},"headline":"Trabajos de arreglos integrales en el edificio de la Escuela Secundaria 1","datePublished":"2023-08-10T13:33:40+00:00","dateModified":"2023-08-10T13:47:27+00:00","mainEntityOfPage":{"@id":"https:\/\/infopba247.com.ar\/index.php\/2023\/08\/10\/trabajos-de-arreglos-integrales-en-el-edificio-de-la-escuela-secundaria-1\/"},"wordCount":210,"publisher":{"@id":"https:\/\/infopba247.com.ar\/#organization"},"image":{"@id":"https:\/\/infopba247.com.ar\/index.php\/2023\/08\/10\/trabajos-de-arreglos-integrales-en-el-edificio-de-la-escuela-secundaria-1\/#primaryimage"},"thumbnailUrl":"https:\/\/infopba247.com.ar\/wp-content\/uploads\/2023\/08\/03-6.jpg","articleSection":["3ra Secci\u00f3n","Destacadas","Pol\u00edtica"],"inLanguage":"es"},{"@type":"WebPage","@id":"https:\/\/infopba247.com.ar\/index.php\/2023\/08\/10\/trabajos-de-arreglos-integrales-en-el-edificio-de-la-escuela-secundaria-1\/","url":"https:\/\/infopba247.com.ar\/index.php\/2023\/08\/10\/trabajos-de-arreglos-integrales-en-el-edificio-de-la-escuela-secundaria-1\/","name":"Trabajos de arreglos integrales en el edificio de la Escuela Secundaria 1 - InfoPBA247","isPartOf":{"@id":"https:\/\/infopba247.com.ar\/#website"},"primaryImageOfPage":{"@id":"https:\/\/infopba247.com.ar\/index.php\/2023\/08\/10\/trabajos-de-arreglos-integrales-en-el-edificio-de-la-escuela-secundaria-1\/#primaryimage"},"image":{"@id":"https:\/\/infopba247.com.ar\/index.php\/2023\/08\/10\/trabajos-de-arreglos-integrales-en-el-edificio-de-la-escuela-secundaria-1\/#primaryimage"},"thumbnailUrl":"https:\/\/infopba247.com.ar\/wp-content\/uploads\/2023\/08\/03-6.jpg","datePublished":"2023-08-10T13:33:40+00:00","dateModified":"2023-08-10T13:47:27+00:00","breadcrumb":{"@id":"https:\/\/infopba247.com.ar\/index.php\/2023\/08\/10\/trabajos-de-arreglos-integrales-en-el-edificio-de-la-escuela-secundaria-1\/#breadcrumb"},"inLanguage":"es","potentialAction":[{"@type":"ReadAction","target":["https:\/\/infopba247.com.ar\/index.php\/2023\/08\/10\/trabajos-de-arreglos-integrales-en-el-edificio-de-la-escuela-secundaria-1\/"]}]},{"@type":"ImageObject","inLanguage":"es","@id":"https:\/\/infopba247.com.ar\/index.php\/2023\/08\/10\/trabajos-de-arreglos-integrales-en-el-edificio-de-la-escuela-secundaria-1\/#primaryimage","url":"https:\/\/infopba247.com.ar\/wp-content\/uploads\/2023\/08\/03-6.jpg","contentUrl":"https:\/\/infopba247.com.ar\/wp-content\/uploads\/2023\/08\/03-6.jpg","width":800,"height":600},{"@type":"BreadcrumbList","@id":"https:\/\/infopba247.com.ar\/index.php\/2023\/08\/10\/trabajos-de-arreglos-integrales-en-el-edificio-de-la-escuela-secundaria-1\/#breadcrumb","itemListElement":[{"@type":"ListItem","position":1,"name":"Portada","item":"https:\/\/infopba247.com.ar\/"},{"@type":"ListItem","position":2,"name":"Trabajos de arreglos integrales en el edificio de la Escuela Secundaria 1"}]},{"@type":"WebSite","@id":"https:\/\/infopba247.com.ar\/#website","url":"https:\/\/infopba247.com.ar\/","name":"InfoPBA247","description":"Toda la actualidad bonaerense","publisher":{"@id":"https:\/\/infopba247.com.ar\/#organization"},"potentialAction":[{"@type":"SearchAction","target":{"@type":"EntryPoint","urlTemplate":"https:\/\/infopba247.com.ar\/?s={search_term_string}"},"query-input":{"@type":"PropertyValueSpecification","valueRequired":true,"valueName":"search_term_string"}}],"inLanguage":"es"},{"@type":"Organization","@id":"https:\/\/infopba247.com.ar\/#organization","name":"InfoPBA247","url":"https:\/\/infopba247.com.ar\/","logo":{"@type":"ImageObject","inLanguage":"es","@id":"https:\/\/infopba247.com.ar\/#\/schema\/logo\/image\/","url":"https:\/\/infopba247.com.ar\/wp-content\/uploads\/2022\/03\/cropped-InfoPBA247-1.png","contentUrl":"https:\/\/infopba247.com.ar\/wp-content\/uploads\/2022\/03\/cropped-InfoPBA247-1.png","width":500,"height":122,"caption":"InfoPBA247"},"image":{"@id":"https:\/\/infopba247.com.ar\/#\/schema\/logo\/image\/"},"sameAs":["https:\/\/www.facebook.com\/InfoPBA"]},{"@type":"Person","@id":"https:\/\/infopba247.com.ar\/#\/schema\/person\/4975f1343a413e57bf839b3eed0099f2","name":"Editor","image":{"@type":"ImageObject","inLanguage":"es","@id":"https:\/\/secure.gravatar.com\/avatar\/d27fe9520667ca53441d36627a1d6b0fa4a813571ec4803687a7a3a7744685ac?s=96&d=mm&r=g","url":"https:\/\/secure.gravatar.com\/avatar\/d27fe9520667ca53441d36627a1d6b0fa4a813571ec4803687a7a3a7744685ac?s=96&d=mm&r=g","contentUrl":"https:\/\/secure.gravatar.com\/avatar\/d27fe9520667ca53441d36627a1d6b0fa4a813571ec4803687a7a3a7744685ac?s=96&d=mm&r=g","caption":"Editor"},"url":"https:\/\/infopba247.com.ar\/index.php\/author\/editor\/"}]}},"_links":{"self":[{"href":"https:\/\/infopba247.com.ar\/index.php\/wp-json\/wp\/v2\/posts\/2005","targetHints":{"allow":["GET"]}}],"collection":[{"href":"https:\/\/infopba247.com.ar\/index.php\/wp-json\/wp\/v2\/posts"}],"about":[{"href":"https:\/\/infopba247.com.ar\/index.php\/wp-json\/wp\/v2\/types\/post"}],"author":[{"embeddable":true,"href":"https:\/\/infopba247.com.ar\/index.php\/wp-json\/wp\/v2\/users\/3"}],"replies":[{"embeddable":true,"href":"https:\/\/infopba247.com.ar\/index.php\/wp-json\/wp\/v2\/comments?post=2005"}],"version-history":[{"count":2,"href":"https:\/\/infopba247.com.ar\/index.php\/wp-json\/wp\/v2\/posts\/2005\/revisions"}],"predecessor-version":[{"id":2007,"href":"https:\/\/infopba247.com.ar\/index.php\/wp-json\/wp\/v2\/posts\/2005\/revisions\/2007"}],"wp:featuredmedia":[{"embeddable":true,"href":"https:\/\/infopba247.com.ar\/index.php\/wp-json\/wp\/v2\/media\/2002"}],"wp:attachment":[{"href":"https:\/\/infopba247.com.ar\/index.php\/wp-json\/wp\/v2\/media?parent=2005"}],"wp:term":[{"taxonomy":"category","embeddable":true,"href":"https:\/\/infopba247.com.ar\/index.php\/wp-json\/wp\/v2\/categories?post=2005"},{"taxonomy":"post_tag","embeddable":true,"href":"https:\/\/infopba247.com.ar\/index.php\/wp-json\/wp\/v2\/tags?post=2005"}],"curies":[{"name":"wp","href":"https:\/\/api.w.org\/{rel}","templated":true}]}}