{"id":195,"date":"2022-03-23T11:20:59","date_gmt":"2022-03-23T11:20:59","guid":{"rendered":"https:\/\/infopba247.com.ar\/?p=195"},"modified":"2022-03-23T11:21:00","modified_gmt":"2022-03-23T11:21:00","slug":"kicillof-inauguro-el-nuevo-edificio-de-la-escuela-de-cadetes-del-servicio-penitenciario-bonaerense","status":"publish","type":"post","link":"https:\/\/infopba247.com.ar\/index.php\/2022\/03\/23\/kicillof-inauguro-el-nuevo-edificio-de-la-escuela-de-cadetes-del-servicio-penitenciario-bonaerense\/","title":{"rendered":"Kicillof inaugur\u00f3 el nuevo edificio de la Escuela de Cadetes del Servicio Penitenciario Bonaerense"},"content":{"rendered":"\n<p>En el marco del<a href=\"https:\/\/www.todoprovincial.com\/el-plan-de-seguridad-incluye-la-construccion-de-12-nuevas-unidades-carcelarias-en-la-provincia\/\">\u00a0<\/a>Plan de Infraestructura Penitenciaria 2020-2023, el gobernador de la provincia de Buenos Aires, Axel Kicillof, encabez\u00f3 esta ma\u00f1ana en La Plata la inauguraci\u00f3n del nuevo edificio de la escuela del Servicio Penitenciario Bonaerense (SPB). Adem\u00e1s,<strong>\u00a0durante el acto se presentaron las obras de refacci\u00f3n de la sede hist\u00f3rica del instituto y las ampliaciones de las alcaid\u00edas Pettinato y Departamental Florencio Varela.<\/strong><\/p>\n\n\n\n<p>\u201cEsta es la\u00a0<strong>primera ampliaci\u00f3n de la Escuela de Cadetes despu\u00e9s de 50 a\u00f1os<\/strong>\u00a0y es producto de la voluntad pol\u00edtica de establecer como una prioridad la transformaci\u00f3n del Sistema Penitenciario Bonaerense\u201d, se\u00f1al\u00f3 Kicillof y agreg\u00f3: \u201cLas y los oficiales tienen una responsabilidad muy grande y deben contar con\u00a0<strong>la infraestructura, la formaci\u00f3n y el equipamiento adecuado para llevarla adelante\u201d.<\/strong><\/p>\n\n\n\n<p>A partir de una inversi\u00f3n de 103 millones de pesos<strong>, se construy\u00f3 un edificio de dos plantas con 13 aulas que tienen capacidad para 30 estudiantes cada una<\/strong>, lo que permitir\u00e1 en este nuevo inicio del ciclo lectivo pasar de los<strong>&nbsp;320 estudiantes que cursaron en 2019 a 1.800.<\/strong><\/p>\n\n\n\n<p>Adem\u00e1s, en la sede hist\u00f3rica se ampliaron el comedor y la cocina, se acondicionaron los dormitorios y se repararon los techos de las \u00e1reas administrativa, pedag\u00f3gica y de dep\u00f3sitos.<\/p>\n\n\n\n<p>Del acto tambi\u00e9n participaron el ministro de Justicia y Derechos Humanos, Julio Alak, y la directora general de Institutos de Formaci\u00f3n y Capacitaci\u00f3n, Mar\u00eda Luj\u00e1n Arbe.<\/p>\n\n\n\n<p>Por su parte, Alak se\u00f1al\u00f3:<strong>\u00a0\u201cHoy estamos incrementando el ingreso y el posterior egreso de oficiales<\/strong>\u00a0que prestar\u00e1n servicio en las cinco nuevas unidades penitenciarias y las pr\u00f3ximas alcaid\u00edas departamentales. Este es un instituto con excelencia acad\u00e9mica y 67 a\u00f1os de trayectoria, en el que sus estudiantes asumen no solo la responsabilidad de su capacitaci\u00f3n, sino tambi\u00e9n la de garantizar la formaci\u00f3n educativa y laboral de las personas privadas de su libertad con el objetivo de evitar la reincidencia\u201d.<\/p>\n\n\n\n<p>Adem\u00e1s<strong>\u00a0se inauguraron ampliaciones en dos alcaid\u00edas<\/strong>: Pettinato de La Plata, que producto de una inversi\u00f3n de 279 millones de pesos sum\u00f3 136 plazas y alcanz\u00f3 un total de 400; y la Departamental de Florencio Varela, donde se invirtieron 364 millones de pesos para incorporar 192 plazas y elevar su capacidad hasta las 320. En ambos casos, cuentan en cada m\u00f3dulo con sal\u00f3n de usos m\u00faltiples, guardias externa e interna, patio interno, cocina y hospital penitenciario.<\/p>\n\n\n\n<p>\u201cCuando asumimos nos dedicamos no solo a resolver los problemas de la coyuntura, sino a<strong>&nbsp;abordar los problemas de fondo que se hab\u00edan originado por la superpoblaci\u00f3n carcelaria\u201d<\/strong>, afirm\u00f3 el Gobernador, al tiempo que valor\u00f3:&nbsp;<strong>\u201cComenzamos una ampliaci\u00f3n sustancial del sistema<\/strong>&nbsp;porque el castigo para quienes delinquen tiene que ser la privaci\u00f3n de la libertad, pero en condiciones dignas y de inclusi\u00f3n\u201d.<\/p>\n\n\n\n<p>En ese sentido, Alak remarc\u00f3:&nbsp;<strong>\u201cCon este plan de infraestructura ya hemos inaugurado 2.400 plazas y prevemos la construcci\u00f3n de un total de 12 mil en cuatro a\u00f1os, el 50% de todas las plazas que se construyeron en los 200 a\u00f1os de existencia de nuestra provincia\u201d.<\/strong><\/p>\n\n\n\n<p>\u201cNo vinimos a esconder los problemas, sino a<strong>\u00a0transitar un camino de soluciones estructurales<\/strong>\u00a0con el objetivo de reducir la tasa de reincidencia y lograr la inserci\u00f3n social de quienes cumplen sus condenas\u201d, sostuvo Kicillof y concluy\u00f3: \u201cSeguiremos d\u00eda a d\u00eda encarando todas las transformaciones de fondo que necesita la provincia de Buenos Aires\u201d.<\/p>\n\n\n\n<p>Estuvieron presentes la ministra de las Mujeres, Pol\u00edticas de G\u00e9nero y Diversidad Sexual, Estela D\u00edaz; la diputada nacional Victoria Tolosa Paz; la legisladora provincial Luc\u00eda Ia\u00f1ez; y el diputado bonaerense Juan Malpeli. Tambi\u00e9n participaron los subsecretarios de Pol\u00edtica Penitenciaria, Jos\u00e9 Gonz\u00e1lez Hueso, y de Pol\u00edticas Penitenciarias de Inclusi\u00f3n, Diego Rao; el jefe del SPB, Xavier Areses; el subjefe, Juan Carlos Vaccaro; y el director de la Escuela de Cadetes, Antonio Mogica.<\/p>\n","protected":false},"excerpt":{"rendered":"<p>En el marco del\u00a0Plan de Infraestructura Penitenciaria 2020-2023, el gobernador de la provincia de Buenos Aires, Axel Kicillof, encabez\u00f3 esta<\/p>\n","protected":false},"author":2,"featured_media":196,"comment_status":"closed","ping_status":"closed","sticky":false,"template":"","format":"standard","meta":{"colormag_page_container_layout":"default_layout","colormag_page_sidebar_layout":"default_layout","footnotes":""},"categories":[1,14],"tags":[25],"class_list":["post-195","post","type-post","status-publish","format-standard","has-post-thumbnail","hentry","category-destacadas","category-politica","tag-axel-kicillof"],"yoast_head":"<!-- This site is optimized with the Yoast SEO plugin v27.4 - https:\/\/yoast.com\/product\/yoast-seo-wordpress\/ -->\n<title>Kicillof inaugur\u00f3 el nuevo edificio de la Escuela de Cadetes del Servicio Penitenciario Bonaerense - InfoPBA247<\/title>\n<meta name=\"robots\" content=\"index, follow, max-snippet:-1, max-image-preview:large, max-video-preview:-1\" \/>\n<link rel=\"canonical\" href=\"https:\/\/infopba247.com.ar\/index.php\/2022\/03\/23\/kicillof-inauguro-el-nuevo-edificio-de-la-escuela-de-cadetes-del-servicio-penitenciario-bonaerense\/\" \/>\n<meta property=\"og:locale\" content=\"es_ES\" \/>\n<meta property=\"og:type\" content=\"article\" \/>\n<meta property=\"og:title\" content=\"Kicillof inaugur\u00f3 el nuevo edificio de la Escuela de Cadetes del Servicio Penitenciario Bonaerense - InfoPBA247\" \/>\n<meta property=\"og:description\" content=\"En el marco del\u00a0Plan de Infraestructura Penitenciaria 2020-2023, el gobernador de la provincia de Buenos Aires, Axel Kicillof, encabez\u00f3 esta\" \/>\n<meta property=\"og:url\" content=\"https:\/\/infopba247.com.ar\/index.php\/2022\/03\/23\/kicillof-inauguro-el-nuevo-edificio-de-la-escuela-de-cadetes-del-servicio-penitenciario-bonaerense\/\" \/>\n<meta property=\"og:site_name\" content=\"InfoPBA247\" \/>\n<meta property=\"article:publisher\" content=\"https:\/\/www.facebook.com\/InfoPBA\" \/>\n<meta property=\"article:published_time\" content=\"2022-03-23T11:20:59+00:00\" \/>\n<meta property=\"article:modified_time\" content=\"2022-03-23T11:21:00+00:00\" \/>\n<meta property=\"og:image\" content=\"https:\/\/infopba247.com.ar\/wp-content\/uploads\/2022\/03\/ABL0209_2-2048x1365-1.jpg\" \/>\n\t<meta property=\"og:image:width\" content=\"2048\" \/>\n\t<meta property=\"og:image:height\" content=\"1365\" \/>\n\t<meta property=\"og:image:type\" content=\"image\/jpeg\" \/>\n<meta name=\"twitter:card\" content=\"summary_large_image\" \/>\n<meta name=\"twitter:label1\" content=\"Escrito por\" \/>\n\t<meta name=\"twitter:data1\" content=\"\" \/>\n\t<meta name=\"twitter:label2\" content=\"Tiempo de lectura\" \/>\n\t<meta name=\"twitter:data2\" content=\"3 minutos\" \/>\n<script type=\"application\/ld+json\" class=\"yoast-schema-graph\">{\"@context\":\"https:\\\/\\\/schema.org\",\"@graph\":[{\"@type\":\"Article\",\"@id\":\"https:\\\/\\\/infopba247.com.ar\\\/index.php\\\/2022\\\/03\\\/23\\\/kicillof-inauguro-el-nuevo-edificio-de-la-escuela-de-cadetes-del-servicio-penitenciario-bonaerense\\\/#article\",\"isPartOf\":{\"@id\":\"https:\\\/\\\/infopba247.com.ar\\\/index.php\\\/2022\\\/03\\\/23\\\/kicillof-inauguro-el-nuevo-edificio-de-la-escuela-de-cadetes-del-servicio-penitenciario-bonaerense\\\/\"},\"author\":{\"name\":\"\",\"@id\":\"\"},\"headline\":\"Kicillof inaugur\u00f3 el nuevo edificio de la Escuela de Cadetes del Servicio Penitenciario Bonaerense\",\"datePublished\":\"2022-03-23T11:20:59+00:00\",\"dateModified\":\"2022-03-23T11:21:00+00:00\",\"mainEntityOfPage\":{\"@id\":\"https:\\\/\\\/infopba247.com.ar\\\/index.php\\\/2022\\\/03\\\/23\\\/kicillof-inauguro-el-nuevo-edificio-de-la-escuela-de-cadetes-del-servicio-penitenciario-bonaerense\\\/\"},\"wordCount\":677,\"publisher\":{\"@id\":\"https:\\\/\\\/infopba247.com.ar\\\/#organization\"},\"image\":{\"@id\":\"https:\\\/\\\/infopba247.com.ar\\\/index.php\\\/2022\\\/03\\\/23\\\/kicillof-inauguro-el-nuevo-edificio-de-la-escuela-de-cadetes-del-servicio-penitenciario-bonaerense\\\/#primaryimage\"},\"thumbnailUrl\":\"https:\\\/\\\/infopba247.com.ar\\\/wp-content\\\/uploads\\\/2022\\\/03\\\/ABL0209_2-2048x1365-1.jpg\",\"keywords\":[\"Axel Kicillof\"],\"articleSection\":[\"Destacadas\",\"Pol\u00edtica\"],\"inLanguage\":\"es\"},{\"@type\":\"WebPage\",\"@id\":\"https:\\\/\\\/infopba247.com.ar\\\/index.php\\\/2022\\\/03\\\/23\\\/kicillof-inauguro-el-nuevo-edificio-de-la-escuela-de-cadetes-del-servicio-penitenciario-bonaerense\\\/\",\"url\":\"https:\\\/\\\/infopba247.com.ar\\\/index.php\\\/2022\\\/03\\\/23\\\/kicillof-inauguro-el-nuevo-edificio-de-la-escuela-de-cadetes-del-servicio-penitenciario-bonaerense\\\/\",\"name\":\"Kicillof inaugur\u00f3 el nuevo edificio de la Escuela de Cadetes del Servicio Penitenciario Bonaerense - InfoPBA247\",\"isPartOf\":{\"@id\":\"https:\\\/\\\/infopba247.com.ar\\\/#website\"},\"primaryImageOfPage\":{\"@id\":\"https:\\\/\\\/infopba247.com.ar\\\/index.php\\\/2022\\\/03\\\/23\\\/kicillof-inauguro-el-nuevo-edificio-de-la-escuela-de-cadetes-del-servicio-penitenciario-bonaerense\\\/#primaryimage\"},\"image\":{\"@id\":\"https:\\\/\\\/infopba247.com.ar\\\/index.php\\\/2022\\\/03\\\/23\\\/kicillof-inauguro-el-nuevo-edificio-de-la-escuela-de-cadetes-del-servicio-penitenciario-bonaerense\\\/#primaryimage\"},\"thumbnailUrl\":\"https:\\\/\\\/infopba247.com.ar\\\/wp-content\\\/uploads\\\/2022\\\/03\\\/ABL0209_2-2048x1365-1.jpg\",\"datePublished\":\"2022-03-23T11:20:59+00:00\",\"dateModified\":\"2022-03-23T11:21:00+00:00\",\"breadcrumb\":{\"@id\":\"https:\\\/\\\/infopba247.com.ar\\\/index.php\\\/2022\\\/03\\\/23\\\/kicillof-inauguro-el-nuevo-edificio-de-la-escuela-de-cadetes-del-servicio-penitenciario-bonaerense\\\/#breadcrumb\"},\"inLanguage\":\"es\",\"potentialAction\":[{\"@type\":\"ReadAction\",\"target\":[\"https:\\\/\\\/infopba247.com.ar\\\/index.php\\\/2022\\\/03\\\/23\\\/kicillof-inauguro-el-nuevo-edificio-de-la-escuela-de-cadetes-del-servicio-penitenciario-bonaerense\\\/\"]}]},{\"@type\":\"ImageObject\",\"inLanguage\":\"es\",\"@id\":\"https:\\\/\\\/infopba247.com.ar\\\/index.php\\\/2022\\\/03\\\/23\\\/kicillof-inauguro-el-nuevo-edificio-de-la-escuela-de-cadetes-del-servicio-penitenciario-bonaerense\\\/#primaryimage\",\"url\":\"https:\\\/\\\/infopba247.com.ar\\\/wp-content\\\/uploads\\\/2022\\\/03\\\/ABL0209_2-2048x1365-1.jpg\",\"contentUrl\":\"https:\\\/\\\/infopba247.com.ar\\\/wp-content\\\/uploads\\\/2022\\\/03\\\/ABL0209_2-2048x1365-1.jpg\",\"width\":2048,\"height\":1365},{\"@type\":\"BreadcrumbList\",\"@id\":\"https:\\\/\\\/infopba247.com.ar\\\/index.php\\\/2022\\\/03\\\/23\\\/kicillof-inauguro-el-nuevo-edificio-de-la-escuela-de-cadetes-del-servicio-penitenciario-bonaerense\\\/#breadcrumb\",\"itemListElement\":[{\"@type\":\"ListItem\",\"position\":1,\"name\":\"Portada\",\"item\":\"https:\\\/\\\/infopba247.com.ar\\\/\"},{\"@type\":\"ListItem\",\"position\":2,\"name\":\"Kicillof inaugur\u00f3 el nuevo edificio de la Escuela de Cadetes del Servicio Penitenciario Bonaerense\"}]},{\"@type\":\"WebSite\",\"@id\":\"https:\\\/\\\/infopba247.com.ar\\\/#website\",\"url\":\"https:\\\/\\\/infopba247.com.ar\\\/\",\"name\":\"InfoPBA247\",\"description\":\"Toda la actualidad bonaerense\",\"publisher\":{\"@id\":\"https:\\\/\\\/infopba247.com.ar\\\/#organization\"},\"potentialAction\":[{\"@type\":\"SearchAction\",\"target\":{\"@type\":\"EntryPoint\",\"urlTemplate\":\"https:\\\/\\\/infopba247.com.ar\\\/?s={search_term_string}\"},\"query-input\":{\"@type\":\"PropertyValueSpecification\",\"valueRequired\":true,\"valueName\":\"search_term_string\"}}],\"inLanguage\":\"es\"},{\"@type\":\"Organization\",\"@id\":\"https:\\\/\\\/infopba247.com.ar\\\/#organization\",\"name\":\"InfoPBA247\",\"url\":\"https:\\\/\\\/infopba247.com.ar\\\/\",\"logo\":{\"@type\":\"ImageObject\",\"inLanguage\":\"es\",\"@id\":\"https:\\\/\\\/infopba247.com.ar\\\/#\\\/schema\\\/logo\\\/image\\\/\",\"url\":\"https:\\\/\\\/infopba247.com.ar\\\/wp-content\\\/uploads\\\/2022\\\/03\\\/cropped-InfoPBA247-1.png\",\"contentUrl\":\"https:\\\/\\\/infopba247.com.ar\\\/wp-content\\\/uploads\\\/2022\\\/03\\\/cropped-InfoPBA247-1.png\",\"width\":500,\"height\":122,\"caption\":\"InfoPBA247\"},\"image\":{\"@id\":\"https:\\\/\\\/infopba247.com.ar\\\/#\\\/schema\\\/logo\\\/image\\\/\"},\"sameAs\":[\"https:\\\/\\\/www.facebook.com\\\/InfoPBA\"]},{\"@type\":\"Person\",\"@id\":\"\",\"url\":\"https:\\\/\\\/infopba247.com.ar\\\/index.php\\\/author\\\/\"}]}<\/script>\n<!-- \/ Yoast SEO plugin. -->","yoast_head_json":{"title":"Kicillof inaugur\u00f3 el nuevo edificio de la Escuela de Cadetes del Servicio Penitenciario Bonaerense - InfoPBA247","robots":{"index":"index","follow":"follow","max-snippet":"max-snippet:-1","max-image-preview":"max-image-preview:large","max-video-preview":"max-video-preview:-1"},"canonical":"https:\/\/infopba247.com.ar\/index.php\/2022\/03\/23\/kicillof-inauguro-el-nuevo-edificio-de-la-escuela-de-cadetes-del-servicio-penitenciario-bonaerense\/","og_locale":"es_ES","og_type":"article","og_title":"Kicillof inaugur\u00f3 el nuevo edificio de la Escuela de Cadetes del Servicio Penitenciario Bonaerense - InfoPBA247","og_description":"En el marco del\u00a0Plan de Infraestructura Penitenciaria 2020-2023, el gobernador de la provincia de Buenos Aires, Axel Kicillof, encabez\u00f3 esta","og_url":"https:\/\/infopba247.com.ar\/index.php\/2022\/03\/23\/kicillof-inauguro-el-nuevo-edificio-de-la-escuela-de-cadetes-del-servicio-penitenciario-bonaerense\/","og_site_name":"InfoPBA247","article_publisher":"https:\/\/www.facebook.com\/InfoPBA","article_published_time":"2022-03-23T11:20:59+00:00","article_modified_time":"2022-03-23T11:21:00+00:00","og_image":[{"width":2048,"height":1365,"url":"https:\/\/infopba247.com.ar\/wp-content\/uploads\/2022\/03\/ABL0209_2-2048x1365-1.jpg","type":"image\/jpeg"}],"twitter_card":"summary_large_image","twitter_misc":{"Escrito por":"","Tiempo de lectura":"3 minutos"},"schema":{"@context":"https:\/\/schema.org","@graph":[{"@type":"Article","@id":"https:\/\/infopba247.com.ar\/index.php\/2022\/03\/23\/kicillof-inauguro-el-nuevo-edificio-de-la-escuela-de-cadetes-del-servicio-penitenciario-bonaerense\/#article","isPartOf":{"@id":"https:\/\/infopba247.com.ar\/index.php\/2022\/03\/23\/kicillof-inauguro-el-nuevo-edificio-de-la-escuela-de-cadetes-del-servicio-penitenciario-bonaerense\/"},"author":{"name":"","@id":""},"headline":"Kicillof inaugur\u00f3 el nuevo edificio de la Escuela de Cadetes del Servicio Penitenciario Bonaerense","datePublished":"2022-03-23T11:20:59+00:00","dateModified":"2022-03-23T11:21:00+00:00","mainEntityOfPage":{"@id":"https:\/\/infopba247.com.ar\/index.php\/2022\/03\/23\/kicillof-inauguro-el-nuevo-edificio-de-la-escuela-de-cadetes-del-servicio-penitenciario-bonaerense\/"},"wordCount":677,"publisher":{"@id":"https:\/\/infopba247.com.ar\/#organization"},"image":{"@id":"https:\/\/infopba247.com.ar\/index.php\/2022\/03\/23\/kicillof-inauguro-el-nuevo-edificio-de-la-escuela-de-cadetes-del-servicio-penitenciario-bonaerense\/#primaryimage"},"thumbnailUrl":"https:\/\/infopba247.com.ar\/wp-content\/uploads\/2022\/03\/ABL0209_2-2048x1365-1.jpg","keywords":["Axel Kicillof"],"articleSection":["Destacadas","Pol\u00edtica"],"inLanguage":"es"},{"@type":"WebPage","@id":"https:\/\/infopba247.com.ar\/index.php\/2022\/03\/23\/kicillof-inauguro-el-nuevo-edificio-de-la-escuela-de-cadetes-del-servicio-penitenciario-bonaerense\/","url":"https:\/\/infopba247.com.ar\/index.php\/2022\/03\/23\/kicillof-inauguro-el-nuevo-edificio-de-la-escuela-de-cadetes-del-servicio-penitenciario-bonaerense\/","name":"Kicillof inaugur\u00f3 el nuevo edificio de la Escuela de Cadetes del Servicio Penitenciario Bonaerense - InfoPBA247","isPartOf":{"@id":"https:\/\/infopba247.com.ar\/#website"},"primaryImageOfPage":{"@id":"https:\/\/infopba247.com.ar\/index.php\/2022\/03\/23\/kicillof-inauguro-el-nuevo-edificio-de-la-escuela-de-cadetes-del-servicio-penitenciario-bonaerense\/#primaryimage"},"image":{"@id":"https:\/\/infopba247.com.ar\/index.php\/2022\/03\/23\/kicillof-inauguro-el-nuevo-edificio-de-la-escuela-de-cadetes-del-servicio-penitenciario-bonaerense\/#primaryimage"},"thumbnailUrl":"https:\/\/infopba247.com.ar\/wp-content\/uploads\/2022\/03\/ABL0209_2-2048x1365-1.jpg","datePublished":"2022-03-23T11:20:59+00:00","dateModified":"2022-03-23T11:21:00+00:00","breadcrumb":{"@id":"https:\/\/infopba247.com.ar\/index.php\/2022\/03\/23\/kicillof-inauguro-el-nuevo-edificio-de-la-escuela-de-cadetes-del-servicio-penitenciario-bonaerense\/#breadcrumb"},"inLanguage":"es","potentialAction":[{"@type":"ReadAction","target":["https:\/\/infopba247.com.ar\/index.php\/2022\/03\/23\/kicillof-inauguro-el-nuevo-edificio-de-la-escuela-de-cadetes-del-servicio-penitenciario-bonaerense\/"]}]},{"@type":"ImageObject","inLanguage":"es","@id":"https:\/\/infopba247.com.ar\/index.php\/2022\/03\/23\/kicillof-inauguro-el-nuevo-edificio-de-la-escuela-de-cadetes-del-servicio-penitenciario-bonaerense\/#primaryimage","url":"https:\/\/infopba247.com.ar\/wp-content\/uploads\/2022\/03\/ABL0209_2-2048x1365-1.jpg","contentUrl":"https:\/\/infopba247.com.ar\/wp-content\/uploads\/2022\/03\/ABL0209_2-2048x1365-1.jpg","width":2048,"height":1365},{"@type":"BreadcrumbList","@id":"https:\/\/infopba247.com.ar\/index.php\/2022\/03\/23\/kicillof-inauguro-el-nuevo-edificio-de-la-escuela-de-cadetes-del-servicio-penitenciario-bonaerense\/#breadcrumb","itemListElement":[{"@type":"ListItem","position":1,"name":"Portada","item":"https:\/\/infopba247.com.ar\/"},{"@type":"ListItem","position":2,"name":"Kicillof inaugur\u00f3 el nuevo edificio de la Escuela de Cadetes del Servicio Penitenciario Bonaerense"}]},{"@type":"WebSite","@id":"https:\/\/infopba247.com.ar\/#website","url":"https:\/\/infopba247.com.ar\/","name":"InfoPBA247","description":"Toda la actualidad bonaerense","publisher":{"@id":"https:\/\/infopba247.com.ar\/#organization"},"potentialAction":[{"@type":"SearchAction","target":{"@type":"EntryPoint","urlTemplate":"https:\/\/infopba247.com.ar\/?s={search_term_string}"},"query-input":{"@type":"PropertyValueSpecification","valueRequired":true,"valueName":"search_term_string"}}],"inLanguage":"es"},{"@type":"Organization","@id":"https:\/\/infopba247.com.ar\/#organization","name":"InfoPBA247","url":"https:\/\/infopba247.com.ar\/","logo":{"@type":"ImageObject","inLanguage":"es","@id":"https:\/\/infopba247.com.ar\/#\/schema\/logo\/image\/","url":"https:\/\/infopba247.com.ar\/wp-content\/uploads\/2022\/03\/cropped-InfoPBA247-1.png","contentUrl":"https:\/\/infopba247.com.ar\/wp-content\/uploads\/2022\/03\/cropped-InfoPBA247-1.png","width":500,"height":122,"caption":"InfoPBA247"},"image":{"@id":"https:\/\/infopba247.com.ar\/#\/schema\/logo\/image\/"},"sameAs":["https:\/\/www.facebook.com\/InfoPBA"]},{"@type":"Person","@id":"","url":"https:\/\/infopba247.com.ar\/index.php\/author\/"}]}},"_links":{"self":[{"href":"https:\/\/infopba247.com.ar\/index.php\/wp-json\/wp\/v2\/posts\/195","targetHints":{"allow":["GET"]}}],"collection":[{"href":"https:\/\/infopba247.com.ar\/index.php\/wp-json\/wp\/v2\/posts"}],"about":[{"href":"https:\/\/infopba247.com.ar\/index.php\/wp-json\/wp\/v2\/types\/post"}],"author":[{"embeddable":true,"href":"https:\/\/infopba247.com.ar\/index.php\/wp-json\/wp\/v2\/users\/2"}],"replies":[{"embeddable":true,"href":"https:\/\/infopba247.com.ar\/index.php\/wp-json\/wp\/v2\/comments?post=195"}],"version-history":[{"count":1,"href":"https:\/\/infopba247.com.ar\/index.php\/wp-json\/wp\/v2\/posts\/195\/revisions"}],"predecessor-version":[{"id":197,"href":"https:\/\/infopba247.com.ar\/index.php\/wp-json\/wp\/v2\/posts\/195\/revisions\/197"}],"wp:featuredmedia":[{"embeddable":true,"href":"https:\/\/infopba247.com.ar\/index.php\/wp-json\/wp\/v2\/media\/196"}],"wp:attachment":[{"href":"https:\/\/infopba247.com.ar\/index.php\/wp-json\/wp\/v2\/media?parent=195"}],"wp:term":[{"taxonomy":"category","embeddable":true,"href":"https:\/\/infopba247.com.ar\/index.php\/wp-json\/wp\/v2\/categories?post=195"},{"taxonomy":"post_tag","embeddable":true,"href":"https:\/\/infopba247.com.ar\/index.php\/wp-json\/wp\/v2\/tags?post=195"}],"curies":[{"name":"wp","href":"https:\/\/api.w.org\/{rel}","templated":true}]}}