{"id":1885,"date":"2023-07-26T11:22:00","date_gmt":"2023-07-26T14:22:00","guid":{"rendered":"https:\/\/infopba247.com.ar\/?p=1885"},"modified":"2023-07-27T11:38:47","modified_gmt":"2023-07-27T14:38:47","slug":"volvio-la-calesita-de-paso-del-rey","status":"publish","type":"post","link":"https:\/\/infopba247.com.ar\/index.php\/2023\/07\/26\/volvio-la-calesita-de-paso-del-rey\/","title":{"rendered":"Volvi\u00f3 la calesita de Paso del Rey"},"content":{"rendered":"\n<p>La intendenta de Moreno, Mariel Fern\u00e1ndez, form\u00f3 parte de la celebraci\u00f3n por el regreso de la hist\u00f3rica calesita de la estaci\u00f3n de Paso del Rey.<\/p>\n\n\n\n<p>Esta iniciativa municipal y gratuita, desarrollada con el objetivo de devolverle a la comunidad un espacio m\u00e1s de recreaci\u00f3n y paseo, contempl\u00f3 la colocaci\u00f3n de una nueva calesita y se instal\u00f3 adem\u00e1s: piso de hormig\u00f3n, nuevos juegos, una garita, nuevos solados y vegetaci\u00f3n, se refaccion\u00f3 el per\u00edmetro, y se realizaron trabajos de pintura y nivelaci\u00f3n de terreno.<\/p>\n\n\n\n<p>\u201cDespu\u00e9s de ocho a\u00f1os, todas y todos vamos a poder volver a disfrutar y divertimos de esta hist\u00f3rica calesita en la plaza de la estaci\u00f3n de Paso del Rey que fue y es muy importante para toda su comunidad\u201d, expres\u00f3 la intendenta.<\/p>\n\n\n\n<p>Por su parte, Juan, el calesitero, comparti\u00f3: \u201cEsto es muy lindo porque es una forma de devolverle a los chicos un momento de alegr\u00eda, y verlos a ellos as\u00ed no alegra a nosotros tambi\u00e9n. Adem\u00e1s, que puedan disfrutar de la calesita de forma gratuita es algo que no se vio nunca, y permite que todos los chicos puedan participar, estamos todos chochos\u201d.<\/p>\n\n\n\n<p>\u201cMe parece una idea excelente que se vuelva a poner en marcha esta calesita que forma parte de nuestra historia. Yo pas\u00e9 toda mi infancia ac\u00e1, en Paso del Rey, y ver que hoy todos los vecinos podemos volver a este lugar a disfrutar con nuestros hijos o nietos, es realmente muy lindo\u201d, expres\u00f3 un vecino.<\/p>\n\n\n\n<p>La calesita funcionar\u00e1 todos los d\u00edas de 10 a 18 horas. De esta manera, el gobierno local trabaja para brindarle a la comunidad espacios gratuitos, seguros y de calidad.<\/p>\n","protected":false},"excerpt":{"rendered":"<p>La intendenta de Moreno, Mariel Fern\u00e1ndez, form\u00f3 parte de la celebraci\u00f3n por el regreso de la hist\u00f3rica calesita de la<\/p>\n","protected":false},"author":3,"featured_media":1879,"comment_status":"closed","ping_status":"closed","sticky":false,"template":"","format":"standard","meta":{"colormag_page_container_layout":"default_layout","colormag_page_sidebar_layout":"default_layout","footnotes":""},"categories":[5,1,14],"tags":[50],"class_list":["post-1885","post","type-post","status-publish","format-standard","has-post-thumbnail","hentry","category-1ra-seccion","category-destacadas","category-politica","tag-municipalidad-de-moreno"],"yoast_head":"<!-- This site is optimized with the Yoast SEO plugin v27.4 - https:\/\/yoast.com\/product\/yoast-seo-wordpress\/ -->\n<title>Volvi\u00f3 la calesita de Paso del Rey - InfoPBA247<\/title>\n<meta name=\"robots\" content=\"index, follow, max-snippet:-1, max-image-preview:large, max-video-preview:-1\" \/>\n<link rel=\"canonical\" href=\"https:\/\/infopba247.com.ar\/index.php\/2023\/07\/26\/volvio-la-calesita-de-paso-del-rey\/\" \/>\n<meta property=\"og:locale\" content=\"es_ES\" \/>\n<meta property=\"og:type\" content=\"article\" \/>\n<meta property=\"og:title\" content=\"Volvi\u00f3 la calesita de Paso del Rey - InfoPBA247\" \/>\n<meta property=\"og:description\" content=\"La intendenta de Moreno, Mariel Fern\u00e1ndez, form\u00f3 parte de la celebraci\u00f3n por el regreso de la hist\u00f3rica calesita de la\" \/>\n<meta property=\"og:url\" content=\"https:\/\/infopba247.com.ar\/index.php\/2023\/07\/26\/volvio-la-calesita-de-paso-del-rey\/\" \/>\n<meta property=\"og:site_name\" content=\"InfoPBA247\" \/>\n<meta property=\"article:publisher\" content=\"https:\/\/www.facebook.com\/InfoPBA\" \/>\n<meta property=\"article:published_time\" content=\"2023-07-26T14:22:00+00:00\" \/>\n<meta property=\"article:modified_time\" content=\"2023-07-27T14:38:47+00:00\" \/>\n<meta property=\"og:image\" content=\"https:\/\/infopba247.com.ar\/wp-content\/uploads\/2023\/07\/CALESITA-STOCK-6-scaled.jpg\" \/>\n\t<meta property=\"og:image:width\" content=\"2560\" \/>\n\t<meta property=\"og:image:height\" content=\"1708\" \/>\n\t<meta property=\"og:image:type\" content=\"image\/jpeg\" \/>\n<meta name=\"author\" content=\"Editor\" \/>\n<meta name=\"twitter:card\" content=\"summary_large_image\" \/>\n<meta name=\"twitter:label1\" content=\"Escrito por\" \/>\n\t<meta name=\"twitter:data1\" content=\"Editor\" \/>\n\t<meta name=\"twitter:label2\" content=\"Tiempo de lectura\" \/>\n\t<meta name=\"twitter:data2\" content=\"1 minuto\" \/>\n<script type=\"application\/ld+json\" class=\"yoast-schema-graph\">{\"@context\":\"https:\\\/\\\/schema.org\",\"@graph\":[{\"@type\":\"Article\",\"@id\":\"https:\\\/\\\/infopba247.com.ar\\\/index.php\\\/2023\\\/07\\\/26\\\/volvio-la-calesita-de-paso-del-rey\\\/#article\",\"isPartOf\":{\"@id\":\"https:\\\/\\\/infopba247.com.ar\\\/index.php\\\/2023\\\/07\\\/26\\\/volvio-la-calesita-de-paso-del-rey\\\/\"},\"author\":{\"name\":\"Editor\",\"@id\":\"https:\\\/\\\/infopba247.com.ar\\\/#\\\/schema\\\/person\\\/4975f1343a413e57bf839b3eed0099f2\"},\"headline\":\"Volvi\u00f3 la calesita de Paso del Rey\",\"datePublished\":\"2023-07-26T14:22:00+00:00\",\"dateModified\":\"2023-07-27T14:38:47+00:00\",\"mainEntityOfPage\":{\"@id\":\"https:\\\/\\\/infopba247.com.ar\\\/index.php\\\/2023\\\/07\\\/26\\\/volvio-la-calesita-de-paso-del-rey\\\/\"},\"wordCount\":296,\"publisher\":{\"@id\":\"https:\\\/\\\/infopba247.com.ar\\\/#organization\"},\"image\":{\"@id\":\"https:\\\/\\\/infopba247.com.ar\\\/index.php\\\/2023\\\/07\\\/26\\\/volvio-la-calesita-de-paso-del-rey\\\/#primaryimage\"},\"thumbnailUrl\":\"https:\\\/\\\/infopba247.com.ar\\\/wp-content\\\/uploads\\\/2023\\\/07\\\/CALESITA-STOCK-6-scaled.jpg\",\"keywords\":[\"Municipalidad de Moreno\"],\"articleSection\":[\"1ra Secci\u00f3n\",\"Destacadas\",\"Pol\u00edtica\"],\"inLanguage\":\"es\"},{\"@type\":\"WebPage\",\"@id\":\"https:\\\/\\\/infopba247.com.ar\\\/index.php\\\/2023\\\/07\\\/26\\\/volvio-la-calesita-de-paso-del-rey\\\/\",\"url\":\"https:\\\/\\\/infopba247.com.ar\\\/index.php\\\/2023\\\/07\\\/26\\\/volvio-la-calesita-de-paso-del-rey\\\/\",\"name\":\"Volvi\u00f3 la calesita de Paso del Rey - InfoPBA247\",\"isPartOf\":{\"@id\":\"https:\\\/\\\/infopba247.com.ar\\\/#website\"},\"primaryImageOfPage\":{\"@id\":\"https:\\\/\\\/infopba247.com.ar\\\/index.php\\\/2023\\\/07\\\/26\\\/volvio-la-calesita-de-paso-del-rey\\\/#primaryimage\"},\"image\":{\"@id\":\"https:\\\/\\\/infopba247.com.ar\\\/index.php\\\/2023\\\/07\\\/26\\\/volvio-la-calesita-de-paso-del-rey\\\/#primaryimage\"},\"thumbnailUrl\":\"https:\\\/\\\/infopba247.com.ar\\\/wp-content\\\/uploads\\\/2023\\\/07\\\/CALESITA-STOCK-6-scaled.jpg\",\"datePublished\":\"2023-07-26T14:22:00+00:00\",\"dateModified\":\"2023-07-27T14:38:47+00:00\",\"breadcrumb\":{\"@id\":\"https:\\\/\\\/infopba247.com.ar\\\/index.php\\\/2023\\\/07\\\/26\\\/volvio-la-calesita-de-paso-del-rey\\\/#breadcrumb\"},\"inLanguage\":\"es\",\"potentialAction\":[{\"@type\":\"ReadAction\",\"target\":[\"https:\\\/\\\/infopba247.com.ar\\\/index.php\\\/2023\\\/07\\\/26\\\/volvio-la-calesita-de-paso-del-rey\\\/\"]}]},{\"@type\":\"ImageObject\",\"inLanguage\":\"es\",\"@id\":\"https:\\\/\\\/infopba247.com.ar\\\/index.php\\\/2023\\\/07\\\/26\\\/volvio-la-calesita-de-paso-del-rey\\\/#primaryimage\",\"url\":\"https:\\\/\\\/infopba247.com.ar\\\/wp-content\\\/uploads\\\/2023\\\/07\\\/CALESITA-STOCK-6-scaled.jpg\",\"contentUrl\":\"https:\\\/\\\/infopba247.com.ar\\\/wp-content\\\/uploads\\\/2023\\\/07\\\/CALESITA-STOCK-6-scaled.jpg\",\"width\":2560,\"height\":1708},{\"@type\":\"BreadcrumbList\",\"@id\":\"https:\\\/\\\/infopba247.com.ar\\\/index.php\\\/2023\\\/07\\\/26\\\/volvio-la-calesita-de-paso-del-rey\\\/#breadcrumb\",\"itemListElement\":[{\"@type\":\"ListItem\",\"position\":1,\"name\":\"Portada\",\"item\":\"https:\\\/\\\/infopba247.com.ar\\\/\"},{\"@type\":\"ListItem\",\"position\":2,\"name\":\"Volvi\u00f3 la calesita de Paso del Rey\"}]},{\"@type\":\"WebSite\",\"@id\":\"https:\\\/\\\/infopba247.com.ar\\\/#website\",\"url\":\"https:\\\/\\\/infopba247.com.ar\\\/\",\"name\":\"InfoPBA247\",\"description\":\"Toda la actualidad bonaerense\",\"publisher\":{\"@id\":\"https:\\\/\\\/infopba247.com.ar\\\/#organization\"},\"potentialAction\":[{\"@type\":\"SearchAction\",\"target\":{\"@type\":\"EntryPoint\",\"urlTemplate\":\"https:\\\/\\\/infopba247.com.ar\\\/?s={search_term_string}\"},\"query-input\":{\"@type\":\"PropertyValueSpecification\",\"valueRequired\":true,\"valueName\":\"search_term_string\"}}],\"inLanguage\":\"es\"},{\"@type\":\"Organization\",\"@id\":\"https:\\\/\\\/infopba247.com.ar\\\/#organization\",\"name\":\"InfoPBA247\",\"url\":\"https:\\\/\\\/infopba247.com.ar\\\/\",\"logo\":{\"@type\":\"ImageObject\",\"inLanguage\":\"es\",\"@id\":\"https:\\\/\\\/infopba247.com.ar\\\/#\\\/schema\\\/logo\\\/image\\\/\",\"url\":\"https:\\\/\\\/infopba247.com.ar\\\/wp-content\\\/uploads\\\/2022\\\/03\\\/cropped-InfoPBA247-1.png\",\"contentUrl\":\"https:\\\/\\\/infopba247.com.ar\\\/wp-content\\\/uploads\\\/2022\\\/03\\\/cropped-InfoPBA247-1.png\",\"width\":500,\"height\":122,\"caption\":\"InfoPBA247\"},\"image\":{\"@id\":\"https:\\\/\\\/infopba247.com.ar\\\/#\\\/schema\\\/logo\\\/image\\\/\"},\"sameAs\":[\"https:\\\/\\\/www.facebook.com\\\/InfoPBA\"]},{\"@type\":\"Person\",\"@id\":\"https:\\\/\\\/infopba247.com.ar\\\/#\\\/schema\\\/person\\\/4975f1343a413e57bf839b3eed0099f2\",\"name\":\"Editor\",\"image\":{\"@type\":\"ImageObject\",\"inLanguage\":\"es\",\"@id\":\"https:\\\/\\\/secure.gravatar.com\\\/avatar\\\/d27fe9520667ca53441d36627a1d6b0fa4a813571ec4803687a7a3a7744685ac?s=96&d=mm&r=g\",\"url\":\"https:\\\/\\\/secure.gravatar.com\\\/avatar\\\/d27fe9520667ca53441d36627a1d6b0fa4a813571ec4803687a7a3a7744685ac?s=96&d=mm&r=g\",\"contentUrl\":\"https:\\\/\\\/secure.gravatar.com\\\/avatar\\\/d27fe9520667ca53441d36627a1d6b0fa4a813571ec4803687a7a3a7744685ac?s=96&d=mm&r=g\",\"caption\":\"Editor\"},\"url\":\"https:\\\/\\\/infopba247.com.ar\\\/index.php\\\/author\\\/editor\\\/\"}]}<\/script>\n<!-- \/ Yoast SEO plugin. -->","yoast_head_json":{"title":"Volvi\u00f3 la calesita de Paso del Rey - InfoPBA247","robots":{"index":"index","follow":"follow","max-snippet":"max-snippet:-1","max-image-preview":"max-image-preview:large","max-video-preview":"max-video-preview:-1"},"canonical":"https:\/\/infopba247.com.ar\/index.php\/2023\/07\/26\/volvio-la-calesita-de-paso-del-rey\/","og_locale":"es_ES","og_type":"article","og_title":"Volvi\u00f3 la calesita de Paso del Rey - InfoPBA247","og_description":"La intendenta de Moreno, Mariel Fern\u00e1ndez, form\u00f3 parte de la celebraci\u00f3n por el regreso de la hist\u00f3rica calesita de la","og_url":"https:\/\/infopba247.com.ar\/index.php\/2023\/07\/26\/volvio-la-calesita-de-paso-del-rey\/","og_site_name":"InfoPBA247","article_publisher":"https:\/\/www.facebook.com\/InfoPBA","article_published_time":"2023-07-26T14:22:00+00:00","article_modified_time":"2023-07-27T14:38:47+00:00","og_image":[{"width":2560,"height":1708,"url":"https:\/\/infopba247.com.ar\/wp-content\/uploads\/2023\/07\/CALESITA-STOCK-6-scaled.jpg","type":"image\/jpeg"}],"author":"Editor","twitter_card":"summary_large_image","twitter_misc":{"Escrito por":"Editor","Tiempo de lectura":"1 minuto"},"schema":{"@context":"https:\/\/schema.org","@graph":[{"@type":"Article","@id":"https:\/\/infopba247.com.ar\/index.php\/2023\/07\/26\/volvio-la-calesita-de-paso-del-rey\/#article","isPartOf":{"@id":"https:\/\/infopba247.com.ar\/index.php\/2023\/07\/26\/volvio-la-calesita-de-paso-del-rey\/"},"author":{"name":"Editor","@id":"https:\/\/infopba247.com.ar\/#\/schema\/person\/4975f1343a413e57bf839b3eed0099f2"},"headline":"Volvi\u00f3 la calesita de Paso del Rey","datePublished":"2023-07-26T14:22:00+00:00","dateModified":"2023-07-27T14:38:47+00:00","mainEntityOfPage":{"@id":"https:\/\/infopba247.com.ar\/index.php\/2023\/07\/26\/volvio-la-calesita-de-paso-del-rey\/"},"wordCount":296,"publisher":{"@id":"https:\/\/infopba247.com.ar\/#organization"},"image":{"@id":"https:\/\/infopba247.com.ar\/index.php\/2023\/07\/26\/volvio-la-calesita-de-paso-del-rey\/#primaryimage"},"thumbnailUrl":"https:\/\/infopba247.com.ar\/wp-content\/uploads\/2023\/07\/CALESITA-STOCK-6-scaled.jpg","keywords":["Municipalidad de Moreno"],"articleSection":["1ra Secci\u00f3n","Destacadas","Pol\u00edtica"],"inLanguage":"es"},{"@type":"WebPage","@id":"https:\/\/infopba247.com.ar\/index.php\/2023\/07\/26\/volvio-la-calesita-de-paso-del-rey\/","url":"https:\/\/infopba247.com.ar\/index.php\/2023\/07\/26\/volvio-la-calesita-de-paso-del-rey\/","name":"Volvi\u00f3 la calesita de Paso del Rey - InfoPBA247","isPartOf":{"@id":"https:\/\/infopba247.com.ar\/#website"},"primaryImageOfPage":{"@id":"https:\/\/infopba247.com.ar\/index.php\/2023\/07\/26\/volvio-la-calesita-de-paso-del-rey\/#primaryimage"},"image":{"@id":"https:\/\/infopba247.com.ar\/index.php\/2023\/07\/26\/volvio-la-calesita-de-paso-del-rey\/#primaryimage"},"thumbnailUrl":"https:\/\/infopba247.com.ar\/wp-content\/uploads\/2023\/07\/CALESITA-STOCK-6-scaled.jpg","datePublished":"2023-07-26T14:22:00+00:00","dateModified":"2023-07-27T14:38:47+00:00","breadcrumb":{"@id":"https:\/\/infopba247.com.ar\/index.php\/2023\/07\/26\/volvio-la-calesita-de-paso-del-rey\/#breadcrumb"},"inLanguage":"es","potentialAction":[{"@type":"ReadAction","target":["https:\/\/infopba247.com.ar\/index.php\/2023\/07\/26\/volvio-la-calesita-de-paso-del-rey\/"]}]},{"@type":"ImageObject","inLanguage":"es","@id":"https:\/\/infopba247.com.ar\/index.php\/2023\/07\/26\/volvio-la-calesita-de-paso-del-rey\/#primaryimage","url":"https:\/\/infopba247.com.ar\/wp-content\/uploads\/2023\/07\/CALESITA-STOCK-6-scaled.jpg","contentUrl":"https:\/\/infopba247.com.ar\/wp-content\/uploads\/2023\/07\/CALESITA-STOCK-6-scaled.jpg","width":2560,"height":1708},{"@type":"BreadcrumbList","@id":"https:\/\/infopba247.com.ar\/index.php\/2023\/07\/26\/volvio-la-calesita-de-paso-del-rey\/#breadcrumb","itemListElement":[{"@type":"ListItem","position":1,"name":"Portada","item":"https:\/\/infopba247.com.ar\/"},{"@type":"ListItem","position":2,"name":"Volvi\u00f3 la calesita de Paso del Rey"}]},{"@type":"WebSite","@id":"https:\/\/infopba247.com.ar\/#website","url":"https:\/\/infopba247.com.ar\/","name":"InfoPBA247","description":"Toda la actualidad bonaerense","publisher":{"@id":"https:\/\/infopba247.com.ar\/#organization"},"potentialAction":[{"@type":"SearchAction","target":{"@type":"EntryPoint","urlTemplate":"https:\/\/infopba247.com.ar\/?s={search_term_string}"},"query-input":{"@type":"PropertyValueSpecification","valueRequired":true,"valueName":"search_term_string"}}],"inLanguage":"es"},{"@type":"Organization","@id":"https:\/\/infopba247.com.ar\/#organization","name":"InfoPBA247","url":"https:\/\/infopba247.com.ar\/","logo":{"@type":"ImageObject","inLanguage":"es","@id":"https:\/\/infopba247.com.ar\/#\/schema\/logo\/image\/","url":"https:\/\/infopba247.com.ar\/wp-content\/uploads\/2022\/03\/cropped-InfoPBA247-1.png","contentUrl":"https:\/\/infopba247.com.ar\/wp-content\/uploads\/2022\/03\/cropped-InfoPBA247-1.png","width":500,"height":122,"caption":"InfoPBA247"},"image":{"@id":"https:\/\/infopba247.com.ar\/#\/schema\/logo\/image\/"},"sameAs":["https:\/\/www.facebook.com\/InfoPBA"]},{"@type":"Person","@id":"https:\/\/infopba247.com.ar\/#\/schema\/person\/4975f1343a413e57bf839b3eed0099f2","name":"Editor","image":{"@type":"ImageObject","inLanguage":"es","@id":"https:\/\/secure.gravatar.com\/avatar\/d27fe9520667ca53441d36627a1d6b0fa4a813571ec4803687a7a3a7744685ac?s=96&d=mm&r=g","url":"https:\/\/secure.gravatar.com\/avatar\/d27fe9520667ca53441d36627a1d6b0fa4a813571ec4803687a7a3a7744685ac?s=96&d=mm&r=g","contentUrl":"https:\/\/secure.gravatar.com\/avatar\/d27fe9520667ca53441d36627a1d6b0fa4a813571ec4803687a7a3a7744685ac?s=96&d=mm&r=g","caption":"Editor"},"url":"https:\/\/infopba247.com.ar\/index.php\/author\/editor\/"}]}},"_links":{"self":[{"href":"https:\/\/infopba247.com.ar\/index.php\/wp-json\/wp\/v2\/posts\/1885","targetHints":{"allow":["GET"]}}],"collection":[{"href":"https:\/\/infopba247.com.ar\/index.php\/wp-json\/wp\/v2\/posts"}],"about":[{"href":"https:\/\/infopba247.com.ar\/index.php\/wp-json\/wp\/v2\/types\/post"}],"author":[{"embeddable":true,"href":"https:\/\/infopba247.com.ar\/index.php\/wp-json\/wp\/v2\/users\/3"}],"replies":[{"embeddable":true,"href":"https:\/\/infopba247.com.ar\/index.php\/wp-json\/wp\/v2\/comments?post=1885"}],"version-history":[{"count":1,"href":"https:\/\/infopba247.com.ar\/index.php\/wp-json\/wp\/v2\/posts\/1885\/revisions"}],"predecessor-version":[{"id":1886,"href":"https:\/\/infopba247.com.ar\/index.php\/wp-json\/wp\/v2\/posts\/1885\/revisions\/1886"}],"wp:featuredmedia":[{"embeddable":true,"href":"https:\/\/infopba247.com.ar\/index.php\/wp-json\/wp\/v2\/media\/1879"}],"wp:attachment":[{"href":"https:\/\/infopba247.com.ar\/index.php\/wp-json\/wp\/v2\/media?parent=1885"}],"wp:term":[{"taxonomy":"category","embeddable":true,"href":"https:\/\/infopba247.com.ar\/index.php\/wp-json\/wp\/v2\/categories?post=1885"},{"taxonomy":"post_tag","embeddable":true,"href":"https:\/\/infopba247.com.ar\/index.php\/wp-json\/wp\/v2\/tags?post=1885"}],"curies":[{"name":"wp","href":"https:\/\/api.w.org\/{rel}","templated":true}]}}