{"id":1852,"date":"2023-07-24T12:01:00","date_gmt":"2023-07-24T15:01:00","guid":{"rendered":"https:\/\/infopba247.com.ar\/?p=1852"},"modified":"2023-07-25T12:03:12","modified_gmt":"2023-07-25T15:03:12","slug":"kicillof-y-massa-recorrieron-el-parque-industrial-de-florencio-varela","status":"publish","type":"post","link":"https:\/\/infopba247.com.ar\/index.php\/2023\/07\/24\/kicillof-y-massa-recorrieron-el-parque-industrial-de-florencio-varela\/","title":{"rendered":"Kicillof y Massa recorrieron el Parque Industrial de Florencio Varela"},"content":{"rendered":"\n<p>El gobernador de la provincia de Buenos Aires, Axel Kicillof, recorri\u00f3 junto al ministro de Econom\u00eda, Sergio Massa, y el intendente de Florencio Varela, Andr\u00e9s Watson, las instalaciones de empresas que se sumaron recientemente al Parque Industrial y Tecnol\u00f3gico (PITEC).<\/p>\n\n\n\n<p>&nbsp;Participaron tambi\u00e9n el secretario de Industria y Desarrollo Productivo de la Naci\u00f3n, Jos\u00e9 Ignacio De Mendiguren; el presidente de la Uni\u00f3n Industrial de Florencio Varela, Antonio Da Costa; y la representante de la compa\u00f1\u00eda Favipret, Andrea Da Costa.<\/p>\n\n\n\n<p>En ese marco, Kicillof destac\u00f3 que \u201ceste Parque Industrial de Florencio Varela es una clara demostraci\u00f3n de lo que ha pasado en nuestra provincia y en la Argentina durante los \u00faltimos ocho a\u00f1os\u201d. \u201cPas\u00f3 de tener solo cinco empresas que se quer\u00edan ir, a contar ahora con 36 firmas y 50 m\u00e1s que est\u00e1n proyectando instalarse: eso es lo que tenemos que elegir, si queremos los parques industriales vac\u00edos o con trabajo, pymes y espacios de formaci\u00f3n profesional\u201d, agreg\u00f3.<\/p>\n\n\n\n<p>En ese sentido, el Gobernador se\u00f1al\u00f3 que \u201cdurante la gesti\u00f3n anterior no hubo una falla de implementaci\u00f3n de las pol\u00edticas ni faltaron los recursos, al contrario, se endeudaron como nunca antes en la historia\u201d. \u201cEl problema fue que se impuls\u00f3 un modelo de pa\u00eds que no incluye a la industria y a la producci\u00f3n nacional: ese es un modelo que no le sirve a la provincia de Buenos Aires\u201d, a\u00f1adi\u00f3.<\/p>\n\n\n\n<p>En tanto, Massa expres\u00f3 que \u201cestamos convencidos de que solo se puede salir adelante si apoyamos a las pymes para que sigan invirtiendo y generando empleo genuino en toda la Argentina\u201d. \u201cNuestra decisi\u00f3n pol\u00edtica es apostar a un proyecto de desarrollo industrial&nbsp; y de recuperaci\u00f3n de empleo, y eso ya nos ha permitido alcanzar 33 meses consecutivos de crecimiento en el sector\u201d, manifest\u00f3.<\/p>\n\n\n\n<p>\u201cHay dos modelos de pa\u00eds en disputa: uno de producci\u00f3n, trabajo y educaci\u00f3n de calidad, y otro de especulaci\u00f3n financiera y endeudamiento con una Argentina desindustrializada\u201d, indic\u00f3 el Ministro.<\/p>\n\n\n\n<p>Por su parte, el intendente Watson remarc\u00f3: \u201cDejamos atr\u00e1s los a\u00f1os de incertidumbre en los que no cont\u00e1bamos con un Estado presente que se preocupara por el bienestar de los vecinos y vecinas de Florencio Varela: a partir del trabajo articulado entre Naci\u00f3n, Provincia y Municipio logramos salir adelante y generar trabajo genuino para nuestros vecinos y vecinas\u201d.<\/p>\n\n\n\n<p>Por \u00faltimo, Kicillof subray\u00f3 que \u201cm\u00e1s all\u00e1 de las teor\u00edas, hay que recordar lo que vivimos hace muy poco tiempo y elegir qu\u00e9 modelo queremos: uno que ajuste o uno que ampl\u00ede los derechos\u201d.<\/p>\n\n\n\n<p>Estuvieron presentes el secretario de Econom\u00eda del Conocimiento, Juan Manuel Cheppi; la secretaria de Ambiente y Desarrollo Sustentable de Florencia Varela, Beatriz Domingorena;&nbsp; el presidente del Concejo Deliberante, Gustavo Rearte; el dirigente Carlos Kunkel; la jefa de Agencia Territorial de Lan\u00fas, Macarena Kunkel; los representantes de Distribuidora Gamma, Fabi\u00e1n Dom\u00ednguez; y de Emprendimiento Madero, Mauro Caiafa; el titular de ADIMRA, Elio del Re; concejales y concejalas.<\/p>\n","protected":false},"excerpt":{"rendered":"<p>El gobernador de la provincia de Buenos Aires, Axel Kicillof, recorri\u00f3 junto al ministro de Econom\u00eda, Sergio Massa, y el<\/p>\n","protected":false},"author":3,"featured_media":1858,"comment_status":"closed","ping_status":"closed","sticky":false,"template":"","format":"standard","meta":{"colormag_page_container_layout":"default_layout","colormag_page_sidebar_layout":"default_layout","footnotes":""},"categories":[7,1,14],"tags":[],"class_list":["post-1852","post","type-post","status-publish","format-standard","has-post-thumbnail","hentry","category-3ra-seccion","category-destacadas","category-politica"],"yoast_head":"<!-- This site is optimized with the Yoast SEO plugin v27.4 - https:\/\/yoast.com\/product\/yoast-seo-wordpress\/ -->\n<title>Kicillof y Massa recorrieron el Parque Industrial de Florencio Varela - InfoPBA247<\/title>\n<meta name=\"robots\" content=\"index, follow, max-snippet:-1, max-image-preview:large, max-video-preview:-1\" \/>\n<link rel=\"canonical\" href=\"https:\/\/infopba247.com.ar\/index.php\/2023\/07\/24\/kicillof-y-massa-recorrieron-el-parque-industrial-de-florencio-varela\/\" \/>\n<meta property=\"og:locale\" content=\"es_ES\" \/>\n<meta property=\"og:type\" content=\"article\" \/>\n<meta property=\"og:title\" content=\"Kicillof y Massa recorrieron el Parque Industrial de Florencio Varela - InfoPBA247\" \/>\n<meta property=\"og:description\" content=\"El gobernador de la provincia de Buenos Aires, Axel Kicillof, recorri\u00f3 junto al ministro de Econom\u00eda, Sergio Massa, y el\" \/>\n<meta property=\"og:url\" content=\"https:\/\/infopba247.com.ar\/index.php\/2023\/07\/24\/kicillof-y-massa-recorrieron-el-parque-industrial-de-florencio-varela\/\" \/>\n<meta property=\"og:site_name\" content=\"InfoPBA247\" \/>\n<meta property=\"article:publisher\" content=\"https:\/\/www.facebook.com\/InfoPBA\" \/>\n<meta property=\"article:published_time\" content=\"2023-07-24T15:01:00+00:00\" \/>\n<meta property=\"article:modified_time\" content=\"2023-07-25T15:03:12+00:00\" \/>\n<meta property=\"og:image\" content=\"https:\/\/infopba247.com.ar\/wp-content\/uploads\/2023\/07\/20230721172019_177A10182-scaled.jpg\" \/>\n\t<meta property=\"og:image:width\" content=\"2560\" \/>\n\t<meta property=\"og:image:height\" content=\"1707\" \/>\n\t<meta property=\"og:image:type\" content=\"image\/jpeg\" \/>\n<meta name=\"author\" content=\"Editor\" \/>\n<meta name=\"twitter:card\" content=\"summary_large_image\" \/>\n<meta name=\"twitter:label1\" content=\"Escrito por\" \/>\n\t<meta name=\"twitter:data1\" content=\"Editor\" \/>\n\t<meta name=\"twitter:label2\" content=\"Tiempo de lectura\" \/>\n\t<meta name=\"twitter:data2\" content=\"3 minutos\" \/>\n<script type=\"application\/ld+json\" class=\"yoast-schema-graph\">{\"@context\":\"https:\\\/\\\/schema.org\",\"@graph\":[{\"@type\":\"Article\",\"@id\":\"https:\\\/\\\/infopba247.com.ar\\\/index.php\\\/2023\\\/07\\\/24\\\/kicillof-y-massa-recorrieron-el-parque-industrial-de-florencio-varela\\\/#article\",\"isPartOf\":{\"@id\":\"https:\\\/\\\/infopba247.com.ar\\\/index.php\\\/2023\\\/07\\\/24\\\/kicillof-y-massa-recorrieron-el-parque-industrial-de-florencio-varela\\\/\"},\"author\":{\"name\":\"Editor\",\"@id\":\"https:\\\/\\\/infopba247.com.ar\\\/#\\\/schema\\\/person\\\/4975f1343a413e57bf839b3eed0099f2\"},\"headline\":\"Kicillof y Massa recorrieron el Parque Industrial de Florencio Varela\",\"datePublished\":\"2023-07-24T15:01:00+00:00\",\"dateModified\":\"2023-07-25T15:03:12+00:00\",\"mainEntityOfPage\":{\"@id\":\"https:\\\/\\\/infopba247.com.ar\\\/index.php\\\/2023\\\/07\\\/24\\\/kicillof-y-massa-recorrieron-el-parque-industrial-de-florencio-varela\\\/\"},\"wordCount\":526,\"publisher\":{\"@id\":\"https:\\\/\\\/infopba247.com.ar\\\/#organization\"},\"image\":{\"@id\":\"https:\\\/\\\/infopba247.com.ar\\\/index.php\\\/2023\\\/07\\\/24\\\/kicillof-y-massa-recorrieron-el-parque-industrial-de-florencio-varela\\\/#primaryimage\"},\"thumbnailUrl\":\"https:\\\/\\\/infopba247.com.ar\\\/wp-content\\\/uploads\\\/2023\\\/07\\\/20230721172019_177A10182-scaled.jpg\",\"articleSection\":[\"3ra Secci\u00f3n\",\"Destacadas\",\"Pol\u00edtica\"],\"inLanguage\":\"es\"},{\"@type\":\"WebPage\",\"@id\":\"https:\\\/\\\/infopba247.com.ar\\\/index.php\\\/2023\\\/07\\\/24\\\/kicillof-y-massa-recorrieron-el-parque-industrial-de-florencio-varela\\\/\",\"url\":\"https:\\\/\\\/infopba247.com.ar\\\/index.php\\\/2023\\\/07\\\/24\\\/kicillof-y-massa-recorrieron-el-parque-industrial-de-florencio-varela\\\/\",\"name\":\"Kicillof y Massa recorrieron el Parque Industrial de Florencio Varela - InfoPBA247\",\"isPartOf\":{\"@id\":\"https:\\\/\\\/infopba247.com.ar\\\/#website\"},\"primaryImageOfPage\":{\"@id\":\"https:\\\/\\\/infopba247.com.ar\\\/index.php\\\/2023\\\/07\\\/24\\\/kicillof-y-massa-recorrieron-el-parque-industrial-de-florencio-varela\\\/#primaryimage\"},\"image\":{\"@id\":\"https:\\\/\\\/infopba247.com.ar\\\/index.php\\\/2023\\\/07\\\/24\\\/kicillof-y-massa-recorrieron-el-parque-industrial-de-florencio-varela\\\/#primaryimage\"},\"thumbnailUrl\":\"https:\\\/\\\/infopba247.com.ar\\\/wp-content\\\/uploads\\\/2023\\\/07\\\/20230721172019_177A10182-scaled.jpg\",\"datePublished\":\"2023-07-24T15:01:00+00:00\",\"dateModified\":\"2023-07-25T15:03:12+00:00\",\"breadcrumb\":{\"@id\":\"https:\\\/\\\/infopba247.com.ar\\\/index.php\\\/2023\\\/07\\\/24\\\/kicillof-y-massa-recorrieron-el-parque-industrial-de-florencio-varela\\\/#breadcrumb\"},\"inLanguage\":\"es\",\"potentialAction\":[{\"@type\":\"ReadAction\",\"target\":[\"https:\\\/\\\/infopba247.com.ar\\\/index.php\\\/2023\\\/07\\\/24\\\/kicillof-y-massa-recorrieron-el-parque-industrial-de-florencio-varela\\\/\"]}]},{\"@type\":\"ImageObject\",\"inLanguage\":\"es\",\"@id\":\"https:\\\/\\\/infopba247.com.ar\\\/index.php\\\/2023\\\/07\\\/24\\\/kicillof-y-massa-recorrieron-el-parque-industrial-de-florencio-varela\\\/#primaryimage\",\"url\":\"https:\\\/\\\/infopba247.com.ar\\\/wp-content\\\/uploads\\\/2023\\\/07\\\/20230721172019_177A10182-scaled.jpg\",\"contentUrl\":\"https:\\\/\\\/infopba247.com.ar\\\/wp-content\\\/uploads\\\/2023\\\/07\\\/20230721172019_177A10182-scaled.jpg\",\"width\":2560,\"height\":1707},{\"@type\":\"BreadcrumbList\",\"@id\":\"https:\\\/\\\/infopba247.com.ar\\\/index.php\\\/2023\\\/07\\\/24\\\/kicillof-y-massa-recorrieron-el-parque-industrial-de-florencio-varela\\\/#breadcrumb\",\"itemListElement\":[{\"@type\":\"ListItem\",\"position\":1,\"name\":\"Portada\",\"item\":\"https:\\\/\\\/infopba247.com.ar\\\/\"},{\"@type\":\"ListItem\",\"position\":2,\"name\":\"Kicillof y Massa recorrieron el Parque Industrial de Florencio Varela\"}]},{\"@type\":\"WebSite\",\"@id\":\"https:\\\/\\\/infopba247.com.ar\\\/#website\",\"url\":\"https:\\\/\\\/infopba247.com.ar\\\/\",\"name\":\"InfoPBA247\",\"description\":\"Toda la actualidad bonaerense\",\"publisher\":{\"@id\":\"https:\\\/\\\/infopba247.com.ar\\\/#organization\"},\"potentialAction\":[{\"@type\":\"SearchAction\",\"target\":{\"@type\":\"EntryPoint\",\"urlTemplate\":\"https:\\\/\\\/infopba247.com.ar\\\/?s={search_term_string}\"},\"query-input\":{\"@type\":\"PropertyValueSpecification\",\"valueRequired\":true,\"valueName\":\"search_term_string\"}}],\"inLanguage\":\"es\"},{\"@type\":\"Organization\",\"@id\":\"https:\\\/\\\/infopba247.com.ar\\\/#organization\",\"name\":\"InfoPBA247\",\"url\":\"https:\\\/\\\/infopba247.com.ar\\\/\",\"logo\":{\"@type\":\"ImageObject\",\"inLanguage\":\"es\",\"@id\":\"https:\\\/\\\/infopba247.com.ar\\\/#\\\/schema\\\/logo\\\/image\\\/\",\"url\":\"https:\\\/\\\/infopba247.com.ar\\\/wp-content\\\/uploads\\\/2022\\\/03\\\/cropped-InfoPBA247-1.png\",\"contentUrl\":\"https:\\\/\\\/infopba247.com.ar\\\/wp-content\\\/uploads\\\/2022\\\/03\\\/cropped-InfoPBA247-1.png\",\"width\":500,\"height\":122,\"caption\":\"InfoPBA247\"},\"image\":{\"@id\":\"https:\\\/\\\/infopba247.com.ar\\\/#\\\/schema\\\/logo\\\/image\\\/\"},\"sameAs\":[\"https:\\\/\\\/www.facebook.com\\\/InfoPBA\"]},{\"@type\":\"Person\",\"@id\":\"https:\\\/\\\/infopba247.com.ar\\\/#\\\/schema\\\/person\\\/4975f1343a413e57bf839b3eed0099f2\",\"name\":\"Editor\",\"image\":{\"@type\":\"ImageObject\",\"inLanguage\":\"es\",\"@id\":\"https:\\\/\\\/secure.gravatar.com\\\/avatar\\\/d27fe9520667ca53441d36627a1d6b0fa4a813571ec4803687a7a3a7744685ac?s=96&d=mm&r=g\",\"url\":\"https:\\\/\\\/secure.gravatar.com\\\/avatar\\\/d27fe9520667ca53441d36627a1d6b0fa4a813571ec4803687a7a3a7744685ac?s=96&d=mm&r=g\",\"contentUrl\":\"https:\\\/\\\/secure.gravatar.com\\\/avatar\\\/d27fe9520667ca53441d36627a1d6b0fa4a813571ec4803687a7a3a7744685ac?s=96&d=mm&r=g\",\"caption\":\"Editor\"},\"url\":\"https:\\\/\\\/infopba247.com.ar\\\/index.php\\\/author\\\/editor\\\/\"}]}<\/script>\n<!-- \/ Yoast SEO plugin. -->","yoast_head_json":{"title":"Kicillof y Massa recorrieron el Parque Industrial de Florencio Varela - InfoPBA247","robots":{"index":"index","follow":"follow","max-snippet":"max-snippet:-1","max-image-preview":"max-image-preview:large","max-video-preview":"max-video-preview:-1"},"canonical":"https:\/\/infopba247.com.ar\/index.php\/2023\/07\/24\/kicillof-y-massa-recorrieron-el-parque-industrial-de-florencio-varela\/","og_locale":"es_ES","og_type":"article","og_title":"Kicillof y Massa recorrieron el Parque Industrial de Florencio Varela - InfoPBA247","og_description":"El gobernador de la provincia de Buenos Aires, Axel Kicillof, recorri\u00f3 junto al ministro de Econom\u00eda, Sergio Massa, y el","og_url":"https:\/\/infopba247.com.ar\/index.php\/2023\/07\/24\/kicillof-y-massa-recorrieron-el-parque-industrial-de-florencio-varela\/","og_site_name":"InfoPBA247","article_publisher":"https:\/\/www.facebook.com\/InfoPBA","article_published_time":"2023-07-24T15:01:00+00:00","article_modified_time":"2023-07-25T15:03:12+00:00","og_image":[{"width":2560,"height":1707,"url":"https:\/\/infopba247.com.ar\/wp-content\/uploads\/2023\/07\/20230721172019_177A10182-scaled.jpg","type":"image\/jpeg"}],"author":"Editor","twitter_card":"summary_large_image","twitter_misc":{"Escrito por":"Editor","Tiempo de lectura":"3 minutos"},"schema":{"@context":"https:\/\/schema.org","@graph":[{"@type":"Article","@id":"https:\/\/infopba247.com.ar\/index.php\/2023\/07\/24\/kicillof-y-massa-recorrieron-el-parque-industrial-de-florencio-varela\/#article","isPartOf":{"@id":"https:\/\/infopba247.com.ar\/index.php\/2023\/07\/24\/kicillof-y-massa-recorrieron-el-parque-industrial-de-florencio-varela\/"},"author":{"name":"Editor","@id":"https:\/\/infopba247.com.ar\/#\/schema\/person\/4975f1343a413e57bf839b3eed0099f2"},"headline":"Kicillof y Massa recorrieron el Parque Industrial de Florencio Varela","datePublished":"2023-07-24T15:01:00+00:00","dateModified":"2023-07-25T15:03:12+00:00","mainEntityOfPage":{"@id":"https:\/\/infopba247.com.ar\/index.php\/2023\/07\/24\/kicillof-y-massa-recorrieron-el-parque-industrial-de-florencio-varela\/"},"wordCount":526,"publisher":{"@id":"https:\/\/infopba247.com.ar\/#organization"},"image":{"@id":"https:\/\/infopba247.com.ar\/index.php\/2023\/07\/24\/kicillof-y-massa-recorrieron-el-parque-industrial-de-florencio-varela\/#primaryimage"},"thumbnailUrl":"https:\/\/infopba247.com.ar\/wp-content\/uploads\/2023\/07\/20230721172019_177A10182-scaled.jpg","articleSection":["3ra Secci\u00f3n","Destacadas","Pol\u00edtica"],"inLanguage":"es"},{"@type":"WebPage","@id":"https:\/\/infopba247.com.ar\/index.php\/2023\/07\/24\/kicillof-y-massa-recorrieron-el-parque-industrial-de-florencio-varela\/","url":"https:\/\/infopba247.com.ar\/index.php\/2023\/07\/24\/kicillof-y-massa-recorrieron-el-parque-industrial-de-florencio-varela\/","name":"Kicillof y Massa recorrieron el Parque Industrial de Florencio Varela - InfoPBA247","isPartOf":{"@id":"https:\/\/infopba247.com.ar\/#website"},"primaryImageOfPage":{"@id":"https:\/\/infopba247.com.ar\/index.php\/2023\/07\/24\/kicillof-y-massa-recorrieron-el-parque-industrial-de-florencio-varela\/#primaryimage"},"image":{"@id":"https:\/\/infopba247.com.ar\/index.php\/2023\/07\/24\/kicillof-y-massa-recorrieron-el-parque-industrial-de-florencio-varela\/#primaryimage"},"thumbnailUrl":"https:\/\/infopba247.com.ar\/wp-content\/uploads\/2023\/07\/20230721172019_177A10182-scaled.jpg","datePublished":"2023-07-24T15:01:00+00:00","dateModified":"2023-07-25T15:03:12+00:00","breadcrumb":{"@id":"https:\/\/infopba247.com.ar\/index.php\/2023\/07\/24\/kicillof-y-massa-recorrieron-el-parque-industrial-de-florencio-varela\/#breadcrumb"},"inLanguage":"es","potentialAction":[{"@type":"ReadAction","target":["https:\/\/infopba247.com.ar\/index.php\/2023\/07\/24\/kicillof-y-massa-recorrieron-el-parque-industrial-de-florencio-varela\/"]}]},{"@type":"ImageObject","inLanguage":"es","@id":"https:\/\/infopba247.com.ar\/index.php\/2023\/07\/24\/kicillof-y-massa-recorrieron-el-parque-industrial-de-florencio-varela\/#primaryimage","url":"https:\/\/infopba247.com.ar\/wp-content\/uploads\/2023\/07\/20230721172019_177A10182-scaled.jpg","contentUrl":"https:\/\/infopba247.com.ar\/wp-content\/uploads\/2023\/07\/20230721172019_177A10182-scaled.jpg","width":2560,"height":1707},{"@type":"BreadcrumbList","@id":"https:\/\/infopba247.com.ar\/index.php\/2023\/07\/24\/kicillof-y-massa-recorrieron-el-parque-industrial-de-florencio-varela\/#breadcrumb","itemListElement":[{"@type":"ListItem","position":1,"name":"Portada","item":"https:\/\/infopba247.com.ar\/"},{"@type":"ListItem","position":2,"name":"Kicillof y Massa recorrieron el Parque Industrial de Florencio Varela"}]},{"@type":"WebSite","@id":"https:\/\/infopba247.com.ar\/#website","url":"https:\/\/infopba247.com.ar\/","name":"InfoPBA247","description":"Toda la actualidad bonaerense","publisher":{"@id":"https:\/\/infopba247.com.ar\/#organization"},"potentialAction":[{"@type":"SearchAction","target":{"@type":"EntryPoint","urlTemplate":"https:\/\/infopba247.com.ar\/?s={search_term_string}"},"query-input":{"@type":"PropertyValueSpecification","valueRequired":true,"valueName":"search_term_string"}}],"inLanguage":"es"},{"@type":"Organization","@id":"https:\/\/infopba247.com.ar\/#organization","name":"InfoPBA247","url":"https:\/\/infopba247.com.ar\/","logo":{"@type":"ImageObject","inLanguage":"es","@id":"https:\/\/infopba247.com.ar\/#\/schema\/logo\/image\/","url":"https:\/\/infopba247.com.ar\/wp-content\/uploads\/2022\/03\/cropped-InfoPBA247-1.png","contentUrl":"https:\/\/infopba247.com.ar\/wp-content\/uploads\/2022\/03\/cropped-InfoPBA247-1.png","width":500,"height":122,"caption":"InfoPBA247"},"image":{"@id":"https:\/\/infopba247.com.ar\/#\/schema\/logo\/image\/"},"sameAs":["https:\/\/www.facebook.com\/InfoPBA"]},{"@type":"Person","@id":"https:\/\/infopba247.com.ar\/#\/schema\/person\/4975f1343a413e57bf839b3eed0099f2","name":"Editor","image":{"@type":"ImageObject","inLanguage":"es","@id":"https:\/\/secure.gravatar.com\/avatar\/d27fe9520667ca53441d36627a1d6b0fa4a813571ec4803687a7a3a7744685ac?s=96&d=mm&r=g","url":"https:\/\/secure.gravatar.com\/avatar\/d27fe9520667ca53441d36627a1d6b0fa4a813571ec4803687a7a3a7744685ac?s=96&d=mm&r=g","contentUrl":"https:\/\/secure.gravatar.com\/avatar\/d27fe9520667ca53441d36627a1d6b0fa4a813571ec4803687a7a3a7744685ac?s=96&d=mm&r=g","caption":"Editor"},"url":"https:\/\/infopba247.com.ar\/index.php\/author\/editor\/"}]}},"_links":{"self":[{"href":"https:\/\/infopba247.com.ar\/index.php\/wp-json\/wp\/v2\/posts\/1852","targetHints":{"allow":["GET"]}}],"collection":[{"href":"https:\/\/infopba247.com.ar\/index.php\/wp-json\/wp\/v2\/posts"}],"about":[{"href":"https:\/\/infopba247.com.ar\/index.php\/wp-json\/wp\/v2\/types\/post"}],"author":[{"embeddable":true,"href":"https:\/\/infopba247.com.ar\/index.php\/wp-json\/wp\/v2\/users\/3"}],"replies":[{"embeddable":true,"href":"https:\/\/infopba247.com.ar\/index.php\/wp-json\/wp\/v2\/comments?post=1852"}],"version-history":[{"count":1,"href":"https:\/\/infopba247.com.ar\/index.php\/wp-json\/wp\/v2\/posts\/1852\/revisions"}],"predecessor-version":[{"id":1859,"href":"https:\/\/infopba247.com.ar\/index.php\/wp-json\/wp\/v2\/posts\/1852\/revisions\/1859"}],"wp:featuredmedia":[{"embeddable":true,"href":"https:\/\/infopba247.com.ar\/index.php\/wp-json\/wp\/v2\/media\/1858"}],"wp:attachment":[{"href":"https:\/\/infopba247.com.ar\/index.php\/wp-json\/wp\/v2\/media?parent=1852"}],"wp:term":[{"taxonomy":"category","embeddable":true,"href":"https:\/\/infopba247.com.ar\/index.php\/wp-json\/wp\/v2\/categories?post=1852"},{"taxonomy":"post_tag","embeddable":true,"href":"https:\/\/infopba247.com.ar\/index.php\/wp-json\/wp\/v2\/tags?post=1852"}],"curies":[{"name":"wp","href":"https:\/\/api.w.org\/{rel}","templated":true}]}}